{"id":269406,"date":"2025-06-03T21:00:00","date_gmt":"2025-06-04T00:00:00","guid":{"rendered":"https:\/\/www.gaveanews.com\/?p=269406"},"modified":"2025-06-03T17:12:56","modified_gmt":"2025-06-03T20:12:56","slug":"jogador-do-botafogo-tem-contrato-rescindido","status":"publish","type":"post","link":"https:\/\/www.gaveanews.com\/index.php\/2025\/06\/03\/jogador-do-botafogo-tem-contrato-rescindido\/","title":{"rendered":"Jogador do Botafogo tem contrato rescindido"},"content":{"rendered":"\n<p>O Vit\u00f3ria oficializou nesta ter\u00e7a-feira (03) a rescis\u00e3o do contrato de empr\u00e9stimo do lateral-esquerdo Hugo, que pertencia ao Botafogo. O v\u00ednculo entre as partes se encerraria apenas em dezembro deste ano, contudo, a decis\u00e3o foi tomada de forma amig\u00e1vel. Atrav\u00e9s de nota divulgada \u00e0 imprensa, o clube baiano agradeceu ao atleta pelo tempo em que defendeu a equipe e desejou sucesso na continuidade de sua carreira.<\/p>\n\n\n\n<h3 class=\"wp-block-heading\" id=\"h-baixo-aproveitamento-e-saida-precoce\">Baixo aproveitamento e sa\u00edda precoce<\/h3>\n\n\n\n<p>Contratado no in\u00edcio da temporada com op\u00e7\u00e3o de compra ao final do contrato, o defensor atuou em 14 partidas e marcou um gol. Apesar de ter come\u00e7ado como titular, Hugo perdeu espa\u00e7o nas \u00faltimas semanas e n\u00e3o entra em campo desde o dia 6 de maio. <\/p>\n\n\n\n<p>Na ocasi\u00e3o, esteve em campo no empate diante do Defensa y Justicia. Ap\u00f3s aquele confronto, o t\u00e9cnico Thiago Carpini, sem mencionar nomes, afirmou que alguns jogadores n\u00e3o aproveitaram as oportunidades recebidas.<\/p>\n\n\n\n<h3 class=\"wp-block-heading\" id=\"h-situacao-no-elenco-do-botafogo\">Situa\u00e7\u00e3o no elenco do Botafogo<\/h3>\n\n\n\n<p>De volta ao clube carioca, o jogador de 23 anos encontra um cen\u00e1rio competitivo. O setor conta atualmente com Alex Telles, Mar\u00e7al e Cuiabano, este \u00faltimo em fase avan\u00e7ada de negocia\u00e7\u00f5es com o Nottingham Forest, da Inglaterra. <\/p>\n\n\n\n<p>Assim sendo, o retorno de Hugo n\u00e3o deve significar reintegra\u00e7\u00e3o ao grupo comandado por Artur Jorge. Segundo informa\u00e7\u00f5es do jornalista Pedro Sento S\u00e9, da \u201cRecord Bahia\u201d, h\u00e1 uma movimenta\u00e7\u00e3o nos bastidores para que o atleta seja repassado a um clube do exterior durante a janela de transfer\u00eancias do meio do ano.<\/p>\n\n\n\n<h3 class=\"wp-block-heading\" id=\"h-temporada-anterior-em-destaque\">Temporada anterior em destaque<\/h3>\n\n\n\n<p>Ali\u00e1s, \u00e9 importante destacar que Hugo fez parte do elenco alvinegro campe\u00e3o brasileiro e da Libertadores em 2024. Na hist\u00f3rica campanha, participou de 33 partidas, anotou dois gols e contribuiu com sete assist\u00eancias. <\/p>\n\n\n\n<p>Apesar do desempenho expressivo na temporada anterior, a passagem pelo Vit\u00f3ria n\u00e3o refletiu o mesmo rendimento, e a curta trajet\u00f3ria em Salvador chegou ao fim de forma discreta.<\/p>\n\n\n\n<h3 class=\"wp-block-heading\" id=\"h-planejamento-do-vitoria\">Planejamento do Vit\u00f3ria<\/h3>\n\n\n\n<p>Enquanto encerra ciclos, o Vit\u00f3ria trabalha no mercado de transfer\u00eancias. O clube j\u00e1 definiu que ir\u00e1 formalizar contrata\u00e7\u00f5es somente a partir da abertura da pr\u00f3xima janela, em 2 de julho. A reformula\u00e7\u00e3o do elenco \u00e9 tratada como prioridade, uma vez que outros atletas tamb\u00e9m est\u00e3o sendo desligados da equipe, como parte do planejamento do departamento de futebol para o restante da temporada.<\/p>\n","protected":false},"excerpt":{"rendered":"<p>O Vit\u00f3ria oficializou nesta ter\u00e7a-feira (03) a rescis\u00e3o do contrato de empr\u00e9stimo do lateral-esquerdo Hugo, que pertencia ao Botafogo. O v\u00ednculo entre as partes se encerraria apenas em dezembro deste ano, contudo, a decis\u00e3o foi tomada de forma amig\u00e1vel. Atrav\u00e9s de nota divulgada \u00e0 imprensa, o clube baiano agradeceu ao atleta pelo tempo em que [&hellip;]<\/p>\n","protected":false},"author":30,"featured_media":182060,"comment_status":"open","ping_status":"closed","sticky":false,"template":"","format":"standard","meta":{"footnotes":""},"categories":[138,133,153],"tags":[],"class_list":["post-269406","post","type-post","status-publish","format-standard","has-post-thumbnail","hentry","category-botafogo","category-brasileirao","category-vitoria"],"yoast_head":"<!-- This site is optimized with the Yoast SEO Premium plugin v24.2 (Yoast SEO v26.9) - https:\/\/yoast.com\/product\/yoast-seo-premium-wordpress\/ -->\n<title>Jogador do Botafogo tem contrato rescindido<\/title>\n<meta name=\"robots\" content=\"index, follow, max-snippet:-1, max-image-preview:large, max-video-preview:-1\" \/>\n<link rel=\"canonical\" href=\"https:\/\/www.gaveanews.com\/index.php\/2025\/06\/03\/jogador-do-botafogo-tem-contrato-rescindido\/\" \/>\n<meta property=\"og:locale\" content=\"pt_BR\" \/>\n<meta property=\"og:type\" content=\"article\" \/>\n<meta property=\"og:title\" content=\"Jogador do Botafogo tem contrato rescindido\" \/>\n<meta property=\"og:description\" content=\"O Vit\u00f3ria oficializou nesta ter\u00e7a-feira (03) a rescis\u00e3o do contrato de empr\u00e9stimo do lateral-esquerdo Hugo, que pertencia ao Botafogo. O v\u00ednculo entre as partes se encerraria apenas em dezembro deste ano, contudo, a decis\u00e3o foi tomada de forma amig\u00e1vel. Atrav\u00e9s de nota divulgada \u00e0 imprensa, o clube baiano agradeceu ao atleta pelo tempo em que [&hellip;]\" \/>\n<meta property=\"og:url\" content=\"https:\/\/www.gaveanews.com\/index.php\/2025\/06\/03\/jogador-do-botafogo-tem-contrato-rescindido\/\" \/>\n<meta property=\"og:site_name\" content=\"G\u00e1vea News\" \/>\n<meta property=\"article:publisher\" content=\"https:\/\/facebook.com\/gaveaNews\/\" \/>\n<meta property=\"article:published_time\" content=\"2025-06-04T00:00:00+00:00\" \/>\n<meta property=\"og:image\" content=\"https:\/\/www.gaveanews.com\/wp-content\/uploads\/Escudo-do-Botafogo-1.webp\" \/>\n\t<meta property=\"og:image:width\" content=\"787\" \/>\n\t<meta property=\"og:image:height\" content=\"525\" \/>\n\t<meta property=\"og:image:type\" content=\"image\/webp\" \/>\n<meta name=\"author\" content=\"Ana Teixeira\" \/>\n<meta name=\"twitter:card\" content=\"summary_large_image\" \/>\n<meta name=\"twitter:label1\" content=\"Escrito por\" \/>\n\t<meta name=\"twitter:data1\" content=\"Ana Teixeira\" \/>\n\t<meta name=\"twitter:label2\" content=\"Est. tempo de leitura\" \/>\n\t<meta name=\"twitter:data2\" content=\"3 minutos\" \/>\n<script type=\"application\/ld+json\" class=\"yoast-schema-graph\">{\"@context\":\"https:\/\/schema.org\",\"@graph\":[{\"@type\":\"NewsArticle\",\"@id\":\"https:\/\/www.gaveanews.com\/index.php\/2025\/06\/03\/jogador-do-botafogo-tem-contrato-rescindido\/#article\",\"isPartOf\":{\"@id\":\"https:\/\/www.gaveanews.com\/index.php\/2025\/06\/03\/jogador-do-botafogo-tem-contrato-rescindido\/\"},\"author\":{\"name\":\"Ana Teixeira\",\"@id\":\"https:\/\/www.gaveanews.com\/#\/schema\/person\/3b19f7288b0ce20372991275e4f2e6c2\"},\"headline\":\"Jogador do Botafogo tem contrato rescindido\",\"datePublished\":\"2025-06-04T00:00:00+00:00\",\"mainEntityOfPage\":{\"@id\":\"https:\/\/www.gaveanews.com\/index.php\/2025\/06\/03\/jogador-do-botafogo-tem-contrato-rescindido\/\"},\"wordCount\":410,\"commentCount\":0,\"image\":{\"@id\":\"https:\/\/www.gaveanews.com\/index.php\/2025\/06\/03\/jogador-do-botafogo-tem-contrato-rescindido\/#primaryimage\"},\"thumbnailUrl\":\"https:\/\/www.gaveanews.com\/wp-content\/uploads\/Escudo-do-Botafogo-1.webp\",\"articleSection\":[\"Botafogo\",\"Brasileir\u00e3o\",\"Vit\u00f3ria\"],\"inLanguage\":\"pt-BR\",\"potentialAction\":[{\"@type\":\"CommentAction\",\"name\":\"Comment\",\"target\":[\"https:\/\/www.gaveanews.com\/index.php\/2025\/06\/03\/jogador-do-botafogo-tem-contrato-rescindido\/#respond\"]}],\"copyrightYear\":\"2025\",\"copyrightHolder\":{\"@id\":\"https:\/\/www.gaveanews.com\/#organization\"}},{\"@type\":\"WebPage\",\"@id\":\"https:\/\/www.gaveanews.com\/index.php\/2025\/06\/03\/jogador-do-botafogo-tem-contrato-rescindido\/\",\"url\":\"https:\/\/www.gaveanews.com\/index.php\/2025\/06\/03\/jogador-do-botafogo-tem-contrato-rescindido\/\",\"name\":\"Jogador do Botafogo tem contrato rescindido\",\"isPartOf\":{\"@id\":\"https:\/\/www.gaveanews.com\/#website\"},\"primaryImageOfPage\":{\"@id\":\"https:\/\/www.gaveanews.com\/index.php\/2025\/06\/03\/jogador-do-botafogo-tem-contrato-rescindido\/#primaryimage\"},\"image\":{\"@id\":\"https:\/\/www.gaveanews.com\/index.php\/2025\/06\/03\/jogador-do-botafogo-tem-contrato-rescindido\/#primaryimage\"},\"thumbnailUrl\":\"https:\/\/www.gaveanews.com\/wp-content\/uploads\/Escudo-do-Botafogo-1.webp\",\"datePublished\":\"2025-06-04T00:00:00+00:00\",\"author\":{\"@id\":\"https:\/\/www.gaveanews.com\/#\/schema\/person\/3b19f7288b0ce20372991275e4f2e6c2\"},\"breadcrumb\":{\"@id\":\"https:\/\/www.gaveanews.com\/index.php\/2025\/06\/03\/jogador-do-botafogo-tem-contrato-rescindido\/#breadcrumb\"},\"inLanguage\":\"pt-BR\",\"potentialAction\":[{\"@type\":\"ReadAction\",\"target\":[\"https:\/\/www.gaveanews.com\/index.php\/2025\/06\/03\/jogador-do-botafogo-tem-contrato-rescindido\/\"]}]},{\"@type\":\"ImageObject\",\"inLanguage\":\"pt-BR\",\"@id\":\"https:\/\/www.gaveanews.com\/index.php\/2025\/06\/03\/jogador-do-botafogo-tem-contrato-rescindido\/#primaryimage\",\"url\":\"https:\/\/www.gaveanews.com\/wp-content\/uploads\/Escudo-do-Botafogo-1.webp\",\"contentUrl\":\"https:\/\/www.gaveanews.com\/wp-content\/uploads\/Escudo-do-Botafogo-1.webp\",\"width\":787,\"height\":525,\"caption\":\"Escudo do Botafogo (Foto: Reprodu\u00e7\u00e3o\/Botafogo)\"},{\"@type\":\"BreadcrumbList\",\"@id\":\"https:\/\/www.gaveanews.com\/index.php\/2025\/06\/03\/jogador-do-botafogo-tem-contrato-rescindido\/#breadcrumb\",\"itemListElement\":[{\"@type\":\"ListItem\",\"position\":1,\"name\":\"Home\",\"item\":\"https:\/\/www.gaveanews.com\/\"},{\"@type\":\"ListItem\",\"position\":2,\"name\":\"Jogador do Botafogo tem contrato rescindido\"}]},{\"@type\":\"WebSite\",\"@id\":\"https:\/\/www.gaveanews.com\/#website\",\"url\":\"https:\/\/www.gaveanews.com\/\",\"name\":\"G\u00e1vea News\",\"description\":\"Veja todas as not\u00edcias sobre o Flamengo: Contrata\u00e7\u00f5es, categorias de base, resultados das partidas, tabela de classifica\u00e7\u00e3o, pr\u00f3ximos jogos!\",\"potentialAction\":[{\"@type\":\"SearchAction\",\"target\":{\"@type\":\"EntryPoint\",\"urlTemplate\":\"https:\/\/www.gaveanews.com\/?s={search_term_string}\"},\"query-input\":{\"@type\":\"PropertyValueSpecification\",\"valueRequired\":true,\"valueName\":\"search_term_string\"}}],\"inLanguage\":\"pt-BR\"},{\"@type\":\"Person\",\"@id\":\"https:\/\/www.gaveanews.com\/#\/schema\/person\/3b19f7288b0ce20372991275e4f2e6c2\",\"name\":\"Ana Teixeira\",\"image\":{\"@type\":\"ImageObject\",\"inLanguage\":\"pt-BR\",\"@id\":\"https:\/\/www.gaveanews.com\/#\/schema\/person\/image\/\",\"url\":\"https:\/\/secure.gravatar.com\/avatar\/0a73f5a5258f3fed37fc2fa641892f3f7a4748456d4d4792f9bc550e6c19e06c?s=96&d=mm&r=g\",\"contentUrl\":\"https:\/\/secure.gravatar.com\/avatar\/0a73f5a5258f3fed37fc2fa641892f3f7a4748456d4d4792f9bc550e6c19e06c?s=96&d=mm&r=g\",\"caption\":\"Ana Teixeira\"}}]}<\/script>\n<!-- \/ Yoast SEO Premium plugin. -->","yoast_head_json":{"title":"Jogador do Botafogo tem contrato rescindido","robots":{"index":"index","follow":"follow","max-snippet":"max-snippet:-1","max-image-preview":"max-image-preview:large","max-video-preview":"max-video-preview:-1"},"canonical":"https:\/\/www.gaveanews.com\/index.php\/2025\/06\/03\/jogador-do-botafogo-tem-contrato-rescindido\/","og_locale":"pt_BR","og_type":"article","og_title":"Jogador do Botafogo tem contrato rescindido","og_description":"O Vit\u00f3ria oficializou nesta ter\u00e7a-feira (03) a rescis\u00e3o do contrato de empr\u00e9stimo do lateral-esquerdo Hugo, que pertencia ao Botafogo. O v\u00ednculo entre as partes se encerraria apenas em dezembro deste ano, contudo, a decis\u00e3o foi tomada de forma amig\u00e1vel. Atrav\u00e9s de nota divulgada \u00e0 imprensa, o clube baiano agradeceu ao atleta pelo tempo em que [&hellip;]","og_url":"https:\/\/www.gaveanews.com\/index.php\/2025\/06\/03\/jogador-do-botafogo-tem-contrato-rescindido\/","og_site_name":"G\u00e1vea News","article_publisher":"https:\/\/facebook.com\/gaveaNews\/","article_published_time":"2025-06-04T00:00:00+00:00","og_image":[{"width":787,"height":525,"url":"https:\/\/www.gaveanews.com\/wp-content\/uploads\/Escudo-do-Botafogo-1.webp","type":"image\/webp"}],"author":"Ana Teixeira","twitter_card":"summary_large_image","twitter_misc":{"Escrito por":"Ana Teixeira","Est. tempo de leitura":"3 minutos"},"schema":{"@context":"https:\/\/schema.org","@graph":[{"@type":"NewsArticle","@id":"https:\/\/www.gaveanews.com\/index.php\/2025\/06\/03\/jogador-do-botafogo-tem-contrato-rescindido\/#article","isPartOf":{"@id":"https:\/\/www.gaveanews.com\/index.php\/2025\/06\/03\/jogador-do-botafogo-tem-contrato-rescindido\/"},"author":{"name":"Ana Teixeira","@id":"https:\/\/www.gaveanews.com\/#\/schema\/person\/3b19f7288b0ce20372991275e4f2e6c2"},"headline":"Jogador do Botafogo tem contrato rescindido","datePublished":"2025-06-04T00:00:00+00:00","mainEntityOfPage":{"@id":"https:\/\/www.gaveanews.com\/index.php\/2025\/06\/03\/jogador-do-botafogo-tem-contrato-rescindido\/"},"wordCount":410,"commentCount":0,"image":{"@id":"https:\/\/www.gaveanews.com\/index.php\/2025\/06\/03\/jogador-do-botafogo-tem-contrato-rescindido\/#primaryimage"},"thumbnailUrl":"https:\/\/www.gaveanews.com\/wp-content\/uploads\/Escudo-do-Botafogo-1.webp","articleSection":["Botafogo","Brasileir\u00e3o","Vit\u00f3ria"],"inLanguage":"pt-BR","potentialAction":[{"@type":"CommentAction","name":"Comment","target":["https:\/\/www.gaveanews.com\/index.php\/2025\/06\/03\/jogador-do-botafogo-tem-contrato-rescindido\/#respond"]}],"copyrightYear":"2025","copyrightHolder":{"@id":"https:\/\/www.gaveanews.com\/#organization"}},{"@type":"WebPage","@id":"https:\/\/www.gaveanews.com\/index.php\/2025\/06\/03\/jogador-do-botafogo-tem-contrato-rescindido\/","url":"https:\/\/www.gaveanews.com\/index.php\/2025\/06\/03\/jogador-do-botafogo-tem-contrato-rescindido\/","name":"Jogador do Botafogo tem contrato rescindido","isPartOf":{"@id":"https:\/\/www.gaveanews.com\/#website"},"primaryImageOfPage":{"@id":"https:\/\/www.gaveanews.com\/index.php\/2025\/06\/03\/jogador-do-botafogo-tem-contrato-rescindido\/#primaryimage"},"image":{"@id":"https:\/\/www.gaveanews.com\/index.php\/2025\/06\/03\/jogador-do-botafogo-tem-contrato-rescindido\/#primaryimage"},"thumbnailUrl":"https:\/\/www.gaveanews.com\/wp-content\/uploads\/Escudo-do-Botafogo-1.webp","datePublished":"2025-06-04T00:00:00+00:00","author":{"@id":"https:\/\/www.gaveanews.com\/#\/schema\/person\/3b19f7288b0ce20372991275e4f2e6c2"},"breadcrumb":{"@id":"https:\/\/www.gaveanews.com\/index.php\/2025\/06\/03\/jogador-do-botafogo-tem-contrato-rescindido\/#breadcrumb"},"inLanguage":"pt-BR","potentialAction":[{"@type":"ReadAction","target":["https:\/\/www.gaveanews.com\/index.php\/2025\/06\/03\/jogador-do-botafogo-tem-contrato-rescindido\/"]}]},{"@type":"ImageObject","inLanguage":"pt-BR","@id":"https:\/\/www.gaveanews.com\/index.php\/2025\/06\/03\/jogador-do-botafogo-tem-contrato-rescindido\/#primaryimage","url":"https:\/\/www.gaveanews.com\/wp-content\/uploads\/Escudo-do-Botafogo-1.webp","contentUrl":"https:\/\/www.gaveanews.com\/wp-content\/uploads\/Escudo-do-Botafogo-1.webp","width":787,"height":525,"caption":"Escudo do Botafogo (Foto: Reprodu\u00e7\u00e3o\/Botafogo)"},{"@type":"BreadcrumbList","@id":"https:\/\/www.gaveanews.com\/index.php\/2025\/06\/03\/jogador-do-botafogo-tem-contrato-rescindido\/#breadcrumb","itemListElement":[{"@type":"ListItem","position":1,"name":"Home","item":"https:\/\/www.gaveanews.com\/"},{"@type":"ListItem","position":2,"name":"Jogador do Botafogo tem contrato rescindido"}]},{"@type":"WebSite","@id":"https:\/\/www.gaveanews.com\/#website","url":"https:\/\/www.gaveanews.com\/","name":"G\u00e1vea News","description":"Veja todas as not\u00edcias sobre o Flamengo: Contrata\u00e7\u00f5es, categorias de base, resultados das partidas, tabela de classifica\u00e7\u00e3o, pr\u00f3ximos jogos!","potentialAction":[{"@type":"SearchAction","target":{"@type":"EntryPoint","urlTemplate":"https:\/\/www.gaveanews.com\/?s={search_term_string}"},"query-input":{"@type":"PropertyValueSpecification","valueRequired":true,"valueName":"search_term_string"}}],"inLanguage":"pt-BR"},{"@type":"Person","@id":"https:\/\/www.gaveanews.com\/#\/schema\/person\/3b19f7288b0ce20372991275e4f2e6c2","name":"Ana Teixeira","image":{"@type":"ImageObject","inLanguage":"pt-BR","@id":"https:\/\/www.gaveanews.com\/#\/schema\/person\/image\/","url":"https:\/\/secure.gravatar.com\/avatar\/0a73f5a5258f3fed37fc2fa641892f3f7a4748456d4d4792f9bc550e6c19e06c?s=96&d=mm&r=g","contentUrl":"https:\/\/secure.gravatar.com\/avatar\/0a73f5a5258f3fed37fc2fa641892f3f7a4748456d4d4792f9bc550e6c19e06c?s=96&d=mm&r=g","caption":"Ana Teixeira"}}]}},"_links":{"self":[{"href":"https:\/\/www.gaveanews.com\/index.php\/wp-json\/wp\/v2\/posts\/269406","targetHints":{"allow":["GET"]}}],"collection":[{"href":"https:\/\/www.gaveanews.com\/index.php\/wp-json\/wp\/v2\/posts"}],"about":[{"href":"https:\/\/www.gaveanews.com\/index.php\/wp-json\/wp\/v2\/types\/post"}],"author":[{"embeddable":true,"href":"https:\/\/www.gaveanews.com\/index.php\/wp-json\/wp\/v2\/users\/30"}],"replies":[{"embeddable":true,"href":"https:\/\/www.gaveanews.com\/index.php\/wp-json\/wp\/v2\/comments?post=269406"}],"version-history":[{"count":1,"href":"https:\/\/www.gaveanews.com\/index.php\/wp-json\/wp\/v2\/posts\/269406\/revisions"}],"predecessor-version":[{"id":269417,"href":"https:\/\/www.gaveanews.com\/index.php\/wp-json\/wp\/v2\/posts\/269406\/revisions\/269417"}],"wp:featuredmedia":[{"embeddable":true,"href":"https:\/\/www.gaveanews.com\/index.php\/wp-json\/wp\/v2\/media\/182060"}],"wp:attachment":[{"href":"https:\/\/www.gaveanews.com\/index.php\/wp-json\/wp\/v2\/media?parent=269406"}],"wp:term":[{"taxonomy":"category","embeddable":true,"href":"https:\/\/www.gaveanews.com\/index.php\/wp-json\/wp\/v2\/categories?post=269406"},{"taxonomy":"post_tag","embeddable":true,"href":"https:\/\/www.gaveanews.com\/index.php\/wp-json\/wp\/v2\/tags?post=269406"}],"curies":[{"name":"wp","href":"https:\/\/api.w.org\/{rel}","templated":true}]}}