{"id":269411,"date":"2025-06-03T21:10:00","date_gmt":"2025-06-04T00:10:00","guid":{"rendered":"https:\/\/www.gaveanews.com\/?p=269411"},"modified":"2025-06-03T17:13:37","modified_gmt":"2025-06-03T20:13:37","slug":"augusto-melo-e-atacado-por-liderancas-do-corinthians","status":"publish","type":"post","link":"https:\/\/www.gaveanews.com\/index.php\/2025\/06\/03\/augusto-melo-e-atacado-por-liderancas-do-corinthians\/","title":{"rendered":"Augusto Melo \u00e9 atacado por lideran\u00e7as do Corinthians"},"content":{"rendered":"\n<p>Na \u00faltima ter\u00e7a-feira (03), figuras influentes da pol\u00edtica interna do Corinthians divulgaram um manifesto contundente contra a a\u00e7\u00e3o protagonizada pelo presidente afastado Augusto Melo. O epis\u00f3dio em quest\u00e3o ocorreu no s\u00e1bado (31), quando o dirigente, acompanhado por apoiadores, tentou reassumir o comando do clube no Parque S\u00e3o Jorge. <\/p>\n\n\n\n<p>A a\u00e7\u00e3o foi classificada por lideran\u00e7as como Andr\u00e9s S\u00e1nchez, Rubens Gomes (Rub\u00e3o), Alexandre Husni, Ricardo Sena, Ademir Benedito e Fabio Petrillo como &#8220;o dia mais vergonhoso da centen\u00e1ria hist\u00f3ria corinthiana&#8221;.<\/p>\n\n\n\n<p>No documento, os signat\u00e1rios afirmam: \u201cUm ataque hist\u00f3rico, triste e vergonhoso ao Sport Club Corinthians Paulista. O 31 de maio de 2025, infelizmente, ser\u00e1 lembrado como o dia mais vergonhoso da centen\u00e1ria hist\u00f3ria corintiana\u201d.<\/p>\n\n\n\n<p> Eles ainda caracterizam o epis\u00f3dio como um \u201cgolpe institucional\u201d, denunciando a tentativa de Melo de se sobrepor \u00e0 decis\u00e3o soberana do Conselho Deliberativo, que aprovou sua destitui\u00e7\u00e3o no dia 26 de maio.<\/p>\n\n\n\n<h3 class=\"wp-block-heading\" id=\"h-denuncias-de-violacao-do-estatuto\">Den\u00fancias de viola\u00e7\u00e3o do Estatuto<\/h3>\n\n\n\n<p>Conforme o manifesto, Augusto Melo teria utilizado aliados para reverter, de maneira ileg\u00edtima e \u00e0 revelia do Estatuto Social, o processo de afastamento conduzido pelo \u00f3rg\u00e3o m\u00e1ximo do clube. \u201cNenhuma articula\u00e7\u00e3o feita na calada da noite pode se sobrepor \u00e0 vontade do Conselho\u201d, refor\u00e7am os conselheiros. O movimento foi considerado uma amea\u00e7a grave \u00e0 integridade institucional do Corinthians.<\/p>\n\n\n\n<p>De acordo com o Estatuto do clube, a\u00e7\u00f5es como as realizadas no s\u00e1bado ferem diretamente os deveres previstos no Artigo 24. O texto destaca que \u00e9 obriga\u00e7\u00e3o dos associados zelar pelo patrim\u00f4nio do clube, manter conduta adequada e respeitar os demais frequentadores. <\/p>\n\n\n\n<p>\u201cAs atitudes de quem participa de invas\u00f5es, depreda\u00e7\u00f5es ou intimida funcion\u00e1rios e dirigentes s\u00e3o incompat\u00edveis com esses deveres\u201d, diz o documento.<\/p>\n\n\n\n<h3 class=\"wp-block-heading\" id=\"h-penalidades-e-proximos-passos\">Penalidades e pr\u00f3ximos passos<\/h3>\n\n\n\n<p>O Estatuto prev\u00ea san\u00e7\u00f5es para infra\u00e7\u00f5es dessa natureza, conforme o Artigo 25, que permite desde advert\u00eancias at\u00e9 o desligamento definitivo. J\u00e1 o Artigo 27 prev\u00ea suspens\u00e3o para reincid\u00eancia ou comportamentos agressivos. Diante disso, o grupo pol\u00edtico que assina o manifesto solicita puni\u00e7\u00f5es rigorosas e afirma que a apura\u00e7\u00e3o dos fatos deve ocorrer com \u201cfirmeza e transpar\u00eancia\u201d.<\/p>\n\n\n\n<p>A tentativa de retomada do poder por Augusto Melo tamb\u00e9m foi abordada com severidade por conselheiros, que reiteraram: \u201cTrata-se de preservar a integridade de uma institui\u00e7\u00e3o centen\u00e1ria, que representa milh\u00f5es de torcedores apaixonados\u201d. <\/p>\n\n\n\n<p>A vota\u00e7\u00e3o definitiva sobre a perman\u00eancia de Melo na presid\u00eancia ocorrer\u00e1 no dia 9 de agosto. Se os associados confirmarem o impeachment, uma nova elei\u00e7\u00e3o ser\u00e1 convocada entre os conselheiros para determinar quem completar\u00e1 o mandato at\u00e9 o fim de 2026.<\/p>\n\n\n\n<h3 class=\"wp-block-heading\" id=\"h-comunicado-oficial-na-integra\">Comunicado oficial na \u00edntegra<\/h3>\n\n\n\n<blockquote class=\"wp-block-quote is-layout-flow wp-block-quote-is-layout-flow\">\n<p><strong>Um ataque hist\u00f3rico, triste e vergonhoso ao Sport Club Corinthians Paulista<\/strong><\/p>\n\n\n\n<p>&#8220;O 31 de maio de 2025, infelizmente, ser\u00e1 lembrado como o dia mais vergonhoso da centen\u00e1ria hist\u00f3ria corinthiana.<\/p>\n\n\n\n<p>A invas\u00e3o sem precedentes \u00e0 sede administrativa do Sport Club Corinthians Paulista por um grupo de associados liderados pelo presidente afastado, Augusto Melo, causou indigna\u00e7\u00e3o n\u00e3o apenas pela viol\u00eancia e desordem, mas tamb\u00e9m pela clara viola\u00e7\u00e3o dos princ\u00edpios e deveres previstos no Estatuto Social do clube.<\/p>\n\n\n\n<p>Tal epis\u00f3dio, que contou com todos os ingredientes de um golpe, n\u00e3o apenas prejudica a imagem do Corinthians perante a sociedade, mas tamb\u00e9m fere diretamente o esp\u00edrito de civilidade, respeito e responsabilidade que deve nortear a conduta de todos os que fazem parte da institui\u00e7\u00e3o.<\/p>\n\n\n\n<p>De acordo com o Artigo 24 do Estatuto do clube, os associados t\u00eam obriga\u00e7\u00f5es claras, como cumprir fielmente as normas internas (inciso B) e zelar pelo patrim\u00f4nio do Corinthians (inciso E). As atitudes de quem participa de invas\u00f5es, depreda\u00e7\u00f5es ou intimida funcion\u00e1rios e dirigentes s\u00e3o incompat\u00edveis com esses deveres e demonstram completo desrespeito \u00e0 hist\u00f3ria e aos valores da agremia\u00e7\u00e3o.<\/p>\n\n\n\n<p>Ainda segundo o mesmo artigo, tamb\u00e9m \u00e9 dever do associado manter conduta adequada nas depend\u00eancias do clube (inciso C), tratar com urbanidade todos os frequentadores e funcion\u00e1rios (inciso F), e, principalmente, n\u00e3o manchar a imagem do clube por qualquer meio (inciso H). As imagens e relatos da invas\u00e3o foram amplamente divulgados na m\u00eddia, gerando preju\u00edzos \u00e0 reputa\u00e7\u00e3o do Corinthians e alimentando conflitos que enfraquecem a uni\u00e3o entre torcedores e dirigentes.<\/p>\n\n\n\n<p>O Estatuto prev\u00ea penalidades para tais comportamentos. O Artigo 25 estabelece san\u00e7\u00f5es como advert\u00eancia escrita, suspens\u00e3o e at\u00e9 desligamento, garantindo o direito de defesa aos acusados. J\u00e1 o Artigo 27 prev\u00ea que \u00e9 pass\u00edvel de suspens\u00e3o qualquer associado que reincida em infra\u00e7\u00f5es, tenha comportamento agressivo ou pratique atos conden\u00e1veis, como os que ocorreram durante a invas\u00e3o.<\/p>\n\n\n\n<p>Dessa forma, \u00e9 fundamental que todos os \u00f3rg\u00e3os atuem com firmeza e transpar\u00eancia na apura\u00e7\u00e3o dos fatos, responsabilizando exemplarmente os envolvidos. Mais do que uma quest\u00e3o disciplinar, trata-se de preservar a integridade de uma institui\u00e7\u00e3o centen\u00e1ria, que representa milh\u00f5es de torcedores apaixonados e precisa ser um exemplo de organiza\u00e7\u00e3o, respeito \u00e0s regras e esp\u00edrito esportivo.<\/p>\n\n\n\n<p>Em tempos de intoler\u00e2ncia e radicalismo, o Corinthians deve reafirmar seu compromisso com a democracia interna, o di\u00e1logo e o respeito \u00e0 sua hist\u00f3ria e \u00e0 sua torcida. O Estatuto \u00e9 mais do que um documento jur\u00eddico: \u00e9 o contrato moral que une todos os corinthianos em torno de um ideal maior \u2014 o amor pelo clube&#8221;.<\/p>\n<\/blockquote>\n","protected":false},"excerpt":{"rendered":"<p>Na \u00faltima ter\u00e7a-feira (03), figuras influentes da pol\u00edtica interna do Corinthians divulgaram um manifesto contundente contra a a\u00e7\u00e3o protagonizada pelo presidente afastado Augusto Melo. O epis\u00f3dio em quest\u00e3o ocorreu no s\u00e1bado (31), quando o dirigente, acompanhado por apoiadores, tentou reassumir o comando do clube no Parque S\u00e3o Jorge. A a\u00e7\u00e3o foi classificada por lideran\u00e7as como [&hellip;]<\/p>\n","protected":false},"author":30,"featured_media":158982,"comment_status":"open","ping_status":"closed","sticky":false,"template":"","format":"standard","meta":{"footnotes":""},"categories":[141],"tags":[],"class_list":["post-269411","post","type-post","status-publish","format-standard","has-post-thumbnail","hentry","category-corinthians"],"yoast_head":"<!-- This site is optimized with the Yoast SEO Premium plugin v24.2 (Yoast SEO v26.9) - https:\/\/yoast.com\/product\/yoast-seo-premium-wordpress\/ -->\n<title>Augusto Melo \u00e9 atacado por lideran\u00e7as do Corinthians<\/title>\n<meta name=\"robots\" content=\"index, follow, max-snippet:-1, max-image-preview:large, max-video-preview:-1\" \/>\n<link rel=\"canonical\" href=\"https:\/\/www.gaveanews.com\/index.php\/2025\/06\/03\/augusto-melo-e-atacado-por-liderancas-do-corinthians\/\" \/>\n<meta property=\"og:locale\" content=\"pt_BR\" \/>\n<meta property=\"og:type\" content=\"article\" \/>\n<meta property=\"og:title\" content=\"Augusto Melo \u00e9 atacado por lideran\u00e7as do Corinthians\" \/>\n<meta property=\"og:description\" content=\"Na \u00faltima ter\u00e7a-feira (03), figuras influentes da pol\u00edtica interna do Corinthians divulgaram um manifesto contundente contra a a\u00e7\u00e3o protagonizada pelo presidente afastado Augusto Melo. O epis\u00f3dio em quest\u00e3o ocorreu no s\u00e1bado (31), quando o dirigente, acompanhado por apoiadores, tentou reassumir o comando do clube no Parque S\u00e3o Jorge. A a\u00e7\u00e3o foi classificada por lideran\u00e7as como [&hellip;]\" \/>\n<meta property=\"og:url\" content=\"https:\/\/www.gaveanews.com\/index.php\/2025\/06\/03\/augusto-melo-e-atacado-por-liderancas-do-corinthians\/\" \/>\n<meta property=\"og:site_name\" content=\"G\u00e1vea News\" \/>\n<meta property=\"article:publisher\" content=\"https:\/\/facebook.com\/gaveaNews\/\" \/>\n<meta property=\"article:published_time\" content=\"2025-06-04T00:10:00+00:00\" \/>\n<meta property=\"og:image\" content=\"https:\/\/www.gaveanews.com\/wp-content\/uploads\/2qgb52iuihz6ikmp2ky0yr6sn.webp\" \/>\n\t<meta property=\"og:image:width\" content=\"906\" \/>\n\t<meta property=\"og:image:height\" content=\"509\" \/>\n\t<meta property=\"og:image:type\" content=\"image\/webp\" \/>\n<meta name=\"author\" content=\"Ana Teixeira\" \/>\n<meta name=\"twitter:card\" content=\"summary_large_image\" \/>\n<meta name=\"twitter:label1\" content=\"Escrito por\" \/>\n\t<meta name=\"twitter:data1\" content=\"Ana Teixeira\" \/>\n\t<meta name=\"twitter:label2\" content=\"Est. tempo de leitura\" \/>\n\t<meta name=\"twitter:data2\" content=\"3 minutos\" \/>\n<script type=\"application\/ld+json\" class=\"yoast-schema-graph\">{\"@context\":\"https:\/\/schema.org\",\"@graph\":[{\"@type\":\"NewsArticle\",\"@id\":\"https:\/\/www.gaveanews.com\/index.php\/2025\/06\/03\/augusto-melo-e-atacado-por-liderancas-do-corinthians\/#article\",\"isPartOf\":{\"@id\":\"https:\/\/www.gaveanews.com\/index.php\/2025\/06\/03\/augusto-melo-e-atacado-por-liderancas-do-corinthians\/\"},\"author\":{\"name\":\"Ana Teixeira\",\"@id\":\"https:\/\/www.gaveanews.com\/#\/schema\/person\/3b19f7288b0ce20372991275e4f2e6c2\"},\"headline\":\"Augusto Melo \u00e9 atacado por lideran\u00e7as do Corinthians\",\"datePublished\":\"2025-06-04T00:10:00+00:00\",\"mainEntityOfPage\":{\"@id\":\"https:\/\/www.gaveanews.com\/index.php\/2025\/06\/03\/augusto-melo-e-atacado-por-liderancas-do-corinthians\/\"},\"wordCount\":914,\"commentCount\":0,\"image\":{\"@id\":\"https:\/\/www.gaveanews.com\/index.php\/2025\/06\/03\/augusto-melo-e-atacado-por-liderancas-do-corinthians\/#primaryimage\"},\"thumbnailUrl\":\"https:\/\/www.gaveanews.com\/wp-content\/uploads\/2qgb52iuihz6ikmp2ky0yr6sn.webp\",\"articleSection\":[\"Corinthians\"],\"inLanguage\":\"pt-BR\",\"potentialAction\":[{\"@type\":\"CommentAction\",\"name\":\"Comment\",\"target\":[\"https:\/\/www.gaveanews.com\/index.php\/2025\/06\/03\/augusto-melo-e-atacado-por-liderancas-do-corinthians\/#respond\"]}],\"copyrightYear\":\"2025\",\"copyrightHolder\":{\"@id\":\"https:\/\/www.gaveanews.com\/#organization\"}},{\"@type\":\"WebPage\",\"@id\":\"https:\/\/www.gaveanews.com\/index.php\/2025\/06\/03\/augusto-melo-e-atacado-por-liderancas-do-corinthians\/\",\"url\":\"https:\/\/www.gaveanews.com\/index.php\/2025\/06\/03\/augusto-melo-e-atacado-por-liderancas-do-corinthians\/\",\"name\":\"Augusto Melo \u00e9 atacado por lideran\u00e7as do Corinthians\",\"isPartOf\":{\"@id\":\"https:\/\/www.gaveanews.com\/#website\"},\"primaryImageOfPage\":{\"@id\":\"https:\/\/www.gaveanews.com\/index.php\/2025\/06\/03\/augusto-melo-e-atacado-por-liderancas-do-corinthians\/#primaryimage\"},\"image\":{\"@id\":\"https:\/\/www.gaveanews.com\/index.php\/2025\/06\/03\/augusto-melo-e-atacado-por-liderancas-do-corinthians\/#primaryimage\"},\"thumbnailUrl\":\"https:\/\/www.gaveanews.com\/wp-content\/uploads\/2qgb52iuihz6ikmp2ky0yr6sn.webp\",\"datePublished\":\"2025-06-04T00:10:00+00:00\",\"author\":{\"@id\":\"https:\/\/www.gaveanews.com\/#\/schema\/person\/3b19f7288b0ce20372991275e4f2e6c2\"},\"breadcrumb\":{\"@id\":\"https:\/\/www.gaveanews.com\/index.php\/2025\/06\/03\/augusto-melo-e-atacado-por-liderancas-do-corinthians\/#breadcrumb\"},\"inLanguage\":\"pt-BR\",\"potentialAction\":[{\"@type\":\"ReadAction\",\"target\":[\"https:\/\/www.gaveanews.com\/index.php\/2025\/06\/03\/augusto-melo-e-atacado-por-liderancas-do-corinthians\/\"]}]},{\"@type\":\"ImageObject\",\"inLanguage\":\"pt-BR\",\"@id\":\"https:\/\/www.gaveanews.com\/index.php\/2025\/06\/03\/augusto-melo-e-atacado-por-liderancas-do-corinthians\/#primaryimage\",\"url\":\"https:\/\/www.gaveanews.com\/wp-content\/uploads\/2qgb52iuihz6ikmp2ky0yr6sn.webp\",\"contentUrl\":\"https:\/\/www.gaveanews.com\/wp-content\/uploads\/2qgb52iuihz6ikmp2ky0yr6sn.webp\",\"width\":906,\"height\":509,\"caption\":\"Augusto Melo - Foto: Rodrigo Coca\/Ag\u00eancia Corinthians\"},{\"@type\":\"BreadcrumbList\",\"@id\":\"https:\/\/www.gaveanews.com\/index.php\/2025\/06\/03\/augusto-melo-e-atacado-por-liderancas-do-corinthians\/#breadcrumb\",\"itemListElement\":[{\"@type\":\"ListItem\",\"position\":1,\"name\":\"Home\",\"item\":\"https:\/\/www.gaveanews.com\/\"},{\"@type\":\"ListItem\",\"position\":2,\"name\":\"Augusto Melo \u00e9 atacado por lideran\u00e7as do Corinthians\"}]},{\"@type\":\"WebSite\",\"@id\":\"https:\/\/www.gaveanews.com\/#website\",\"url\":\"https:\/\/www.gaveanews.com\/\",\"name\":\"G\u00e1vea News\",\"description\":\"Veja todas as not\u00edcias sobre o Flamengo: Contrata\u00e7\u00f5es, categorias de base, resultados das partidas, tabela de classifica\u00e7\u00e3o, pr\u00f3ximos jogos!\",\"potentialAction\":[{\"@type\":\"SearchAction\",\"target\":{\"@type\":\"EntryPoint\",\"urlTemplate\":\"https:\/\/www.gaveanews.com\/?s={search_term_string}\"},\"query-input\":{\"@type\":\"PropertyValueSpecification\",\"valueRequired\":true,\"valueName\":\"search_term_string\"}}],\"inLanguage\":\"pt-BR\"},{\"@type\":\"Person\",\"@id\":\"https:\/\/www.gaveanews.com\/#\/schema\/person\/3b19f7288b0ce20372991275e4f2e6c2\",\"name\":\"Ana Teixeira\",\"image\":{\"@type\":\"ImageObject\",\"inLanguage\":\"pt-BR\",\"@id\":\"https:\/\/www.gaveanews.com\/#\/schema\/person\/image\/\",\"url\":\"https:\/\/secure.gravatar.com\/avatar\/0a73f5a5258f3fed37fc2fa641892f3f7a4748456d4d4792f9bc550e6c19e06c?s=96&d=mm&r=g\",\"contentUrl\":\"https:\/\/secure.gravatar.com\/avatar\/0a73f5a5258f3fed37fc2fa641892f3f7a4748456d4d4792f9bc550e6c19e06c?s=96&d=mm&r=g\",\"caption\":\"Ana Teixeira\"}}]}<\/script>\n<!-- \/ Yoast SEO Premium plugin. -->","yoast_head_json":{"title":"Augusto Melo \u00e9 atacado por lideran\u00e7as do Corinthians","robots":{"index":"index","follow":"follow","max-snippet":"max-snippet:-1","max-image-preview":"max-image-preview:large","max-video-preview":"max-video-preview:-1"},"canonical":"https:\/\/www.gaveanews.com\/index.php\/2025\/06\/03\/augusto-melo-e-atacado-por-liderancas-do-corinthians\/","og_locale":"pt_BR","og_type":"article","og_title":"Augusto Melo \u00e9 atacado por lideran\u00e7as do Corinthians","og_description":"Na \u00faltima ter\u00e7a-feira (03), figuras influentes da pol\u00edtica interna do Corinthians divulgaram um manifesto contundente contra a a\u00e7\u00e3o protagonizada pelo presidente afastado Augusto Melo. O epis\u00f3dio em quest\u00e3o ocorreu no s\u00e1bado (31), quando o dirigente, acompanhado por apoiadores, tentou reassumir o comando do clube no Parque S\u00e3o Jorge. A a\u00e7\u00e3o foi classificada por lideran\u00e7as como [&hellip;]","og_url":"https:\/\/www.gaveanews.com\/index.php\/2025\/06\/03\/augusto-melo-e-atacado-por-liderancas-do-corinthians\/","og_site_name":"G\u00e1vea News","article_publisher":"https:\/\/facebook.com\/gaveaNews\/","article_published_time":"2025-06-04T00:10:00+00:00","og_image":[{"width":906,"height":509,"url":"https:\/\/www.gaveanews.com\/wp-content\/uploads\/2qgb52iuihz6ikmp2ky0yr6sn.webp","type":"image\/webp"}],"author":"Ana Teixeira","twitter_card":"summary_large_image","twitter_misc":{"Escrito por":"Ana Teixeira","Est. tempo de leitura":"3 minutos"},"schema":{"@context":"https:\/\/schema.org","@graph":[{"@type":"NewsArticle","@id":"https:\/\/www.gaveanews.com\/index.php\/2025\/06\/03\/augusto-melo-e-atacado-por-liderancas-do-corinthians\/#article","isPartOf":{"@id":"https:\/\/www.gaveanews.com\/index.php\/2025\/06\/03\/augusto-melo-e-atacado-por-liderancas-do-corinthians\/"},"author":{"name":"Ana Teixeira","@id":"https:\/\/www.gaveanews.com\/#\/schema\/person\/3b19f7288b0ce20372991275e4f2e6c2"},"headline":"Augusto Melo \u00e9 atacado por lideran\u00e7as do Corinthians","datePublished":"2025-06-04T00:10:00+00:00","mainEntityOfPage":{"@id":"https:\/\/www.gaveanews.com\/index.php\/2025\/06\/03\/augusto-melo-e-atacado-por-liderancas-do-corinthians\/"},"wordCount":914,"commentCount":0,"image":{"@id":"https:\/\/www.gaveanews.com\/index.php\/2025\/06\/03\/augusto-melo-e-atacado-por-liderancas-do-corinthians\/#primaryimage"},"thumbnailUrl":"https:\/\/www.gaveanews.com\/wp-content\/uploads\/2qgb52iuihz6ikmp2ky0yr6sn.webp","articleSection":["Corinthians"],"inLanguage":"pt-BR","potentialAction":[{"@type":"CommentAction","name":"Comment","target":["https:\/\/www.gaveanews.com\/index.php\/2025\/06\/03\/augusto-melo-e-atacado-por-liderancas-do-corinthians\/#respond"]}],"copyrightYear":"2025","copyrightHolder":{"@id":"https:\/\/www.gaveanews.com\/#organization"}},{"@type":"WebPage","@id":"https:\/\/www.gaveanews.com\/index.php\/2025\/06\/03\/augusto-melo-e-atacado-por-liderancas-do-corinthians\/","url":"https:\/\/www.gaveanews.com\/index.php\/2025\/06\/03\/augusto-melo-e-atacado-por-liderancas-do-corinthians\/","name":"Augusto Melo \u00e9 atacado por lideran\u00e7as do Corinthians","isPartOf":{"@id":"https:\/\/www.gaveanews.com\/#website"},"primaryImageOfPage":{"@id":"https:\/\/www.gaveanews.com\/index.php\/2025\/06\/03\/augusto-melo-e-atacado-por-liderancas-do-corinthians\/#primaryimage"},"image":{"@id":"https:\/\/www.gaveanews.com\/index.php\/2025\/06\/03\/augusto-melo-e-atacado-por-liderancas-do-corinthians\/#primaryimage"},"thumbnailUrl":"https:\/\/www.gaveanews.com\/wp-content\/uploads\/2qgb52iuihz6ikmp2ky0yr6sn.webp","datePublished":"2025-06-04T00:10:00+00:00","author":{"@id":"https:\/\/www.gaveanews.com\/#\/schema\/person\/3b19f7288b0ce20372991275e4f2e6c2"},"breadcrumb":{"@id":"https:\/\/www.gaveanews.com\/index.php\/2025\/06\/03\/augusto-melo-e-atacado-por-liderancas-do-corinthians\/#breadcrumb"},"inLanguage":"pt-BR","potentialAction":[{"@type":"ReadAction","target":["https:\/\/www.gaveanews.com\/index.php\/2025\/06\/03\/augusto-melo-e-atacado-por-liderancas-do-corinthians\/"]}]},{"@type":"ImageObject","inLanguage":"pt-BR","@id":"https:\/\/www.gaveanews.com\/index.php\/2025\/06\/03\/augusto-melo-e-atacado-por-liderancas-do-corinthians\/#primaryimage","url":"https:\/\/www.gaveanews.com\/wp-content\/uploads\/2qgb52iuihz6ikmp2ky0yr6sn.webp","contentUrl":"https:\/\/www.gaveanews.com\/wp-content\/uploads\/2qgb52iuihz6ikmp2ky0yr6sn.webp","width":906,"height":509,"caption":"Augusto Melo - Foto: Rodrigo Coca\/Ag\u00eancia Corinthians"},{"@type":"BreadcrumbList","@id":"https:\/\/www.gaveanews.com\/index.php\/2025\/06\/03\/augusto-melo-e-atacado-por-liderancas-do-corinthians\/#breadcrumb","itemListElement":[{"@type":"ListItem","position":1,"name":"Home","item":"https:\/\/www.gaveanews.com\/"},{"@type":"ListItem","position":2,"name":"Augusto Melo \u00e9 atacado por lideran\u00e7as do Corinthians"}]},{"@type":"WebSite","@id":"https:\/\/www.gaveanews.com\/#website","url":"https:\/\/www.gaveanews.com\/","name":"G\u00e1vea News","description":"Veja todas as not\u00edcias sobre o Flamengo: Contrata\u00e7\u00f5es, categorias de base, resultados das partidas, tabela de classifica\u00e7\u00e3o, pr\u00f3ximos jogos!","potentialAction":[{"@type":"SearchAction","target":{"@type":"EntryPoint","urlTemplate":"https:\/\/www.gaveanews.com\/?s={search_term_string}"},"query-input":{"@type":"PropertyValueSpecification","valueRequired":true,"valueName":"search_term_string"}}],"inLanguage":"pt-BR"},{"@type":"Person","@id":"https:\/\/www.gaveanews.com\/#\/schema\/person\/3b19f7288b0ce20372991275e4f2e6c2","name":"Ana Teixeira","image":{"@type":"ImageObject","inLanguage":"pt-BR","@id":"https:\/\/www.gaveanews.com\/#\/schema\/person\/image\/","url":"https:\/\/secure.gravatar.com\/avatar\/0a73f5a5258f3fed37fc2fa641892f3f7a4748456d4d4792f9bc550e6c19e06c?s=96&d=mm&r=g","contentUrl":"https:\/\/secure.gravatar.com\/avatar\/0a73f5a5258f3fed37fc2fa641892f3f7a4748456d4d4792f9bc550e6c19e06c?s=96&d=mm&r=g","caption":"Ana Teixeira"}}]}},"_links":{"self":[{"href":"https:\/\/www.gaveanews.com\/index.php\/wp-json\/wp\/v2\/posts\/269411","targetHints":{"allow":["GET"]}}],"collection":[{"href":"https:\/\/www.gaveanews.com\/index.php\/wp-json\/wp\/v2\/posts"}],"about":[{"href":"https:\/\/www.gaveanews.com\/index.php\/wp-json\/wp\/v2\/types\/post"}],"author":[{"embeddable":true,"href":"https:\/\/www.gaveanews.com\/index.php\/wp-json\/wp\/v2\/users\/30"}],"replies":[{"embeddable":true,"href":"https:\/\/www.gaveanews.com\/index.php\/wp-json\/wp\/v2\/comments?post=269411"}],"version-history":[{"count":1,"href":"https:\/\/www.gaveanews.com\/index.php\/wp-json\/wp\/v2\/posts\/269411\/revisions"}],"predecessor-version":[{"id":269419,"href":"https:\/\/www.gaveanews.com\/index.php\/wp-json\/wp\/v2\/posts\/269411\/revisions\/269419"}],"wp:featuredmedia":[{"embeddable":true,"href":"https:\/\/www.gaveanews.com\/index.php\/wp-json\/wp\/v2\/media\/158982"}],"wp:attachment":[{"href":"https:\/\/www.gaveanews.com\/index.php\/wp-json\/wp\/v2\/media?parent=269411"}],"wp:term":[{"taxonomy":"category","embeddable":true,"href":"https:\/\/www.gaveanews.com\/index.php\/wp-json\/wp\/v2\/categories?post=269411"},{"taxonomy":"post_tag","embeddable":true,"href":"https:\/\/www.gaveanews.com\/index.php\/wp-json\/wp\/v2\/tags?post=269411"}],"curies":[{"name":"wp","href":"https:\/\/api.w.org\/{rel}","templated":true}]}}