{"id":269412,"date":"2025-06-03T21:15:00","date_gmt":"2025-06-04T00:15:00","guid":{"rendered":"https:\/\/www.gaveanews.com\/?p=269412"},"modified":"2025-06-03T17:13:43","modified_gmt":"2025-06-03T20:13:43","slug":"video-rizek-detona-o-nivel-do-campeonato-brasileiro","status":"publish","type":"post","link":"https:\/\/www.gaveanews.com\/index.php\/2025\/06\/03\/video-rizek-detona-o-nivel-do-campeonato-brasileiro\/","title":{"rendered":"V\u00eddeo: Rizek detona o n\u00edvel do Campeonato Brasileiro"},"content":{"rendered":"\n<p>Durante a pausa no calend\u00e1rio do Campeonato Brasileiro por conta do Mundial de Clubes, Andr\u00e9 Rizek fez duras observa\u00e7\u00f5es sobre o desempenho das equipes nas 11 rodadas disputadas at\u00e9 o momento. <\/p>\n\n\n\n<p>Segundo o jornalista do Grupo Globo, a competi\u00e7\u00e3o nacional tem sido emocionante no aspecto da disputa, mas peca gravemente no que diz respeito \u00e0 qualidade t\u00e9cnica dos jogos. Em v\u00eddeo publicado no \u201cge.globo\u201d, Rizek foi enf\u00e1tico: \u201cT\u00e1 ruim, n\u00e3o t\u00e1 legal\u201d.<\/p>\n\n\n\n<p>A cr\u00edtica n\u00e3o recai sobre a competitividade da tabela, que segue acirrada, com Flamengo, Cruzeiro, Bragantino e Palmeiras separados por poucos pontos. O foco da an\u00e1lise recai sobre o espet\u00e1culo oferecido ao torcedor. <\/p>\n\n\n\n<p>Conforme o comentarista, o produto futebol brasileiro perde apelo quando a entrega se limita apenas \u00e0 emo\u00e7\u00e3o. \u201cSe habituar a entregar jogos ruins e s\u00f3 garantir a emo\u00e7\u00e3o, a competitividade, o Campeonato Brasileiro t\u00e1 fadado a nunca crescer. Pelo contr\u00e1rio: come\u00e7ar a encolher\u201d, alertou.<\/p>\n\n\n\n<h3 class=\"wp-block-heading\" id=\"h-flamengo-e-cruzeiro-como-excecoes\">Flamengo e Cruzeiro como exce\u00e7\u00f5es<\/h3>\n\n\n\n<p>Ao avaliar individualmente as equipes, Rizek poupou apenas o Flamengo, que lidera a competi\u00e7\u00e3o com 24 pontos e apresenta o melhor ataque, com m\u00e9dia superior a dois gols por partida. <\/p>\n\n\n\n<p>\u201cFlamengo das goleadas, Flamengo dos 5&#215;0 no Fortaleza, dos 6&#215;0 no Juventude, dos 4&#215;0 no Corinthians. Flamengo d\u00e1 motivo, \u00e9 um time que joga bonito no Brasileir\u00e3o\u201d, afirmou o jornalista, destacando a postura ofensiva e o rendimento sob comando de Filipe Lu\u00eds.<\/p>\n\n\n\n<p>Outro destaque positivo foi o Cruzeiro, atualmente vice-l\u00edder. Rizek apontou o trabalho do t\u00e9cnico Leonardo Jardim como respons\u00e1vel por um estilo diferente, que desperta interesse mesmo para quem n\u00e3o possui envolvimento emocional com o clube. <\/p>\n\n\n\n<p>\u201cD\u00e1 motivos pra voc\u00ea assistir \u00e0 equipe do Leonardo Jardim jogar\u201d, declarou.<\/p>\n\n\n\n<h3 class=\"wp-block-heading\" id=\"h-bahia-bragantino-e-mirassol-chamam-atencao\">Bahia, Bragantino e Mirassol chamam aten\u00e7\u00e3o<\/h3>\n\n\n\n<p>Ainda que em menor escala, outras equipes tamb\u00e9m foram mencionadas. O Bahia, de Rog\u00e9rio Ceni, foi citado por apresentar uma ideia de jogo atraente, embora com limita\u00e7\u00f5es no elenco que impedem um desempenho mais encantador. <\/p>\n\n\n\n<p>Red Bull Bragantino e Mirassol surgiram como surpresas positivas, mesmo com menos recursos que os times de maior or\u00e7amento.<\/p>\n\n\n\n<p>Apesar disso, a cr\u00edtica voltou a ser contundente ao abordar clubes tradicionais. \u201cO Palmeiras entrega competi\u00e7\u00e3o, agora mas divers\u00e3o \u00e9 outra hist\u00f3ria\u201d, analisou Rizek, ao comparar o n\u00famero de gols da equipe paulista com o do Mirassol. <\/p>\n\n\n\n<p>Segundo ele, o time comandado por Abel Ferreira se destaca pela competitividade, por\u00e9m sem brilho no jogo.<\/p>\n\n\n\n<blockquote class=\"twitter-tweet\" data-media-max-width=\"560\"><p lang=\"pt\" dir=\"ltr\">Andr\u00e9 Rizek critica qualidade do Campeonato Brasileiro:<br><br>\u201cT\u00e1 ruim, n\u00e3o t\u00e1 legal.\u201d<br><br>\ud83c\udfa5 <a href=\"https:\/\/twitter.com\/geglobo?ref_src=twsrc%5Etfw\">@geglobo<\/a> <a href=\"https:\/\/t.co\/zjTe9sSzjY\">pic.twitter.com\/zjTe9sSzjY<\/a><\/p>&mdash; Planeta do Futebol \ud83c\udf0e (@futebol_info) <a href=\"https:\/\/twitter.com\/futebol_info\/status\/1929582174249832481?ref_src=twsrc%5Etfw\">June 2, 2025<\/a><\/blockquote> <script async src=\"https:\/\/platform.twitter.com\/widgets.js\" charset=\"utf-8\"><\/script>\n\n\n\n<h3 class=\"wp-block-heading\" id=\"h-clubes-sob-criticas-pesadas\">Clubes sob cr\u00edticas pesadas<\/h3>\n\n\n\n<p>A insatisfa\u00e7\u00e3o foi ainda mais evidente quando o jornalista tratou de outras agremia\u00e7\u00f5es. \u201cO Corinthians fez contra o Vit\u00f3ria um jogo absolutamente insuport\u00e1vel de se assistir\u201d, disse Rizek. Clubes como S\u00e3o Paulo, Santos, Gr\u00eamio, Internacional, Atl\u00e9tico-MG, Fortaleza e Juventude tamb\u00e9m foram citados negativamente, todos criticados pelo fraco desempenho at\u00e9 aqui.<\/p>\n\n\n\n<p>Ainda assim, foram apontadas melhorias recentes em Botafogo e Fluminense, o que pode sinalizar uma rea\u00e7\u00e3o na sequ\u00eancia do campeonato, embora o comentarista n\u00e3o tenha aprofundado essas an\u00e1lises.<\/p>\n","protected":false},"excerpt":{"rendered":"<p>Durante a pausa no calend\u00e1rio do Campeonato Brasileiro por conta do Mundial de Clubes, Andr\u00e9 Rizek fez duras observa\u00e7\u00f5es sobre o desempenho das equipes nas 11 rodadas disputadas at\u00e9 o momento. Segundo o jornalista do Grupo Globo, a competi\u00e7\u00e3o nacional tem sido emocionante no aspecto da disputa, mas peca gravemente no que diz respeito \u00e0 [&hellip;]<\/p>\n","protected":false},"author":30,"featured_media":101875,"comment_status":"open","ping_status":"closed","sticky":false,"template":"","format":"standard","meta":{"footnotes":""},"categories":[478,133],"tags":[],"class_list":["post-269412","post","type-post","status-publish","format-standard","has-post-thumbnail","hentry","category-brasil","category-brasileirao"],"yoast_head":"<!-- This site is optimized with the Yoast SEO Premium plugin v24.2 (Yoast SEO v26.9) - https:\/\/yoast.com\/product\/yoast-seo-premium-wordpress\/ -->\n<title>V\u00eddeo: Rizek detona o n\u00edvel do Campeonato Brasileiro<\/title>\n<meta name=\"robots\" content=\"index, follow, max-snippet:-1, max-image-preview:large, max-video-preview:-1\" \/>\n<link rel=\"canonical\" href=\"https:\/\/www.gaveanews.com\/index.php\/2025\/06\/03\/video-rizek-detona-o-nivel-do-campeonato-brasileiro\/\" \/>\n<meta property=\"og:locale\" content=\"pt_BR\" \/>\n<meta property=\"og:type\" content=\"article\" \/>\n<meta property=\"og:title\" content=\"V\u00eddeo: Rizek detona o n\u00edvel do Campeonato Brasileiro\" \/>\n<meta property=\"og:description\" content=\"Durante a pausa no calend\u00e1rio do Campeonato Brasileiro por conta do Mundial de Clubes, Andr\u00e9 Rizek fez duras observa\u00e7\u00f5es sobre o desempenho das equipes nas 11 rodadas disputadas at\u00e9 o momento. Segundo o jornalista do Grupo Globo, a competi\u00e7\u00e3o nacional tem sido emocionante no aspecto da disputa, mas peca gravemente no que diz respeito \u00e0 [&hellip;]\" \/>\n<meta property=\"og:url\" content=\"https:\/\/www.gaveanews.com\/index.php\/2025\/06\/03\/video-rizek-detona-o-nivel-do-campeonato-brasileiro\/\" \/>\n<meta property=\"og:site_name\" content=\"G\u00e1vea News\" \/>\n<meta property=\"article:publisher\" content=\"https:\/\/facebook.com\/gaveaNews\/\" \/>\n<meta property=\"article:published_time\" content=\"2025-06-04T00:15:00+00:00\" \/>\n<meta property=\"og:image\" content=\"https:\/\/www.gaveanews.com\/wp-content\/uploads\/Andre-Rizek-durante-um-programa-do-SporTV.webp\" \/>\n\t<meta property=\"og:image:width\" content=\"795\" \/>\n\t<meta property=\"og:image:height\" content=\"448\" \/>\n\t<meta property=\"og:image:type\" content=\"image\/jpeg\" \/>\n<meta name=\"author\" content=\"Ana Teixeira\" \/>\n<meta name=\"twitter:card\" content=\"summary_large_image\" \/>\n<meta name=\"twitter:label1\" content=\"Escrito por\" \/>\n\t<meta name=\"twitter:data1\" content=\"Ana Teixeira\" \/>\n\t<meta name=\"twitter:label2\" content=\"Est. tempo de leitura\" \/>\n\t<meta name=\"twitter:data2\" content=\"3 minutos\" \/>\n<script type=\"application\/ld+json\" class=\"yoast-schema-graph\">{\"@context\":\"https:\/\/schema.org\",\"@graph\":[{\"@type\":\"NewsArticle\",\"@id\":\"https:\/\/www.gaveanews.com\/index.php\/2025\/06\/03\/video-rizek-detona-o-nivel-do-campeonato-brasileiro\/#article\",\"isPartOf\":{\"@id\":\"https:\/\/www.gaveanews.com\/index.php\/2025\/06\/03\/video-rizek-detona-o-nivel-do-campeonato-brasileiro\/\"},\"author\":{\"name\":\"Ana Teixeira\",\"@id\":\"https:\/\/www.gaveanews.com\/#\/schema\/person\/3b19f7288b0ce20372991275e4f2e6c2\"},\"headline\":\"V\u00eddeo: Rizek detona o n\u00edvel do Campeonato Brasileiro\",\"datePublished\":\"2025-06-04T00:15:00+00:00\",\"mainEntityOfPage\":{\"@id\":\"https:\/\/www.gaveanews.com\/index.php\/2025\/06\/03\/video-rizek-detona-o-nivel-do-campeonato-brasileiro\/\"},\"wordCount\":547,\"commentCount\":0,\"image\":{\"@id\":\"https:\/\/www.gaveanews.com\/index.php\/2025\/06\/03\/video-rizek-detona-o-nivel-do-campeonato-brasileiro\/#primaryimage\"},\"thumbnailUrl\":\"https:\/\/www.gaveanews.com\/wp-content\/uploads\/Andre-Rizek-durante-um-programa-do-SporTV.webp\",\"articleSection\":[\"Brasil\",\"Brasileir\u00e3o\"],\"inLanguage\":\"pt-BR\",\"potentialAction\":[{\"@type\":\"CommentAction\",\"name\":\"Comment\",\"target\":[\"https:\/\/www.gaveanews.com\/index.php\/2025\/06\/03\/video-rizek-detona-o-nivel-do-campeonato-brasileiro\/#respond\"]}],\"copyrightYear\":\"2025\",\"copyrightHolder\":{\"@id\":\"https:\/\/www.gaveanews.com\/#organization\"}},{\"@type\":\"WebPage\",\"@id\":\"https:\/\/www.gaveanews.com\/index.php\/2025\/06\/03\/video-rizek-detona-o-nivel-do-campeonato-brasileiro\/\",\"url\":\"https:\/\/www.gaveanews.com\/index.php\/2025\/06\/03\/video-rizek-detona-o-nivel-do-campeonato-brasileiro\/\",\"name\":\"V\u00eddeo: Rizek detona o n\u00edvel do Campeonato Brasileiro\",\"isPartOf\":{\"@id\":\"https:\/\/www.gaveanews.com\/#website\"},\"primaryImageOfPage\":{\"@id\":\"https:\/\/www.gaveanews.com\/index.php\/2025\/06\/03\/video-rizek-detona-o-nivel-do-campeonato-brasileiro\/#primaryimage\"},\"image\":{\"@id\":\"https:\/\/www.gaveanews.com\/index.php\/2025\/06\/03\/video-rizek-detona-o-nivel-do-campeonato-brasileiro\/#primaryimage\"},\"thumbnailUrl\":\"https:\/\/www.gaveanews.com\/wp-content\/uploads\/Andre-Rizek-durante-um-programa-do-SporTV.webp\",\"datePublished\":\"2025-06-04T00:15:00+00:00\",\"author\":{\"@id\":\"https:\/\/www.gaveanews.com\/#\/schema\/person\/3b19f7288b0ce20372991275e4f2e6c2\"},\"breadcrumb\":{\"@id\":\"https:\/\/www.gaveanews.com\/index.php\/2025\/06\/03\/video-rizek-detona-o-nivel-do-campeonato-brasileiro\/#breadcrumb\"},\"inLanguage\":\"pt-BR\",\"potentialAction\":[{\"@type\":\"ReadAction\",\"target\":[\"https:\/\/www.gaveanews.com\/index.php\/2025\/06\/03\/video-rizek-detona-o-nivel-do-campeonato-brasileiro\/\"]}]},{\"@type\":\"ImageObject\",\"inLanguage\":\"pt-BR\",\"@id\":\"https:\/\/www.gaveanews.com\/index.php\/2025\/06\/03\/video-rizek-detona-o-nivel-do-campeonato-brasileiro\/#primaryimage\",\"url\":\"https:\/\/www.gaveanews.com\/wp-content\/uploads\/Andre-Rizek-durante-um-programa-do-SporTV.webp\",\"contentUrl\":\"https:\/\/www.gaveanews.com\/wp-content\/uploads\/Andre-Rizek-durante-um-programa-do-SporTV.webp\",\"width\":795,\"height\":448,\"caption\":\"Andr\u00e9 Rizek durante um programa do SporTV (Foto: Reprodu\u00e7\u00e3o\/SporTV)\"},{\"@type\":\"BreadcrumbList\",\"@id\":\"https:\/\/www.gaveanews.com\/index.php\/2025\/06\/03\/video-rizek-detona-o-nivel-do-campeonato-brasileiro\/#breadcrumb\",\"itemListElement\":[{\"@type\":\"ListItem\",\"position\":1,\"name\":\"Home\",\"item\":\"https:\/\/www.gaveanews.com\/\"},{\"@type\":\"ListItem\",\"position\":2,\"name\":\"V\u00eddeo: Rizek detona o n\u00edvel do Campeonato Brasileiro\"}]},{\"@type\":\"WebSite\",\"@id\":\"https:\/\/www.gaveanews.com\/#website\",\"url\":\"https:\/\/www.gaveanews.com\/\",\"name\":\"G\u00e1vea News\",\"description\":\"Veja todas as not\u00edcias sobre o Flamengo: Contrata\u00e7\u00f5es, categorias de base, resultados das partidas, tabela de classifica\u00e7\u00e3o, pr\u00f3ximos jogos!\",\"potentialAction\":[{\"@type\":\"SearchAction\",\"target\":{\"@type\":\"EntryPoint\",\"urlTemplate\":\"https:\/\/www.gaveanews.com\/?s={search_term_string}\"},\"query-input\":{\"@type\":\"PropertyValueSpecification\",\"valueRequired\":true,\"valueName\":\"search_term_string\"}}],\"inLanguage\":\"pt-BR\"},{\"@type\":\"Person\",\"@id\":\"https:\/\/www.gaveanews.com\/#\/schema\/person\/3b19f7288b0ce20372991275e4f2e6c2\",\"name\":\"Ana Teixeira\",\"image\":{\"@type\":\"ImageObject\",\"inLanguage\":\"pt-BR\",\"@id\":\"https:\/\/www.gaveanews.com\/#\/schema\/person\/image\/\",\"url\":\"https:\/\/secure.gravatar.com\/avatar\/0a73f5a5258f3fed37fc2fa641892f3f7a4748456d4d4792f9bc550e6c19e06c?s=96&d=mm&r=g\",\"contentUrl\":\"https:\/\/secure.gravatar.com\/avatar\/0a73f5a5258f3fed37fc2fa641892f3f7a4748456d4d4792f9bc550e6c19e06c?s=96&d=mm&r=g\",\"caption\":\"Ana Teixeira\"}}]}<\/script>\n<!-- \/ Yoast SEO Premium plugin. -->","yoast_head_json":{"title":"V\u00eddeo: Rizek detona o n\u00edvel do Campeonato Brasileiro","robots":{"index":"index","follow":"follow","max-snippet":"max-snippet:-1","max-image-preview":"max-image-preview:large","max-video-preview":"max-video-preview:-1"},"canonical":"https:\/\/www.gaveanews.com\/index.php\/2025\/06\/03\/video-rizek-detona-o-nivel-do-campeonato-brasileiro\/","og_locale":"pt_BR","og_type":"article","og_title":"V\u00eddeo: Rizek detona o n\u00edvel do Campeonato Brasileiro","og_description":"Durante a pausa no calend\u00e1rio do Campeonato Brasileiro por conta do Mundial de Clubes, Andr\u00e9 Rizek fez duras observa\u00e7\u00f5es sobre o desempenho das equipes nas 11 rodadas disputadas at\u00e9 o momento. Segundo o jornalista do Grupo Globo, a competi\u00e7\u00e3o nacional tem sido emocionante no aspecto da disputa, mas peca gravemente no que diz respeito \u00e0 [&hellip;]","og_url":"https:\/\/www.gaveanews.com\/index.php\/2025\/06\/03\/video-rizek-detona-o-nivel-do-campeonato-brasileiro\/","og_site_name":"G\u00e1vea News","article_publisher":"https:\/\/facebook.com\/gaveaNews\/","article_published_time":"2025-06-04T00:15:00+00:00","og_image":[{"width":795,"height":448,"url":"https:\/\/www.gaveanews.com\/wp-content\/uploads\/Andre-Rizek-durante-um-programa-do-SporTV.webp","type":"image\/jpeg"}],"author":"Ana Teixeira","twitter_card":"summary_large_image","twitter_misc":{"Escrito por":"Ana Teixeira","Est. tempo de leitura":"3 minutos"},"schema":{"@context":"https:\/\/schema.org","@graph":[{"@type":"NewsArticle","@id":"https:\/\/www.gaveanews.com\/index.php\/2025\/06\/03\/video-rizek-detona-o-nivel-do-campeonato-brasileiro\/#article","isPartOf":{"@id":"https:\/\/www.gaveanews.com\/index.php\/2025\/06\/03\/video-rizek-detona-o-nivel-do-campeonato-brasileiro\/"},"author":{"name":"Ana Teixeira","@id":"https:\/\/www.gaveanews.com\/#\/schema\/person\/3b19f7288b0ce20372991275e4f2e6c2"},"headline":"V\u00eddeo: Rizek detona o n\u00edvel do Campeonato Brasileiro","datePublished":"2025-06-04T00:15:00+00:00","mainEntityOfPage":{"@id":"https:\/\/www.gaveanews.com\/index.php\/2025\/06\/03\/video-rizek-detona-o-nivel-do-campeonato-brasileiro\/"},"wordCount":547,"commentCount":0,"image":{"@id":"https:\/\/www.gaveanews.com\/index.php\/2025\/06\/03\/video-rizek-detona-o-nivel-do-campeonato-brasileiro\/#primaryimage"},"thumbnailUrl":"https:\/\/www.gaveanews.com\/wp-content\/uploads\/Andre-Rizek-durante-um-programa-do-SporTV.webp","articleSection":["Brasil","Brasileir\u00e3o"],"inLanguage":"pt-BR","potentialAction":[{"@type":"CommentAction","name":"Comment","target":["https:\/\/www.gaveanews.com\/index.php\/2025\/06\/03\/video-rizek-detona-o-nivel-do-campeonato-brasileiro\/#respond"]}],"copyrightYear":"2025","copyrightHolder":{"@id":"https:\/\/www.gaveanews.com\/#organization"}},{"@type":"WebPage","@id":"https:\/\/www.gaveanews.com\/index.php\/2025\/06\/03\/video-rizek-detona-o-nivel-do-campeonato-brasileiro\/","url":"https:\/\/www.gaveanews.com\/index.php\/2025\/06\/03\/video-rizek-detona-o-nivel-do-campeonato-brasileiro\/","name":"V\u00eddeo: Rizek detona o n\u00edvel do Campeonato Brasileiro","isPartOf":{"@id":"https:\/\/www.gaveanews.com\/#website"},"primaryImageOfPage":{"@id":"https:\/\/www.gaveanews.com\/index.php\/2025\/06\/03\/video-rizek-detona-o-nivel-do-campeonato-brasileiro\/#primaryimage"},"image":{"@id":"https:\/\/www.gaveanews.com\/index.php\/2025\/06\/03\/video-rizek-detona-o-nivel-do-campeonato-brasileiro\/#primaryimage"},"thumbnailUrl":"https:\/\/www.gaveanews.com\/wp-content\/uploads\/Andre-Rizek-durante-um-programa-do-SporTV.webp","datePublished":"2025-06-04T00:15:00+00:00","author":{"@id":"https:\/\/www.gaveanews.com\/#\/schema\/person\/3b19f7288b0ce20372991275e4f2e6c2"},"breadcrumb":{"@id":"https:\/\/www.gaveanews.com\/index.php\/2025\/06\/03\/video-rizek-detona-o-nivel-do-campeonato-brasileiro\/#breadcrumb"},"inLanguage":"pt-BR","potentialAction":[{"@type":"ReadAction","target":["https:\/\/www.gaveanews.com\/index.php\/2025\/06\/03\/video-rizek-detona-o-nivel-do-campeonato-brasileiro\/"]}]},{"@type":"ImageObject","inLanguage":"pt-BR","@id":"https:\/\/www.gaveanews.com\/index.php\/2025\/06\/03\/video-rizek-detona-o-nivel-do-campeonato-brasileiro\/#primaryimage","url":"https:\/\/www.gaveanews.com\/wp-content\/uploads\/Andre-Rizek-durante-um-programa-do-SporTV.webp","contentUrl":"https:\/\/www.gaveanews.com\/wp-content\/uploads\/Andre-Rizek-durante-um-programa-do-SporTV.webp","width":795,"height":448,"caption":"Andr\u00e9 Rizek durante um programa do SporTV (Foto: Reprodu\u00e7\u00e3o\/SporTV)"},{"@type":"BreadcrumbList","@id":"https:\/\/www.gaveanews.com\/index.php\/2025\/06\/03\/video-rizek-detona-o-nivel-do-campeonato-brasileiro\/#breadcrumb","itemListElement":[{"@type":"ListItem","position":1,"name":"Home","item":"https:\/\/www.gaveanews.com\/"},{"@type":"ListItem","position":2,"name":"V\u00eddeo: Rizek detona o n\u00edvel do Campeonato Brasileiro"}]},{"@type":"WebSite","@id":"https:\/\/www.gaveanews.com\/#website","url":"https:\/\/www.gaveanews.com\/","name":"G\u00e1vea News","description":"Veja todas as not\u00edcias sobre o Flamengo: Contrata\u00e7\u00f5es, categorias de base, resultados das partidas, tabela de classifica\u00e7\u00e3o, pr\u00f3ximos jogos!","potentialAction":[{"@type":"SearchAction","target":{"@type":"EntryPoint","urlTemplate":"https:\/\/www.gaveanews.com\/?s={search_term_string}"},"query-input":{"@type":"PropertyValueSpecification","valueRequired":true,"valueName":"search_term_string"}}],"inLanguage":"pt-BR"},{"@type":"Person","@id":"https:\/\/www.gaveanews.com\/#\/schema\/person\/3b19f7288b0ce20372991275e4f2e6c2","name":"Ana Teixeira","image":{"@type":"ImageObject","inLanguage":"pt-BR","@id":"https:\/\/www.gaveanews.com\/#\/schema\/person\/image\/","url":"https:\/\/secure.gravatar.com\/avatar\/0a73f5a5258f3fed37fc2fa641892f3f7a4748456d4d4792f9bc550e6c19e06c?s=96&d=mm&r=g","contentUrl":"https:\/\/secure.gravatar.com\/avatar\/0a73f5a5258f3fed37fc2fa641892f3f7a4748456d4d4792f9bc550e6c19e06c?s=96&d=mm&r=g","caption":"Ana Teixeira"}}]}},"_links":{"self":[{"href":"https:\/\/www.gaveanews.com\/index.php\/wp-json\/wp\/v2\/posts\/269412","targetHints":{"allow":["GET"]}}],"collection":[{"href":"https:\/\/www.gaveanews.com\/index.php\/wp-json\/wp\/v2\/posts"}],"about":[{"href":"https:\/\/www.gaveanews.com\/index.php\/wp-json\/wp\/v2\/types\/post"}],"author":[{"embeddable":true,"href":"https:\/\/www.gaveanews.com\/index.php\/wp-json\/wp\/v2\/users\/30"}],"replies":[{"embeddable":true,"href":"https:\/\/www.gaveanews.com\/index.php\/wp-json\/wp\/v2\/comments?post=269412"}],"version-history":[{"count":1,"href":"https:\/\/www.gaveanews.com\/index.php\/wp-json\/wp\/v2\/posts\/269412\/revisions"}],"predecessor-version":[{"id":269420,"href":"https:\/\/www.gaveanews.com\/index.php\/wp-json\/wp\/v2\/posts\/269412\/revisions\/269420"}],"wp:featuredmedia":[{"embeddable":true,"href":"https:\/\/www.gaveanews.com\/index.php\/wp-json\/wp\/v2\/media\/101875"}],"wp:attachment":[{"href":"https:\/\/www.gaveanews.com\/index.php\/wp-json\/wp\/v2\/media?parent=269412"}],"wp:term":[{"taxonomy":"category","embeddable":true,"href":"https:\/\/www.gaveanews.com\/index.php\/wp-json\/wp\/v2\/categories?post=269412"},{"taxonomy":"post_tag","embeddable":true,"href":"https:\/\/www.gaveanews.com\/index.php\/wp-json\/wp\/v2\/tags?post=269412"}],"curies":[{"name":"wp","href":"https:\/\/api.w.org\/{rel}","templated":true}]}}