{"id":269537,"date":"2025-06-04T12:55:00","date_gmt":"2025-06-04T15:55:00","guid":{"rendered":"https:\/\/www.gaveanews.com\/?p=269537"},"modified":"2025-06-04T12:21:10","modified_gmt":"2025-06-04T15:21:10","slug":"presidente-do-pachuca-se-pronuncia-sobre-contratacao-de-neymar-do-santos","status":"publish","type":"post","link":"https:\/\/www.gaveanews.com\/index.php\/2025\/06\/04\/presidente-do-pachuca-se-pronuncia-sobre-contratacao-de-neymar-do-santos\/","title":{"rendered":"Presidente do Pachuca se pronuncia sobre contrata\u00e7\u00e3o de Neymar, do Santos"},"content":{"rendered":"\n<p>O nome de Neymar voltou a movimentar o notici\u00e1rio esportivo, especialmente ap\u00f3s surgirem rumores que o colocavam como poss\u00edvel refor\u00e7o do Pachuca, do M\u00e9xico. O clube disputar\u00e1 a Copa do Mundo de Clubes da FIFA ainda neste m\u00eas. Entretanto, a possibilidade foi prontamente descartada pelo presidente da equipe mexicana, Armando Mart\u00ednez, que negou qualquer contato ou interesse imediato no jogador do Santos.<\/p>\n\n\n\n<p>\u201cN\u00e3o tem nada. N\u00f3s n\u00e3o nos aproximamos dele e nem perguntamos absolutamente nada sobre Neymar\u201d, declarou Mart\u00ednez em entrevista \u00e0 ESPN. Ainda assim, o dirigente fez quest\u00e3o de enaltecer a qualidade t\u00e9cnica do camisa 10 santista: \u201cClaro, ele \u00e9 um jogadora\u00e7o. Mas\u2026 n\u00e3o estamos na mesma \u00f3rbita.\u201d O Pachuca est\u00e1 no Grupo H do Mundial de Clubes, que inclui equipes como Real Madrid, Al-Hilal e Red Bull Salzburg.<\/p>\n\n\n\n<figure class=\"wp-block-image size-full\"><img loading=\"lazy\" decoding=\"async\" width=\"1200\" height=\"800\" src=\"http:\/\/www.gaveanews.com\/wp-content\/uploads\/Neymar-junto-com-a-delegacao-do-Santos-na-Vila-Belmiro.webp\" alt=\"Neymar chegando com a delega\u00e7\u00e3o do Santos na Vila Belmiro - Fotos: Raul Baretta\/ Santos FC.\" class=\"wp-image-254859\"\/><figcaption class=\"wp-element-caption\">Neymar chegando com a delega\u00e7\u00e3o do Santos na Vila Belmiro &#8211; Fotos: Raul Baretta\/ Santos FC.<\/figcaption><\/figure>\n\n\n\n<p>Neymar, atualmente com 33 anos, tem contrato vigente com o Santos at\u00e9 o fim deste m\u00eas. Apesar de ter sido recebido com entusiasmo por parte da torcida desde seu retorno, o jogador enfrentou um per\u00edodo de baixa produtividade devido a duas les\u00f5es importantes. Ali\u00e1s, desde que voltou ao clube que o revelou, a participa\u00e7\u00e3o do atacante em campo foi limitada, o que aumentou as incertezas sobre seu futuro.<\/p>\n\n\n\n<p>No \u00faltimo domingo (1), Neymar teve atua\u00e7\u00e3o destacada na partida contra o Botafogo, mas acabou sendo expulso nos minutos finais. O cart\u00e3o vermelho contribuiu diretamente para a derrota do Santos dentro de casa. O epis\u00f3dio refor\u00e7ou as cr\u00edticas sobre seu desempenho recente, tanto em termos f\u00edsicos quanto comportamentais, e colocou em d\u00favida a viabilidade de sua perman\u00eancia na equipe.<\/p>\n\n\n\n<p>O Santos, por sua vez, vive um momento delicado na temporada. A equipe ocupa uma posi\u00e7\u00e3o na zona de rebaixamento do Campeonato Brasileiro, somando apenas oito pontos. O pr\u00f3ximo compromisso do clube ser\u00e1 diante do Fortaleza, na quarta-feira (12 de junho), em partida v\u00e1lida pela competi\u00e7\u00e3o nacional. A diretoria busca solu\u00e7\u00f5es para reverter o cen\u00e1rio atual, ao passo que tamb\u00e9m avalia os pr\u00f3ximos passos em rela\u00e7\u00e3o ao contrato de Neymar.<\/p>\n\n\n\n<p>A possibilidade de renova\u00e7\u00e3o com o craque n\u00e3o est\u00e1 totalmente descartada. Contudo, os fatores financeiros e f\u00edsicos pesam nas negocia\u00e7\u00f5es. Assim, o futuro do camisa 10 segue indefinido, enquanto o clube tenta equilibrar planejamento de elenco, resultados em campo e expectativas dos torcedores para o restante da temporada.<\/p>\n","protected":false},"excerpt":{"rendered":"<p>O nome de Neymar voltou a movimentar o notici\u00e1rio esportivo, especialmente ap\u00f3s surgirem rumores que o colocavam como poss\u00edvel refor\u00e7o do Pachuca, do M\u00e9xico. O clube disputar\u00e1 a Copa do Mundo de Clubes da FIFA ainda neste m\u00eas. Entretanto, a possibilidade foi prontamente descartada pelo presidente da equipe mexicana, Armando Mart\u00ednez, que negou qualquer contato [&hellip;]<\/p>\n","protected":false},"author":33,"featured_media":221593,"comment_status":"open","ping_status":"closed","sticky":false,"template":"","format":"standard","meta":{"footnotes":""},"categories":[139],"tags":[],"class_list":["post-269537","post","type-post","status-publish","format-standard","has-post-thumbnail","hentry","category-santos"],"yoast_head":"<!-- This site is optimized with the Yoast SEO Premium plugin v24.2 (Yoast SEO v26.9) - https:\/\/yoast.com\/product\/yoast-seo-premium-wordpress\/ -->\n<title>Presidente do Pachuca se pronuncia sobre contrata\u00e7\u00e3o de Neymar, do Santos<\/title>\n<meta name=\"robots\" content=\"index, follow, max-snippet:-1, max-image-preview:large, max-video-preview:-1\" \/>\n<link rel=\"canonical\" href=\"https:\/\/www.gaveanews.com\/index.php\/2025\/06\/04\/presidente-do-pachuca-se-pronuncia-sobre-contratacao-de-neymar-do-santos\/\" \/>\n<meta property=\"og:locale\" content=\"pt_BR\" \/>\n<meta property=\"og:type\" content=\"article\" \/>\n<meta property=\"og:title\" content=\"Presidente do Pachuca se pronuncia sobre contrata\u00e7\u00e3o de Neymar, do Santos\" \/>\n<meta property=\"og:description\" content=\"O nome de Neymar voltou a movimentar o notici\u00e1rio esportivo, especialmente ap\u00f3s surgirem rumores que o colocavam como poss\u00edvel refor\u00e7o do Pachuca, do M\u00e9xico. O clube disputar\u00e1 a Copa do Mundo de Clubes da FIFA ainda neste m\u00eas. Entretanto, a possibilidade foi prontamente descartada pelo presidente da equipe mexicana, Armando Mart\u00ednez, que negou qualquer contato [&hellip;]\" \/>\n<meta property=\"og:url\" content=\"https:\/\/www.gaveanews.com\/index.php\/2025\/06\/04\/presidente-do-pachuca-se-pronuncia-sobre-contratacao-de-neymar-do-santos\/\" \/>\n<meta property=\"og:site_name\" content=\"G\u00e1vea News\" \/>\n<meta property=\"article:publisher\" content=\"https:\/\/facebook.com\/gaveaNews\/\" \/>\n<meta property=\"article:published_time\" content=\"2025-06-04T15:55:00+00:00\" \/>\n<meta property=\"og:image\" content=\"https:\/\/www.gaveanews.com\/wp-content\/uploads\/Neymar-volta-ao-Santos.webp\" \/>\n\t<meta property=\"og:image:width\" content=\"573\" \/>\n\t<meta property=\"og:image:height\" content=\"636\" \/>\n\t<meta property=\"og:image:type\" content=\"image\/jpeg\" \/>\n<meta name=\"author\" content=\"Brenda Cezillo\" \/>\n<meta name=\"twitter:card\" content=\"summary_large_image\" \/>\n<meta name=\"twitter:label1\" content=\"Escrito por\" \/>\n\t<meta name=\"twitter:data1\" content=\"Brenda Cezillo\" \/>\n\t<meta name=\"twitter:label2\" content=\"Est. tempo de leitura\" \/>\n\t<meta name=\"twitter:data2\" content=\"3 minutos\" \/>\n<script type=\"application\/ld+json\" class=\"yoast-schema-graph\">{\"@context\":\"https:\/\/schema.org\",\"@graph\":[{\"@type\":\"NewsArticle\",\"@id\":\"https:\/\/www.gaveanews.com\/index.php\/2025\/06\/04\/presidente-do-pachuca-se-pronuncia-sobre-contratacao-de-neymar-do-santos\/#article\",\"isPartOf\":{\"@id\":\"https:\/\/www.gaveanews.com\/index.php\/2025\/06\/04\/presidente-do-pachuca-se-pronuncia-sobre-contratacao-de-neymar-do-santos\/\"},\"author\":{\"name\":\"Brenda Cezillo\",\"@id\":\"https:\/\/www.gaveanews.com\/#\/schema\/person\/c79759ca337c40791ae8d08e2923d403\"},\"headline\":\"Presidente do Pachuca se pronuncia sobre contrata\u00e7\u00e3o de Neymar, do Santos\",\"datePublished\":\"2025-06-04T15:55:00+00:00\",\"mainEntityOfPage\":{\"@id\":\"https:\/\/www.gaveanews.com\/index.php\/2025\/06\/04\/presidente-do-pachuca-se-pronuncia-sobre-contratacao-de-neymar-do-santos\/\"},\"wordCount\":438,\"commentCount\":0,\"image\":{\"@id\":\"https:\/\/www.gaveanews.com\/index.php\/2025\/06\/04\/presidente-do-pachuca-se-pronuncia-sobre-contratacao-de-neymar-do-santos\/#primaryimage\"},\"thumbnailUrl\":\"https:\/\/www.gaveanews.com\/wp-content\/uploads\/Neymar-volta-ao-Santos.webp\",\"articleSection\":[\"Santos\"],\"inLanguage\":\"pt-BR\",\"potentialAction\":[{\"@type\":\"CommentAction\",\"name\":\"Comment\",\"target\":[\"https:\/\/www.gaveanews.com\/index.php\/2025\/06\/04\/presidente-do-pachuca-se-pronuncia-sobre-contratacao-de-neymar-do-santos\/#respond\"]}],\"copyrightYear\":\"2025\",\"copyrightHolder\":{\"@id\":\"https:\/\/www.gaveanews.com\/#organization\"}},{\"@type\":\"WebPage\",\"@id\":\"https:\/\/www.gaveanews.com\/index.php\/2025\/06\/04\/presidente-do-pachuca-se-pronuncia-sobre-contratacao-de-neymar-do-santos\/\",\"url\":\"https:\/\/www.gaveanews.com\/index.php\/2025\/06\/04\/presidente-do-pachuca-se-pronuncia-sobre-contratacao-de-neymar-do-santos\/\",\"name\":\"Presidente do Pachuca se pronuncia sobre contrata\u00e7\u00e3o de Neymar, do Santos\",\"isPartOf\":{\"@id\":\"https:\/\/www.gaveanews.com\/#website\"},\"primaryImageOfPage\":{\"@id\":\"https:\/\/www.gaveanews.com\/index.php\/2025\/06\/04\/presidente-do-pachuca-se-pronuncia-sobre-contratacao-de-neymar-do-santos\/#primaryimage\"},\"image\":{\"@id\":\"https:\/\/www.gaveanews.com\/index.php\/2025\/06\/04\/presidente-do-pachuca-se-pronuncia-sobre-contratacao-de-neymar-do-santos\/#primaryimage\"},\"thumbnailUrl\":\"https:\/\/www.gaveanews.com\/wp-content\/uploads\/Neymar-volta-ao-Santos.webp\",\"datePublished\":\"2025-06-04T15:55:00+00:00\",\"author\":{\"@id\":\"https:\/\/www.gaveanews.com\/#\/schema\/person\/c79759ca337c40791ae8d08e2923d403\"},\"breadcrumb\":{\"@id\":\"https:\/\/www.gaveanews.com\/index.php\/2025\/06\/04\/presidente-do-pachuca-se-pronuncia-sobre-contratacao-de-neymar-do-santos\/#breadcrumb\"},\"inLanguage\":\"pt-BR\",\"potentialAction\":[{\"@type\":\"ReadAction\",\"target\":[\"https:\/\/www.gaveanews.com\/index.php\/2025\/06\/04\/presidente-do-pachuca-se-pronuncia-sobre-contratacao-de-neymar-do-santos\/\"]}]},{\"@type\":\"ImageObject\",\"inLanguage\":\"pt-BR\",\"@id\":\"https:\/\/www.gaveanews.com\/index.php\/2025\/06\/04\/presidente-do-pachuca-se-pronuncia-sobre-contratacao-de-neymar-do-santos\/#primaryimage\",\"url\":\"https:\/\/www.gaveanews.com\/wp-content\/uploads\/Neymar-volta-ao-Santos.webp\",\"contentUrl\":\"https:\/\/www.gaveanews.com\/wp-content\/uploads\/Neymar-volta-ao-Santos.webp\",\"width\":573,\"height\":636,\"caption\":\"Neymar volta ao Santos (Foto: GuilhermeKastner \/ Santos FC)\"},{\"@type\":\"BreadcrumbList\",\"@id\":\"https:\/\/www.gaveanews.com\/index.php\/2025\/06\/04\/presidente-do-pachuca-se-pronuncia-sobre-contratacao-de-neymar-do-santos\/#breadcrumb\",\"itemListElement\":[{\"@type\":\"ListItem\",\"position\":1,\"name\":\"Home\",\"item\":\"https:\/\/www.gaveanews.com\/\"},{\"@type\":\"ListItem\",\"position\":2,\"name\":\"Presidente do Pachuca se pronuncia sobre contrata\u00e7\u00e3o de Neymar, do Santos\"}]},{\"@type\":\"WebSite\",\"@id\":\"https:\/\/www.gaveanews.com\/#website\",\"url\":\"https:\/\/www.gaveanews.com\/\",\"name\":\"G\u00e1vea News\",\"description\":\"Veja todas as not\u00edcias sobre o Flamengo: Contrata\u00e7\u00f5es, categorias de base, resultados das partidas, tabela de classifica\u00e7\u00e3o, pr\u00f3ximos jogos!\",\"potentialAction\":[{\"@type\":\"SearchAction\",\"target\":{\"@type\":\"EntryPoint\",\"urlTemplate\":\"https:\/\/www.gaveanews.com\/?s={search_term_string}\"},\"query-input\":{\"@type\":\"PropertyValueSpecification\",\"valueRequired\":true,\"valueName\":\"search_term_string\"}}],\"inLanguage\":\"pt-BR\"},{\"@type\":\"Person\",\"@id\":\"https:\/\/www.gaveanews.com\/#\/schema\/person\/c79759ca337c40791ae8d08e2923d403\",\"name\":\"Brenda Cezillo\",\"image\":{\"@type\":\"ImageObject\",\"inLanguage\":\"pt-BR\",\"@id\":\"https:\/\/www.gaveanews.com\/#\/schema\/person\/image\/\",\"url\":\"https:\/\/secure.gravatar.com\/avatar\/1738d75cee7317f9c29ae61dd67620c5883d80a92e42a6fff88ae5d527af217a?s=96&d=mm&r=g\",\"contentUrl\":\"https:\/\/secure.gravatar.com\/avatar\/1738d75cee7317f9c29ae61dd67620c5883d80a92e42a6fff88ae5d527af217a?s=96&d=mm&r=g\",\"caption\":\"Brenda Cezillo\"}}]}<\/script>\n<!-- \/ Yoast SEO Premium plugin. -->","yoast_head_json":{"title":"Presidente do Pachuca se pronuncia sobre contrata\u00e7\u00e3o de Neymar, do Santos","robots":{"index":"index","follow":"follow","max-snippet":"max-snippet:-1","max-image-preview":"max-image-preview:large","max-video-preview":"max-video-preview:-1"},"canonical":"https:\/\/www.gaveanews.com\/index.php\/2025\/06\/04\/presidente-do-pachuca-se-pronuncia-sobre-contratacao-de-neymar-do-santos\/","og_locale":"pt_BR","og_type":"article","og_title":"Presidente do Pachuca se pronuncia sobre contrata\u00e7\u00e3o de Neymar, do Santos","og_description":"O nome de Neymar voltou a movimentar o notici\u00e1rio esportivo, especialmente ap\u00f3s surgirem rumores que o colocavam como poss\u00edvel refor\u00e7o do Pachuca, do M\u00e9xico. O clube disputar\u00e1 a Copa do Mundo de Clubes da FIFA ainda neste m\u00eas. Entretanto, a possibilidade foi prontamente descartada pelo presidente da equipe mexicana, Armando Mart\u00ednez, que negou qualquer contato [&hellip;]","og_url":"https:\/\/www.gaveanews.com\/index.php\/2025\/06\/04\/presidente-do-pachuca-se-pronuncia-sobre-contratacao-de-neymar-do-santos\/","og_site_name":"G\u00e1vea News","article_publisher":"https:\/\/facebook.com\/gaveaNews\/","article_published_time":"2025-06-04T15:55:00+00:00","og_image":[{"width":573,"height":636,"url":"https:\/\/www.gaveanews.com\/wp-content\/uploads\/Neymar-volta-ao-Santos.webp","type":"image\/jpeg"}],"author":"Brenda Cezillo","twitter_card":"summary_large_image","twitter_misc":{"Escrito por":"Brenda Cezillo","Est. tempo de leitura":"3 minutos"},"schema":{"@context":"https:\/\/schema.org","@graph":[{"@type":"NewsArticle","@id":"https:\/\/www.gaveanews.com\/index.php\/2025\/06\/04\/presidente-do-pachuca-se-pronuncia-sobre-contratacao-de-neymar-do-santos\/#article","isPartOf":{"@id":"https:\/\/www.gaveanews.com\/index.php\/2025\/06\/04\/presidente-do-pachuca-se-pronuncia-sobre-contratacao-de-neymar-do-santos\/"},"author":{"name":"Brenda Cezillo","@id":"https:\/\/www.gaveanews.com\/#\/schema\/person\/c79759ca337c40791ae8d08e2923d403"},"headline":"Presidente do Pachuca se pronuncia sobre contrata\u00e7\u00e3o de Neymar, do Santos","datePublished":"2025-06-04T15:55:00+00:00","mainEntityOfPage":{"@id":"https:\/\/www.gaveanews.com\/index.php\/2025\/06\/04\/presidente-do-pachuca-se-pronuncia-sobre-contratacao-de-neymar-do-santos\/"},"wordCount":438,"commentCount":0,"image":{"@id":"https:\/\/www.gaveanews.com\/index.php\/2025\/06\/04\/presidente-do-pachuca-se-pronuncia-sobre-contratacao-de-neymar-do-santos\/#primaryimage"},"thumbnailUrl":"https:\/\/www.gaveanews.com\/wp-content\/uploads\/Neymar-volta-ao-Santos.webp","articleSection":["Santos"],"inLanguage":"pt-BR","potentialAction":[{"@type":"CommentAction","name":"Comment","target":["https:\/\/www.gaveanews.com\/index.php\/2025\/06\/04\/presidente-do-pachuca-se-pronuncia-sobre-contratacao-de-neymar-do-santos\/#respond"]}],"copyrightYear":"2025","copyrightHolder":{"@id":"https:\/\/www.gaveanews.com\/#organization"}},{"@type":"WebPage","@id":"https:\/\/www.gaveanews.com\/index.php\/2025\/06\/04\/presidente-do-pachuca-se-pronuncia-sobre-contratacao-de-neymar-do-santos\/","url":"https:\/\/www.gaveanews.com\/index.php\/2025\/06\/04\/presidente-do-pachuca-se-pronuncia-sobre-contratacao-de-neymar-do-santos\/","name":"Presidente do Pachuca se pronuncia sobre contrata\u00e7\u00e3o de Neymar, do Santos","isPartOf":{"@id":"https:\/\/www.gaveanews.com\/#website"},"primaryImageOfPage":{"@id":"https:\/\/www.gaveanews.com\/index.php\/2025\/06\/04\/presidente-do-pachuca-se-pronuncia-sobre-contratacao-de-neymar-do-santos\/#primaryimage"},"image":{"@id":"https:\/\/www.gaveanews.com\/index.php\/2025\/06\/04\/presidente-do-pachuca-se-pronuncia-sobre-contratacao-de-neymar-do-santos\/#primaryimage"},"thumbnailUrl":"https:\/\/www.gaveanews.com\/wp-content\/uploads\/Neymar-volta-ao-Santos.webp","datePublished":"2025-06-04T15:55:00+00:00","author":{"@id":"https:\/\/www.gaveanews.com\/#\/schema\/person\/c79759ca337c40791ae8d08e2923d403"},"breadcrumb":{"@id":"https:\/\/www.gaveanews.com\/index.php\/2025\/06\/04\/presidente-do-pachuca-se-pronuncia-sobre-contratacao-de-neymar-do-santos\/#breadcrumb"},"inLanguage":"pt-BR","potentialAction":[{"@type":"ReadAction","target":["https:\/\/www.gaveanews.com\/index.php\/2025\/06\/04\/presidente-do-pachuca-se-pronuncia-sobre-contratacao-de-neymar-do-santos\/"]}]},{"@type":"ImageObject","inLanguage":"pt-BR","@id":"https:\/\/www.gaveanews.com\/index.php\/2025\/06\/04\/presidente-do-pachuca-se-pronuncia-sobre-contratacao-de-neymar-do-santos\/#primaryimage","url":"https:\/\/www.gaveanews.com\/wp-content\/uploads\/Neymar-volta-ao-Santos.webp","contentUrl":"https:\/\/www.gaveanews.com\/wp-content\/uploads\/Neymar-volta-ao-Santos.webp","width":573,"height":636,"caption":"Neymar volta ao Santos (Foto: GuilhermeKastner \/ Santos FC)"},{"@type":"BreadcrumbList","@id":"https:\/\/www.gaveanews.com\/index.php\/2025\/06\/04\/presidente-do-pachuca-se-pronuncia-sobre-contratacao-de-neymar-do-santos\/#breadcrumb","itemListElement":[{"@type":"ListItem","position":1,"name":"Home","item":"https:\/\/www.gaveanews.com\/"},{"@type":"ListItem","position":2,"name":"Presidente do Pachuca se pronuncia sobre contrata\u00e7\u00e3o de Neymar, do Santos"}]},{"@type":"WebSite","@id":"https:\/\/www.gaveanews.com\/#website","url":"https:\/\/www.gaveanews.com\/","name":"G\u00e1vea News","description":"Veja todas as not\u00edcias sobre o Flamengo: Contrata\u00e7\u00f5es, categorias de base, resultados das partidas, tabela de classifica\u00e7\u00e3o, pr\u00f3ximos jogos!","potentialAction":[{"@type":"SearchAction","target":{"@type":"EntryPoint","urlTemplate":"https:\/\/www.gaveanews.com\/?s={search_term_string}"},"query-input":{"@type":"PropertyValueSpecification","valueRequired":true,"valueName":"search_term_string"}}],"inLanguage":"pt-BR"},{"@type":"Person","@id":"https:\/\/www.gaveanews.com\/#\/schema\/person\/c79759ca337c40791ae8d08e2923d403","name":"Brenda Cezillo","image":{"@type":"ImageObject","inLanguage":"pt-BR","@id":"https:\/\/www.gaveanews.com\/#\/schema\/person\/image\/","url":"https:\/\/secure.gravatar.com\/avatar\/1738d75cee7317f9c29ae61dd67620c5883d80a92e42a6fff88ae5d527af217a?s=96&d=mm&r=g","contentUrl":"https:\/\/secure.gravatar.com\/avatar\/1738d75cee7317f9c29ae61dd67620c5883d80a92e42a6fff88ae5d527af217a?s=96&d=mm&r=g","caption":"Brenda Cezillo"}}]}},"_links":{"self":[{"href":"https:\/\/www.gaveanews.com\/index.php\/wp-json\/wp\/v2\/posts\/269537","targetHints":{"allow":["GET"]}}],"collection":[{"href":"https:\/\/www.gaveanews.com\/index.php\/wp-json\/wp\/v2\/posts"}],"about":[{"href":"https:\/\/www.gaveanews.com\/index.php\/wp-json\/wp\/v2\/types\/post"}],"author":[{"embeddable":true,"href":"https:\/\/www.gaveanews.com\/index.php\/wp-json\/wp\/v2\/users\/33"}],"replies":[{"embeddable":true,"href":"https:\/\/www.gaveanews.com\/index.php\/wp-json\/wp\/v2\/comments?post=269537"}],"version-history":[{"count":1,"href":"https:\/\/www.gaveanews.com\/index.php\/wp-json\/wp\/v2\/posts\/269537\/revisions"}],"predecessor-version":[{"id":269542,"href":"https:\/\/www.gaveanews.com\/index.php\/wp-json\/wp\/v2\/posts\/269537\/revisions\/269542"}],"wp:featuredmedia":[{"embeddable":true,"href":"https:\/\/www.gaveanews.com\/index.php\/wp-json\/wp\/v2\/media\/221593"}],"wp:attachment":[{"href":"https:\/\/www.gaveanews.com\/index.php\/wp-json\/wp\/v2\/media?parent=269537"}],"wp:term":[{"taxonomy":"category","embeddable":true,"href":"https:\/\/www.gaveanews.com\/index.php\/wp-json\/wp\/v2\/categories?post=269537"},{"taxonomy":"post_tag","embeddable":true,"href":"https:\/\/www.gaveanews.com\/index.php\/wp-json\/wp\/v2\/tags?post=269537"}],"curies":[{"name":"wp","href":"https:\/\/api.w.org\/{rel}","templated":true}]}}