{"id":269689,"date":"2025-06-04T18:55:00","date_gmt":"2025-06-04T21:55:00","guid":{"rendered":"https:\/\/www.gaveanews.com\/?p=269689"},"modified":"2025-06-04T16:39:53","modified_gmt":"2025-06-04T19:39:53","slug":"manchester-city-vai-pagar-mais-de-r-480-milhoes-em-reforco","status":"publish","type":"post","link":"https:\/\/www.gaveanews.com\/index.php\/2025\/06\/04\/manchester-city-vai-pagar-mais-de-r-480-milhoes-em-reforco\/","title":{"rendered":"Manchester City vai pagar mais de R$ 480 milh\u00f5es em refor\u00e7o"},"content":{"rendered":"\n<p>O Manchester City anunciou nesta quarta-feira (04) a contrata\u00e7\u00e3o do meio-campista holand\u00eas Tijjani Reijnders, de 26 anos, que pertencia ao Milan. O acordo, firmado em meio \u00e0 janela de transfer\u00eancias aberta especialmente para o Mundial de Clubes, marca a primeira movimenta\u00e7\u00e3o da equipe inglesa para a disputa do torneio. <\/p>\n\n\n\n<p>Segundo o jornal brit\u00e2nico <em>The Guardian<\/em>, o clube desembolsou cerca de R$ 354 milh\u00f5es para contar com o jogador, enquanto o jornal italiano <em>La Gazzetta dello Sport<\/em> aponta um valor superior, de R$ 482,9 milh\u00f5es \u2014 o equivalente a 75 milh\u00f5es de euros.<\/p>\n\n\n\n<p>Reijnders, que assinou contrato v\u00e1lido at\u00e9 junho de 2030, chega ao time comandado por Pep Guardiola com status de destaque do futebol italiano. Na temporada 2024\/2025, o meio-campista disputou 54 partidas com a camisa do Milan, marcou 15 gols e concedeu cinco assist\u00eancias, sendo eleito o melhor jogador da posi\u00e7\u00e3o no Campeonato Italiano. <\/p>\n\n\n\n<p>Al\u00e9m disso, foi o segundo maior artilheiro do clube na liga nacional, ficando atr\u00e1s apenas do norte-americano Christian Pulisic, que balan\u00e7ou as redes 11 vezes.<\/p>\n\n\n\n<h3 class=\"wp-block-heading\" id=\"h-historico-e-conquistas-recentes\">Hist\u00f3rico e conquistas recentes<\/h3>\n\n\n\n<p>Revelado pelas categorias de base do AZ Alkmaar e com passagem pelo RKC Waalwijk, ambos da Holanda, Reijnders foi contratado pelo Milan em julho de 2023. Em quase duas temporadas com o clube italiano, acumulou 104 jogos, 19 gols e oito assist\u00eancias. O \u00fanico t\u00edtulo conquistado nesse per\u00edodo foi a Supercopa da It\u00e1lia, vencida no in\u00edcio de 2025.<\/p>\n\n\n\n<p>Na sele\u00e7\u00e3o holandesa, o meio-campista tamb\u00e9m teve participa\u00e7\u00e3o relevante na \u00faltima temporada: atuou em sete compromissos, com tr\u00eas gols marcados e uma assist\u00eancia. Essa ser\u00e1 a primeira experi\u00eancia do jogador na Premier League, competi\u00e7\u00e3o onde ser\u00e1 avaliado em um ambiente de maior exig\u00eancia f\u00edsica e t\u00e9cnica.<\/p>\n\n\n\n<h3 class=\"wp-block-heading\" id=\"h-planejamento-voltado-para-a-competicao-internacional\">Planejamento voltado para a competi\u00e7\u00e3o internacional<\/h3>\n\n\n\n<p>A contrata\u00e7\u00e3o de Reijnders faz parte do planejamento do City para a disputa do Mundial de Clubes, torneio no qual o clube estreia na quarta-feira (18), \u00e0s 13 horas (de Bras\u00edlia), contra o Wydad Casablanca, do Marrocos. A partida ser\u00e1 realizada no Lincoln Financial Field, na Filad\u00e9lfia.<\/p>\n\n\n\n<p>As equipes participantes do campeonato t\u00eam at\u00e9 ter\u00e7a-feira (10) para inscrever novos refor\u00e7os. Posteriormente, a janela de transfer\u00eancias do meio do ano para os clubes do Campeonato Ingl\u00eas permanecer\u00e1 aberta entre os dias 16 de junho e 1\u00ba de setembro.<\/p>\n\n\n\n<p>Conforme a movimenta\u00e7\u00e3o feita e o investimento envolvido, a chegada de Reijnders representa um passo estrat\u00e9gico do Manchester City, que busca ampliar sua competitividade internacional na pr\u00f3xima temporada.<\/p>\n","protected":false},"excerpt":{"rendered":"<p>O Manchester City anunciou nesta quarta-feira (04) a contrata\u00e7\u00e3o do meio-campista holand\u00eas Tijjani Reijnders, de 26 anos, que pertencia ao Milan. O acordo, firmado em meio \u00e0 janela de transfer\u00eancias aberta especialmente para o Mundial de Clubes, marca a primeira movimenta\u00e7\u00e3o da equipe inglesa para a disputa do torneio. Segundo o jornal brit\u00e2nico The Guardian, [&hellip;]<\/p>\n","protected":false},"author":30,"featured_media":117394,"comment_status":"open","ping_status":"closed","sticky":false,"template":"","format":"standard","meta":{"footnotes":""},"categories":[78,84],"tags":[],"class_list":["post-269689","post","type-post","status-publish","format-standard","has-post-thumbnail","hentry","category-futebol-internacional","category-manchester-city"],"yoast_head":"<!-- This site is optimized with the Yoast SEO Premium plugin v24.2 (Yoast SEO v26.9) - https:\/\/yoast.com\/product\/yoast-seo-premium-wordpress\/ -->\n<title>Manchester City vai pagar mais de R$ 480 milh\u00f5es em refor\u00e7o<\/title>\n<meta name=\"robots\" content=\"index, follow, max-snippet:-1, max-image-preview:large, max-video-preview:-1\" \/>\n<link rel=\"canonical\" href=\"https:\/\/www.gaveanews.com\/index.php\/2025\/06\/04\/manchester-city-vai-pagar-mais-de-r-480-milhoes-em-reforco\/\" \/>\n<meta property=\"og:locale\" content=\"pt_BR\" \/>\n<meta property=\"og:type\" content=\"article\" \/>\n<meta property=\"og:title\" content=\"Manchester City vai pagar mais de R$ 480 milh\u00f5es em refor\u00e7o\" \/>\n<meta property=\"og:description\" content=\"O Manchester City anunciou nesta quarta-feira (04) a contrata\u00e7\u00e3o do meio-campista holand\u00eas Tijjani Reijnders, de 26 anos, que pertencia ao Milan. O acordo, firmado em meio \u00e0 janela de transfer\u00eancias aberta especialmente para o Mundial de Clubes, marca a primeira movimenta\u00e7\u00e3o da equipe inglesa para a disputa do torneio. Segundo o jornal brit\u00e2nico The Guardian, [&hellip;]\" \/>\n<meta property=\"og:url\" content=\"https:\/\/www.gaveanews.com\/index.php\/2025\/06\/04\/manchester-city-vai-pagar-mais-de-r-480-milhoes-em-reforco\/\" \/>\n<meta property=\"og:site_name\" content=\"G\u00e1vea News\" \/>\n<meta property=\"article:publisher\" content=\"https:\/\/facebook.com\/gaveaNews\/\" \/>\n<meta property=\"article:published_time\" content=\"2025-06-04T21:55:00+00:00\" \/>\n<meta property=\"og:image\" content=\"https:\/\/www.gaveanews.com\/wp-content\/uploads\/2023-02-06T135801Z_1_LYNXMPEJ150NH_RTROPTP_4_FUT-MANCITY-ACUSACAO.webp\" \/>\n\t<meta property=\"og:image:width\" content=\"1200\" \/>\n\t<meta property=\"og:image:height\" content=\"1200\" \/>\n\t<meta property=\"og:image:type\" content=\"image\/webp\" \/>\n<meta name=\"author\" content=\"Ana Teixeira\" \/>\n<meta name=\"twitter:card\" content=\"summary_large_image\" \/>\n<meta name=\"twitter:label1\" content=\"Escrito por\" \/>\n\t<meta name=\"twitter:data1\" content=\"Ana Teixeira\" \/>\n\t<meta name=\"twitter:label2\" content=\"Est. tempo de leitura\" \/>\n\t<meta name=\"twitter:data2\" content=\"3 minutos\" \/>\n<script type=\"application\/ld+json\" class=\"yoast-schema-graph\">{\"@context\":\"https:\/\/schema.org\",\"@graph\":[{\"@type\":\"NewsArticle\",\"@id\":\"https:\/\/www.gaveanews.com\/index.php\/2025\/06\/04\/manchester-city-vai-pagar-mais-de-r-480-milhoes-em-reforco\/#article\",\"isPartOf\":{\"@id\":\"https:\/\/www.gaveanews.com\/index.php\/2025\/06\/04\/manchester-city-vai-pagar-mais-de-r-480-milhoes-em-reforco\/\"},\"author\":{\"name\":\"Ana Teixeira\",\"@id\":\"https:\/\/www.gaveanews.com\/#\/schema\/person\/3b19f7288b0ce20372991275e4f2e6c2\"},\"headline\":\"Manchester City vai pagar mais de R$ 480 milh\u00f5es em refor\u00e7o\",\"datePublished\":\"2025-06-04T21:55:00+00:00\",\"mainEntityOfPage\":{\"@id\":\"https:\/\/www.gaveanews.com\/index.php\/2025\/06\/04\/manchester-city-vai-pagar-mais-de-r-480-milhoes-em-reforco\/\"},\"wordCount\":432,\"commentCount\":0,\"image\":{\"@id\":\"https:\/\/www.gaveanews.com\/index.php\/2025\/06\/04\/manchester-city-vai-pagar-mais-de-r-480-milhoes-em-reforco\/#primaryimage\"},\"thumbnailUrl\":\"https:\/\/www.gaveanews.com\/wp-content\/uploads\/2023-02-06T135801Z_1_LYNXMPEJ150NH_RTROPTP_4_FUT-MANCITY-ACUSACAO.webp\",\"articleSection\":[\"Futebol Internacional\",\"Manchester City\"],\"inLanguage\":\"pt-BR\",\"potentialAction\":[{\"@type\":\"CommentAction\",\"name\":\"Comment\",\"target\":[\"https:\/\/www.gaveanews.com\/index.php\/2025\/06\/04\/manchester-city-vai-pagar-mais-de-r-480-milhoes-em-reforco\/#respond\"]}],\"copyrightYear\":\"2025\",\"copyrightHolder\":{\"@id\":\"https:\/\/www.gaveanews.com\/#organization\"}},{\"@type\":\"WebPage\",\"@id\":\"https:\/\/www.gaveanews.com\/index.php\/2025\/06\/04\/manchester-city-vai-pagar-mais-de-r-480-milhoes-em-reforco\/\",\"url\":\"https:\/\/www.gaveanews.com\/index.php\/2025\/06\/04\/manchester-city-vai-pagar-mais-de-r-480-milhoes-em-reforco\/\",\"name\":\"Manchester City vai pagar mais de R$ 480 milh\u00f5es em refor\u00e7o\",\"isPartOf\":{\"@id\":\"https:\/\/www.gaveanews.com\/#website\"},\"primaryImageOfPage\":{\"@id\":\"https:\/\/www.gaveanews.com\/index.php\/2025\/06\/04\/manchester-city-vai-pagar-mais-de-r-480-milhoes-em-reforco\/#primaryimage\"},\"image\":{\"@id\":\"https:\/\/www.gaveanews.com\/index.php\/2025\/06\/04\/manchester-city-vai-pagar-mais-de-r-480-milhoes-em-reforco\/#primaryimage\"},\"thumbnailUrl\":\"https:\/\/www.gaveanews.com\/wp-content\/uploads\/2023-02-06T135801Z_1_LYNXMPEJ150NH_RTROPTP_4_FUT-MANCITY-ACUSACAO.webp\",\"datePublished\":\"2025-06-04T21:55:00+00:00\",\"author\":{\"@id\":\"https:\/\/www.gaveanews.com\/#\/schema\/person\/3b19f7288b0ce20372991275e4f2e6c2\"},\"breadcrumb\":{\"@id\":\"https:\/\/www.gaveanews.com\/index.php\/2025\/06\/04\/manchester-city-vai-pagar-mais-de-r-480-milhoes-em-reforco\/#breadcrumb\"},\"inLanguage\":\"pt-BR\",\"potentialAction\":[{\"@type\":\"ReadAction\",\"target\":[\"https:\/\/www.gaveanews.com\/index.php\/2025\/06\/04\/manchester-city-vai-pagar-mais-de-r-480-milhoes-em-reforco\/\"]}]},{\"@type\":\"ImageObject\",\"inLanguage\":\"pt-BR\",\"@id\":\"https:\/\/www.gaveanews.com\/index.php\/2025\/06\/04\/manchester-city-vai-pagar-mais-de-r-480-milhoes-em-reforco\/#primaryimage\",\"url\":\"https:\/\/www.gaveanews.com\/wp-content\/uploads\/2023-02-06T135801Z_1_LYNXMPEJ150NH_RTROPTP_4_FUT-MANCITY-ACUSACAO.webp\",\"contentUrl\":\"https:\/\/www.gaveanews.com\/wp-content\/uploads\/2023-02-06T135801Z_1_LYNXMPEJ150NH_RTROPTP_4_FUT-MANCITY-ACUSACAO.webp\",\"width\":1200,\"height\":1200,\"caption\":\"Banderinha de escanteio do Manchester City - Foto: divulga\u00e7\u00e3o\"},{\"@type\":\"BreadcrumbList\",\"@id\":\"https:\/\/www.gaveanews.com\/index.php\/2025\/06\/04\/manchester-city-vai-pagar-mais-de-r-480-milhoes-em-reforco\/#breadcrumb\",\"itemListElement\":[{\"@type\":\"ListItem\",\"position\":1,\"name\":\"Home\",\"item\":\"https:\/\/www.gaveanews.com\/\"},{\"@type\":\"ListItem\",\"position\":2,\"name\":\"Manchester City vai pagar mais de R$ 480 milh\u00f5es em refor\u00e7o\"}]},{\"@type\":\"WebSite\",\"@id\":\"https:\/\/www.gaveanews.com\/#website\",\"url\":\"https:\/\/www.gaveanews.com\/\",\"name\":\"G\u00e1vea News\",\"description\":\"Veja todas as not\u00edcias sobre o Flamengo: Contrata\u00e7\u00f5es, categorias de base, resultados das partidas, tabela de classifica\u00e7\u00e3o, pr\u00f3ximos jogos!\",\"potentialAction\":[{\"@type\":\"SearchAction\",\"target\":{\"@type\":\"EntryPoint\",\"urlTemplate\":\"https:\/\/www.gaveanews.com\/?s={search_term_string}\"},\"query-input\":{\"@type\":\"PropertyValueSpecification\",\"valueRequired\":true,\"valueName\":\"search_term_string\"}}],\"inLanguage\":\"pt-BR\"},{\"@type\":\"Person\",\"@id\":\"https:\/\/www.gaveanews.com\/#\/schema\/person\/3b19f7288b0ce20372991275e4f2e6c2\",\"name\":\"Ana Teixeira\",\"image\":{\"@type\":\"ImageObject\",\"inLanguage\":\"pt-BR\",\"@id\":\"https:\/\/www.gaveanews.com\/#\/schema\/person\/image\/\",\"url\":\"https:\/\/secure.gravatar.com\/avatar\/0a73f5a5258f3fed37fc2fa641892f3f7a4748456d4d4792f9bc550e6c19e06c?s=96&d=mm&r=g\",\"contentUrl\":\"https:\/\/secure.gravatar.com\/avatar\/0a73f5a5258f3fed37fc2fa641892f3f7a4748456d4d4792f9bc550e6c19e06c?s=96&d=mm&r=g\",\"caption\":\"Ana Teixeira\"}}]}<\/script>\n<!-- \/ Yoast SEO Premium plugin. -->","yoast_head_json":{"title":"Manchester City vai pagar mais de R$ 480 milh\u00f5es em refor\u00e7o","robots":{"index":"index","follow":"follow","max-snippet":"max-snippet:-1","max-image-preview":"max-image-preview:large","max-video-preview":"max-video-preview:-1"},"canonical":"https:\/\/www.gaveanews.com\/index.php\/2025\/06\/04\/manchester-city-vai-pagar-mais-de-r-480-milhoes-em-reforco\/","og_locale":"pt_BR","og_type":"article","og_title":"Manchester City vai pagar mais de R$ 480 milh\u00f5es em refor\u00e7o","og_description":"O Manchester City anunciou nesta quarta-feira (04) a contrata\u00e7\u00e3o do meio-campista holand\u00eas Tijjani Reijnders, de 26 anos, que pertencia ao Milan. O acordo, firmado em meio \u00e0 janela de transfer\u00eancias aberta especialmente para o Mundial de Clubes, marca a primeira movimenta\u00e7\u00e3o da equipe inglesa para a disputa do torneio. Segundo o jornal brit\u00e2nico The Guardian, [&hellip;]","og_url":"https:\/\/www.gaveanews.com\/index.php\/2025\/06\/04\/manchester-city-vai-pagar-mais-de-r-480-milhoes-em-reforco\/","og_site_name":"G\u00e1vea News","article_publisher":"https:\/\/facebook.com\/gaveaNews\/","article_published_time":"2025-06-04T21:55:00+00:00","og_image":[{"width":1200,"height":1200,"url":"https:\/\/www.gaveanews.com\/wp-content\/uploads\/2023-02-06T135801Z_1_LYNXMPEJ150NH_RTROPTP_4_FUT-MANCITY-ACUSACAO.webp","type":"image\/webp"}],"author":"Ana Teixeira","twitter_card":"summary_large_image","twitter_misc":{"Escrito por":"Ana Teixeira","Est. tempo de leitura":"3 minutos"},"schema":{"@context":"https:\/\/schema.org","@graph":[{"@type":"NewsArticle","@id":"https:\/\/www.gaveanews.com\/index.php\/2025\/06\/04\/manchester-city-vai-pagar-mais-de-r-480-milhoes-em-reforco\/#article","isPartOf":{"@id":"https:\/\/www.gaveanews.com\/index.php\/2025\/06\/04\/manchester-city-vai-pagar-mais-de-r-480-milhoes-em-reforco\/"},"author":{"name":"Ana Teixeira","@id":"https:\/\/www.gaveanews.com\/#\/schema\/person\/3b19f7288b0ce20372991275e4f2e6c2"},"headline":"Manchester City vai pagar mais de R$ 480 milh\u00f5es em refor\u00e7o","datePublished":"2025-06-04T21:55:00+00:00","mainEntityOfPage":{"@id":"https:\/\/www.gaveanews.com\/index.php\/2025\/06\/04\/manchester-city-vai-pagar-mais-de-r-480-milhoes-em-reforco\/"},"wordCount":432,"commentCount":0,"image":{"@id":"https:\/\/www.gaveanews.com\/index.php\/2025\/06\/04\/manchester-city-vai-pagar-mais-de-r-480-milhoes-em-reforco\/#primaryimage"},"thumbnailUrl":"https:\/\/www.gaveanews.com\/wp-content\/uploads\/2023-02-06T135801Z_1_LYNXMPEJ150NH_RTROPTP_4_FUT-MANCITY-ACUSACAO.webp","articleSection":["Futebol Internacional","Manchester City"],"inLanguage":"pt-BR","potentialAction":[{"@type":"CommentAction","name":"Comment","target":["https:\/\/www.gaveanews.com\/index.php\/2025\/06\/04\/manchester-city-vai-pagar-mais-de-r-480-milhoes-em-reforco\/#respond"]}],"copyrightYear":"2025","copyrightHolder":{"@id":"https:\/\/www.gaveanews.com\/#organization"}},{"@type":"WebPage","@id":"https:\/\/www.gaveanews.com\/index.php\/2025\/06\/04\/manchester-city-vai-pagar-mais-de-r-480-milhoes-em-reforco\/","url":"https:\/\/www.gaveanews.com\/index.php\/2025\/06\/04\/manchester-city-vai-pagar-mais-de-r-480-milhoes-em-reforco\/","name":"Manchester City vai pagar mais de R$ 480 milh\u00f5es em refor\u00e7o","isPartOf":{"@id":"https:\/\/www.gaveanews.com\/#website"},"primaryImageOfPage":{"@id":"https:\/\/www.gaveanews.com\/index.php\/2025\/06\/04\/manchester-city-vai-pagar-mais-de-r-480-milhoes-em-reforco\/#primaryimage"},"image":{"@id":"https:\/\/www.gaveanews.com\/index.php\/2025\/06\/04\/manchester-city-vai-pagar-mais-de-r-480-milhoes-em-reforco\/#primaryimage"},"thumbnailUrl":"https:\/\/www.gaveanews.com\/wp-content\/uploads\/2023-02-06T135801Z_1_LYNXMPEJ150NH_RTROPTP_4_FUT-MANCITY-ACUSACAO.webp","datePublished":"2025-06-04T21:55:00+00:00","author":{"@id":"https:\/\/www.gaveanews.com\/#\/schema\/person\/3b19f7288b0ce20372991275e4f2e6c2"},"breadcrumb":{"@id":"https:\/\/www.gaveanews.com\/index.php\/2025\/06\/04\/manchester-city-vai-pagar-mais-de-r-480-milhoes-em-reforco\/#breadcrumb"},"inLanguage":"pt-BR","potentialAction":[{"@type":"ReadAction","target":["https:\/\/www.gaveanews.com\/index.php\/2025\/06\/04\/manchester-city-vai-pagar-mais-de-r-480-milhoes-em-reforco\/"]}]},{"@type":"ImageObject","inLanguage":"pt-BR","@id":"https:\/\/www.gaveanews.com\/index.php\/2025\/06\/04\/manchester-city-vai-pagar-mais-de-r-480-milhoes-em-reforco\/#primaryimage","url":"https:\/\/www.gaveanews.com\/wp-content\/uploads\/2023-02-06T135801Z_1_LYNXMPEJ150NH_RTROPTP_4_FUT-MANCITY-ACUSACAO.webp","contentUrl":"https:\/\/www.gaveanews.com\/wp-content\/uploads\/2023-02-06T135801Z_1_LYNXMPEJ150NH_RTROPTP_4_FUT-MANCITY-ACUSACAO.webp","width":1200,"height":1200,"caption":"Banderinha de escanteio do Manchester City - Foto: divulga\u00e7\u00e3o"},{"@type":"BreadcrumbList","@id":"https:\/\/www.gaveanews.com\/index.php\/2025\/06\/04\/manchester-city-vai-pagar-mais-de-r-480-milhoes-em-reforco\/#breadcrumb","itemListElement":[{"@type":"ListItem","position":1,"name":"Home","item":"https:\/\/www.gaveanews.com\/"},{"@type":"ListItem","position":2,"name":"Manchester City vai pagar mais de R$ 480 milh\u00f5es em refor\u00e7o"}]},{"@type":"WebSite","@id":"https:\/\/www.gaveanews.com\/#website","url":"https:\/\/www.gaveanews.com\/","name":"G\u00e1vea News","description":"Veja todas as not\u00edcias sobre o Flamengo: Contrata\u00e7\u00f5es, categorias de base, resultados das partidas, tabela de classifica\u00e7\u00e3o, pr\u00f3ximos jogos!","potentialAction":[{"@type":"SearchAction","target":{"@type":"EntryPoint","urlTemplate":"https:\/\/www.gaveanews.com\/?s={search_term_string}"},"query-input":{"@type":"PropertyValueSpecification","valueRequired":true,"valueName":"search_term_string"}}],"inLanguage":"pt-BR"},{"@type":"Person","@id":"https:\/\/www.gaveanews.com\/#\/schema\/person\/3b19f7288b0ce20372991275e4f2e6c2","name":"Ana Teixeira","image":{"@type":"ImageObject","inLanguage":"pt-BR","@id":"https:\/\/www.gaveanews.com\/#\/schema\/person\/image\/","url":"https:\/\/secure.gravatar.com\/avatar\/0a73f5a5258f3fed37fc2fa641892f3f7a4748456d4d4792f9bc550e6c19e06c?s=96&d=mm&r=g","contentUrl":"https:\/\/secure.gravatar.com\/avatar\/0a73f5a5258f3fed37fc2fa641892f3f7a4748456d4d4792f9bc550e6c19e06c?s=96&d=mm&r=g","caption":"Ana Teixeira"}}]}},"_links":{"self":[{"href":"https:\/\/www.gaveanews.com\/index.php\/wp-json\/wp\/v2\/posts\/269689","targetHints":{"allow":["GET"]}}],"collection":[{"href":"https:\/\/www.gaveanews.com\/index.php\/wp-json\/wp\/v2\/posts"}],"about":[{"href":"https:\/\/www.gaveanews.com\/index.php\/wp-json\/wp\/v2\/types\/post"}],"author":[{"embeddable":true,"href":"https:\/\/www.gaveanews.com\/index.php\/wp-json\/wp\/v2\/users\/30"}],"replies":[{"embeddable":true,"href":"https:\/\/www.gaveanews.com\/index.php\/wp-json\/wp\/v2\/comments?post=269689"}],"version-history":[{"count":1,"href":"https:\/\/www.gaveanews.com\/index.php\/wp-json\/wp\/v2\/posts\/269689\/revisions"}],"predecessor-version":[{"id":269702,"href":"https:\/\/www.gaveanews.com\/index.php\/wp-json\/wp\/v2\/posts\/269689\/revisions\/269702"}],"wp:featuredmedia":[{"embeddable":true,"href":"https:\/\/www.gaveanews.com\/index.php\/wp-json\/wp\/v2\/media\/117394"}],"wp:attachment":[{"href":"https:\/\/www.gaveanews.com\/index.php\/wp-json\/wp\/v2\/media?parent=269689"}],"wp:term":[{"taxonomy":"category","embeddable":true,"href":"https:\/\/www.gaveanews.com\/index.php\/wp-json\/wp\/v2\/categories?post=269689"},{"taxonomy":"post_tag","embeddable":true,"href":"https:\/\/www.gaveanews.com\/index.php\/wp-json\/wp\/v2\/tags?post=269689"}],"curies":[{"name":"wp","href":"https:\/\/api.w.org\/{rel}","templated":true}]}}