{"id":269770,"date":"2025-06-04T21:50:00","date_gmt":"2025-06-05T00:50:00","guid":{"rendered":"https:\/\/www.gaveanews.com\/?p=269770"},"modified":"2025-06-04T18:23:14","modified_gmt":"2025-06-04T21:23:14","slug":"caiu-mais-um-tecnico-e-demitido-no-brasileirao-2025-4","status":"publish","type":"post","link":"https:\/\/www.gaveanews.com\/index.php\/2025\/06\/04\/caiu-mais-um-tecnico-e-demitido-no-brasileirao-2025-4\/","title":{"rendered":"Caiu! Mais um t\u00e9cnico \u00e9 demitido no Brasileir\u00e3o 2025"},"content":{"rendered":"\n<p>O Sport anunciou, nesta quarta-feira (4), a demiss\u00e3o do t\u00e9cnico Ant\u00f3nio Oliveira. O treinador comandou o time em apenas quatro jogos na S\u00e9rie A do Brasileir\u00e3o 2025. A curta passagem do portugu\u00eas foi marcada por tr\u00eas derrotas e um empate, sem conseguir sequer uma vit\u00f3ria. Com isso, o Le\u00e3o da Ilha permanece na lanterna da competi\u00e7\u00e3o e ainda n\u00e3o venceu na atual edi\u00e7\u00e3o do torneio.<\/p>\n\n\n\n<p>Al\u00e9m disso, Ant\u00f3nio Oliveira entra para a hist\u00f3ria como o treinador com a passagem mais breve pelo clube em anos recentes, superando at\u00e9 Guto Ferreira, que em 2024 foi desligado ap\u00f3s cinco partidas na S\u00e9rie B.<\/p>\n\n\n\n<p>Vale destacar que, na \u00faltima coletiva ap\u00f3s a derrota para o Mirassol, o t\u00e9cnico subiu o tom e declarou que &#8220;s\u00f3 ficaria no time quem estivesse comprometido com a causa&#8221;, em um sinal claro de tens\u00e3o no vesti\u00e1rio.<\/p>\n\n\n\n<h2 class=\"wp-block-heading\" id=\"h-um-respaldo-que-durou-pouco\">Um respaldo que durou pouco<\/h2>\n\n\n\n<p>Curiosamente, a sa\u00edda do treinador acontece um dia depois do executivo de futebol Thiago Gasparino vir a p\u00fablico e afirmar que havia \u201cevolu\u00e7\u00e3o\u201d no desempenho do time. Sendo assim, a decis\u00e3o gerou estranhamento, j\u00e1 que havia promessa de continuidade no trabalho t\u00e9cnico.<\/p>\n\n\n\n<blockquote class=\"twitter-tweet\"><p lang=\"pt\" dir=\"ltr\">\u26a0\ufe0f Oficial! Ant\u00f3nio Oliveira \u00e9 demitido do Sport ap\u00f3s 4 jogos no comando do time.<br><br>\ud83d\udcf8 Paulo Paiva\/Sport <a href=\"https:\/\/t.co\/5GstPAFKyC\">pic.twitter.com\/5GstPAFKyC<\/a><\/p>&mdash; Planeta do Futebol \ud83c\udf0e (@futebol_info) <a href=\"https:\/\/twitter.com\/futebol_info\/status\/1930328889521304022?ref_src=twsrc%5Etfw\">June 4, 2025<\/a><\/blockquote> <script async src=\"https:\/\/platform.twitter.com\/widgets.js\" charset=\"utf-8\"><\/script>\n\n\n\n<p>Dessa maneira, a demiss\u00e3o soa como uma resposta direta \u00e0 press\u00e3o da torcida, que j\u00e1 havia chamado Ant\u00f3nio de \u201cburro\u201d durante a goleada sofrida por 4 a 0 contra o Cruzeiro, na Ilha do Retiro. Isso porque o time demonstrou apatia dentro de campo, e a sequ\u00eancia negativa agravou a crise.<\/p>\n\n\n\n<h2 class=\"wp-block-heading\" id=\"h-sport-tenta-novo-rumo-apos-segundo-tecnico-demitido\">Sport tenta novo rumo ap\u00f3s segundo t\u00e9cnico demitido<\/h2>\n\n\n\n<p>Com a sa\u00edda de Ant\u00f3nio Oliveira, o Sport chega a dois treinadores demitidos em apenas 11 rodadas no Brasileir\u00e3o. Cabe ressaltar que essa instabilidade no comando t\u00e9cnico tem sido um dos fatores que dificultam a recupera\u00e7\u00e3o do clube na tabela.<\/p>\n\n\n\n<p>Portanto, o clube agora busca um novo nome para assumir o cargo e tentar reverter a situa\u00e7\u00e3o dram\u00e1tica. Por isso, a diretoria v\u00ea como urgente a necessidade de uma rea\u00e7\u00e3o ainda antes do fim do primeiro turno. Desse jeito, o Sport tenta reencontrar o caminho das vit\u00f3rias e evitar mais um ano marcado por frustra\u00e7\u00f5es.<\/p>\n","protected":false},"excerpt":{"rendered":"<p>O Sport anunciou, nesta quarta-feira (4), a demiss\u00e3o do t\u00e9cnico Ant\u00f3nio Oliveira. O treinador comandou o time em apenas quatro jogos na S\u00e9rie A do Brasileir\u00e3o 2025. A curta passagem do portugu\u00eas foi marcada por tr\u00eas derrotas e um empate, sem conseguir sequer uma vit\u00f3ria. Com isso, o Le\u00e3o da Ilha permanece na lanterna da [&hellip;]<\/p>\n","protected":false},"author":25,"featured_media":251100,"comment_status":"open","ping_status":"closed","sticky":false,"template":"","format":"standard","meta":{"footnotes":""},"categories":[154],"tags":[],"class_list":["post-269770","post","type-post","status-publish","format-standard","has-post-thumbnail","hentry","category-sport"],"yoast_head":"<!-- This site is optimized with the Yoast SEO Premium plugin v24.2 (Yoast SEO v26.9) - https:\/\/yoast.com\/product\/yoast-seo-premium-wordpress\/ -->\n<title>Caiu! Mais um t\u00e9cnico \u00e9 demitido no Brasileir\u00e3o 2025<\/title>\n<meta name=\"robots\" content=\"index, follow, max-snippet:-1, max-image-preview:large, max-video-preview:-1\" \/>\n<link rel=\"canonical\" href=\"https:\/\/www.gaveanews.com\/index.php\/2025\/06\/04\/caiu-mais-um-tecnico-e-demitido-no-brasileirao-2025-4\/\" \/>\n<meta property=\"og:locale\" content=\"pt_BR\" \/>\n<meta property=\"og:type\" content=\"article\" \/>\n<meta property=\"og:title\" content=\"Caiu! Mais um t\u00e9cnico \u00e9 demitido no Brasileir\u00e3o 2025\" \/>\n<meta property=\"og:description\" content=\"O Sport anunciou, nesta quarta-feira (4), a demiss\u00e3o do t\u00e9cnico Ant\u00f3nio Oliveira. O treinador comandou o time em apenas quatro jogos na S\u00e9rie A do Brasileir\u00e3o 2025. A curta passagem do portugu\u00eas foi marcada por tr\u00eas derrotas e um empate, sem conseguir sequer uma vit\u00f3ria. Com isso, o Le\u00e3o da Ilha permanece na lanterna da [&hellip;]\" \/>\n<meta property=\"og:url\" content=\"https:\/\/www.gaveanews.com\/index.php\/2025\/06\/04\/caiu-mais-um-tecnico-e-demitido-no-brasileirao-2025-4\/\" \/>\n<meta property=\"og:site_name\" content=\"G\u00e1vea News\" \/>\n<meta property=\"article:publisher\" content=\"https:\/\/facebook.com\/gaveaNews\/\" \/>\n<meta property=\"article:published_time\" content=\"2025-06-05T00:50:00+00:00\" \/>\n<meta property=\"og:image\" content=\"https:\/\/www.gaveanews.com\/wp-content\/uploads\/Campeonato-Brasileiro-Brasilierao.webp\" \/>\n\t<meta property=\"og:image:width\" content=\"1200\" \/>\n\t<meta property=\"og:image:height\" content=\"800\" \/>\n\t<meta property=\"og:image:type\" content=\"image\/png\" \/>\n<meta name=\"author\" content=\"Rafaela Ladeira\" \/>\n<meta name=\"twitter:card\" content=\"summary_large_image\" \/>\n<meta name=\"twitter:label1\" content=\"Escrito por\" \/>\n\t<meta name=\"twitter:data1\" content=\"Rafaela Ladeira\" \/>\n\t<meta name=\"twitter:label2\" content=\"Est. tempo de leitura\" \/>\n\t<meta name=\"twitter:data2\" content=\"3 minutos\" \/>\n<script type=\"application\/ld+json\" class=\"yoast-schema-graph\">{\"@context\":\"https:\/\/schema.org\",\"@graph\":[{\"@type\":\"NewsArticle\",\"@id\":\"https:\/\/www.gaveanews.com\/index.php\/2025\/06\/04\/caiu-mais-um-tecnico-e-demitido-no-brasileirao-2025-4\/#article\",\"isPartOf\":{\"@id\":\"https:\/\/www.gaveanews.com\/index.php\/2025\/06\/04\/caiu-mais-um-tecnico-e-demitido-no-brasileirao-2025-4\/\"},\"author\":{\"name\":\"Rafaela Ladeira\",\"@id\":\"https:\/\/www.gaveanews.com\/#\/schema\/person\/0eb3e3fe1754f0205218538adbe8f5ed\"},\"headline\":\"Caiu! Mais um t\u00e9cnico \u00e9 demitido no Brasileir\u00e3o 2025\",\"datePublished\":\"2025-06-05T00:50:00+00:00\",\"mainEntityOfPage\":{\"@id\":\"https:\/\/www.gaveanews.com\/index.php\/2025\/06\/04\/caiu-mais-um-tecnico-e-demitido-no-brasileirao-2025-4\/\"},\"wordCount\":412,\"commentCount\":0,\"image\":{\"@id\":\"https:\/\/www.gaveanews.com\/index.php\/2025\/06\/04\/caiu-mais-um-tecnico-e-demitido-no-brasileirao-2025-4\/#primaryimage\"},\"thumbnailUrl\":\"https:\/\/www.gaveanews.com\/wp-content\/uploads\/Campeonato-Brasileiro-Brasilierao.webp\",\"articleSection\":[\"Sport\"],\"inLanguage\":\"pt-BR\",\"potentialAction\":[{\"@type\":\"CommentAction\",\"name\":\"Comment\",\"target\":[\"https:\/\/www.gaveanews.com\/index.php\/2025\/06\/04\/caiu-mais-um-tecnico-e-demitido-no-brasileirao-2025-4\/#respond\"]}],\"copyrightYear\":\"2025\",\"copyrightHolder\":{\"@id\":\"https:\/\/www.gaveanews.com\/#organization\"}},{\"@type\":\"WebPage\",\"@id\":\"https:\/\/www.gaveanews.com\/index.php\/2025\/06\/04\/caiu-mais-um-tecnico-e-demitido-no-brasileirao-2025-4\/\",\"url\":\"https:\/\/www.gaveanews.com\/index.php\/2025\/06\/04\/caiu-mais-um-tecnico-e-demitido-no-brasileirao-2025-4\/\",\"name\":\"Caiu! Mais um t\u00e9cnico \u00e9 demitido no Brasileir\u00e3o 2025\",\"isPartOf\":{\"@id\":\"https:\/\/www.gaveanews.com\/#website\"},\"primaryImageOfPage\":{\"@id\":\"https:\/\/www.gaveanews.com\/index.php\/2025\/06\/04\/caiu-mais-um-tecnico-e-demitido-no-brasileirao-2025-4\/#primaryimage\"},\"image\":{\"@id\":\"https:\/\/www.gaveanews.com\/index.php\/2025\/06\/04\/caiu-mais-um-tecnico-e-demitido-no-brasileirao-2025-4\/#primaryimage\"},\"thumbnailUrl\":\"https:\/\/www.gaveanews.com\/wp-content\/uploads\/Campeonato-Brasileiro-Brasilierao.webp\",\"datePublished\":\"2025-06-05T00:50:00+00:00\",\"author\":{\"@id\":\"https:\/\/www.gaveanews.com\/#\/schema\/person\/0eb3e3fe1754f0205218538adbe8f5ed\"},\"breadcrumb\":{\"@id\":\"https:\/\/www.gaveanews.com\/index.php\/2025\/06\/04\/caiu-mais-um-tecnico-e-demitido-no-brasileirao-2025-4\/#breadcrumb\"},\"inLanguage\":\"pt-BR\",\"potentialAction\":[{\"@type\":\"ReadAction\",\"target\":[\"https:\/\/www.gaveanews.com\/index.php\/2025\/06\/04\/caiu-mais-um-tecnico-e-demitido-no-brasileirao-2025-4\/\"]}]},{\"@type\":\"ImageObject\",\"inLanguage\":\"pt-BR\",\"@id\":\"https:\/\/www.gaveanews.com\/index.php\/2025\/06\/04\/caiu-mais-um-tecnico-e-demitido-no-brasileirao-2025-4\/#primaryimage\",\"url\":\"https:\/\/www.gaveanews.com\/wp-content\/uploads\/Campeonato-Brasileiro-Brasilierao.webp\",\"contentUrl\":\"https:\/\/www.gaveanews.com\/wp-content\/uploads\/Campeonato-Brasileiro-Brasilierao.webp\",\"width\":1200,\"height\":800},{\"@type\":\"BreadcrumbList\",\"@id\":\"https:\/\/www.gaveanews.com\/index.php\/2025\/06\/04\/caiu-mais-um-tecnico-e-demitido-no-brasileirao-2025-4\/#breadcrumb\",\"itemListElement\":[{\"@type\":\"ListItem\",\"position\":1,\"name\":\"Home\",\"item\":\"https:\/\/www.gaveanews.com\/\"},{\"@type\":\"ListItem\",\"position\":2,\"name\":\"Caiu! Mais um t\u00e9cnico \u00e9 demitido no Brasileir\u00e3o 2025\"}]},{\"@type\":\"WebSite\",\"@id\":\"https:\/\/www.gaveanews.com\/#website\",\"url\":\"https:\/\/www.gaveanews.com\/\",\"name\":\"G\u00e1vea News\",\"description\":\"Veja todas as not\u00edcias sobre o Flamengo: Contrata\u00e7\u00f5es, categorias de base, resultados das partidas, tabela de classifica\u00e7\u00e3o, pr\u00f3ximos jogos!\",\"potentialAction\":[{\"@type\":\"SearchAction\",\"target\":{\"@type\":\"EntryPoint\",\"urlTemplate\":\"https:\/\/www.gaveanews.com\/?s={search_term_string}\"},\"query-input\":{\"@type\":\"PropertyValueSpecification\",\"valueRequired\":true,\"valueName\":\"search_term_string\"}}],\"inLanguage\":\"pt-BR\"},{\"@type\":\"Person\",\"@id\":\"https:\/\/www.gaveanews.com\/#\/schema\/person\/0eb3e3fe1754f0205218538adbe8f5ed\",\"name\":\"Rafaela Ladeira\",\"image\":{\"@type\":\"ImageObject\",\"inLanguage\":\"pt-BR\",\"@id\":\"https:\/\/www.gaveanews.com\/#\/schema\/person\/image\/\",\"url\":\"https:\/\/secure.gravatar.com\/avatar\/c31f513acffd85eacab5730cbdfdbbf59f21ba5aeada8cd890acea879fbb2455?s=96&d=mm&r=g\",\"contentUrl\":\"https:\/\/secure.gravatar.com\/avatar\/c31f513acffd85eacab5730cbdfdbbf59f21ba5aeada8cd890acea879fbb2455?s=96&d=mm&r=g\",\"caption\":\"Rafaela Ladeira\"}}]}<\/script>\n<!-- \/ Yoast SEO Premium plugin. -->","yoast_head_json":{"title":"Caiu! Mais um t\u00e9cnico \u00e9 demitido no Brasileir\u00e3o 2025","robots":{"index":"index","follow":"follow","max-snippet":"max-snippet:-1","max-image-preview":"max-image-preview:large","max-video-preview":"max-video-preview:-1"},"canonical":"https:\/\/www.gaveanews.com\/index.php\/2025\/06\/04\/caiu-mais-um-tecnico-e-demitido-no-brasileirao-2025-4\/","og_locale":"pt_BR","og_type":"article","og_title":"Caiu! Mais um t\u00e9cnico \u00e9 demitido no Brasileir\u00e3o 2025","og_description":"O Sport anunciou, nesta quarta-feira (4), a demiss\u00e3o do t\u00e9cnico Ant\u00f3nio Oliveira. O treinador comandou o time em apenas quatro jogos na S\u00e9rie A do Brasileir\u00e3o 2025. A curta passagem do portugu\u00eas foi marcada por tr\u00eas derrotas e um empate, sem conseguir sequer uma vit\u00f3ria. Com isso, o Le\u00e3o da Ilha permanece na lanterna da [&hellip;]","og_url":"https:\/\/www.gaveanews.com\/index.php\/2025\/06\/04\/caiu-mais-um-tecnico-e-demitido-no-brasileirao-2025-4\/","og_site_name":"G\u00e1vea News","article_publisher":"https:\/\/facebook.com\/gaveaNews\/","article_published_time":"2025-06-05T00:50:00+00:00","og_image":[{"width":1200,"height":800,"url":"https:\/\/www.gaveanews.com\/wp-content\/uploads\/Campeonato-Brasileiro-Brasilierao.webp","type":"image\/png"}],"author":"Rafaela Ladeira","twitter_card":"summary_large_image","twitter_misc":{"Escrito por":"Rafaela Ladeira","Est. tempo de leitura":"3 minutos"},"schema":{"@context":"https:\/\/schema.org","@graph":[{"@type":"NewsArticle","@id":"https:\/\/www.gaveanews.com\/index.php\/2025\/06\/04\/caiu-mais-um-tecnico-e-demitido-no-brasileirao-2025-4\/#article","isPartOf":{"@id":"https:\/\/www.gaveanews.com\/index.php\/2025\/06\/04\/caiu-mais-um-tecnico-e-demitido-no-brasileirao-2025-4\/"},"author":{"name":"Rafaela Ladeira","@id":"https:\/\/www.gaveanews.com\/#\/schema\/person\/0eb3e3fe1754f0205218538adbe8f5ed"},"headline":"Caiu! Mais um t\u00e9cnico \u00e9 demitido no Brasileir\u00e3o 2025","datePublished":"2025-06-05T00:50:00+00:00","mainEntityOfPage":{"@id":"https:\/\/www.gaveanews.com\/index.php\/2025\/06\/04\/caiu-mais-um-tecnico-e-demitido-no-brasileirao-2025-4\/"},"wordCount":412,"commentCount":0,"image":{"@id":"https:\/\/www.gaveanews.com\/index.php\/2025\/06\/04\/caiu-mais-um-tecnico-e-demitido-no-brasileirao-2025-4\/#primaryimage"},"thumbnailUrl":"https:\/\/www.gaveanews.com\/wp-content\/uploads\/Campeonato-Brasileiro-Brasilierao.webp","articleSection":["Sport"],"inLanguage":"pt-BR","potentialAction":[{"@type":"CommentAction","name":"Comment","target":["https:\/\/www.gaveanews.com\/index.php\/2025\/06\/04\/caiu-mais-um-tecnico-e-demitido-no-brasileirao-2025-4\/#respond"]}],"copyrightYear":"2025","copyrightHolder":{"@id":"https:\/\/www.gaveanews.com\/#organization"}},{"@type":"WebPage","@id":"https:\/\/www.gaveanews.com\/index.php\/2025\/06\/04\/caiu-mais-um-tecnico-e-demitido-no-brasileirao-2025-4\/","url":"https:\/\/www.gaveanews.com\/index.php\/2025\/06\/04\/caiu-mais-um-tecnico-e-demitido-no-brasileirao-2025-4\/","name":"Caiu! Mais um t\u00e9cnico \u00e9 demitido no Brasileir\u00e3o 2025","isPartOf":{"@id":"https:\/\/www.gaveanews.com\/#website"},"primaryImageOfPage":{"@id":"https:\/\/www.gaveanews.com\/index.php\/2025\/06\/04\/caiu-mais-um-tecnico-e-demitido-no-brasileirao-2025-4\/#primaryimage"},"image":{"@id":"https:\/\/www.gaveanews.com\/index.php\/2025\/06\/04\/caiu-mais-um-tecnico-e-demitido-no-brasileirao-2025-4\/#primaryimage"},"thumbnailUrl":"https:\/\/www.gaveanews.com\/wp-content\/uploads\/Campeonato-Brasileiro-Brasilierao.webp","datePublished":"2025-06-05T00:50:00+00:00","author":{"@id":"https:\/\/www.gaveanews.com\/#\/schema\/person\/0eb3e3fe1754f0205218538adbe8f5ed"},"breadcrumb":{"@id":"https:\/\/www.gaveanews.com\/index.php\/2025\/06\/04\/caiu-mais-um-tecnico-e-demitido-no-brasileirao-2025-4\/#breadcrumb"},"inLanguage":"pt-BR","potentialAction":[{"@type":"ReadAction","target":["https:\/\/www.gaveanews.com\/index.php\/2025\/06\/04\/caiu-mais-um-tecnico-e-demitido-no-brasileirao-2025-4\/"]}]},{"@type":"ImageObject","inLanguage":"pt-BR","@id":"https:\/\/www.gaveanews.com\/index.php\/2025\/06\/04\/caiu-mais-um-tecnico-e-demitido-no-brasileirao-2025-4\/#primaryimage","url":"https:\/\/www.gaveanews.com\/wp-content\/uploads\/Campeonato-Brasileiro-Brasilierao.webp","contentUrl":"https:\/\/www.gaveanews.com\/wp-content\/uploads\/Campeonato-Brasileiro-Brasilierao.webp","width":1200,"height":800},{"@type":"BreadcrumbList","@id":"https:\/\/www.gaveanews.com\/index.php\/2025\/06\/04\/caiu-mais-um-tecnico-e-demitido-no-brasileirao-2025-4\/#breadcrumb","itemListElement":[{"@type":"ListItem","position":1,"name":"Home","item":"https:\/\/www.gaveanews.com\/"},{"@type":"ListItem","position":2,"name":"Caiu! Mais um t\u00e9cnico \u00e9 demitido no Brasileir\u00e3o 2025"}]},{"@type":"WebSite","@id":"https:\/\/www.gaveanews.com\/#website","url":"https:\/\/www.gaveanews.com\/","name":"G\u00e1vea News","description":"Veja todas as not\u00edcias sobre o Flamengo: Contrata\u00e7\u00f5es, categorias de base, resultados das partidas, tabela de classifica\u00e7\u00e3o, pr\u00f3ximos jogos!","potentialAction":[{"@type":"SearchAction","target":{"@type":"EntryPoint","urlTemplate":"https:\/\/www.gaveanews.com\/?s={search_term_string}"},"query-input":{"@type":"PropertyValueSpecification","valueRequired":true,"valueName":"search_term_string"}}],"inLanguage":"pt-BR"},{"@type":"Person","@id":"https:\/\/www.gaveanews.com\/#\/schema\/person\/0eb3e3fe1754f0205218538adbe8f5ed","name":"Rafaela Ladeira","image":{"@type":"ImageObject","inLanguage":"pt-BR","@id":"https:\/\/www.gaveanews.com\/#\/schema\/person\/image\/","url":"https:\/\/secure.gravatar.com\/avatar\/c31f513acffd85eacab5730cbdfdbbf59f21ba5aeada8cd890acea879fbb2455?s=96&d=mm&r=g","contentUrl":"https:\/\/secure.gravatar.com\/avatar\/c31f513acffd85eacab5730cbdfdbbf59f21ba5aeada8cd890acea879fbb2455?s=96&d=mm&r=g","caption":"Rafaela Ladeira"}}]}},"_links":{"self":[{"href":"https:\/\/www.gaveanews.com\/index.php\/wp-json\/wp\/v2\/posts\/269770","targetHints":{"allow":["GET"]}}],"collection":[{"href":"https:\/\/www.gaveanews.com\/index.php\/wp-json\/wp\/v2\/posts"}],"about":[{"href":"https:\/\/www.gaveanews.com\/index.php\/wp-json\/wp\/v2\/types\/post"}],"author":[{"embeddable":true,"href":"https:\/\/www.gaveanews.com\/index.php\/wp-json\/wp\/v2\/users\/25"}],"replies":[{"embeddable":true,"href":"https:\/\/www.gaveanews.com\/index.php\/wp-json\/wp\/v2\/comments?post=269770"}],"version-history":[{"count":2,"href":"https:\/\/www.gaveanews.com\/index.php\/wp-json\/wp\/v2\/posts\/269770\/revisions"}],"predecessor-version":[{"id":269772,"href":"https:\/\/www.gaveanews.com\/index.php\/wp-json\/wp\/v2\/posts\/269770\/revisions\/269772"}],"wp:featuredmedia":[{"embeddable":true,"href":"https:\/\/www.gaveanews.com\/index.php\/wp-json\/wp\/v2\/media\/251100"}],"wp:attachment":[{"href":"https:\/\/www.gaveanews.com\/index.php\/wp-json\/wp\/v2\/media?parent=269770"}],"wp:term":[{"taxonomy":"category","embeddable":true,"href":"https:\/\/www.gaveanews.com\/index.php\/wp-json\/wp\/v2\/categories?post=269770"},{"taxonomy":"post_tag","embeddable":true,"href":"https:\/\/www.gaveanews.com\/index.php\/wp-json\/wp\/v2\/tags?post=269770"}],"curies":[{"name":"wp","href":"https:\/\/api.w.org\/{rel}","templated":true}]}}