{"id":269930,"date":"2025-06-05T11:10:00","date_gmt":"2025-06-05T14:10:00","guid":{"rendered":"https:\/\/www.gaveanews.com\/?p=269930"},"modified":"2025-06-05T11:05:10","modified_gmt":"2025-06-05T14:05:10","slug":"ex-atacante-do-flamengo-e-anunciado-por-clube-da-serie-c","status":"publish","type":"post","link":"https:\/\/www.gaveanews.com\/index.php\/2025\/06\/05\/ex-atacante-do-flamengo-e-anunciado-por-clube-da-serie-c\/","title":{"rendered":"Ex-atacante do Flamengo \u00e9 anunciado por clube da S\u00e9rie C"},"content":{"rendered":"\n<p>Aos 40 anos, Vagner Love segue provando que ainda tem lenha para queimar. O experiente atacante, com passagens marcantes pelo Flamengo, foi anunciado nesta semana como novo refor\u00e7o do Retr\u00f4, clube que disputa a S\u00e9rie C do Campeonato Brasileiro. Sendo assim, mesmo fora da elite do futebol nacional, o jogador permanece em atividade e busca dar nova vida \u00e0 sua carreira.<\/p>\n\n\n\n<h2 class=\"wp-block-heading\" id=\"h-reforco-de-peso-no-cenario-nordestino\">Refor\u00e7o de peso no cen\u00e1rio nordestino<\/h2>\n\n\n\n<p>O Retr\u00f4, de Pernambuco, surpreendeu ao anunciar a contrata\u00e7\u00e3o de Vagner Love, que estava livre no mercado desde que deixou o Ava\u00ed no final de maio. Vale destacar que a S\u00e9rie C continua em andamento mesmo com a pausa da S\u00e9rie A devido ao Mundial de Clubes, e as equipes aproveitam o momento para refor\u00e7ar seus elencos. Por isso, o clube pernambucano apostou em um nome de peso, experiente e com hist\u00f3ria no futebol brasileiro e internacional.<\/p>\n\n\n\n<p>Isso porque, embora Love n\u00e3o tenha tido um bom desempenho recente no Ava\u00ed  (foram apenas dois gols e duas assist\u00eancias em 17 jogos), seu hist\u00f3rico como artilheiro ainda fala mais alto. Dessa maneira, o Retr\u00f4 espera que o atacante reencontre seu faro de gols e contribua nas campanhas da S\u00e9rie C e da Copa do Brasil.<\/p>\n\n\n\n<h2 class=\"wp-block-heading\" id=\"h-passagens-marcantes-pelo-flamengo\">Passagens marcantes pelo Flamengo<\/h2>\n\n\n\n<p>Cabe ressaltar que Vagner Love vestiu a camisa do Flamengo em duas ocasi\u00f5es. Na primeira, anotou 23 gols em 29 jogos. J\u00e1 na segunda passagem, em 2012, foram 24 gols e quatro assist\u00eancias em 51 partidas. Al\u00e9m disso, mesmo sem t\u00edtulos pelo clube carioca, Love foi um dos grandes nomes ofensivos do time nos anos em que atuou.<\/p>\n\n\n\n<h2 class=\"wp-block-heading\" id=\"h-amor-pelo-futebol-segue-firme\">Amor pelo futebol segue firme<\/h2>\n\n\n\n<p>Ap\u00f3s deixar o Flamengo, o atacante rodou o mundo: CSKA Moscou, Shandong Luneng, Corinthians, Monaco, Besiktas, entre outros. Com isso, Vagner Love mostra que sua paix\u00e3o pelos gramados segue intacta. <\/p>\n\n\n\n<p>Portanto, mesmo aos 40 anos, ele continua disposto a enfrentar novos desafios. Desse jeito, a S\u00e9rie C ganha mais brilho e experi\u00eancia com um dos nomes mais conhecidos do futebol brasileiro. <\/p>\n","protected":false},"excerpt":{"rendered":"<p>Aos 40 anos, Vagner Love segue provando que ainda tem lenha para queimar. O experiente atacante, com passagens marcantes pelo Flamengo, foi anunciado nesta semana como novo refor\u00e7o do Retr\u00f4, clube que disputa a S\u00e9rie C do Campeonato Brasileiro. Sendo assim, mesmo fora da elite do futebol nacional, o jogador permanece em atividade e busca [&hellip;]<\/p>\n","protected":false},"author":24,"featured_media":124518,"comment_status":"open","ping_status":"closed","sticky":false,"template":"","format":"standard","meta":{"footnotes":""},"categories":[1],"tags":[],"class_list":["post-269930","post","type-post","status-publish","format-standard","has-post-thumbnail","hentry","category-flamengo"],"yoast_head":"<!-- This site is optimized with the Yoast SEO Premium plugin v24.2 (Yoast SEO v26.9) - https:\/\/yoast.com\/product\/yoast-seo-premium-wordpress\/ -->\n<title>Ex-atacante do Flamengo \u00e9 anunciado por clube da S\u00e9rie C<\/title>\n<meta name=\"robots\" content=\"index, follow, max-snippet:-1, max-image-preview:large, max-video-preview:-1\" \/>\n<link rel=\"canonical\" href=\"https:\/\/www.gaveanews.com\/index.php\/2025\/06\/05\/ex-atacante-do-flamengo-e-anunciado-por-clube-da-serie-c\/\" \/>\n<meta property=\"og:locale\" content=\"pt_BR\" \/>\n<meta property=\"og:type\" content=\"article\" \/>\n<meta property=\"og:title\" content=\"Ex-atacante do Flamengo \u00e9 anunciado por clube da S\u00e9rie C\" \/>\n<meta property=\"og:description\" content=\"Aos 40 anos, Vagner Love segue provando que ainda tem lenha para queimar. O experiente atacante, com passagens marcantes pelo Flamengo, foi anunciado nesta semana como novo refor\u00e7o do Retr\u00f4, clube que disputa a S\u00e9rie C do Campeonato Brasileiro. Sendo assim, mesmo fora da elite do futebol nacional, o jogador permanece em atividade e busca [&hellip;]\" \/>\n<meta property=\"og:url\" content=\"https:\/\/www.gaveanews.com\/index.php\/2025\/06\/05\/ex-atacante-do-flamengo-e-anunciado-por-clube-da-serie-c\/\" \/>\n<meta property=\"og:site_name\" content=\"G\u00e1vea News\" \/>\n<meta property=\"article:publisher\" content=\"https:\/\/facebook.com\/gaveaNews\/\" \/>\n<meta property=\"article:published_time\" content=\"2025-06-05T14:10:00+00:00\" \/>\n<meta property=\"og:image\" content=\"https:\/\/www.gaveanews.com\/wp-content\/uploads\/Centro-de-Treinamento-Ninho-do-Urubu.webp\" \/>\n\t<meta property=\"og:image:width\" content=\"1200\" \/>\n\t<meta property=\"og:image:height\" content=\"799\" \/>\n\t<meta property=\"og:image:type\" content=\"image\/jpeg\" \/>\n<meta name=\"author\" content=\"Leandro Cardoso\" \/>\n<meta name=\"twitter:card\" content=\"summary_large_image\" \/>\n<meta name=\"twitter:label1\" content=\"Escrito por\" \/>\n\t<meta name=\"twitter:data1\" content=\"Leandro Cardoso\" \/>\n\t<meta name=\"twitter:label2\" content=\"Est. tempo de leitura\" \/>\n\t<meta name=\"twitter:data2\" content=\"3 minutos\" \/>\n<script type=\"application\/ld+json\" class=\"yoast-schema-graph\">{\"@context\":\"https:\/\/schema.org\",\"@graph\":[{\"@type\":\"NewsArticle\",\"@id\":\"https:\/\/www.gaveanews.com\/index.php\/2025\/06\/05\/ex-atacante-do-flamengo-e-anunciado-por-clube-da-serie-c\/#article\",\"isPartOf\":{\"@id\":\"https:\/\/www.gaveanews.com\/index.php\/2025\/06\/05\/ex-atacante-do-flamengo-e-anunciado-por-clube-da-serie-c\/\"},\"author\":{\"name\":\"Leandro Cardoso\",\"@id\":\"https:\/\/www.gaveanews.com\/#\/schema\/person\/2424ec6409bc3f068411fc5e4e9b6168\"},\"headline\":\"Ex-atacante do Flamengo \u00e9 anunciado por clube da S\u00e9rie C\",\"datePublished\":\"2025-06-05T14:10:00+00:00\",\"mainEntityOfPage\":{\"@id\":\"https:\/\/www.gaveanews.com\/index.php\/2025\/06\/05\/ex-atacante-do-flamengo-e-anunciado-por-clube-da-serie-c\/\"},\"wordCount\":350,\"commentCount\":0,\"image\":{\"@id\":\"https:\/\/www.gaveanews.com\/index.php\/2025\/06\/05\/ex-atacante-do-flamengo-e-anunciado-por-clube-da-serie-c\/#primaryimage\"},\"thumbnailUrl\":\"https:\/\/www.gaveanews.com\/wp-content\/uploads\/Centro-de-Treinamento-Ninho-do-Urubu.webp\",\"articleSection\":[\"Flamengo\"],\"inLanguage\":\"pt-BR\",\"potentialAction\":[{\"@type\":\"CommentAction\",\"name\":\"Comment\",\"target\":[\"https:\/\/www.gaveanews.com\/index.php\/2025\/06\/05\/ex-atacante-do-flamengo-e-anunciado-por-clube-da-serie-c\/#respond\"]}],\"copyrightYear\":\"2025\",\"copyrightHolder\":{\"@id\":\"https:\/\/www.gaveanews.com\/#organization\"}},{\"@type\":\"WebPage\",\"@id\":\"https:\/\/www.gaveanews.com\/index.php\/2025\/06\/05\/ex-atacante-do-flamengo-e-anunciado-por-clube-da-serie-c\/\",\"url\":\"https:\/\/www.gaveanews.com\/index.php\/2025\/06\/05\/ex-atacante-do-flamengo-e-anunciado-por-clube-da-serie-c\/\",\"name\":\"Ex-atacante do Flamengo \u00e9 anunciado por clube da S\u00e9rie C\",\"isPartOf\":{\"@id\":\"https:\/\/www.gaveanews.com\/#website\"},\"primaryImageOfPage\":{\"@id\":\"https:\/\/www.gaveanews.com\/index.php\/2025\/06\/05\/ex-atacante-do-flamengo-e-anunciado-por-clube-da-serie-c\/#primaryimage\"},\"image\":{\"@id\":\"https:\/\/www.gaveanews.com\/index.php\/2025\/06\/05\/ex-atacante-do-flamengo-e-anunciado-por-clube-da-serie-c\/#primaryimage\"},\"thumbnailUrl\":\"https:\/\/www.gaveanews.com\/wp-content\/uploads\/Centro-de-Treinamento-Ninho-do-Urubu.webp\",\"datePublished\":\"2025-06-05T14:10:00+00:00\",\"author\":{\"@id\":\"https:\/\/www.gaveanews.com\/#\/schema\/person\/2424ec6409bc3f068411fc5e4e9b6168\"},\"breadcrumb\":{\"@id\":\"https:\/\/www.gaveanews.com\/index.php\/2025\/06\/05\/ex-atacante-do-flamengo-e-anunciado-por-clube-da-serie-c\/#breadcrumb\"},\"inLanguage\":\"pt-BR\",\"potentialAction\":[{\"@type\":\"ReadAction\",\"target\":[\"https:\/\/www.gaveanews.com\/index.php\/2025\/06\/05\/ex-atacante-do-flamengo-e-anunciado-por-clube-da-serie-c\/\"]}]},{\"@type\":\"ImageObject\",\"inLanguage\":\"pt-BR\",\"@id\":\"https:\/\/www.gaveanews.com\/index.php\/2025\/06\/05\/ex-atacante-do-flamengo-e-anunciado-por-clube-da-serie-c\/#primaryimage\",\"url\":\"https:\/\/www.gaveanews.com\/wp-content\/uploads\/Centro-de-Treinamento-Ninho-do-Urubu.webp\",\"contentUrl\":\"https:\/\/www.gaveanews.com\/wp-content\/uploads\/Centro-de-Treinamento-Ninho-do-Urubu.webp\",\"width\":1200,\"height\":799,\"caption\":\"Centro de Treinamento Ninho do Urubu - Foto: divulga\u00e7\u00e3o\"},{\"@type\":\"BreadcrumbList\",\"@id\":\"https:\/\/www.gaveanews.com\/index.php\/2025\/06\/05\/ex-atacante-do-flamengo-e-anunciado-por-clube-da-serie-c\/#breadcrumb\",\"itemListElement\":[{\"@type\":\"ListItem\",\"position\":1,\"name\":\"Home\",\"item\":\"https:\/\/www.gaveanews.com\/\"},{\"@type\":\"ListItem\",\"position\":2,\"name\":\"Ex-atacante do Flamengo \u00e9 anunciado por clube da S\u00e9rie C\"}]},{\"@type\":\"WebSite\",\"@id\":\"https:\/\/www.gaveanews.com\/#website\",\"url\":\"https:\/\/www.gaveanews.com\/\",\"name\":\"G\u00e1vea News\",\"description\":\"Veja todas as not\u00edcias sobre o Flamengo: Contrata\u00e7\u00f5es, categorias de base, resultados das partidas, tabela de classifica\u00e7\u00e3o, pr\u00f3ximos jogos!\",\"potentialAction\":[{\"@type\":\"SearchAction\",\"target\":{\"@type\":\"EntryPoint\",\"urlTemplate\":\"https:\/\/www.gaveanews.com\/?s={search_term_string}\"},\"query-input\":{\"@type\":\"PropertyValueSpecification\",\"valueRequired\":true,\"valueName\":\"search_term_string\"}}],\"inLanguage\":\"pt-BR\"},{\"@type\":\"Person\",\"@id\":\"https:\/\/www.gaveanews.com\/#\/schema\/person\/2424ec6409bc3f068411fc5e4e9b6168\",\"name\":\"Leandro Cardoso\",\"image\":{\"@type\":\"ImageObject\",\"inLanguage\":\"pt-BR\",\"@id\":\"https:\/\/www.gaveanews.com\/#\/schema\/person\/image\/\",\"url\":\"https:\/\/secure.gravatar.com\/avatar\/8ca179f9b55eefe9f376f5493ef25475bfa59fbc28ce937f6076ce20e523098f?s=96&d=mm&r=g\",\"contentUrl\":\"https:\/\/secure.gravatar.com\/avatar\/8ca179f9b55eefe9f376f5493ef25475bfa59fbc28ce937f6076ce20e523098f?s=96&d=mm&r=g\",\"caption\":\"Leandro Cardoso\"}}]}<\/script>\n<!-- \/ Yoast SEO Premium plugin. -->","yoast_head_json":{"title":"Ex-atacante do Flamengo \u00e9 anunciado por clube da S\u00e9rie C","robots":{"index":"index","follow":"follow","max-snippet":"max-snippet:-1","max-image-preview":"max-image-preview:large","max-video-preview":"max-video-preview:-1"},"canonical":"https:\/\/www.gaveanews.com\/index.php\/2025\/06\/05\/ex-atacante-do-flamengo-e-anunciado-por-clube-da-serie-c\/","og_locale":"pt_BR","og_type":"article","og_title":"Ex-atacante do Flamengo \u00e9 anunciado por clube da S\u00e9rie C","og_description":"Aos 40 anos, Vagner Love segue provando que ainda tem lenha para queimar. O experiente atacante, com passagens marcantes pelo Flamengo, foi anunciado nesta semana como novo refor\u00e7o do Retr\u00f4, clube que disputa a S\u00e9rie C do Campeonato Brasileiro. Sendo assim, mesmo fora da elite do futebol nacional, o jogador permanece em atividade e busca [&hellip;]","og_url":"https:\/\/www.gaveanews.com\/index.php\/2025\/06\/05\/ex-atacante-do-flamengo-e-anunciado-por-clube-da-serie-c\/","og_site_name":"G\u00e1vea News","article_publisher":"https:\/\/facebook.com\/gaveaNews\/","article_published_time":"2025-06-05T14:10:00+00:00","og_image":[{"width":1200,"height":799,"url":"https:\/\/www.gaveanews.com\/wp-content\/uploads\/Centro-de-Treinamento-Ninho-do-Urubu.webp","type":"image\/jpeg"}],"author":"Leandro Cardoso","twitter_card":"summary_large_image","twitter_misc":{"Escrito por":"Leandro Cardoso","Est. tempo de leitura":"3 minutos"},"schema":{"@context":"https:\/\/schema.org","@graph":[{"@type":"NewsArticle","@id":"https:\/\/www.gaveanews.com\/index.php\/2025\/06\/05\/ex-atacante-do-flamengo-e-anunciado-por-clube-da-serie-c\/#article","isPartOf":{"@id":"https:\/\/www.gaveanews.com\/index.php\/2025\/06\/05\/ex-atacante-do-flamengo-e-anunciado-por-clube-da-serie-c\/"},"author":{"name":"Leandro Cardoso","@id":"https:\/\/www.gaveanews.com\/#\/schema\/person\/2424ec6409bc3f068411fc5e4e9b6168"},"headline":"Ex-atacante do Flamengo \u00e9 anunciado por clube da S\u00e9rie C","datePublished":"2025-06-05T14:10:00+00:00","mainEntityOfPage":{"@id":"https:\/\/www.gaveanews.com\/index.php\/2025\/06\/05\/ex-atacante-do-flamengo-e-anunciado-por-clube-da-serie-c\/"},"wordCount":350,"commentCount":0,"image":{"@id":"https:\/\/www.gaveanews.com\/index.php\/2025\/06\/05\/ex-atacante-do-flamengo-e-anunciado-por-clube-da-serie-c\/#primaryimage"},"thumbnailUrl":"https:\/\/www.gaveanews.com\/wp-content\/uploads\/Centro-de-Treinamento-Ninho-do-Urubu.webp","articleSection":["Flamengo"],"inLanguage":"pt-BR","potentialAction":[{"@type":"CommentAction","name":"Comment","target":["https:\/\/www.gaveanews.com\/index.php\/2025\/06\/05\/ex-atacante-do-flamengo-e-anunciado-por-clube-da-serie-c\/#respond"]}],"copyrightYear":"2025","copyrightHolder":{"@id":"https:\/\/www.gaveanews.com\/#organization"}},{"@type":"WebPage","@id":"https:\/\/www.gaveanews.com\/index.php\/2025\/06\/05\/ex-atacante-do-flamengo-e-anunciado-por-clube-da-serie-c\/","url":"https:\/\/www.gaveanews.com\/index.php\/2025\/06\/05\/ex-atacante-do-flamengo-e-anunciado-por-clube-da-serie-c\/","name":"Ex-atacante do Flamengo \u00e9 anunciado por clube da S\u00e9rie C","isPartOf":{"@id":"https:\/\/www.gaveanews.com\/#website"},"primaryImageOfPage":{"@id":"https:\/\/www.gaveanews.com\/index.php\/2025\/06\/05\/ex-atacante-do-flamengo-e-anunciado-por-clube-da-serie-c\/#primaryimage"},"image":{"@id":"https:\/\/www.gaveanews.com\/index.php\/2025\/06\/05\/ex-atacante-do-flamengo-e-anunciado-por-clube-da-serie-c\/#primaryimage"},"thumbnailUrl":"https:\/\/www.gaveanews.com\/wp-content\/uploads\/Centro-de-Treinamento-Ninho-do-Urubu.webp","datePublished":"2025-06-05T14:10:00+00:00","author":{"@id":"https:\/\/www.gaveanews.com\/#\/schema\/person\/2424ec6409bc3f068411fc5e4e9b6168"},"breadcrumb":{"@id":"https:\/\/www.gaveanews.com\/index.php\/2025\/06\/05\/ex-atacante-do-flamengo-e-anunciado-por-clube-da-serie-c\/#breadcrumb"},"inLanguage":"pt-BR","potentialAction":[{"@type":"ReadAction","target":["https:\/\/www.gaveanews.com\/index.php\/2025\/06\/05\/ex-atacante-do-flamengo-e-anunciado-por-clube-da-serie-c\/"]}]},{"@type":"ImageObject","inLanguage":"pt-BR","@id":"https:\/\/www.gaveanews.com\/index.php\/2025\/06\/05\/ex-atacante-do-flamengo-e-anunciado-por-clube-da-serie-c\/#primaryimage","url":"https:\/\/www.gaveanews.com\/wp-content\/uploads\/Centro-de-Treinamento-Ninho-do-Urubu.webp","contentUrl":"https:\/\/www.gaveanews.com\/wp-content\/uploads\/Centro-de-Treinamento-Ninho-do-Urubu.webp","width":1200,"height":799,"caption":"Centro de Treinamento Ninho do Urubu - Foto: divulga\u00e7\u00e3o"},{"@type":"BreadcrumbList","@id":"https:\/\/www.gaveanews.com\/index.php\/2025\/06\/05\/ex-atacante-do-flamengo-e-anunciado-por-clube-da-serie-c\/#breadcrumb","itemListElement":[{"@type":"ListItem","position":1,"name":"Home","item":"https:\/\/www.gaveanews.com\/"},{"@type":"ListItem","position":2,"name":"Ex-atacante do Flamengo \u00e9 anunciado por clube da S\u00e9rie C"}]},{"@type":"WebSite","@id":"https:\/\/www.gaveanews.com\/#website","url":"https:\/\/www.gaveanews.com\/","name":"G\u00e1vea News","description":"Veja todas as not\u00edcias sobre o Flamengo: Contrata\u00e7\u00f5es, categorias de base, resultados das partidas, tabela de classifica\u00e7\u00e3o, pr\u00f3ximos jogos!","potentialAction":[{"@type":"SearchAction","target":{"@type":"EntryPoint","urlTemplate":"https:\/\/www.gaveanews.com\/?s={search_term_string}"},"query-input":{"@type":"PropertyValueSpecification","valueRequired":true,"valueName":"search_term_string"}}],"inLanguage":"pt-BR"},{"@type":"Person","@id":"https:\/\/www.gaveanews.com\/#\/schema\/person\/2424ec6409bc3f068411fc5e4e9b6168","name":"Leandro Cardoso","image":{"@type":"ImageObject","inLanguage":"pt-BR","@id":"https:\/\/www.gaveanews.com\/#\/schema\/person\/image\/","url":"https:\/\/secure.gravatar.com\/avatar\/8ca179f9b55eefe9f376f5493ef25475bfa59fbc28ce937f6076ce20e523098f?s=96&d=mm&r=g","contentUrl":"https:\/\/secure.gravatar.com\/avatar\/8ca179f9b55eefe9f376f5493ef25475bfa59fbc28ce937f6076ce20e523098f?s=96&d=mm&r=g","caption":"Leandro Cardoso"}}]}},"_links":{"self":[{"href":"https:\/\/www.gaveanews.com\/index.php\/wp-json\/wp\/v2\/posts\/269930","targetHints":{"allow":["GET"]}}],"collection":[{"href":"https:\/\/www.gaveanews.com\/index.php\/wp-json\/wp\/v2\/posts"}],"about":[{"href":"https:\/\/www.gaveanews.com\/index.php\/wp-json\/wp\/v2\/types\/post"}],"author":[{"embeddable":true,"href":"https:\/\/www.gaveanews.com\/index.php\/wp-json\/wp\/v2\/users\/24"}],"replies":[{"embeddable":true,"href":"https:\/\/www.gaveanews.com\/index.php\/wp-json\/wp\/v2\/comments?post=269930"}],"version-history":[{"count":1,"href":"https:\/\/www.gaveanews.com\/index.php\/wp-json\/wp\/v2\/posts\/269930\/revisions"}],"predecessor-version":[{"id":269931,"href":"https:\/\/www.gaveanews.com\/index.php\/wp-json\/wp\/v2\/posts\/269930\/revisions\/269931"}],"wp:featuredmedia":[{"embeddable":true,"href":"https:\/\/www.gaveanews.com\/index.php\/wp-json\/wp\/v2\/media\/124518"}],"wp:attachment":[{"href":"https:\/\/www.gaveanews.com\/index.php\/wp-json\/wp\/v2\/media?parent=269930"}],"wp:term":[{"taxonomy":"category","embeddable":true,"href":"https:\/\/www.gaveanews.com\/index.php\/wp-json\/wp\/v2\/categories?post=269930"},{"taxonomy":"post_tag","embeddable":true,"href":"https:\/\/www.gaveanews.com\/index.php\/wp-json\/wp\/v2\/tags?post=269930"}],"curies":[{"name":"wp","href":"https:\/\/api.w.org\/{rel}","templated":true}]}}