{"id":269932,"date":"2025-06-05T11:15:00","date_gmt":"2025-06-05T14:15:00","guid":{"rendered":"https:\/\/www.gaveanews.com\/?p=269932"},"modified":"2025-06-05T11:10:48","modified_gmt":"2025-06-05T14:10:48","slug":"flamengo-x-chelsea-a-declaracao-de-enzo-maresca-sobre-a-torcida-do-brasil","status":"publish","type":"post","link":"https:\/\/www.gaveanews.com\/index.php\/2025\/06\/05\/flamengo-x-chelsea-a-declaracao-de-enzo-maresca-sobre-a-torcida-do-brasil\/","title":{"rendered":"Flamengo x Chelsea: a declara\u00e7\u00e3o de Enzo Maresca sobre a torcida do brasil"},"content":{"rendered":"\n<p>Com a aproxima\u00e7\u00e3o do aguardado confronto entre Flamengo e Chelsea no Mundial de Clubes, o t\u00e9cnico do time ingl\u00eas, Enzo Maresca, surpreendeu ao elogiar a torcida brasileira. Sendo assim, o clima para o duelo que acontece no dia 20 de junho, na Filad\u00e9lfia, j\u00e1 come\u00e7a a esquentar dentro e fora de campo. Por isso, a expectativa para o encontro entre os gigantes do Brasil e da Inglaterra cresce a cada dia.<\/p>\n\n\n\n<h2 class=\"wp-block-heading\" id=\"h-maresca-destaca-cultura-vibrante-dos-torcedores-brasileiros\">Maresca destaca cultura vibrante dos torcedores brasileiros<\/h2>\n\n\n\n<p>Em entrevista antes do in\u00edcio do torneio, Maresca fez quest\u00e3o de enaltecer a anima\u00e7\u00e3o e criatividade dos brasileiros nas arquibancadas. \u201cEsses jogos entre pa\u00edses e culturas diferentes v\u00e3o proporcionar momentos \u00fanicos, distintos do que estamos acostumados na Europa. Em termos culturais, os torcedores brasileiros tamb\u00e9m s\u00e3o incr\u00edveis de ver, porque s\u00e3o animados e criativos. Juntando essa cultura com a nossa, espero que o p\u00fablico nos est\u00e1dios se divirta muito&#8221;, afirmou.<\/p>\n\n\n\n<p>Vale destacar que o t\u00e9cnico do Chelsea ainda refor\u00e7ou o esp\u00edrito competitivo do clube londrino: \u201cQuando voc\u00ea est\u00e1 no Chelsea, o objetivo \u00e9 sempre vencer. Nosso foco, em cada partida, ser\u00e1 sempre tentar vencer todas. Ver os t\u00e9cnicos que passaram por aqui como inspira\u00e7\u00e3o \u00e9 uma grande motiva\u00e7\u00e3o. Quando estivermos no torneio, um dos nossos objetivos ser\u00e1 justamente conquist\u00e1-lo&#8221;, completou Maresca.<\/p>\n\n\n\n<h2 class=\"wp-block-heading\" id=\"h-flamengo-tem-primeiro-desafio-antes-do-classico-europeu\">Flamengo tem primeiro desafio antes do cl\u00e1ssico europeu<\/h2>\n\n\n\n<p>Antes disso, o Flamengo precisa superar seu primeiro desafio no Mundial. Isso porque, a equipe de Filipe Lu\u00eds enfrentar\u00e1 o Esp\u00e9rance de Tunis no dia 15 de junho, \u00e0s 22h (hor\u00e1rio de Bras\u00edlia). Com isso, s\u00f3 ent\u00e3o poder\u00e1 encarar o Chelsea pela segunda rodada, em partida que pode significar elimina\u00e7\u00e3o para um dos lados.<\/p>\n\n\n\n<h2 class=\"wp-block-heading\" id=\"h-duelo-de-gigantes-na-filadelfia\">Duelo de gigantes na Filad\u00e9lfia<\/h2>\n\n\n\n<p>Cabe ressaltar que o confronto entre Flamengo e Chelsea est\u00e1 marcado para o dia 20, \u00e0s 15h (hor\u00e1rio de Bras\u00edlia), no Lincoln Financial Field. Al\u00e9m disso, o duelo promete ser uma verdadeira festa nas arquibancadas, porque re\u00fane duas torcidas apaixonadas e culturas distintas. <\/p>\n\n\n\n<p>Dessa maneira, a expectativa \u00e9 de um espet\u00e1culo dentro e fora de campo, assim, o Mundial de Clubes ganha contornos ainda mais especiais. Portanto, o mundo do futebol estar\u00e1 de olho nesse encontro hist\u00f3rico.<\/p>\n","protected":false},"excerpt":{"rendered":"<p>Com a aproxima\u00e7\u00e3o do aguardado confronto entre Flamengo e Chelsea no Mundial de Clubes, o t\u00e9cnico do time ingl\u00eas, Enzo Maresca, surpreendeu ao elogiar a torcida brasileira. Sendo assim, o clima para o duelo que acontece no dia 20 de junho, na Filad\u00e9lfia, j\u00e1 come\u00e7a a esquentar dentro e fora de campo. Por isso, a [&hellip;]<\/p>\n","protected":false},"author":24,"featured_media":260116,"comment_status":"open","ping_status":"closed","sticky":false,"template":"","format":"standard","meta":{"footnotes":""},"categories":[89,1],"tags":[],"class_list":["post-269932","post","type-post","status-publish","format-standard","has-post-thumbnail","hentry","category-chelsea","category-flamengo"],"yoast_head":"<!-- This site is optimized with the Yoast SEO Premium plugin v24.2 (Yoast SEO v26.9) - https:\/\/yoast.com\/product\/yoast-seo-premium-wordpress\/ -->\n<title>Flamengo x Chelsea: a declara\u00e7\u00e3o de Enzo Maresca sobre a torcida do brasil<\/title>\n<meta name=\"robots\" content=\"index, follow, max-snippet:-1, max-image-preview:large, max-video-preview:-1\" \/>\n<link rel=\"canonical\" href=\"https:\/\/www.gaveanews.com\/index.php\/2025\/06\/05\/flamengo-x-chelsea-a-declaracao-de-enzo-maresca-sobre-a-torcida-do-brasil\/\" \/>\n<meta property=\"og:locale\" content=\"pt_BR\" \/>\n<meta property=\"og:type\" content=\"article\" \/>\n<meta property=\"og:title\" content=\"Flamengo x Chelsea: a declara\u00e7\u00e3o de Enzo Maresca sobre a torcida do brasil\" \/>\n<meta property=\"og:description\" content=\"Com a aproxima\u00e7\u00e3o do aguardado confronto entre Flamengo e Chelsea no Mundial de Clubes, o t\u00e9cnico do time ingl\u00eas, Enzo Maresca, surpreendeu ao elogiar a torcida brasileira. Sendo assim, o clima para o duelo que acontece no dia 20 de junho, na Filad\u00e9lfia, j\u00e1 come\u00e7a a esquentar dentro e fora de campo. Por isso, a [&hellip;]\" \/>\n<meta property=\"og:url\" content=\"https:\/\/www.gaveanews.com\/index.php\/2025\/06\/05\/flamengo-x-chelsea-a-declaracao-de-enzo-maresca-sobre-a-torcida-do-brasil\/\" \/>\n<meta property=\"og:site_name\" content=\"G\u00e1vea News\" \/>\n<meta property=\"article:publisher\" content=\"https:\/\/facebook.com\/gaveaNews\/\" \/>\n<meta property=\"article:published_time\" content=\"2025-06-05T14:15:00+00:00\" \/>\n<meta property=\"og:image\" content=\"https:\/\/www.gaveanews.com\/wp-content\/uploads\/Torcida-do-Flamengo-faz-a-festa-na-Arena-Castelao-em-Sao-Luis-no-Maranhao.webp\" \/>\n\t<meta property=\"og:image:width\" content=\"1200\" \/>\n\t<meta property=\"og:image:height\" content=\"900\" \/>\n\t<meta property=\"og:image:type\" content=\"image\/webp\" \/>\n<meta name=\"author\" content=\"Leandro Cardoso\" \/>\n<meta name=\"twitter:card\" content=\"summary_large_image\" \/>\n<meta name=\"twitter:label1\" content=\"Escrito por\" \/>\n\t<meta name=\"twitter:data1\" content=\"Leandro Cardoso\" \/>\n\t<meta name=\"twitter:label2\" content=\"Est. tempo de leitura\" \/>\n\t<meta name=\"twitter:data2\" content=\"3 minutos\" \/>\n<script type=\"application\/ld+json\" class=\"yoast-schema-graph\">{\"@context\":\"https:\/\/schema.org\",\"@graph\":[{\"@type\":\"NewsArticle\",\"@id\":\"https:\/\/www.gaveanews.com\/index.php\/2025\/06\/05\/flamengo-x-chelsea-a-declaracao-de-enzo-maresca-sobre-a-torcida-do-brasil\/#article\",\"isPartOf\":{\"@id\":\"https:\/\/www.gaveanews.com\/index.php\/2025\/06\/05\/flamengo-x-chelsea-a-declaracao-de-enzo-maresca-sobre-a-torcida-do-brasil\/\"},\"author\":{\"name\":\"Leandro Cardoso\",\"@id\":\"https:\/\/www.gaveanews.com\/#\/schema\/person\/2424ec6409bc3f068411fc5e4e9b6168\"},\"headline\":\"Flamengo x Chelsea: a declara\u00e7\u00e3o de Enzo Maresca sobre a torcida do brasil\",\"datePublished\":\"2025-06-05T14:15:00+00:00\",\"mainEntityOfPage\":{\"@id\":\"https:\/\/www.gaveanews.com\/index.php\/2025\/06\/05\/flamengo-x-chelsea-a-declaracao-de-enzo-maresca-sobre-a-torcida-do-brasil\/\"},\"wordCount\":398,\"commentCount\":0,\"image\":{\"@id\":\"https:\/\/www.gaveanews.com\/index.php\/2025\/06\/05\/flamengo-x-chelsea-a-declaracao-de-enzo-maresca-sobre-a-torcida-do-brasil\/#primaryimage\"},\"thumbnailUrl\":\"https:\/\/www.gaveanews.com\/wp-content\/uploads\/Torcida-do-Flamengo-faz-a-festa-na-Arena-Castelao-em-Sao-Luis-no-Maranhao.webp\",\"articleSection\":[\"Chelsea\",\"Flamengo\"],\"inLanguage\":\"pt-BR\",\"potentialAction\":[{\"@type\":\"CommentAction\",\"name\":\"Comment\",\"target\":[\"https:\/\/www.gaveanews.com\/index.php\/2025\/06\/05\/flamengo-x-chelsea-a-declaracao-de-enzo-maresca-sobre-a-torcida-do-brasil\/#respond\"]}],\"copyrightYear\":\"2025\",\"copyrightHolder\":{\"@id\":\"https:\/\/www.gaveanews.com\/#organization\"}},{\"@type\":\"WebPage\",\"@id\":\"https:\/\/www.gaveanews.com\/index.php\/2025\/06\/05\/flamengo-x-chelsea-a-declaracao-de-enzo-maresca-sobre-a-torcida-do-brasil\/\",\"url\":\"https:\/\/www.gaveanews.com\/index.php\/2025\/06\/05\/flamengo-x-chelsea-a-declaracao-de-enzo-maresca-sobre-a-torcida-do-brasil\/\",\"name\":\"Flamengo x Chelsea: a declara\u00e7\u00e3o de Enzo Maresca sobre a torcida do brasil\",\"isPartOf\":{\"@id\":\"https:\/\/www.gaveanews.com\/#website\"},\"primaryImageOfPage\":{\"@id\":\"https:\/\/www.gaveanews.com\/index.php\/2025\/06\/05\/flamengo-x-chelsea-a-declaracao-de-enzo-maresca-sobre-a-torcida-do-brasil\/#primaryimage\"},\"image\":{\"@id\":\"https:\/\/www.gaveanews.com\/index.php\/2025\/06\/05\/flamengo-x-chelsea-a-declaracao-de-enzo-maresca-sobre-a-torcida-do-brasil\/#primaryimage\"},\"thumbnailUrl\":\"https:\/\/www.gaveanews.com\/wp-content\/uploads\/Torcida-do-Flamengo-faz-a-festa-na-Arena-Castelao-em-Sao-Luis-no-Maranhao.webp\",\"datePublished\":\"2025-06-05T14:15:00+00:00\",\"author\":{\"@id\":\"https:\/\/www.gaveanews.com\/#\/schema\/person\/2424ec6409bc3f068411fc5e4e9b6168\"},\"breadcrumb\":{\"@id\":\"https:\/\/www.gaveanews.com\/index.php\/2025\/06\/05\/flamengo-x-chelsea-a-declaracao-de-enzo-maresca-sobre-a-torcida-do-brasil\/#breadcrumb\"},\"inLanguage\":\"pt-BR\",\"potentialAction\":[{\"@type\":\"ReadAction\",\"target\":[\"https:\/\/www.gaveanews.com\/index.php\/2025\/06\/05\/flamengo-x-chelsea-a-declaracao-de-enzo-maresca-sobre-a-torcida-do-brasil\/\"]}]},{\"@type\":\"ImageObject\",\"inLanguage\":\"pt-BR\",\"@id\":\"https:\/\/www.gaveanews.com\/index.php\/2025\/06\/05\/flamengo-x-chelsea-a-declaracao-de-enzo-maresca-sobre-a-torcida-do-brasil\/#primaryimage\",\"url\":\"https:\/\/www.gaveanews.com\/wp-content\/uploads\/Torcida-do-Flamengo-faz-a-festa-na-Arena-Castelao-em-Sao-Luis-no-Maranhao.webp\",\"contentUrl\":\"https:\/\/www.gaveanews.com\/wp-content\/uploads\/Torcida-do-Flamengo-faz-a-festa-na-Arena-Castelao-em-Sao-Luis-no-Maranhao.webp\",\"width\":1200,\"height\":900,\"caption\":\"Torcida do Flamengo faz a festa na Arena Castel\u00e3o, em S\u00e3o Lu\u00eds, no Maranh\u00e3o - Foto: Gilvan de Souza\/CRF\"},{\"@type\":\"BreadcrumbList\",\"@id\":\"https:\/\/www.gaveanews.com\/index.php\/2025\/06\/05\/flamengo-x-chelsea-a-declaracao-de-enzo-maresca-sobre-a-torcida-do-brasil\/#breadcrumb\",\"itemListElement\":[{\"@type\":\"ListItem\",\"position\":1,\"name\":\"Home\",\"item\":\"https:\/\/www.gaveanews.com\/\"},{\"@type\":\"ListItem\",\"position\":2,\"name\":\"Flamengo x Chelsea: a declara\u00e7\u00e3o de Enzo Maresca sobre a torcida do brasil\"}]},{\"@type\":\"WebSite\",\"@id\":\"https:\/\/www.gaveanews.com\/#website\",\"url\":\"https:\/\/www.gaveanews.com\/\",\"name\":\"G\u00e1vea News\",\"description\":\"Veja todas as not\u00edcias sobre o Flamengo: Contrata\u00e7\u00f5es, categorias de base, resultados das partidas, tabela de classifica\u00e7\u00e3o, pr\u00f3ximos jogos!\",\"potentialAction\":[{\"@type\":\"SearchAction\",\"target\":{\"@type\":\"EntryPoint\",\"urlTemplate\":\"https:\/\/www.gaveanews.com\/?s={search_term_string}\"},\"query-input\":{\"@type\":\"PropertyValueSpecification\",\"valueRequired\":true,\"valueName\":\"search_term_string\"}}],\"inLanguage\":\"pt-BR\"},{\"@type\":\"Person\",\"@id\":\"https:\/\/www.gaveanews.com\/#\/schema\/person\/2424ec6409bc3f068411fc5e4e9b6168\",\"name\":\"Leandro Cardoso\",\"image\":{\"@type\":\"ImageObject\",\"inLanguage\":\"pt-BR\",\"@id\":\"https:\/\/www.gaveanews.com\/#\/schema\/person\/image\/\",\"url\":\"https:\/\/secure.gravatar.com\/avatar\/8ca179f9b55eefe9f376f5493ef25475bfa59fbc28ce937f6076ce20e523098f?s=96&d=mm&r=g\",\"contentUrl\":\"https:\/\/secure.gravatar.com\/avatar\/8ca179f9b55eefe9f376f5493ef25475bfa59fbc28ce937f6076ce20e523098f?s=96&d=mm&r=g\",\"caption\":\"Leandro Cardoso\"}}]}<\/script>\n<!-- \/ Yoast SEO Premium plugin. -->","yoast_head_json":{"title":"Flamengo x Chelsea: a declara\u00e7\u00e3o de Enzo Maresca sobre a torcida do brasil","robots":{"index":"index","follow":"follow","max-snippet":"max-snippet:-1","max-image-preview":"max-image-preview:large","max-video-preview":"max-video-preview:-1"},"canonical":"https:\/\/www.gaveanews.com\/index.php\/2025\/06\/05\/flamengo-x-chelsea-a-declaracao-de-enzo-maresca-sobre-a-torcida-do-brasil\/","og_locale":"pt_BR","og_type":"article","og_title":"Flamengo x Chelsea: a declara\u00e7\u00e3o de Enzo Maresca sobre a torcida do brasil","og_description":"Com a aproxima\u00e7\u00e3o do aguardado confronto entre Flamengo e Chelsea no Mundial de Clubes, o t\u00e9cnico do time ingl\u00eas, Enzo Maresca, surpreendeu ao elogiar a torcida brasileira. Sendo assim, o clima para o duelo que acontece no dia 20 de junho, na Filad\u00e9lfia, j\u00e1 come\u00e7a a esquentar dentro e fora de campo. Por isso, a [&hellip;]","og_url":"https:\/\/www.gaveanews.com\/index.php\/2025\/06\/05\/flamengo-x-chelsea-a-declaracao-de-enzo-maresca-sobre-a-torcida-do-brasil\/","og_site_name":"G\u00e1vea News","article_publisher":"https:\/\/facebook.com\/gaveaNews\/","article_published_time":"2025-06-05T14:15:00+00:00","og_image":[{"width":1200,"height":900,"url":"https:\/\/www.gaveanews.com\/wp-content\/uploads\/Torcida-do-Flamengo-faz-a-festa-na-Arena-Castelao-em-Sao-Luis-no-Maranhao.webp","type":"image\/webp"}],"author":"Leandro Cardoso","twitter_card":"summary_large_image","twitter_misc":{"Escrito por":"Leandro Cardoso","Est. tempo de leitura":"3 minutos"},"schema":{"@context":"https:\/\/schema.org","@graph":[{"@type":"NewsArticle","@id":"https:\/\/www.gaveanews.com\/index.php\/2025\/06\/05\/flamengo-x-chelsea-a-declaracao-de-enzo-maresca-sobre-a-torcida-do-brasil\/#article","isPartOf":{"@id":"https:\/\/www.gaveanews.com\/index.php\/2025\/06\/05\/flamengo-x-chelsea-a-declaracao-de-enzo-maresca-sobre-a-torcida-do-brasil\/"},"author":{"name":"Leandro Cardoso","@id":"https:\/\/www.gaveanews.com\/#\/schema\/person\/2424ec6409bc3f068411fc5e4e9b6168"},"headline":"Flamengo x Chelsea: a declara\u00e7\u00e3o de Enzo Maresca sobre a torcida do brasil","datePublished":"2025-06-05T14:15:00+00:00","mainEntityOfPage":{"@id":"https:\/\/www.gaveanews.com\/index.php\/2025\/06\/05\/flamengo-x-chelsea-a-declaracao-de-enzo-maresca-sobre-a-torcida-do-brasil\/"},"wordCount":398,"commentCount":0,"image":{"@id":"https:\/\/www.gaveanews.com\/index.php\/2025\/06\/05\/flamengo-x-chelsea-a-declaracao-de-enzo-maresca-sobre-a-torcida-do-brasil\/#primaryimage"},"thumbnailUrl":"https:\/\/www.gaveanews.com\/wp-content\/uploads\/Torcida-do-Flamengo-faz-a-festa-na-Arena-Castelao-em-Sao-Luis-no-Maranhao.webp","articleSection":["Chelsea","Flamengo"],"inLanguage":"pt-BR","potentialAction":[{"@type":"CommentAction","name":"Comment","target":["https:\/\/www.gaveanews.com\/index.php\/2025\/06\/05\/flamengo-x-chelsea-a-declaracao-de-enzo-maresca-sobre-a-torcida-do-brasil\/#respond"]}],"copyrightYear":"2025","copyrightHolder":{"@id":"https:\/\/www.gaveanews.com\/#organization"}},{"@type":"WebPage","@id":"https:\/\/www.gaveanews.com\/index.php\/2025\/06\/05\/flamengo-x-chelsea-a-declaracao-de-enzo-maresca-sobre-a-torcida-do-brasil\/","url":"https:\/\/www.gaveanews.com\/index.php\/2025\/06\/05\/flamengo-x-chelsea-a-declaracao-de-enzo-maresca-sobre-a-torcida-do-brasil\/","name":"Flamengo x Chelsea: a declara\u00e7\u00e3o de Enzo Maresca sobre a torcida do brasil","isPartOf":{"@id":"https:\/\/www.gaveanews.com\/#website"},"primaryImageOfPage":{"@id":"https:\/\/www.gaveanews.com\/index.php\/2025\/06\/05\/flamengo-x-chelsea-a-declaracao-de-enzo-maresca-sobre-a-torcida-do-brasil\/#primaryimage"},"image":{"@id":"https:\/\/www.gaveanews.com\/index.php\/2025\/06\/05\/flamengo-x-chelsea-a-declaracao-de-enzo-maresca-sobre-a-torcida-do-brasil\/#primaryimage"},"thumbnailUrl":"https:\/\/www.gaveanews.com\/wp-content\/uploads\/Torcida-do-Flamengo-faz-a-festa-na-Arena-Castelao-em-Sao-Luis-no-Maranhao.webp","datePublished":"2025-06-05T14:15:00+00:00","author":{"@id":"https:\/\/www.gaveanews.com\/#\/schema\/person\/2424ec6409bc3f068411fc5e4e9b6168"},"breadcrumb":{"@id":"https:\/\/www.gaveanews.com\/index.php\/2025\/06\/05\/flamengo-x-chelsea-a-declaracao-de-enzo-maresca-sobre-a-torcida-do-brasil\/#breadcrumb"},"inLanguage":"pt-BR","potentialAction":[{"@type":"ReadAction","target":["https:\/\/www.gaveanews.com\/index.php\/2025\/06\/05\/flamengo-x-chelsea-a-declaracao-de-enzo-maresca-sobre-a-torcida-do-brasil\/"]}]},{"@type":"ImageObject","inLanguage":"pt-BR","@id":"https:\/\/www.gaveanews.com\/index.php\/2025\/06\/05\/flamengo-x-chelsea-a-declaracao-de-enzo-maresca-sobre-a-torcida-do-brasil\/#primaryimage","url":"https:\/\/www.gaveanews.com\/wp-content\/uploads\/Torcida-do-Flamengo-faz-a-festa-na-Arena-Castelao-em-Sao-Luis-no-Maranhao.webp","contentUrl":"https:\/\/www.gaveanews.com\/wp-content\/uploads\/Torcida-do-Flamengo-faz-a-festa-na-Arena-Castelao-em-Sao-Luis-no-Maranhao.webp","width":1200,"height":900,"caption":"Torcida do Flamengo faz a festa na Arena Castel\u00e3o, em S\u00e3o Lu\u00eds, no Maranh\u00e3o - Foto: Gilvan de Souza\/CRF"},{"@type":"BreadcrumbList","@id":"https:\/\/www.gaveanews.com\/index.php\/2025\/06\/05\/flamengo-x-chelsea-a-declaracao-de-enzo-maresca-sobre-a-torcida-do-brasil\/#breadcrumb","itemListElement":[{"@type":"ListItem","position":1,"name":"Home","item":"https:\/\/www.gaveanews.com\/"},{"@type":"ListItem","position":2,"name":"Flamengo x Chelsea: a declara\u00e7\u00e3o de Enzo Maresca sobre a torcida do brasil"}]},{"@type":"WebSite","@id":"https:\/\/www.gaveanews.com\/#website","url":"https:\/\/www.gaveanews.com\/","name":"G\u00e1vea News","description":"Veja todas as not\u00edcias sobre o Flamengo: Contrata\u00e7\u00f5es, categorias de base, resultados das partidas, tabela de classifica\u00e7\u00e3o, pr\u00f3ximos jogos!","potentialAction":[{"@type":"SearchAction","target":{"@type":"EntryPoint","urlTemplate":"https:\/\/www.gaveanews.com\/?s={search_term_string}"},"query-input":{"@type":"PropertyValueSpecification","valueRequired":true,"valueName":"search_term_string"}}],"inLanguage":"pt-BR"},{"@type":"Person","@id":"https:\/\/www.gaveanews.com\/#\/schema\/person\/2424ec6409bc3f068411fc5e4e9b6168","name":"Leandro Cardoso","image":{"@type":"ImageObject","inLanguage":"pt-BR","@id":"https:\/\/www.gaveanews.com\/#\/schema\/person\/image\/","url":"https:\/\/secure.gravatar.com\/avatar\/8ca179f9b55eefe9f376f5493ef25475bfa59fbc28ce937f6076ce20e523098f?s=96&d=mm&r=g","contentUrl":"https:\/\/secure.gravatar.com\/avatar\/8ca179f9b55eefe9f376f5493ef25475bfa59fbc28ce937f6076ce20e523098f?s=96&d=mm&r=g","caption":"Leandro Cardoso"}}]}},"_links":{"self":[{"href":"https:\/\/www.gaveanews.com\/index.php\/wp-json\/wp\/v2\/posts\/269932","targetHints":{"allow":["GET"]}}],"collection":[{"href":"https:\/\/www.gaveanews.com\/index.php\/wp-json\/wp\/v2\/posts"}],"about":[{"href":"https:\/\/www.gaveanews.com\/index.php\/wp-json\/wp\/v2\/types\/post"}],"author":[{"embeddable":true,"href":"https:\/\/www.gaveanews.com\/index.php\/wp-json\/wp\/v2\/users\/24"}],"replies":[{"embeddable":true,"href":"https:\/\/www.gaveanews.com\/index.php\/wp-json\/wp\/v2\/comments?post=269932"}],"version-history":[{"count":1,"href":"https:\/\/www.gaveanews.com\/index.php\/wp-json\/wp\/v2\/posts\/269932\/revisions"}],"predecessor-version":[{"id":269933,"href":"https:\/\/www.gaveanews.com\/index.php\/wp-json\/wp\/v2\/posts\/269932\/revisions\/269933"}],"wp:featuredmedia":[{"embeddable":true,"href":"https:\/\/www.gaveanews.com\/index.php\/wp-json\/wp\/v2\/media\/260116"}],"wp:attachment":[{"href":"https:\/\/www.gaveanews.com\/index.php\/wp-json\/wp\/v2\/media?parent=269932"}],"wp:term":[{"taxonomy":"category","embeddable":true,"href":"https:\/\/www.gaveanews.com\/index.php\/wp-json\/wp\/v2\/categories?post=269932"},{"taxonomy":"post_tag","embeddable":true,"href":"https:\/\/www.gaveanews.com\/index.php\/wp-json\/wp\/v2\/tags?post=269932"}],"curies":[{"name":"wp","href":"https:\/\/api.w.org\/{rel}","templated":true}]}}