{"id":27028,"date":"2019-09-08T15:47:08","date_gmt":"2019-09-08T18:47:08","guid":{"rendered":"http:\/\/www.gaveanews.com\/?p=27028"},"modified":"2019-09-08T15:47:09","modified_gmt":"2019-09-08T18:47:09","slug":"imprensa-analisa-vitoria-do-lider-flamengo-sobre-o-avai-veja-as-opinioes","status":"publish","type":"post","link":"https:\/\/www.gaveanews.com\/index.php\/2019\/09\/08\/imprensa-analisa-vitoria-do-lider-flamengo-sobre-o-avai-veja-as-opinioes\/","title":{"rendered":"Imprensa analisa vit\u00f3ria do l\u00edder Flamengo sobre o Ava\u00ed; veja as opini\u00f5es"},"content":{"rendered":"\n<p>Em partida realizada no est\u00e1dio do Man\u00e9 Garrincha, na cidade de Bras\u00edlia, o time do Flamengo, comandado pelo t\u00e9cnico portugu\u00eas <strong><a href=\"http:\/\/www.gaveanews.com\/?s=jorge+jesus\">Jorge Jesus<\/a><\/strong>, bateu a equipe do Ava\u00ed, treinada por Alberto Valentim, pelo placar de 3&#215;0, na tarde do \u00faltimo s\u00e1bado (07 de setembro), pela d\u00e9cima oitava rodada do <strong><a href=\"http:\/\/www.gaveanews.com\/index.php\/tabela-do-brasileirao\/\">Brasileir\u00e3o S\u00e9rie A<\/a><\/strong>. <\/p>\n\n\n\n<p>Com o conquista de mais tr\u00eas pontos, o Mais Querido do Brasil alcan\u00e7ou a marca de 39 pontos e continua na lideran\u00e7a da competi\u00e7\u00e3o nacional.<\/p>\n\n\n\n<p><strong>Confira abaixo a an\u00e1lise da imprensa:<\/strong><\/p>\n\n\n\n<p>Marcelo Barreto (SporTV): impressionante como o Flamengo n\u00e3o tem diminu\u00eddo o ritmo. Gerson mandou no jogo, uma atua\u00e7\u00e3o impressionante.<\/p>\n\n\n\n<p>Raphael Rezende (SporTV): Ava\u00ed produziu at\u00e9 mais do que esperado, mas \u00e9 uma equipe com Valentim que costuma jogar, mas acaba n\u00e3o conseguindo proteger a pr\u00f3pria \u00e1rea. A\u00ed entra uma outra quest\u00e3o: o mando invertido, como foi contra CSA e Vasco. Eu acho a equipe do Flamengo neste momento para fazer resultados como esses, mas n\u00e3o importa, n\u00e3o \u00e9 essa discuss\u00e3o. Isso \u00e9 ruim para o campeonato.<\/p>\n\n\n\n<p>Gian Oddi (ESPN Brasil): \u00e9 muito dif\u00edcil, raro, no futebol brasileiro ganhar e convencer com frequ\u00eancia. Mas, assim, o Flamengo ganha com tranquilidade, ele passeia. O Flamengo com muita facilidade desde o come\u00e7o do jogo.<\/p>\n\n\n\n<p>Mauro Cezar Pereira (ESPN Brasil): mais uma vit\u00f3ria do Flamengo por mais de tr\u00eas gols, como foi contra o Cear\u00e1, Vasco, Palmeiras e Ava\u00ed. Um ponto que vale a pena chamar aten\u00e7\u00e3o, al\u00e9m das aus\u00eancias importantes, como Bruno Henrique, Arrascaeta e Rodrigo Caio, os movimentos do time em campo e as op\u00e7\u00f5es do t\u00e9cnico portugu\u00eas Jorge Jesus. Na segunda etapa, o Flamengo vencia por 3 x 0, o jogo estava totalmente controlado, ali\u00e1s, o jogo estava controlado desde o momento que a bola rolou, o Ava\u00ed at\u00e9 criou chances de gol, o que evidencia um certo relaxamento e algumas defici\u00eancias defensivas que o time ainda tem, mas a proposta foge completamente do padr\u00e3o adotado pela maioria dos times brasileiros. O Flamengo continuou marcando press\u00e3o no campo advers\u00e1rio.<\/p>\n\n\n\n<p>Retirado de: Torcedores<\/p>\n\n\n","protected":false},"excerpt":{"rendered":"<p>Em partida realizada no est\u00e1dio do Man\u00e9 Garrincha, na cidade de Bras\u00edlia, o time do Flamengo, comandado pelo t\u00e9cnico portugu\u00eas Jorge Jesus, bateu a equipe do Ava\u00ed, treinada por Alberto Valentim, pelo placar de 3&#215;0, na tarde do \u00faltimo s\u00e1bado (07 de setembro), pela d\u00e9cima oitava rodada do Brasileir\u00e3o S\u00e9rie A. Com o conquista de [&hellip;]<\/p>\n","protected":false},"author":1,"featured_media":15035,"comment_status":"open","ping_status":"open","sticky":false,"template":"","format":"standard","meta":{"footnotes":""},"categories":[1],"tags":[],"class_list":["post-27028","post","type-post","status-publish","format-standard","has-post-thumbnail","hentry","category-flamengo"],"yoast_head":"<!-- This site is optimized with the Yoast SEO Premium plugin v24.2 (Yoast SEO v26.9) - https:\/\/yoast.com\/product\/yoast-seo-premium-wordpress\/ -->\n<title>Imprensa analisa vit\u00f3ria do l\u00edder Flamengo sobre o Ava\u00ed; veja as opini\u00f5es<\/title>\n<meta name=\"robots\" content=\"index, follow, max-snippet:-1, max-image-preview:large, max-video-preview:-1\" \/>\n<link rel=\"canonical\" href=\"https:\/\/www.gaveanews.com\/index.php\/2019\/09\/08\/imprensa-analisa-vitoria-do-lider-flamengo-sobre-o-avai-veja-as-opinioes\/\" \/>\n<meta property=\"og:locale\" content=\"pt_BR\" \/>\n<meta property=\"og:type\" content=\"article\" \/>\n<meta property=\"og:title\" content=\"Imprensa analisa vit\u00f3ria do l\u00edder Flamengo sobre o Ava\u00ed; veja as opini\u00f5es\" \/>\n<meta property=\"og:description\" content=\"Em partida realizada no est\u00e1dio do Man\u00e9 Garrincha, na cidade de Bras\u00edlia, o time do Flamengo, comandado pelo t\u00e9cnico portugu\u00eas Jorge Jesus, bateu a equipe do Ava\u00ed, treinada por Alberto Valentim, pelo placar de 3&#215;0, na tarde do \u00faltimo s\u00e1bado (07 de setembro), pela d\u00e9cima oitava rodada do Brasileir\u00e3o S\u00e9rie A. Com o conquista de [&hellip;]\" \/>\n<meta property=\"og:url\" content=\"https:\/\/www.gaveanews.com\/index.php\/2019\/09\/08\/imprensa-analisa-vitoria-do-lider-flamengo-sobre-o-avai-veja-as-opinioes\/\" \/>\n<meta property=\"og:site_name\" content=\"G\u00e1vea News\" \/>\n<meta property=\"article:publisher\" content=\"https:\/\/facebook.com\/gaveaNews\/\" \/>\n<meta property=\"article:published_time\" content=\"2019-09-08T18:47:08+00:00\" \/>\n<meta property=\"article:modified_time\" content=\"2019-09-08T18:47:09+00:00\" \/>\n<meta property=\"og:image\" content=\"https:\/\/www.gaveanews.com\/wp-content\/uploads\/2019\/03\/Taca-do-Campeonato-Brasileiro.webp\" \/>\n\t<meta property=\"og:image:width\" content=\"1\" \/>\n\t<meta property=\"og:image:height\" content=\"1\" \/>\n\t<meta property=\"og:image:type\" content=\"image\/jpeg\" \/>\n<meta name=\"author\" content=\"Equipe G\u00e1vea News\" \/>\n<meta name=\"twitter:card\" content=\"summary_large_image\" \/>\n<meta name=\"twitter:label1\" content=\"Escrito por\" \/>\n\t<meta name=\"twitter:data1\" content=\"Equipe G\u00e1vea News\" \/>\n\t<meta name=\"twitter:label2\" content=\"Est. tempo de leitura\" \/>\n\t<meta name=\"twitter:data2\" content=\"2 minutos\" \/>\n<script type=\"application\/ld+json\" class=\"yoast-schema-graph\">{\"@context\":\"https:\/\/schema.org\",\"@graph\":[{\"@type\":\"NewsArticle\",\"@id\":\"https:\/\/www.gaveanews.com\/index.php\/2019\/09\/08\/imprensa-analisa-vitoria-do-lider-flamengo-sobre-o-avai-veja-as-opinioes\/#article\",\"isPartOf\":{\"@id\":\"https:\/\/www.gaveanews.com\/index.php\/2019\/09\/08\/imprensa-analisa-vitoria-do-lider-flamengo-sobre-o-avai-veja-as-opinioes\/\"},\"author\":{\"name\":\"Equipe G\u00e1vea News\",\"@id\":\"https:\/\/www.gaveanews.com\/#\/schema\/person\/2ec14f73fb96be2caf28f91afb14749d\"},\"headline\":\"Imprensa analisa vit\u00f3ria do l\u00edder Flamengo sobre o Ava\u00ed; veja as opini\u00f5es\",\"datePublished\":\"2019-09-08T18:47:08+00:00\",\"dateModified\":\"2019-09-08T18:47:09+00:00\",\"mainEntityOfPage\":{\"@id\":\"https:\/\/www.gaveanews.com\/index.php\/2019\/09\/08\/imprensa-analisa-vitoria-do-lider-flamengo-sobre-o-avai-veja-as-opinioes\/\"},\"wordCount\":378,\"commentCount\":0,\"image\":{\"@id\":\"https:\/\/www.gaveanews.com\/index.php\/2019\/09\/08\/imprensa-analisa-vitoria-do-lider-flamengo-sobre-o-avai-veja-as-opinioes\/#primaryimage\"},\"thumbnailUrl\":\"https:\/\/www.gaveanews.com\/wp-content\/uploads\/2019\/03\/Taca-do-Campeonato-Brasileiro.webp\",\"articleSection\":[\"Flamengo\"],\"inLanguage\":\"pt-BR\",\"potentialAction\":[{\"@type\":\"CommentAction\",\"name\":\"Comment\",\"target\":[\"https:\/\/www.gaveanews.com\/index.php\/2019\/09\/08\/imprensa-analisa-vitoria-do-lider-flamengo-sobre-o-avai-veja-as-opinioes\/#respond\"]}],\"copyrightYear\":\"2019\",\"copyrightHolder\":{\"@id\":\"https:\/\/www.gaveanews.com\/#organization\"}},{\"@type\":\"WebPage\",\"@id\":\"https:\/\/www.gaveanews.com\/index.php\/2019\/09\/08\/imprensa-analisa-vitoria-do-lider-flamengo-sobre-o-avai-veja-as-opinioes\/\",\"url\":\"https:\/\/www.gaveanews.com\/index.php\/2019\/09\/08\/imprensa-analisa-vitoria-do-lider-flamengo-sobre-o-avai-veja-as-opinioes\/\",\"name\":\"Imprensa analisa vit\u00f3ria do l\u00edder Flamengo sobre o Ava\u00ed; veja as opini\u00f5es\",\"isPartOf\":{\"@id\":\"https:\/\/www.gaveanews.com\/#website\"},\"primaryImageOfPage\":{\"@id\":\"https:\/\/www.gaveanews.com\/index.php\/2019\/09\/08\/imprensa-analisa-vitoria-do-lider-flamengo-sobre-o-avai-veja-as-opinioes\/#primaryimage\"},\"image\":{\"@id\":\"https:\/\/www.gaveanews.com\/index.php\/2019\/09\/08\/imprensa-analisa-vitoria-do-lider-flamengo-sobre-o-avai-veja-as-opinioes\/#primaryimage\"},\"thumbnailUrl\":\"https:\/\/www.gaveanews.com\/wp-content\/uploads\/2019\/03\/Taca-do-Campeonato-Brasileiro.webp\",\"datePublished\":\"2019-09-08T18:47:08+00:00\",\"dateModified\":\"2019-09-08T18:47:09+00:00\",\"author\":{\"@id\":\"https:\/\/www.gaveanews.com\/#\/schema\/person\/2ec14f73fb96be2caf28f91afb14749d\"},\"breadcrumb\":{\"@id\":\"https:\/\/www.gaveanews.com\/index.php\/2019\/09\/08\/imprensa-analisa-vitoria-do-lider-flamengo-sobre-o-avai-veja-as-opinioes\/#breadcrumb\"},\"inLanguage\":\"pt-BR\",\"potentialAction\":[{\"@type\":\"ReadAction\",\"target\":[\"https:\/\/www.gaveanews.com\/index.php\/2019\/09\/08\/imprensa-analisa-vitoria-do-lider-flamengo-sobre-o-avai-veja-as-opinioes\/\"]}]},{\"@type\":\"ImageObject\",\"inLanguage\":\"pt-BR\",\"@id\":\"https:\/\/www.gaveanews.com\/index.php\/2019\/09\/08\/imprensa-analisa-vitoria-do-lider-flamengo-sobre-o-avai-veja-as-opinioes\/#primaryimage\",\"url\":\"https:\/\/www.gaveanews.com\/wp-content\/uploads\/2019\/03\/Taca-do-Campeonato-Brasileiro.webp\",\"contentUrl\":\"https:\/\/www.gaveanews.com\/wp-content\/uploads\/2019\/03\/Taca-do-Campeonato-Brasileiro.webp\",\"caption\":\"Ta\u00e7a do Campeonato Brasileiro (Foto: Rafael Ribeiro\/CBF)\"},{\"@type\":\"BreadcrumbList\",\"@id\":\"https:\/\/www.gaveanews.com\/index.php\/2019\/09\/08\/imprensa-analisa-vitoria-do-lider-flamengo-sobre-o-avai-veja-as-opinioes\/#breadcrumb\",\"itemListElement\":[{\"@type\":\"ListItem\",\"position\":1,\"name\":\"Home\",\"item\":\"https:\/\/www.gaveanews.com\/\"},{\"@type\":\"ListItem\",\"position\":2,\"name\":\"Imprensa analisa vit\u00f3ria do l\u00edder Flamengo sobre o Ava\u00ed; veja as opini\u00f5es\"}]},{\"@type\":\"WebSite\",\"@id\":\"https:\/\/www.gaveanews.com\/#website\",\"url\":\"https:\/\/www.gaveanews.com\/\",\"name\":\"G\u00e1vea News\",\"description\":\"Veja todas as not\u00edcias sobre o Flamengo: Contrata\u00e7\u00f5es, categorias de base, resultados das partidas, tabela de classifica\u00e7\u00e3o, pr\u00f3ximos jogos!\",\"potentialAction\":[{\"@type\":\"SearchAction\",\"target\":{\"@type\":\"EntryPoint\",\"urlTemplate\":\"https:\/\/www.gaveanews.com\/?s={search_term_string}\"},\"query-input\":{\"@type\":\"PropertyValueSpecification\",\"valueRequired\":true,\"valueName\":\"search_term_string\"}}],\"inLanguage\":\"pt-BR\"},{\"@type\":\"Person\",\"@id\":\"https:\/\/www.gaveanews.com\/#\/schema\/person\/2ec14f73fb96be2caf28f91afb14749d\",\"name\":\"Equipe G\u00e1vea News\",\"image\":{\"@type\":\"ImageObject\",\"inLanguage\":\"pt-BR\",\"@id\":\"https:\/\/www.gaveanews.com\/#\/schema\/person\/image\/\",\"url\":\"https:\/\/secure.gravatar.com\/avatar\/1e1956f1facbffd3f8fa53a326721950116b3b9dc9bd44939c01180fd4a745a9?s=96&d=mm&r=g\",\"contentUrl\":\"https:\/\/secure.gravatar.com\/avatar\/1e1956f1facbffd3f8fa53a326721950116b3b9dc9bd44939c01180fd4a745a9?s=96&d=mm&r=g\",\"caption\":\"Equipe G\u00e1vea News\"}}]}<\/script>\n<!-- \/ Yoast SEO Premium plugin. -->","yoast_head_json":{"title":"Imprensa analisa vit\u00f3ria do l\u00edder Flamengo sobre o Ava\u00ed; veja as opini\u00f5es","robots":{"index":"index","follow":"follow","max-snippet":"max-snippet:-1","max-image-preview":"max-image-preview:large","max-video-preview":"max-video-preview:-1"},"canonical":"https:\/\/www.gaveanews.com\/index.php\/2019\/09\/08\/imprensa-analisa-vitoria-do-lider-flamengo-sobre-o-avai-veja-as-opinioes\/","og_locale":"pt_BR","og_type":"article","og_title":"Imprensa analisa vit\u00f3ria do l\u00edder Flamengo sobre o Ava\u00ed; veja as opini\u00f5es","og_description":"Em partida realizada no est\u00e1dio do Man\u00e9 Garrincha, na cidade de Bras\u00edlia, o time do Flamengo, comandado pelo t\u00e9cnico portugu\u00eas Jorge Jesus, bateu a equipe do Ava\u00ed, treinada por Alberto Valentim, pelo placar de 3&#215;0, na tarde do \u00faltimo s\u00e1bado (07 de setembro), pela d\u00e9cima oitava rodada do Brasileir\u00e3o S\u00e9rie A. Com o conquista de [&hellip;]","og_url":"https:\/\/www.gaveanews.com\/index.php\/2019\/09\/08\/imprensa-analisa-vitoria-do-lider-flamengo-sobre-o-avai-veja-as-opinioes\/","og_site_name":"G\u00e1vea News","article_publisher":"https:\/\/facebook.com\/gaveaNews\/","article_published_time":"2019-09-08T18:47:08+00:00","article_modified_time":"2019-09-08T18:47:09+00:00","og_image":[{"url":"https:\/\/www.gaveanews.com\/wp-content\/uploads\/2019\/03\/Taca-do-Campeonato-Brasileiro.webp","width":1,"height":1,"type":"image\/jpeg"}],"author":"Equipe G\u00e1vea News","twitter_card":"summary_large_image","twitter_misc":{"Escrito por":"Equipe G\u00e1vea News","Est. tempo de leitura":"2 minutos"},"schema":{"@context":"https:\/\/schema.org","@graph":[{"@type":"NewsArticle","@id":"https:\/\/www.gaveanews.com\/index.php\/2019\/09\/08\/imprensa-analisa-vitoria-do-lider-flamengo-sobre-o-avai-veja-as-opinioes\/#article","isPartOf":{"@id":"https:\/\/www.gaveanews.com\/index.php\/2019\/09\/08\/imprensa-analisa-vitoria-do-lider-flamengo-sobre-o-avai-veja-as-opinioes\/"},"author":{"name":"Equipe G\u00e1vea News","@id":"https:\/\/www.gaveanews.com\/#\/schema\/person\/2ec14f73fb96be2caf28f91afb14749d"},"headline":"Imprensa analisa vit\u00f3ria do l\u00edder Flamengo sobre o Ava\u00ed; veja as opini\u00f5es","datePublished":"2019-09-08T18:47:08+00:00","dateModified":"2019-09-08T18:47:09+00:00","mainEntityOfPage":{"@id":"https:\/\/www.gaveanews.com\/index.php\/2019\/09\/08\/imprensa-analisa-vitoria-do-lider-flamengo-sobre-o-avai-veja-as-opinioes\/"},"wordCount":378,"commentCount":0,"image":{"@id":"https:\/\/www.gaveanews.com\/index.php\/2019\/09\/08\/imprensa-analisa-vitoria-do-lider-flamengo-sobre-o-avai-veja-as-opinioes\/#primaryimage"},"thumbnailUrl":"https:\/\/www.gaveanews.com\/wp-content\/uploads\/2019\/03\/Taca-do-Campeonato-Brasileiro.webp","articleSection":["Flamengo"],"inLanguage":"pt-BR","potentialAction":[{"@type":"CommentAction","name":"Comment","target":["https:\/\/www.gaveanews.com\/index.php\/2019\/09\/08\/imprensa-analisa-vitoria-do-lider-flamengo-sobre-o-avai-veja-as-opinioes\/#respond"]}],"copyrightYear":"2019","copyrightHolder":{"@id":"https:\/\/www.gaveanews.com\/#organization"}},{"@type":"WebPage","@id":"https:\/\/www.gaveanews.com\/index.php\/2019\/09\/08\/imprensa-analisa-vitoria-do-lider-flamengo-sobre-o-avai-veja-as-opinioes\/","url":"https:\/\/www.gaveanews.com\/index.php\/2019\/09\/08\/imprensa-analisa-vitoria-do-lider-flamengo-sobre-o-avai-veja-as-opinioes\/","name":"Imprensa analisa vit\u00f3ria do l\u00edder Flamengo sobre o Ava\u00ed; veja as opini\u00f5es","isPartOf":{"@id":"https:\/\/www.gaveanews.com\/#website"},"primaryImageOfPage":{"@id":"https:\/\/www.gaveanews.com\/index.php\/2019\/09\/08\/imprensa-analisa-vitoria-do-lider-flamengo-sobre-o-avai-veja-as-opinioes\/#primaryimage"},"image":{"@id":"https:\/\/www.gaveanews.com\/index.php\/2019\/09\/08\/imprensa-analisa-vitoria-do-lider-flamengo-sobre-o-avai-veja-as-opinioes\/#primaryimage"},"thumbnailUrl":"https:\/\/www.gaveanews.com\/wp-content\/uploads\/2019\/03\/Taca-do-Campeonato-Brasileiro.webp","datePublished":"2019-09-08T18:47:08+00:00","dateModified":"2019-09-08T18:47:09+00:00","author":{"@id":"https:\/\/www.gaveanews.com\/#\/schema\/person\/2ec14f73fb96be2caf28f91afb14749d"},"breadcrumb":{"@id":"https:\/\/www.gaveanews.com\/index.php\/2019\/09\/08\/imprensa-analisa-vitoria-do-lider-flamengo-sobre-o-avai-veja-as-opinioes\/#breadcrumb"},"inLanguage":"pt-BR","potentialAction":[{"@type":"ReadAction","target":["https:\/\/www.gaveanews.com\/index.php\/2019\/09\/08\/imprensa-analisa-vitoria-do-lider-flamengo-sobre-o-avai-veja-as-opinioes\/"]}]},{"@type":"ImageObject","inLanguage":"pt-BR","@id":"https:\/\/www.gaveanews.com\/index.php\/2019\/09\/08\/imprensa-analisa-vitoria-do-lider-flamengo-sobre-o-avai-veja-as-opinioes\/#primaryimage","url":"https:\/\/www.gaveanews.com\/wp-content\/uploads\/2019\/03\/Taca-do-Campeonato-Brasileiro.webp","contentUrl":"https:\/\/www.gaveanews.com\/wp-content\/uploads\/2019\/03\/Taca-do-Campeonato-Brasileiro.webp","caption":"Ta\u00e7a do Campeonato Brasileiro (Foto: Rafael Ribeiro\/CBF)"},{"@type":"BreadcrumbList","@id":"https:\/\/www.gaveanews.com\/index.php\/2019\/09\/08\/imprensa-analisa-vitoria-do-lider-flamengo-sobre-o-avai-veja-as-opinioes\/#breadcrumb","itemListElement":[{"@type":"ListItem","position":1,"name":"Home","item":"https:\/\/www.gaveanews.com\/"},{"@type":"ListItem","position":2,"name":"Imprensa analisa vit\u00f3ria do l\u00edder Flamengo sobre o Ava\u00ed; veja as opini\u00f5es"}]},{"@type":"WebSite","@id":"https:\/\/www.gaveanews.com\/#website","url":"https:\/\/www.gaveanews.com\/","name":"G\u00e1vea News","description":"Veja todas as not\u00edcias sobre o Flamengo: Contrata\u00e7\u00f5es, categorias de base, resultados das partidas, tabela de classifica\u00e7\u00e3o, pr\u00f3ximos jogos!","potentialAction":[{"@type":"SearchAction","target":{"@type":"EntryPoint","urlTemplate":"https:\/\/www.gaveanews.com\/?s={search_term_string}"},"query-input":{"@type":"PropertyValueSpecification","valueRequired":true,"valueName":"search_term_string"}}],"inLanguage":"pt-BR"},{"@type":"Person","@id":"https:\/\/www.gaveanews.com\/#\/schema\/person\/2ec14f73fb96be2caf28f91afb14749d","name":"Equipe G\u00e1vea News","image":{"@type":"ImageObject","inLanguage":"pt-BR","@id":"https:\/\/www.gaveanews.com\/#\/schema\/person\/image\/","url":"https:\/\/secure.gravatar.com\/avatar\/1e1956f1facbffd3f8fa53a326721950116b3b9dc9bd44939c01180fd4a745a9?s=96&d=mm&r=g","contentUrl":"https:\/\/secure.gravatar.com\/avatar\/1e1956f1facbffd3f8fa53a326721950116b3b9dc9bd44939c01180fd4a745a9?s=96&d=mm&r=g","caption":"Equipe G\u00e1vea News"}}]}},"_links":{"self":[{"href":"https:\/\/www.gaveanews.com\/index.php\/wp-json\/wp\/v2\/posts\/27028","targetHints":{"allow":["GET"]}}],"collection":[{"href":"https:\/\/www.gaveanews.com\/index.php\/wp-json\/wp\/v2\/posts"}],"about":[{"href":"https:\/\/www.gaveanews.com\/index.php\/wp-json\/wp\/v2\/types\/post"}],"author":[{"embeddable":true,"href":"https:\/\/www.gaveanews.com\/index.php\/wp-json\/wp\/v2\/users\/1"}],"replies":[{"embeddable":true,"href":"https:\/\/www.gaveanews.com\/index.php\/wp-json\/wp\/v2\/comments?post=27028"}],"version-history":[{"count":0,"href":"https:\/\/www.gaveanews.com\/index.php\/wp-json\/wp\/v2\/posts\/27028\/revisions"}],"wp:featuredmedia":[{"embeddable":true,"href":"https:\/\/www.gaveanews.com\/index.php\/wp-json\/wp\/v2\/media\/15035"}],"wp:attachment":[{"href":"https:\/\/www.gaveanews.com\/index.php\/wp-json\/wp\/v2\/media?parent=27028"}],"wp:term":[{"taxonomy":"category","embeddable":true,"href":"https:\/\/www.gaveanews.com\/index.php\/wp-json\/wp\/v2\/categories?post=27028"},{"taxonomy":"post_tag","embeddable":true,"href":"https:\/\/www.gaveanews.com\/index.php\/wp-json\/wp\/v2\/tags?post=27028"}],"curies":[{"name":"wp","href":"https:\/\/api.w.org\/{rel}","templated":true}]}}