{"id":270289,"date":"2025-06-06T13:30:00","date_gmt":"2025-06-06T16:30:00","guid":{"rendered":"https:\/\/www.gaveanews.com\/?p=270289"},"modified":"2025-06-06T13:27:34","modified_gmt":"2025-06-06T16:27:34","slug":"a-declaracao-de-craque-neto-direcionada-a-vinicius-jr-apos-brasil-x-equador","status":"publish","type":"post","link":"https:\/\/www.gaveanews.com\/index.php\/2025\/06\/06\/a-declaracao-de-craque-neto-direcionada-a-vinicius-jr-apos-brasil-x-equador\/","title":{"rendered":"A declara\u00e7\u00e3o de Craque Neto direcionada a Vinicius Jr ap\u00f3s Brasil x Equador"},"content":{"rendered":"\n<p>A estreia de Carlo Ancelotti no comando da Sele\u00e7\u00e3o Brasileira n\u00e3o teve o desfecho esperado pelos torcedores. Na noite de quinta-feira (5 de junho), o Brasil ficou no empate por 0 a 0 contra o Equador, em Guayaquil, pelas Eliminat\u00f3rias da Copa do Mundo de 2025. O resultado gerou rea\u00e7\u00f5es diversas, e uma das mais contundentes veio do ex-jogador Neto, atualmente comentarista na TV aberta.<\/p>\n\n\n\n<p>Em um v\u00eddeo publicado nas redes sociais, Neto fez duras cr\u00edticas \u00e0 atua\u00e7\u00e3o da equipe. Entre os jogadores citados nominalmente, estavam Andrey, Gabriel Martinelli e Matheus Cunha. &#8220;Voc\u00eas acham que a gente vai ganhar a Copa do Mundo com Andrey, Martinelli e Matheus Cunha? Voc\u00eas t\u00eam ideia dos nomes da Sele\u00e7\u00e3o do penta? Ronaldo, Ronaldinho e Rivaldo&#8221;, disparou.<\/p>\n\n\n\n<figure class=\"wp-block-image size-large\"><img loading=\"lazy\" decoding=\"async\" width=\"819\" height=\"1024\" src=\"http:\/\/www.gaveanews.com\/wp-content\/uploads\/Vinicius-Junior-exibe-o-escudo-do-Real-Madrid-apos-marcar-um-gol-pelo-time-da-Espanha-819x1024.webp\" alt=\"\" class=\"wp-image-96404\" srcset=\"https:\/\/www.gaveanews.com\/wp-content\/uploads\/Vinicius-Junior-exibe-o-escudo-do-Real-Madrid-apos-marcar-um-gol-pelo-time-da-Espanha-819x1024.webp 819w, https:\/\/www.gaveanews.com\/wp-content\/uploads\/Vinicius-Junior-exibe-o-escudo-do-Real-Madrid-apos-marcar-um-gol-pelo-time-da-Espanha-240x300.webp 240w, https:\/\/www.gaveanews.com\/wp-content\/uploads\/Vinicius-Junior-exibe-o-escudo-do-Real-Madrid-apos-marcar-um-gol-pelo-time-da-Espanha-768x960.webp 768w, https:\/\/www.gaveanews.com\/wp-content\/uploads\/Vinicius-Junior-exibe-o-escudo-do-Real-Madrid-apos-marcar-um-gol-pelo-time-da-Espanha-1229x1536.webp 1229w, https:\/\/www.gaveanews.com\/wp-content\/uploads\/Vinicius-Junior-exibe-o-escudo-do-Real-Madrid-apos-marcar-um-gol-pelo-time-da-Espanha-336x420.webp 336w, https:\/\/www.gaveanews.com\/wp-content\/uploads\/Vinicius-Junior-exibe-o-escudo-do-Real-Madrid-apos-marcar-um-gol-pelo-time-da-Espanha-672x840.webp 672w, https:\/\/www.gaveanews.com\/wp-content\/uploads\/Vinicius-Junior-exibe-o-escudo-do-Real-Madrid-apos-marcar-um-gol-pelo-time-da-Espanha-640x800.webp 640w, https:\/\/www.gaveanews.com\/wp-content\/uploads\/Vinicius-Junior-exibe-o-escudo-do-Real-Madrid-apos-marcar-um-gol-pelo-time-da-Espanha-1280x1600.webp 1280w, https:\/\/www.gaveanews.com\/wp-content\/uploads\/Vinicius-Junior-exibe-o-escudo-do-Real-Madrid-apos-marcar-um-gol-pelo-time-da-Espanha-681x851.webp 681w, https:\/\/www.gaveanews.com\/wp-content\/uploads\/Vinicius-Junior-exibe-o-escudo-do-Real-Madrid-apos-marcar-um-gol-pelo-time-da-Espanha-1362x1703.webp 1362w, https:\/\/www.gaveanews.com\/wp-content\/uploads\/Vinicius-Junior-exibe-o-escudo-do-Real-Madrid-apos-marcar-um-gol-pelo-time-da-Espanha-100x125.webp 100w, https:\/\/www.gaveanews.com\/wp-content\/uploads\/Vinicius-Junior-exibe-o-escudo-do-Real-Madrid-apos-marcar-um-gol-pelo-time-da-Espanha.webp 1440w\" sizes=\"auto, (max-width: 819px) 100vw, 819px\" \/><figcaption class=\"wp-element-caption\">Vinicius J\u00fanior exibe o escudo do Real Madrid ap\u00f3s marcar um gol pelo time da Espanha (Foto: Reprodu\u00e7\u00e3o\/Instagram)<\/figcaption><\/figure>\n\n\n\n<p>Conforme sua an\u00e1lise, o desempenho atual da Sele\u00e7\u00e3o distoa significativamente daquele apresentado por equipes campe\u00e3s do passado. Ali\u00e1s, ele ressaltou que ainda h\u00e1 quem critique jogadores como Rivaldo, em sua vis\u00e3o um dos grandes nomes da hist\u00f3ria da Sele\u00e7\u00e3o. \u201cJuro, que coisa feia. Que vergonha\u201d, completou o ex-atleta, ao demonstrar insatisfa\u00e7\u00e3o com o rendimento coletivo.<\/p>\n\n\n\n<p>Entretanto, uma cr\u00edtica espec\u00edfica foi dirigida ao atacante Vin\u00edcius J\u00fanior. Embora seja constantemente elogiado por suas atua\u00e7\u00f5es no Real Madrid, o camisa 7 tem deixado a desejar quando veste a camisa da Sele\u00e7\u00e3o. \u201cPor que n\u00e3o perguntam pro Vin\u00edcius Jr o motivo dele n\u00e3o fazer gol na Sele\u00e7\u00e3o Brasileira? Por que no Real Madrid, voc\u00ea joga muito, mas na Sele\u00e7\u00e3o \u00e9 um comum?\u201d, questionou Neto.<\/p>\n\n\n\n<p>O empate com o Equador foi apenas o primeiro dos dois compromissos da Sele\u00e7\u00e3o nesta Data Fifa. A equipe volta a campo na pr\u00f3xima ter\u00e7a-feira (10 de junho), quando enfrentar\u00e1 o Paraguai, \u00e0s 21h30 (hor\u00e1rio de Bras\u00edlia), na Neo Qu\u00edmica Arena, em S\u00e3o Paulo. O duelo \u00e9 mais uma oportunidade para Ancelotti buscar ajustes e tentar melhorar o rendimento da equipe.<\/p>\n\n\n\n<p>Atualmente, o Brasil ocupa a quarta posi\u00e7\u00e3o na tabela das Eliminat\u00f3rias Sul-Americanas, com 22 pontos somados em 15 partidas. A classifica\u00e7\u00e3o segue apertada, e os pr\u00f3ximos confrontos s\u00e3o considerados cruciais para o planejamento da equipe rumo \u00e0 Copa do Mundo.<\/p>\n","protected":false},"excerpt":{"rendered":"<p>A estreia de Carlo Ancelotti no comando da Sele\u00e7\u00e3o Brasileira n\u00e3o teve o desfecho esperado pelos torcedores. Na noite de quinta-feira (5 de junho), o Brasil ficou no empate por 0 a 0 contra o Equador, em Guayaquil, pelas Eliminat\u00f3rias da Copa do Mundo de 2025. O resultado gerou rea\u00e7\u00f5es diversas, e uma das mais [&hellip;]<\/p>\n","protected":false},"author":33,"featured_media":244433,"comment_status":"open","ping_status":"closed","sticky":false,"template":"","format":"standard","meta":{"footnotes":""},"categories":[478],"tags":[],"class_list":["post-270289","post","type-post","status-publish","format-standard","has-post-thumbnail","hentry","category-brasil"],"yoast_head":"<!-- This site is optimized with the Yoast SEO Premium plugin v24.2 (Yoast SEO v26.9) - https:\/\/yoast.com\/product\/yoast-seo-premium-wordpress\/ -->\n<title>A declara\u00e7\u00e3o de Craque Neto direcionada a Vinicius Jr ap\u00f3s Brasil x Equador<\/title>\n<meta name=\"robots\" content=\"index, follow, max-snippet:-1, max-image-preview:large, max-video-preview:-1\" \/>\n<link rel=\"canonical\" href=\"https:\/\/www.gaveanews.com\/index.php\/2025\/06\/06\/a-declaracao-de-craque-neto-direcionada-a-vinicius-jr-apos-brasil-x-equador\/\" \/>\n<meta property=\"og:locale\" content=\"pt_BR\" \/>\n<meta property=\"og:type\" content=\"article\" \/>\n<meta property=\"og:title\" content=\"A declara\u00e7\u00e3o de Craque Neto direcionada a Vinicius Jr ap\u00f3s Brasil x Equador\" \/>\n<meta property=\"og:description\" content=\"A estreia de Carlo Ancelotti no comando da Sele\u00e7\u00e3o Brasileira n\u00e3o teve o desfecho esperado pelos torcedores. Na noite de quinta-feira (5 de junho), o Brasil ficou no empate por 0 a 0 contra o Equador, em Guayaquil, pelas Eliminat\u00f3rias da Copa do Mundo de 2025. O resultado gerou rea\u00e7\u00f5es diversas, e uma das mais [&hellip;]\" \/>\n<meta property=\"og:url\" content=\"https:\/\/www.gaveanews.com\/index.php\/2025\/06\/06\/a-declaracao-de-craque-neto-direcionada-a-vinicius-jr-apos-brasil-x-equador\/\" \/>\n<meta property=\"og:site_name\" content=\"G\u00e1vea News\" \/>\n<meta property=\"article:publisher\" content=\"https:\/\/facebook.com\/gaveaNews\/\" \/>\n<meta property=\"article:published_time\" content=\"2025-06-06T16:30:00+00:00\" \/>\n<meta property=\"og:image\" content=\"https:\/\/www.gaveanews.com\/wp-content\/uploads\/Craque-Neto-apresentador-da-Band.webp\" \/>\n\t<meta property=\"og:image:width\" content=\"900\" \/>\n\t<meta property=\"og:image:height\" content=\"600\" \/>\n\t<meta property=\"og:image:type\" content=\"image\/jpeg\" \/>\n<meta name=\"author\" content=\"Brenda Cezillo\" \/>\n<meta name=\"twitter:card\" content=\"summary_large_image\" \/>\n<meta name=\"twitter:label1\" content=\"Escrito por\" \/>\n\t<meta name=\"twitter:data1\" content=\"Brenda Cezillo\" \/>\n\t<meta name=\"twitter:label2\" content=\"Est. tempo de leitura\" \/>\n\t<meta name=\"twitter:data2\" content=\"3 minutos\" \/>\n<script type=\"application\/ld+json\" class=\"yoast-schema-graph\">{\"@context\":\"https:\/\/schema.org\",\"@graph\":[{\"@type\":\"NewsArticle\",\"@id\":\"https:\/\/www.gaveanews.com\/index.php\/2025\/06\/06\/a-declaracao-de-craque-neto-direcionada-a-vinicius-jr-apos-brasil-x-equador\/#article\",\"isPartOf\":{\"@id\":\"https:\/\/www.gaveanews.com\/index.php\/2025\/06\/06\/a-declaracao-de-craque-neto-direcionada-a-vinicius-jr-apos-brasil-x-equador\/\"},\"author\":{\"name\":\"Brenda Cezillo\",\"@id\":\"https:\/\/www.gaveanews.com\/#\/schema\/person\/c79759ca337c40791ae8d08e2923d403\"},\"headline\":\"A declara\u00e7\u00e3o de Craque Neto direcionada a Vinicius Jr ap\u00f3s Brasil x Equador\",\"datePublished\":\"2025-06-06T16:30:00+00:00\",\"mainEntityOfPage\":{\"@id\":\"https:\/\/www.gaveanews.com\/index.php\/2025\/06\/06\/a-declaracao-de-craque-neto-direcionada-a-vinicius-jr-apos-brasil-x-equador\/\"},\"wordCount\":411,\"commentCount\":0,\"image\":{\"@id\":\"https:\/\/www.gaveanews.com\/index.php\/2025\/06\/06\/a-declaracao-de-craque-neto-direcionada-a-vinicius-jr-apos-brasil-x-equador\/#primaryimage\"},\"thumbnailUrl\":\"https:\/\/www.gaveanews.com\/wp-content\/uploads\/Craque-Neto-apresentador-da-Band.webp\",\"articleSection\":[\"Brasil\"],\"inLanguage\":\"pt-BR\",\"potentialAction\":[{\"@type\":\"CommentAction\",\"name\":\"Comment\",\"target\":[\"https:\/\/www.gaveanews.com\/index.php\/2025\/06\/06\/a-declaracao-de-craque-neto-direcionada-a-vinicius-jr-apos-brasil-x-equador\/#respond\"]}],\"copyrightYear\":\"2025\",\"copyrightHolder\":{\"@id\":\"https:\/\/www.gaveanews.com\/#organization\"}},{\"@type\":\"WebPage\",\"@id\":\"https:\/\/www.gaveanews.com\/index.php\/2025\/06\/06\/a-declaracao-de-craque-neto-direcionada-a-vinicius-jr-apos-brasil-x-equador\/\",\"url\":\"https:\/\/www.gaveanews.com\/index.php\/2025\/06\/06\/a-declaracao-de-craque-neto-direcionada-a-vinicius-jr-apos-brasil-x-equador\/\",\"name\":\"A declara\u00e7\u00e3o de Craque Neto direcionada a Vinicius Jr ap\u00f3s Brasil x Equador\",\"isPartOf\":{\"@id\":\"https:\/\/www.gaveanews.com\/#website\"},\"primaryImageOfPage\":{\"@id\":\"https:\/\/www.gaveanews.com\/index.php\/2025\/06\/06\/a-declaracao-de-craque-neto-direcionada-a-vinicius-jr-apos-brasil-x-equador\/#primaryimage\"},\"image\":{\"@id\":\"https:\/\/www.gaveanews.com\/index.php\/2025\/06\/06\/a-declaracao-de-craque-neto-direcionada-a-vinicius-jr-apos-brasil-x-equador\/#primaryimage\"},\"thumbnailUrl\":\"https:\/\/www.gaveanews.com\/wp-content\/uploads\/Craque-Neto-apresentador-da-Band.webp\",\"datePublished\":\"2025-06-06T16:30:00+00:00\",\"author\":{\"@id\":\"https:\/\/www.gaveanews.com\/#\/schema\/person\/c79759ca337c40791ae8d08e2923d403\"},\"breadcrumb\":{\"@id\":\"https:\/\/www.gaveanews.com\/index.php\/2025\/06\/06\/a-declaracao-de-craque-neto-direcionada-a-vinicius-jr-apos-brasil-x-equador\/#breadcrumb\"},\"inLanguage\":\"pt-BR\",\"potentialAction\":[{\"@type\":\"ReadAction\",\"target\":[\"https:\/\/www.gaveanews.com\/index.php\/2025\/06\/06\/a-declaracao-de-craque-neto-direcionada-a-vinicius-jr-apos-brasil-x-equador\/\"]}]},{\"@type\":\"ImageObject\",\"inLanguage\":\"pt-BR\",\"@id\":\"https:\/\/www.gaveanews.com\/index.php\/2025\/06\/06\/a-declaracao-de-craque-neto-direcionada-a-vinicius-jr-apos-brasil-x-equador\/#primaryimage\",\"url\":\"https:\/\/www.gaveanews.com\/wp-content\/uploads\/Craque-Neto-apresentador-da-Band.webp\",\"contentUrl\":\"https:\/\/www.gaveanews.com\/wp-content\/uploads\/Craque-Neto-apresentador-da-Band.webp\",\"width\":900,\"height\":600,\"caption\":\"Craque Neto, apresentador da Band (Foto: Kelly Fuzaro\/Band)\"},{\"@type\":\"BreadcrumbList\",\"@id\":\"https:\/\/www.gaveanews.com\/index.php\/2025\/06\/06\/a-declaracao-de-craque-neto-direcionada-a-vinicius-jr-apos-brasil-x-equador\/#breadcrumb\",\"itemListElement\":[{\"@type\":\"ListItem\",\"position\":1,\"name\":\"Home\",\"item\":\"https:\/\/www.gaveanews.com\/\"},{\"@type\":\"ListItem\",\"position\":2,\"name\":\"A declara\u00e7\u00e3o de Craque Neto direcionada a Vinicius Jr ap\u00f3s Brasil x Equador\"}]},{\"@type\":\"WebSite\",\"@id\":\"https:\/\/www.gaveanews.com\/#website\",\"url\":\"https:\/\/www.gaveanews.com\/\",\"name\":\"G\u00e1vea News\",\"description\":\"Veja todas as not\u00edcias sobre o Flamengo: Contrata\u00e7\u00f5es, categorias de base, resultados das partidas, tabela de classifica\u00e7\u00e3o, pr\u00f3ximos jogos!\",\"potentialAction\":[{\"@type\":\"SearchAction\",\"target\":{\"@type\":\"EntryPoint\",\"urlTemplate\":\"https:\/\/www.gaveanews.com\/?s={search_term_string}\"},\"query-input\":{\"@type\":\"PropertyValueSpecification\",\"valueRequired\":true,\"valueName\":\"search_term_string\"}}],\"inLanguage\":\"pt-BR\"},{\"@type\":\"Person\",\"@id\":\"https:\/\/www.gaveanews.com\/#\/schema\/person\/c79759ca337c40791ae8d08e2923d403\",\"name\":\"Brenda Cezillo\",\"image\":{\"@type\":\"ImageObject\",\"inLanguage\":\"pt-BR\",\"@id\":\"https:\/\/www.gaveanews.com\/#\/schema\/person\/image\/\",\"url\":\"https:\/\/secure.gravatar.com\/avatar\/1738d75cee7317f9c29ae61dd67620c5883d80a92e42a6fff88ae5d527af217a?s=96&d=mm&r=g\",\"contentUrl\":\"https:\/\/secure.gravatar.com\/avatar\/1738d75cee7317f9c29ae61dd67620c5883d80a92e42a6fff88ae5d527af217a?s=96&d=mm&r=g\",\"caption\":\"Brenda Cezillo\"}}]}<\/script>\n<!-- \/ Yoast SEO Premium plugin. -->","yoast_head_json":{"title":"A declara\u00e7\u00e3o de Craque Neto direcionada a Vinicius Jr ap\u00f3s Brasil x Equador","robots":{"index":"index","follow":"follow","max-snippet":"max-snippet:-1","max-image-preview":"max-image-preview:large","max-video-preview":"max-video-preview:-1"},"canonical":"https:\/\/www.gaveanews.com\/index.php\/2025\/06\/06\/a-declaracao-de-craque-neto-direcionada-a-vinicius-jr-apos-brasil-x-equador\/","og_locale":"pt_BR","og_type":"article","og_title":"A declara\u00e7\u00e3o de Craque Neto direcionada a Vinicius Jr ap\u00f3s Brasil x Equador","og_description":"A estreia de Carlo Ancelotti no comando da Sele\u00e7\u00e3o Brasileira n\u00e3o teve o desfecho esperado pelos torcedores. Na noite de quinta-feira (5 de junho), o Brasil ficou no empate por 0 a 0 contra o Equador, em Guayaquil, pelas Eliminat\u00f3rias da Copa do Mundo de 2025. O resultado gerou rea\u00e7\u00f5es diversas, e uma das mais [&hellip;]","og_url":"https:\/\/www.gaveanews.com\/index.php\/2025\/06\/06\/a-declaracao-de-craque-neto-direcionada-a-vinicius-jr-apos-brasil-x-equador\/","og_site_name":"G\u00e1vea News","article_publisher":"https:\/\/facebook.com\/gaveaNews\/","article_published_time":"2025-06-06T16:30:00+00:00","og_image":[{"width":900,"height":600,"url":"https:\/\/www.gaveanews.com\/wp-content\/uploads\/Craque-Neto-apresentador-da-Band.webp","type":"image\/jpeg"}],"author":"Brenda Cezillo","twitter_card":"summary_large_image","twitter_misc":{"Escrito por":"Brenda Cezillo","Est. tempo de leitura":"3 minutos"},"schema":{"@context":"https:\/\/schema.org","@graph":[{"@type":"NewsArticle","@id":"https:\/\/www.gaveanews.com\/index.php\/2025\/06\/06\/a-declaracao-de-craque-neto-direcionada-a-vinicius-jr-apos-brasil-x-equador\/#article","isPartOf":{"@id":"https:\/\/www.gaveanews.com\/index.php\/2025\/06\/06\/a-declaracao-de-craque-neto-direcionada-a-vinicius-jr-apos-brasil-x-equador\/"},"author":{"name":"Brenda Cezillo","@id":"https:\/\/www.gaveanews.com\/#\/schema\/person\/c79759ca337c40791ae8d08e2923d403"},"headline":"A declara\u00e7\u00e3o de Craque Neto direcionada a Vinicius Jr ap\u00f3s Brasil x Equador","datePublished":"2025-06-06T16:30:00+00:00","mainEntityOfPage":{"@id":"https:\/\/www.gaveanews.com\/index.php\/2025\/06\/06\/a-declaracao-de-craque-neto-direcionada-a-vinicius-jr-apos-brasil-x-equador\/"},"wordCount":411,"commentCount":0,"image":{"@id":"https:\/\/www.gaveanews.com\/index.php\/2025\/06\/06\/a-declaracao-de-craque-neto-direcionada-a-vinicius-jr-apos-brasil-x-equador\/#primaryimage"},"thumbnailUrl":"https:\/\/www.gaveanews.com\/wp-content\/uploads\/Craque-Neto-apresentador-da-Band.webp","articleSection":["Brasil"],"inLanguage":"pt-BR","potentialAction":[{"@type":"CommentAction","name":"Comment","target":["https:\/\/www.gaveanews.com\/index.php\/2025\/06\/06\/a-declaracao-de-craque-neto-direcionada-a-vinicius-jr-apos-brasil-x-equador\/#respond"]}],"copyrightYear":"2025","copyrightHolder":{"@id":"https:\/\/www.gaveanews.com\/#organization"}},{"@type":"WebPage","@id":"https:\/\/www.gaveanews.com\/index.php\/2025\/06\/06\/a-declaracao-de-craque-neto-direcionada-a-vinicius-jr-apos-brasil-x-equador\/","url":"https:\/\/www.gaveanews.com\/index.php\/2025\/06\/06\/a-declaracao-de-craque-neto-direcionada-a-vinicius-jr-apos-brasil-x-equador\/","name":"A declara\u00e7\u00e3o de Craque Neto direcionada a Vinicius Jr ap\u00f3s Brasil x Equador","isPartOf":{"@id":"https:\/\/www.gaveanews.com\/#website"},"primaryImageOfPage":{"@id":"https:\/\/www.gaveanews.com\/index.php\/2025\/06\/06\/a-declaracao-de-craque-neto-direcionada-a-vinicius-jr-apos-brasil-x-equador\/#primaryimage"},"image":{"@id":"https:\/\/www.gaveanews.com\/index.php\/2025\/06\/06\/a-declaracao-de-craque-neto-direcionada-a-vinicius-jr-apos-brasil-x-equador\/#primaryimage"},"thumbnailUrl":"https:\/\/www.gaveanews.com\/wp-content\/uploads\/Craque-Neto-apresentador-da-Band.webp","datePublished":"2025-06-06T16:30:00+00:00","author":{"@id":"https:\/\/www.gaveanews.com\/#\/schema\/person\/c79759ca337c40791ae8d08e2923d403"},"breadcrumb":{"@id":"https:\/\/www.gaveanews.com\/index.php\/2025\/06\/06\/a-declaracao-de-craque-neto-direcionada-a-vinicius-jr-apos-brasil-x-equador\/#breadcrumb"},"inLanguage":"pt-BR","potentialAction":[{"@type":"ReadAction","target":["https:\/\/www.gaveanews.com\/index.php\/2025\/06\/06\/a-declaracao-de-craque-neto-direcionada-a-vinicius-jr-apos-brasil-x-equador\/"]}]},{"@type":"ImageObject","inLanguage":"pt-BR","@id":"https:\/\/www.gaveanews.com\/index.php\/2025\/06\/06\/a-declaracao-de-craque-neto-direcionada-a-vinicius-jr-apos-brasil-x-equador\/#primaryimage","url":"https:\/\/www.gaveanews.com\/wp-content\/uploads\/Craque-Neto-apresentador-da-Band.webp","contentUrl":"https:\/\/www.gaveanews.com\/wp-content\/uploads\/Craque-Neto-apresentador-da-Band.webp","width":900,"height":600,"caption":"Craque Neto, apresentador da Band (Foto: Kelly Fuzaro\/Band)"},{"@type":"BreadcrumbList","@id":"https:\/\/www.gaveanews.com\/index.php\/2025\/06\/06\/a-declaracao-de-craque-neto-direcionada-a-vinicius-jr-apos-brasil-x-equador\/#breadcrumb","itemListElement":[{"@type":"ListItem","position":1,"name":"Home","item":"https:\/\/www.gaveanews.com\/"},{"@type":"ListItem","position":2,"name":"A declara\u00e7\u00e3o de Craque Neto direcionada a Vinicius Jr ap\u00f3s Brasil x Equador"}]},{"@type":"WebSite","@id":"https:\/\/www.gaveanews.com\/#website","url":"https:\/\/www.gaveanews.com\/","name":"G\u00e1vea News","description":"Veja todas as not\u00edcias sobre o Flamengo: Contrata\u00e7\u00f5es, categorias de base, resultados das partidas, tabela de classifica\u00e7\u00e3o, pr\u00f3ximos jogos!","potentialAction":[{"@type":"SearchAction","target":{"@type":"EntryPoint","urlTemplate":"https:\/\/www.gaveanews.com\/?s={search_term_string}"},"query-input":{"@type":"PropertyValueSpecification","valueRequired":true,"valueName":"search_term_string"}}],"inLanguage":"pt-BR"},{"@type":"Person","@id":"https:\/\/www.gaveanews.com\/#\/schema\/person\/c79759ca337c40791ae8d08e2923d403","name":"Brenda Cezillo","image":{"@type":"ImageObject","inLanguage":"pt-BR","@id":"https:\/\/www.gaveanews.com\/#\/schema\/person\/image\/","url":"https:\/\/secure.gravatar.com\/avatar\/1738d75cee7317f9c29ae61dd67620c5883d80a92e42a6fff88ae5d527af217a?s=96&d=mm&r=g","contentUrl":"https:\/\/secure.gravatar.com\/avatar\/1738d75cee7317f9c29ae61dd67620c5883d80a92e42a6fff88ae5d527af217a?s=96&d=mm&r=g","caption":"Brenda Cezillo"}}]}},"_links":{"self":[{"href":"https:\/\/www.gaveanews.com\/index.php\/wp-json\/wp\/v2\/posts\/270289","targetHints":{"allow":["GET"]}}],"collection":[{"href":"https:\/\/www.gaveanews.com\/index.php\/wp-json\/wp\/v2\/posts"}],"about":[{"href":"https:\/\/www.gaveanews.com\/index.php\/wp-json\/wp\/v2\/types\/post"}],"author":[{"embeddable":true,"href":"https:\/\/www.gaveanews.com\/index.php\/wp-json\/wp\/v2\/users\/33"}],"replies":[{"embeddable":true,"href":"https:\/\/www.gaveanews.com\/index.php\/wp-json\/wp\/v2\/comments?post=270289"}],"version-history":[{"count":1,"href":"https:\/\/www.gaveanews.com\/index.php\/wp-json\/wp\/v2\/posts\/270289\/revisions"}],"predecessor-version":[{"id":270291,"href":"https:\/\/www.gaveanews.com\/index.php\/wp-json\/wp\/v2\/posts\/270289\/revisions\/270291"}],"wp:featuredmedia":[{"embeddable":true,"href":"https:\/\/www.gaveanews.com\/index.php\/wp-json\/wp\/v2\/media\/244433"}],"wp:attachment":[{"href":"https:\/\/www.gaveanews.com\/index.php\/wp-json\/wp\/v2\/media?parent=270289"}],"wp:term":[{"taxonomy":"category","embeddable":true,"href":"https:\/\/www.gaveanews.com\/index.php\/wp-json\/wp\/v2\/categories?post=270289"},{"taxonomy":"post_tag","embeddable":true,"href":"https:\/\/www.gaveanews.com\/index.php\/wp-json\/wp\/v2\/tags?post=270289"}],"curies":[{"name":"wp","href":"https:\/\/api.w.org\/{rel}","templated":true}]}}