{"id":270293,"date":"2025-06-06T13:40:00","date_gmt":"2025-06-06T16:40:00","guid":{"rendered":"https:\/\/www.gaveanews.com\/?p=270293"},"modified":"2025-06-06T13:30:34","modified_gmt":"2025-06-06T16:30:34","slug":"real-madrid-impoe-novas-exigencias-para-vender-rodrygo","status":"publish","type":"post","link":"https:\/\/www.gaveanews.com\/index.php\/2025\/06\/06\/real-madrid-impoe-novas-exigencias-para-vender-rodrygo\/","title":{"rendered":"Real Madrid imp\u00f5e novas exig\u00eancias para vender Rodrygo"},"content":{"rendered":"\n<p>O Real Madrid se movimenta com intensidade no mercado da bola e nos bastidores visando retomar o protagonismo na Europa. Ap\u00f3s o insucesso na \u00faltima temporada da Champions League, o clube decidiu dar in\u00edcio a uma reformula\u00e7\u00e3o significativa em seu elenco e comando t\u00e9cnico. A chegada de Xabi Alonso marca o in\u00edcio desse novo ciclo. O espanhol assumir\u00e1 o posto de treinador ocupado anteriormente por Carlo Ancelotti, e sua estreia deve ocorrer durante a disputa da pr\u00f3xima Copa do Mundo de Clubes da FIFA.<\/p>\n\n\n\n<p>Al\u00e9m da troca no comando, o Real tamb\u00e9m iniciou mudan\u00e7as entre seus jogadores mais experientes. Luka Modri\u0107, pe\u00e7a fundamental nas \u00faltimas conquistas do clube, n\u00e3o teve seu contrato renovado. Aos 39 anos, o meio-campista se despediu do elenco merengue e acertou, posteriormente, sua ida ao Milan. Sua sa\u00edda representa mais do que uma mudan\u00e7a t\u00e9cnica; simboliza o encerramento de uma era.<\/p>\n\n\n\n<figure class=\"wp-block-image size-large\"><img loading=\"lazy\" decoding=\"async\" width=\"1024\" height=\"768\" src=\"http:\/\/www.gaveanews.com\/wp-content\/uploads\/realmadrid-1024x768.webp\" alt=\"\" class=\"wp-image-124645\" srcset=\"https:\/\/www.gaveanews.com\/wp-content\/uploads\/realmadrid-1024x768.webp 1024w, https:\/\/www.gaveanews.com\/wp-content\/uploads\/realmadrid-300x225.webp 300w, https:\/\/www.gaveanews.com\/wp-content\/uploads\/realmadrid-768x576.webp 768w, https:\/\/www.gaveanews.com\/wp-content\/uploads\/realmadrid-560x420.webp 560w, https:\/\/www.gaveanews.com\/wp-content\/uploads\/realmadrid-1120x840.webp 1120w, https:\/\/www.gaveanews.com\/wp-content\/uploads\/realmadrid-80x60.webp 80w, https:\/\/www.gaveanews.com\/wp-content\/uploads\/realmadrid-160x120.webp 160w, https:\/\/www.gaveanews.com\/wp-content\/uploads\/realmadrid-100x75.webp 100w, https:\/\/www.gaveanews.com\/wp-content\/uploads\/realmadrid-200x150.webp 200w, https:\/\/www.gaveanews.com\/wp-content\/uploads\/realmadrid-180x135.webp 180w, https:\/\/www.gaveanews.com\/wp-content\/uploads\/realmadrid-360x270.webp 360w, https:\/\/www.gaveanews.com\/wp-content\/uploads\/realmadrid-238x178.webp 238w, https:\/\/www.gaveanews.com\/wp-content\/uploads\/realmadrid-476x356.webp 476w, https:\/\/www.gaveanews.com\/wp-content\/uploads\/realmadrid-640x480.webp 640w, https:\/\/www.gaveanews.com\/wp-content\/uploads\/realmadrid-681x511.webp 681w, https:\/\/www.gaveanews.com\/wp-content\/uploads\/realmadrid.webp 1200w\" sizes=\"auto, (max-width: 1024px) 100vw, 1024px\" \/><figcaption class=\"wp-element-caption\">Escudo do Real Madrid (Foto: Reprodu\u00e7\u00e3o)<\/figcaption><\/figure>\n\n\n\n<p>Enquanto isso, o futuro de Rodrygo tamb\u00e9m \u00e9 incerto. O atacante brasileiro, que teve um rendimento abaixo do esperado na \u00faltima temporada europeia, passou a figurar em rumores de transfer\u00eancia. A diretoria do Real Madrid, ali\u00e1s, decidiu facilitar sua sa\u00edda. Anteriormente, o clube exigia 100 milh\u00f5es de euros para liberar o jogador. Agora, os dirigentes est\u00e3o dispostos a fechar neg\u00f3cio por 80 milh\u00f5es fixos, al\u00e9m de b\u00f4nus adicionais de at\u00e9 20 milh\u00f5es por metas atingidas.<\/p>\n\n\n\n<p>A movimenta\u00e7\u00e3o do Real n\u00e3o passou despercebida. Diversos clubes demonstraram interesse no camisa 11. Entre eles, est\u00e3o nomes de peso do futebol europeu, como Arsenal, Liverpool, Manchester City, PSG e Manchester United. Ainda que nenhuma negocia\u00e7\u00e3o esteja formalizada, as sondagens indicam um cen\u00e1rio de poss\u00edvel transfer\u00eancia nos pr\u00f3ximos dias.<\/p>\n\n\n\n<p>Ali\u00e1s, uma proposta j\u00e1 parece ter agradado o brasileiro. Informa\u00e7\u00f5es indicam que Rodrygo aceitou um sal\u00e1rio mensal de R$ 5,3 milh\u00f5es para atuar pelo Arsenal. Apesar disso, o acordo entre os clubes ainda precisa ser finalizado. O atacante, revelado pelo Santos, mant\u00e9m a cautela enquanto seu futuro segue em defini\u00e7\u00e3o.<\/p>\n\n\n\n<p>Essa s\u00e9rie de movimenta\u00e7\u00f5es mostra que o Real Madrid est\u00e1 determinado a refor\u00e7ar seu elenco e corrigir os erros recentes. Com novos protagonistas no comando e no campo, o clube espanhol tra\u00e7a um novo planejamento competitivo, a fim de retomar o caminho dos t\u00edtulos e manter-se entre os principais do futebol mundial.<\/p>\n","protected":false},"excerpt":{"rendered":"<p>O Real Madrid se movimenta com intensidade no mercado da bola e nos bastidores visando retomar o protagonismo na Europa. Ap\u00f3s o insucesso na \u00faltima temporada da Champions League, o clube decidiu dar in\u00edcio a uma reformula\u00e7\u00e3o significativa em seu elenco e comando t\u00e9cnico. A chegada de Xabi Alonso marca o in\u00edcio desse novo ciclo. [&hellip;]<\/p>\n","protected":false},"author":33,"featured_media":250948,"comment_status":"open","ping_status":"closed","sticky":false,"template":"","format":"standard","meta":{"footnotes":""},"categories":[88],"tags":[],"class_list":["post-270293","post","type-post","status-publish","format-standard","has-post-thumbnail","hentry","category-real-madrid"],"yoast_head":"<!-- This site is optimized with the Yoast SEO Premium plugin v24.2 (Yoast SEO v26.9) - https:\/\/yoast.com\/product\/yoast-seo-premium-wordpress\/ -->\n<title>Real Madrid imp\u00f5e novas exig\u00eancias para vender Rodrygo<\/title>\n<meta name=\"robots\" content=\"index, follow, max-snippet:-1, max-image-preview:large, max-video-preview:-1\" \/>\n<link rel=\"canonical\" href=\"https:\/\/www.gaveanews.com\/index.php\/2025\/06\/06\/real-madrid-impoe-novas-exigencias-para-vender-rodrygo\/\" \/>\n<meta property=\"og:locale\" content=\"pt_BR\" \/>\n<meta property=\"og:type\" content=\"article\" \/>\n<meta property=\"og:title\" content=\"Real Madrid imp\u00f5e novas exig\u00eancias para vender Rodrygo\" \/>\n<meta property=\"og:description\" content=\"O Real Madrid se movimenta com intensidade no mercado da bola e nos bastidores visando retomar o protagonismo na Europa. Ap\u00f3s o insucesso na \u00faltima temporada da Champions League, o clube decidiu dar in\u00edcio a uma reformula\u00e7\u00e3o significativa em seu elenco e comando t\u00e9cnico. A chegada de Xabi Alonso marca o in\u00edcio desse novo ciclo. [&hellip;]\" \/>\n<meta property=\"og:url\" content=\"https:\/\/www.gaveanews.com\/index.php\/2025\/06\/06\/real-madrid-impoe-novas-exigencias-para-vender-rodrygo\/\" \/>\n<meta property=\"og:site_name\" content=\"G\u00e1vea News\" \/>\n<meta property=\"article:publisher\" content=\"https:\/\/facebook.com\/gaveaNews\/\" \/>\n<meta property=\"article:published_time\" content=\"2025-06-06T16:40:00+00:00\" \/>\n<meta property=\"og:image\" content=\"https:\/\/www.gaveanews.com\/wp-content\/uploads\/Rodrygo-do-Real-Madrid-compartilha-foto-em-seu-Instagram.webp\" \/>\n\t<meta property=\"og:image:width\" content=\"1200\" \/>\n\t<meta property=\"og:image:height\" content=\"800\" \/>\n\t<meta property=\"og:image:type\" content=\"image\/png\" \/>\n<meta name=\"author\" content=\"Brenda Cezillo\" \/>\n<meta name=\"twitter:card\" content=\"summary_large_image\" \/>\n<meta name=\"twitter:label1\" content=\"Escrito por\" \/>\n\t<meta name=\"twitter:data1\" content=\"Brenda Cezillo\" \/>\n\t<meta name=\"twitter:label2\" content=\"Est. tempo de leitura\" \/>\n\t<meta name=\"twitter:data2\" content=\"3 minutos\" \/>\n<script type=\"application\/ld+json\" class=\"yoast-schema-graph\">{\"@context\":\"https:\/\/schema.org\",\"@graph\":[{\"@type\":\"NewsArticle\",\"@id\":\"https:\/\/www.gaveanews.com\/index.php\/2025\/06\/06\/real-madrid-impoe-novas-exigencias-para-vender-rodrygo\/#article\",\"isPartOf\":{\"@id\":\"https:\/\/www.gaveanews.com\/index.php\/2025\/06\/06\/real-madrid-impoe-novas-exigencias-para-vender-rodrygo\/\"},\"author\":{\"name\":\"Brenda Cezillo\",\"@id\":\"https:\/\/www.gaveanews.com\/#\/schema\/person\/c79759ca337c40791ae8d08e2923d403\"},\"headline\":\"Real Madrid imp\u00f5e novas exig\u00eancias para vender Rodrygo\",\"datePublished\":\"2025-06-06T16:40:00+00:00\",\"mainEntityOfPage\":{\"@id\":\"https:\/\/www.gaveanews.com\/index.php\/2025\/06\/06\/real-madrid-impoe-novas-exigencias-para-vender-rodrygo\/\"},\"wordCount\":425,\"commentCount\":0,\"image\":{\"@id\":\"https:\/\/www.gaveanews.com\/index.php\/2025\/06\/06\/real-madrid-impoe-novas-exigencias-para-vender-rodrygo\/#primaryimage\"},\"thumbnailUrl\":\"https:\/\/www.gaveanews.com\/wp-content\/uploads\/Rodrygo-do-Real-Madrid-compartilha-foto-em-seu-Instagram.webp\",\"articleSection\":[\"Real Madrid\"],\"inLanguage\":\"pt-BR\",\"potentialAction\":[{\"@type\":\"CommentAction\",\"name\":\"Comment\",\"target\":[\"https:\/\/www.gaveanews.com\/index.php\/2025\/06\/06\/real-madrid-impoe-novas-exigencias-para-vender-rodrygo\/#respond\"]}],\"copyrightYear\":\"2025\",\"copyrightHolder\":{\"@id\":\"https:\/\/www.gaveanews.com\/#organization\"}},{\"@type\":\"WebPage\",\"@id\":\"https:\/\/www.gaveanews.com\/index.php\/2025\/06\/06\/real-madrid-impoe-novas-exigencias-para-vender-rodrygo\/\",\"url\":\"https:\/\/www.gaveanews.com\/index.php\/2025\/06\/06\/real-madrid-impoe-novas-exigencias-para-vender-rodrygo\/\",\"name\":\"Real Madrid imp\u00f5e novas exig\u00eancias para vender Rodrygo\",\"isPartOf\":{\"@id\":\"https:\/\/www.gaveanews.com\/#website\"},\"primaryImageOfPage\":{\"@id\":\"https:\/\/www.gaveanews.com\/index.php\/2025\/06\/06\/real-madrid-impoe-novas-exigencias-para-vender-rodrygo\/#primaryimage\"},\"image\":{\"@id\":\"https:\/\/www.gaveanews.com\/index.php\/2025\/06\/06\/real-madrid-impoe-novas-exigencias-para-vender-rodrygo\/#primaryimage\"},\"thumbnailUrl\":\"https:\/\/www.gaveanews.com\/wp-content\/uploads\/Rodrygo-do-Real-Madrid-compartilha-foto-em-seu-Instagram.webp\",\"datePublished\":\"2025-06-06T16:40:00+00:00\",\"author\":{\"@id\":\"https:\/\/www.gaveanews.com\/#\/schema\/person\/c79759ca337c40791ae8d08e2923d403\"},\"breadcrumb\":{\"@id\":\"https:\/\/www.gaveanews.com\/index.php\/2025\/06\/06\/real-madrid-impoe-novas-exigencias-para-vender-rodrygo\/#breadcrumb\"},\"inLanguage\":\"pt-BR\",\"potentialAction\":[{\"@type\":\"ReadAction\",\"target\":[\"https:\/\/www.gaveanews.com\/index.php\/2025\/06\/06\/real-madrid-impoe-novas-exigencias-para-vender-rodrygo\/\"]}]},{\"@type\":\"ImageObject\",\"inLanguage\":\"pt-BR\",\"@id\":\"https:\/\/www.gaveanews.com\/index.php\/2025\/06\/06\/real-madrid-impoe-novas-exigencias-para-vender-rodrygo\/#primaryimage\",\"url\":\"https:\/\/www.gaveanews.com\/wp-content\/uploads\/Rodrygo-do-Real-Madrid-compartilha-foto-em-seu-Instagram.webp\",\"contentUrl\":\"https:\/\/www.gaveanews.com\/wp-content\/uploads\/Rodrygo-do-Real-Madrid-compartilha-foto-em-seu-Instagram.webp\",\"width\":1200,\"height\":800},{\"@type\":\"BreadcrumbList\",\"@id\":\"https:\/\/www.gaveanews.com\/index.php\/2025\/06\/06\/real-madrid-impoe-novas-exigencias-para-vender-rodrygo\/#breadcrumb\",\"itemListElement\":[{\"@type\":\"ListItem\",\"position\":1,\"name\":\"Home\",\"item\":\"https:\/\/www.gaveanews.com\/\"},{\"@type\":\"ListItem\",\"position\":2,\"name\":\"Real Madrid imp\u00f5e novas exig\u00eancias para vender Rodrygo\"}]},{\"@type\":\"WebSite\",\"@id\":\"https:\/\/www.gaveanews.com\/#website\",\"url\":\"https:\/\/www.gaveanews.com\/\",\"name\":\"G\u00e1vea News\",\"description\":\"Veja todas as not\u00edcias sobre o Flamengo: Contrata\u00e7\u00f5es, categorias de base, resultados das partidas, tabela de classifica\u00e7\u00e3o, pr\u00f3ximos jogos!\",\"potentialAction\":[{\"@type\":\"SearchAction\",\"target\":{\"@type\":\"EntryPoint\",\"urlTemplate\":\"https:\/\/www.gaveanews.com\/?s={search_term_string}\"},\"query-input\":{\"@type\":\"PropertyValueSpecification\",\"valueRequired\":true,\"valueName\":\"search_term_string\"}}],\"inLanguage\":\"pt-BR\"},{\"@type\":\"Person\",\"@id\":\"https:\/\/www.gaveanews.com\/#\/schema\/person\/c79759ca337c40791ae8d08e2923d403\",\"name\":\"Brenda Cezillo\",\"image\":{\"@type\":\"ImageObject\",\"inLanguage\":\"pt-BR\",\"@id\":\"https:\/\/www.gaveanews.com\/#\/schema\/person\/image\/\",\"url\":\"https:\/\/secure.gravatar.com\/avatar\/1738d75cee7317f9c29ae61dd67620c5883d80a92e42a6fff88ae5d527af217a?s=96&d=mm&r=g\",\"contentUrl\":\"https:\/\/secure.gravatar.com\/avatar\/1738d75cee7317f9c29ae61dd67620c5883d80a92e42a6fff88ae5d527af217a?s=96&d=mm&r=g\",\"caption\":\"Brenda Cezillo\"}}]}<\/script>\n<!-- \/ Yoast SEO Premium plugin. -->","yoast_head_json":{"title":"Real Madrid imp\u00f5e novas exig\u00eancias para vender Rodrygo","robots":{"index":"index","follow":"follow","max-snippet":"max-snippet:-1","max-image-preview":"max-image-preview:large","max-video-preview":"max-video-preview:-1"},"canonical":"https:\/\/www.gaveanews.com\/index.php\/2025\/06\/06\/real-madrid-impoe-novas-exigencias-para-vender-rodrygo\/","og_locale":"pt_BR","og_type":"article","og_title":"Real Madrid imp\u00f5e novas exig\u00eancias para vender Rodrygo","og_description":"O Real Madrid se movimenta com intensidade no mercado da bola e nos bastidores visando retomar o protagonismo na Europa. Ap\u00f3s o insucesso na \u00faltima temporada da Champions League, o clube decidiu dar in\u00edcio a uma reformula\u00e7\u00e3o significativa em seu elenco e comando t\u00e9cnico. A chegada de Xabi Alonso marca o in\u00edcio desse novo ciclo. [&hellip;]","og_url":"https:\/\/www.gaveanews.com\/index.php\/2025\/06\/06\/real-madrid-impoe-novas-exigencias-para-vender-rodrygo\/","og_site_name":"G\u00e1vea News","article_publisher":"https:\/\/facebook.com\/gaveaNews\/","article_published_time":"2025-06-06T16:40:00+00:00","og_image":[{"width":1200,"height":800,"url":"https:\/\/www.gaveanews.com\/wp-content\/uploads\/Rodrygo-do-Real-Madrid-compartilha-foto-em-seu-Instagram.webp","type":"image\/png"}],"author":"Brenda Cezillo","twitter_card":"summary_large_image","twitter_misc":{"Escrito por":"Brenda Cezillo","Est. tempo de leitura":"3 minutos"},"schema":{"@context":"https:\/\/schema.org","@graph":[{"@type":"NewsArticle","@id":"https:\/\/www.gaveanews.com\/index.php\/2025\/06\/06\/real-madrid-impoe-novas-exigencias-para-vender-rodrygo\/#article","isPartOf":{"@id":"https:\/\/www.gaveanews.com\/index.php\/2025\/06\/06\/real-madrid-impoe-novas-exigencias-para-vender-rodrygo\/"},"author":{"name":"Brenda Cezillo","@id":"https:\/\/www.gaveanews.com\/#\/schema\/person\/c79759ca337c40791ae8d08e2923d403"},"headline":"Real Madrid imp\u00f5e novas exig\u00eancias para vender Rodrygo","datePublished":"2025-06-06T16:40:00+00:00","mainEntityOfPage":{"@id":"https:\/\/www.gaveanews.com\/index.php\/2025\/06\/06\/real-madrid-impoe-novas-exigencias-para-vender-rodrygo\/"},"wordCount":425,"commentCount":0,"image":{"@id":"https:\/\/www.gaveanews.com\/index.php\/2025\/06\/06\/real-madrid-impoe-novas-exigencias-para-vender-rodrygo\/#primaryimage"},"thumbnailUrl":"https:\/\/www.gaveanews.com\/wp-content\/uploads\/Rodrygo-do-Real-Madrid-compartilha-foto-em-seu-Instagram.webp","articleSection":["Real Madrid"],"inLanguage":"pt-BR","potentialAction":[{"@type":"CommentAction","name":"Comment","target":["https:\/\/www.gaveanews.com\/index.php\/2025\/06\/06\/real-madrid-impoe-novas-exigencias-para-vender-rodrygo\/#respond"]}],"copyrightYear":"2025","copyrightHolder":{"@id":"https:\/\/www.gaveanews.com\/#organization"}},{"@type":"WebPage","@id":"https:\/\/www.gaveanews.com\/index.php\/2025\/06\/06\/real-madrid-impoe-novas-exigencias-para-vender-rodrygo\/","url":"https:\/\/www.gaveanews.com\/index.php\/2025\/06\/06\/real-madrid-impoe-novas-exigencias-para-vender-rodrygo\/","name":"Real Madrid imp\u00f5e novas exig\u00eancias para vender Rodrygo","isPartOf":{"@id":"https:\/\/www.gaveanews.com\/#website"},"primaryImageOfPage":{"@id":"https:\/\/www.gaveanews.com\/index.php\/2025\/06\/06\/real-madrid-impoe-novas-exigencias-para-vender-rodrygo\/#primaryimage"},"image":{"@id":"https:\/\/www.gaveanews.com\/index.php\/2025\/06\/06\/real-madrid-impoe-novas-exigencias-para-vender-rodrygo\/#primaryimage"},"thumbnailUrl":"https:\/\/www.gaveanews.com\/wp-content\/uploads\/Rodrygo-do-Real-Madrid-compartilha-foto-em-seu-Instagram.webp","datePublished":"2025-06-06T16:40:00+00:00","author":{"@id":"https:\/\/www.gaveanews.com\/#\/schema\/person\/c79759ca337c40791ae8d08e2923d403"},"breadcrumb":{"@id":"https:\/\/www.gaveanews.com\/index.php\/2025\/06\/06\/real-madrid-impoe-novas-exigencias-para-vender-rodrygo\/#breadcrumb"},"inLanguage":"pt-BR","potentialAction":[{"@type":"ReadAction","target":["https:\/\/www.gaveanews.com\/index.php\/2025\/06\/06\/real-madrid-impoe-novas-exigencias-para-vender-rodrygo\/"]}]},{"@type":"ImageObject","inLanguage":"pt-BR","@id":"https:\/\/www.gaveanews.com\/index.php\/2025\/06\/06\/real-madrid-impoe-novas-exigencias-para-vender-rodrygo\/#primaryimage","url":"https:\/\/www.gaveanews.com\/wp-content\/uploads\/Rodrygo-do-Real-Madrid-compartilha-foto-em-seu-Instagram.webp","contentUrl":"https:\/\/www.gaveanews.com\/wp-content\/uploads\/Rodrygo-do-Real-Madrid-compartilha-foto-em-seu-Instagram.webp","width":1200,"height":800},{"@type":"BreadcrumbList","@id":"https:\/\/www.gaveanews.com\/index.php\/2025\/06\/06\/real-madrid-impoe-novas-exigencias-para-vender-rodrygo\/#breadcrumb","itemListElement":[{"@type":"ListItem","position":1,"name":"Home","item":"https:\/\/www.gaveanews.com\/"},{"@type":"ListItem","position":2,"name":"Real Madrid imp\u00f5e novas exig\u00eancias para vender Rodrygo"}]},{"@type":"WebSite","@id":"https:\/\/www.gaveanews.com\/#website","url":"https:\/\/www.gaveanews.com\/","name":"G\u00e1vea News","description":"Veja todas as not\u00edcias sobre o Flamengo: Contrata\u00e7\u00f5es, categorias de base, resultados das partidas, tabela de classifica\u00e7\u00e3o, pr\u00f3ximos jogos!","potentialAction":[{"@type":"SearchAction","target":{"@type":"EntryPoint","urlTemplate":"https:\/\/www.gaveanews.com\/?s={search_term_string}"},"query-input":{"@type":"PropertyValueSpecification","valueRequired":true,"valueName":"search_term_string"}}],"inLanguage":"pt-BR"},{"@type":"Person","@id":"https:\/\/www.gaveanews.com\/#\/schema\/person\/c79759ca337c40791ae8d08e2923d403","name":"Brenda Cezillo","image":{"@type":"ImageObject","inLanguage":"pt-BR","@id":"https:\/\/www.gaveanews.com\/#\/schema\/person\/image\/","url":"https:\/\/secure.gravatar.com\/avatar\/1738d75cee7317f9c29ae61dd67620c5883d80a92e42a6fff88ae5d527af217a?s=96&d=mm&r=g","contentUrl":"https:\/\/secure.gravatar.com\/avatar\/1738d75cee7317f9c29ae61dd67620c5883d80a92e42a6fff88ae5d527af217a?s=96&d=mm&r=g","caption":"Brenda Cezillo"}}]}},"_links":{"self":[{"href":"https:\/\/www.gaveanews.com\/index.php\/wp-json\/wp\/v2\/posts\/270293","targetHints":{"allow":["GET"]}}],"collection":[{"href":"https:\/\/www.gaveanews.com\/index.php\/wp-json\/wp\/v2\/posts"}],"about":[{"href":"https:\/\/www.gaveanews.com\/index.php\/wp-json\/wp\/v2\/types\/post"}],"author":[{"embeddable":true,"href":"https:\/\/www.gaveanews.com\/index.php\/wp-json\/wp\/v2\/users\/33"}],"replies":[{"embeddable":true,"href":"https:\/\/www.gaveanews.com\/index.php\/wp-json\/wp\/v2\/comments?post=270293"}],"version-history":[{"count":1,"href":"https:\/\/www.gaveanews.com\/index.php\/wp-json\/wp\/v2\/posts\/270293\/revisions"}],"predecessor-version":[{"id":270295,"href":"https:\/\/www.gaveanews.com\/index.php\/wp-json\/wp\/v2\/posts\/270293\/revisions\/270295"}],"wp:featuredmedia":[{"embeddable":true,"href":"https:\/\/www.gaveanews.com\/index.php\/wp-json\/wp\/v2\/media\/250948"}],"wp:attachment":[{"href":"https:\/\/www.gaveanews.com\/index.php\/wp-json\/wp\/v2\/media?parent=270293"}],"wp:term":[{"taxonomy":"category","embeddable":true,"href":"https:\/\/www.gaveanews.com\/index.php\/wp-json\/wp\/v2\/categories?post=270293"},{"taxonomy":"post_tag","embeddable":true,"href":"https:\/\/www.gaveanews.com\/index.php\/wp-json\/wp\/v2\/tags?post=270293"}],"curies":[{"name":"wp","href":"https:\/\/api.w.org\/{rel}","templated":true}]}}