{"id":270367,"date":"2025-06-06T16:30:00","date_gmt":"2025-06-06T19:30:00","guid":{"rendered":"https:\/\/www.gaveanews.com\/?p=270367"},"modified":"2025-06-06T15:32:06","modified_gmt":"2025-06-06T18:32:06","slug":"palmeiras-toma-decisao-sobre-negociacoes-para-o-mundial","status":"publish","type":"post","link":"https:\/\/www.gaveanews.com\/index.php\/2025\/06\/06\/palmeiras-toma-decisao-sobre-negociacoes-para-o-mundial\/","title":{"rendered":"Palmeiras toma decis\u00e3o sobre negocia\u00e7\u00f5es para o Mundial"},"content":{"rendered":"\n<p>O Palmeiras decidiu manter a estabilidade do elenco para a disputa do Mundial de Clubes da Fifa. Conforme postura adotada pela diretoria e pela comiss\u00e3o t\u00e9cnica, o clube n\u00e3o pretende realizar altera\u00e7\u00f5es no grupo de jogadores durante a atual janela de transfer\u00eancias. A decis\u00e3o inclui tanto a n\u00e3o libera\u00e7\u00e3o de atletas quanto a aus\u00eancia de contrata\u00e7\u00f5es, salvo em situa\u00e7\u00f5es consideradas excepcionais.<\/p>\n\n\n\n<p>A delega\u00e7\u00e3o alviverde embarca para os Estados Unidos na pr\u00f3xima segunda-feira (9 de junho), e far\u00e1 isso com o elenco atual. &#8220;N\u00e3o quero nenhum jogador para disputar o Mundial. Tenho os jogadores que eu quero&#8221;, afirmou Abel Ferreira, refor\u00e7ando a confian\u00e7a no grupo j\u00e1 montado. O treinador, ali\u00e1s, recusou uma proposta considerada &#8220;astron\u00f4mica&#8221; do Al-Hilal, da Ar\u00e1bia Saudita, pois seu foco est\u00e1 voltado exclusivamente \u00e0 competi\u00e7\u00e3o internacional.<\/p>\n\n\n\n<figure class=\"wp-block-image size-full\"><img loading=\"lazy\" decoding=\"async\" width=\"680\" height=\"510\" src=\"http:\/\/www.gaveanews.com\/wp-content\/uploads\/Escudo-do-Palmeiras.webp\" alt=\"\" class=\"wp-image-142887\" srcset=\"https:\/\/www.gaveanews.com\/wp-content\/uploads\/Escudo-do-Palmeiras.webp 680w, https:\/\/www.gaveanews.com\/wp-content\/uploads\/Escudo-do-Palmeiras-300x225.webp 300w, https:\/\/www.gaveanews.com\/wp-content\/uploads\/Escudo-do-Palmeiras-560x420.webp 560w, https:\/\/www.gaveanews.com\/wp-content\/uploads\/Escudo-do-Palmeiras-80x60.webp 80w, https:\/\/www.gaveanews.com\/wp-content\/uploads\/Escudo-do-Palmeiras-160x120.webp 160w, https:\/\/www.gaveanews.com\/wp-content\/uploads\/Escudo-do-Palmeiras-100x75.webp 100w, https:\/\/www.gaveanews.com\/wp-content\/uploads\/Escudo-do-Palmeiras-200x150.webp 200w, https:\/\/www.gaveanews.com\/wp-content\/uploads\/Escudo-do-Palmeiras-180x135.webp 180w, https:\/\/www.gaveanews.com\/wp-content\/uploads\/Escudo-do-Palmeiras-360x270.webp 360w, https:\/\/www.gaveanews.com\/wp-content\/uploads\/Escudo-do-Palmeiras-238x178.webp 238w, https:\/\/www.gaveanews.com\/wp-content\/uploads\/Escudo-do-Palmeiras-476x356.webp 476w, https:\/\/www.gaveanews.com\/wp-content\/uploads\/Escudo-do-Palmeiras-640x480.webp 640w\" sizes=\"auto, (max-width: 680px) 100vw, 680px\" \/><figcaption class=\"wp-element-caption\">Escudo do Palmeiras (Foto Reprodu\u00e7\u00e3o\/Instagram)<\/figcaption><\/figure>\n\n\n\n<p>Entre os nomes que movimentam o mercado, Mayke \u00e9 um dos que vivem uma situa\u00e7\u00e3o particular. O lateral est\u00e1 nos \u00faltimos meses de contrato e foi sondado pelo Santos. Piquerez e Richard R\u00edos, por sua vez, seguem despertando interesse de clubes do exterior, embora n\u00e3o haja tratativas em andamento. Apesar disso, qualquer eventual sa\u00edda depende de propostas consideradas irrecus\u00e1veis, o que \u00e9 tratado como improv\u00e1vel neste momento.<\/p>\n\n\n\n<p>A comiss\u00e3o t\u00e9cnica tamb\u00e9m come\u00e7ou a planejar o segundo semestre. O clube deve se movimentar mais na pr\u00f3xima janela, entre julho e setembro, a fim de repor poss\u00edveis sa\u00eddas. A venda de Est\u00eav\u00e3o, por exemplo, abrir\u00e1 uma vaga no setor ofensivo. Um dos nomes observados para a fun\u00e7\u00e3o \u00e9 o atacante Ram\u00f3n Sosa. O Verd\u00e3o ainda considera a contrata\u00e7\u00e3o de um goleiro, j\u00e1 que Marcelo Lomba deixar\u00e1 o elenco ao fim do contrato, em dezembro.<\/p>\n\n\n\n<p>O elenco se reapresentou na quinta-feira (5 de junho) na Academia de Futebol. Jogadores como Est\u00eav\u00e3o, Gustavo G\u00f3mez, Piquerez, Richard R\u00edos, Facundo Torres e Emiliano Mart\u00ednez, convocados por suas sele\u00e7\u00f5es, ainda n\u00e3o est\u00e3o com o grupo. Al\u00e9m deles, Luighi e Benedetti, que integram a Sele\u00e7\u00e3o Brasileira Sub-20, tamb\u00e9m s\u00e3o desfalques tempor\u00e1rios. O \u00fanico atleta em transi\u00e7\u00e3o f\u00edsica \u00e9 o atacante Bruno Rodrigues.<\/p>\n\n\n\n<p>O Palmeiras est\u00e1 no Grupo A da competi\u00e7\u00e3o, ao lado de Porto, Al-Ahly e Inter Miami. A estreia ser\u00e1 no s\u00e1bado (15 de junho), \u00e0s 19h (hor\u00e1rio de Bras\u00edlia), contra o time portugu\u00eas. Na sequ\u00eancia, o time brasileiro encara os eg\u00edpcios na quarta-feira (19 de junho), \u00e0s 13h (hor\u00e1rio de Bras\u00edlia), e encerra a fase de grupos diante do clube norte-americano na segunda-feira (23 de junho), \u00e0s 22h (hor\u00e1rio de Bras\u00edlia). A Itatiaia transmitir\u00e1 todos os jogos dos clubes brasileiros no torneio por r\u00e1dio, portal e YouTube.<\/p>\n","protected":false},"excerpt":{"rendered":"<p>O Palmeiras decidiu manter a estabilidade do elenco para a disputa do Mundial de Clubes da Fifa. Conforme postura adotada pela diretoria e pela comiss\u00e3o t\u00e9cnica, o clube n\u00e3o pretende realizar altera\u00e7\u00f5es no grupo de jogadores durante a atual janela de transfer\u00eancias. A decis\u00e3o inclui tanto a n\u00e3o libera\u00e7\u00e3o de atletas quanto a aus\u00eancia de [&hellip;]<\/p>\n","protected":false},"author":33,"featured_media":152159,"comment_status":"open","ping_status":"closed","sticky":false,"template":"","format":"standard","meta":{"footnotes":""},"categories":[150],"tags":[],"class_list":["post-270367","post","type-post","status-publish","format-standard","has-post-thumbnail","hentry","category-palmeiras"],"yoast_head":"<!-- This site is optimized with the Yoast SEO Premium plugin v24.2 (Yoast SEO v26.9) - https:\/\/yoast.com\/product\/yoast-seo-premium-wordpress\/ -->\n<title>Palmeiras toma decis\u00e3o sobre negocia\u00e7\u00f5es para o Mundial<\/title>\n<meta name=\"robots\" content=\"index, follow, max-snippet:-1, max-image-preview:large, max-video-preview:-1\" \/>\n<link rel=\"canonical\" href=\"https:\/\/www.gaveanews.com\/index.php\/2025\/06\/06\/palmeiras-toma-decisao-sobre-negociacoes-para-o-mundial\/\" \/>\n<meta property=\"og:locale\" content=\"pt_BR\" \/>\n<meta property=\"og:type\" content=\"article\" \/>\n<meta property=\"og:title\" content=\"Palmeiras toma decis\u00e3o sobre negocia\u00e7\u00f5es para o Mundial\" \/>\n<meta property=\"og:description\" content=\"O Palmeiras decidiu manter a estabilidade do elenco para a disputa do Mundial de Clubes da Fifa. Conforme postura adotada pela diretoria e pela comiss\u00e3o t\u00e9cnica, o clube n\u00e3o pretende realizar altera\u00e7\u00f5es no grupo de jogadores durante a atual janela de transfer\u00eancias. A decis\u00e3o inclui tanto a n\u00e3o libera\u00e7\u00e3o de atletas quanto a aus\u00eancia de [&hellip;]\" \/>\n<meta property=\"og:url\" content=\"https:\/\/www.gaveanews.com\/index.php\/2025\/06\/06\/palmeiras-toma-decisao-sobre-negociacoes-para-o-mundial\/\" \/>\n<meta property=\"og:site_name\" content=\"G\u00e1vea News\" \/>\n<meta property=\"article:publisher\" content=\"https:\/\/facebook.com\/gaveaNews\/\" \/>\n<meta property=\"article:published_time\" content=\"2025-06-06T19:30:00+00:00\" \/>\n<meta property=\"og:image\" content=\"https:\/\/www.gaveanews.com\/wp-content\/uploads\/Escudo-do-Palmeiras.webp\" \/>\n\t<meta property=\"og:image:width\" content=\"1000\" \/>\n\t<meta property=\"og:image:height\" content=\"667\" \/>\n\t<meta property=\"og:image:type\" content=\"image\/webp\" \/>\n<meta name=\"author\" content=\"Brenda Cezillo\" \/>\n<meta name=\"twitter:card\" content=\"summary_large_image\" \/>\n<meta name=\"twitter:label1\" content=\"Escrito por\" \/>\n\t<meta name=\"twitter:data1\" content=\"Brenda Cezillo\" \/>\n\t<meta name=\"twitter:label2\" content=\"Est. tempo de leitura\" \/>\n\t<meta name=\"twitter:data2\" content=\"3 minutos\" \/>\n<script type=\"application\/ld+json\" class=\"yoast-schema-graph\">{\"@context\":\"https:\/\/schema.org\",\"@graph\":[{\"@type\":\"NewsArticle\",\"@id\":\"https:\/\/www.gaveanews.com\/index.php\/2025\/06\/06\/palmeiras-toma-decisao-sobre-negociacoes-para-o-mundial\/#article\",\"isPartOf\":{\"@id\":\"https:\/\/www.gaveanews.com\/index.php\/2025\/06\/06\/palmeiras-toma-decisao-sobre-negociacoes-para-o-mundial\/\"},\"author\":{\"name\":\"Brenda Cezillo\",\"@id\":\"https:\/\/www.gaveanews.com\/#\/schema\/person\/c79759ca337c40791ae8d08e2923d403\"},\"headline\":\"Palmeiras toma decis\u00e3o sobre negocia\u00e7\u00f5es para o Mundial\",\"datePublished\":\"2025-06-06T19:30:00+00:00\",\"mainEntityOfPage\":{\"@id\":\"https:\/\/www.gaveanews.com\/index.php\/2025\/06\/06\/palmeiras-toma-decisao-sobre-negociacoes-para-o-mundial\/\"},\"wordCount\":492,\"commentCount\":0,\"image\":{\"@id\":\"https:\/\/www.gaveanews.com\/index.php\/2025\/06\/06\/palmeiras-toma-decisao-sobre-negociacoes-para-o-mundial\/#primaryimage\"},\"thumbnailUrl\":\"https:\/\/www.gaveanews.com\/wp-content\/uploads\/Escudo-do-Palmeiras.webp\",\"articleSection\":[\"Palmeiras\"],\"inLanguage\":\"pt-BR\",\"potentialAction\":[{\"@type\":\"CommentAction\",\"name\":\"Comment\",\"target\":[\"https:\/\/www.gaveanews.com\/index.php\/2025\/06\/06\/palmeiras-toma-decisao-sobre-negociacoes-para-o-mundial\/#respond\"]}],\"copyrightYear\":\"2025\",\"copyrightHolder\":{\"@id\":\"https:\/\/www.gaveanews.com\/#organization\"}},{\"@type\":\"WebPage\",\"@id\":\"https:\/\/www.gaveanews.com\/index.php\/2025\/06\/06\/palmeiras-toma-decisao-sobre-negociacoes-para-o-mundial\/\",\"url\":\"https:\/\/www.gaveanews.com\/index.php\/2025\/06\/06\/palmeiras-toma-decisao-sobre-negociacoes-para-o-mundial\/\",\"name\":\"Palmeiras toma decis\u00e3o sobre negocia\u00e7\u00f5es para o Mundial\",\"isPartOf\":{\"@id\":\"https:\/\/www.gaveanews.com\/#website\"},\"primaryImageOfPage\":{\"@id\":\"https:\/\/www.gaveanews.com\/index.php\/2025\/06\/06\/palmeiras-toma-decisao-sobre-negociacoes-para-o-mundial\/#primaryimage\"},\"image\":{\"@id\":\"https:\/\/www.gaveanews.com\/index.php\/2025\/06\/06\/palmeiras-toma-decisao-sobre-negociacoes-para-o-mundial\/#primaryimage\"},\"thumbnailUrl\":\"https:\/\/www.gaveanews.com\/wp-content\/uploads\/Escudo-do-Palmeiras.webp\",\"datePublished\":\"2025-06-06T19:30:00+00:00\",\"author\":{\"@id\":\"https:\/\/www.gaveanews.com\/#\/schema\/person\/c79759ca337c40791ae8d08e2923d403\"},\"breadcrumb\":{\"@id\":\"https:\/\/www.gaveanews.com\/index.php\/2025\/06\/06\/palmeiras-toma-decisao-sobre-negociacoes-para-o-mundial\/#breadcrumb\"},\"inLanguage\":\"pt-BR\",\"potentialAction\":[{\"@type\":\"ReadAction\",\"target\":[\"https:\/\/www.gaveanews.com\/index.php\/2025\/06\/06\/palmeiras-toma-decisao-sobre-negociacoes-para-o-mundial\/\"]}]},{\"@type\":\"ImageObject\",\"inLanguage\":\"pt-BR\",\"@id\":\"https:\/\/www.gaveanews.com\/index.php\/2025\/06\/06\/palmeiras-toma-decisao-sobre-negociacoes-para-o-mundial\/#primaryimage\",\"url\":\"https:\/\/www.gaveanews.com\/wp-content\/uploads\/Escudo-do-Palmeiras.webp\",\"contentUrl\":\"https:\/\/www.gaveanews.com\/wp-content\/uploads\/Escudo-do-Palmeiras.webp\",\"width\":1000,\"height\":667,\"caption\":\"Escudo do Palmeiras (Foto Reprodu\u00e7\u00e3o\/Instagram)\"},{\"@type\":\"BreadcrumbList\",\"@id\":\"https:\/\/www.gaveanews.com\/index.php\/2025\/06\/06\/palmeiras-toma-decisao-sobre-negociacoes-para-o-mundial\/#breadcrumb\",\"itemListElement\":[{\"@type\":\"ListItem\",\"position\":1,\"name\":\"Home\",\"item\":\"https:\/\/www.gaveanews.com\/\"},{\"@type\":\"ListItem\",\"position\":2,\"name\":\"Palmeiras toma decis\u00e3o sobre negocia\u00e7\u00f5es para o Mundial\"}]},{\"@type\":\"WebSite\",\"@id\":\"https:\/\/www.gaveanews.com\/#website\",\"url\":\"https:\/\/www.gaveanews.com\/\",\"name\":\"G\u00e1vea News\",\"description\":\"Veja todas as not\u00edcias sobre o Flamengo: Contrata\u00e7\u00f5es, categorias de base, resultados das partidas, tabela de classifica\u00e7\u00e3o, pr\u00f3ximos jogos!\",\"potentialAction\":[{\"@type\":\"SearchAction\",\"target\":{\"@type\":\"EntryPoint\",\"urlTemplate\":\"https:\/\/www.gaveanews.com\/?s={search_term_string}\"},\"query-input\":{\"@type\":\"PropertyValueSpecification\",\"valueRequired\":true,\"valueName\":\"search_term_string\"}}],\"inLanguage\":\"pt-BR\"},{\"@type\":\"Person\",\"@id\":\"https:\/\/www.gaveanews.com\/#\/schema\/person\/c79759ca337c40791ae8d08e2923d403\",\"name\":\"Brenda Cezillo\",\"image\":{\"@type\":\"ImageObject\",\"inLanguage\":\"pt-BR\",\"@id\":\"https:\/\/www.gaveanews.com\/#\/schema\/person\/image\/\",\"url\":\"https:\/\/secure.gravatar.com\/avatar\/1738d75cee7317f9c29ae61dd67620c5883d80a92e42a6fff88ae5d527af217a?s=96&d=mm&r=g\",\"contentUrl\":\"https:\/\/secure.gravatar.com\/avatar\/1738d75cee7317f9c29ae61dd67620c5883d80a92e42a6fff88ae5d527af217a?s=96&d=mm&r=g\",\"caption\":\"Brenda Cezillo\"}}]}<\/script>\n<!-- \/ Yoast SEO Premium plugin. -->","yoast_head_json":{"title":"Palmeiras toma decis\u00e3o sobre negocia\u00e7\u00f5es para o Mundial","robots":{"index":"index","follow":"follow","max-snippet":"max-snippet:-1","max-image-preview":"max-image-preview:large","max-video-preview":"max-video-preview:-1"},"canonical":"https:\/\/www.gaveanews.com\/index.php\/2025\/06\/06\/palmeiras-toma-decisao-sobre-negociacoes-para-o-mundial\/","og_locale":"pt_BR","og_type":"article","og_title":"Palmeiras toma decis\u00e3o sobre negocia\u00e7\u00f5es para o Mundial","og_description":"O Palmeiras decidiu manter a estabilidade do elenco para a disputa do Mundial de Clubes da Fifa. Conforme postura adotada pela diretoria e pela comiss\u00e3o t\u00e9cnica, o clube n\u00e3o pretende realizar altera\u00e7\u00f5es no grupo de jogadores durante a atual janela de transfer\u00eancias. A decis\u00e3o inclui tanto a n\u00e3o libera\u00e7\u00e3o de atletas quanto a aus\u00eancia de [&hellip;]","og_url":"https:\/\/www.gaveanews.com\/index.php\/2025\/06\/06\/palmeiras-toma-decisao-sobre-negociacoes-para-o-mundial\/","og_site_name":"G\u00e1vea News","article_publisher":"https:\/\/facebook.com\/gaveaNews\/","article_published_time":"2025-06-06T19:30:00+00:00","og_image":[{"width":1000,"height":667,"url":"https:\/\/www.gaveanews.com\/wp-content\/uploads\/Escudo-do-Palmeiras.webp","type":"image\/webp"}],"author":"Brenda Cezillo","twitter_card":"summary_large_image","twitter_misc":{"Escrito por":"Brenda Cezillo","Est. tempo de leitura":"3 minutos"},"schema":{"@context":"https:\/\/schema.org","@graph":[{"@type":"NewsArticle","@id":"https:\/\/www.gaveanews.com\/index.php\/2025\/06\/06\/palmeiras-toma-decisao-sobre-negociacoes-para-o-mundial\/#article","isPartOf":{"@id":"https:\/\/www.gaveanews.com\/index.php\/2025\/06\/06\/palmeiras-toma-decisao-sobre-negociacoes-para-o-mundial\/"},"author":{"name":"Brenda Cezillo","@id":"https:\/\/www.gaveanews.com\/#\/schema\/person\/c79759ca337c40791ae8d08e2923d403"},"headline":"Palmeiras toma decis\u00e3o sobre negocia\u00e7\u00f5es para o Mundial","datePublished":"2025-06-06T19:30:00+00:00","mainEntityOfPage":{"@id":"https:\/\/www.gaveanews.com\/index.php\/2025\/06\/06\/palmeiras-toma-decisao-sobre-negociacoes-para-o-mundial\/"},"wordCount":492,"commentCount":0,"image":{"@id":"https:\/\/www.gaveanews.com\/index.php\/2025\/06\/06\/palmeiras-toma-decisao-sobre-negociacoes-para-o-mundial\/#primaryimage"},"thumbnailUrl":"https:\/\/www.gaveanews.com\/wp-content\/uploads\/Escudo-do-Palmeiras.webp","articleSection":["Palmeiras"],"inLanguage":"pt-BR","potentialAction":[{"@type":"CommentAction","name":"Comment","target":["https:\/\/www.gaveanews.com\/index.php\/2025\/06\/06\/palmeiras-toma-decisao-sobre-negociacoes-para-o-mundial\/#respond"]}],"copyrightYear":"2025","copyrightHolder":{"@id":"https:\/\/www.gaveanews.com\/#organization"}},{"@type":"WebPage","@id":"https:\/\/www.gaveanews.com\/index.php\/2025\/06\/06\/palmeiras-toma-decisao-sobre-negociacoes-para-o-mundial\/","url":"https:\/\/www.gaveanews.com\/index.php\/2025\/06\/06\/palmeiras-toma-decisao-sobre-negociacoes-para-o-mundial\/","name":"Palmeiras toma decis\u00e3o sobre negocia\u00e7\u00f5es para o Mundial","isPartOf":{"@id":"https:\/\/www.gaveanews.com\/#website"},"primaryImageOfPage":{"@id":"https:\/\/www.gaveanews.com\/index.php\/2025\/06\/06\/palmeiras-toma-decisao-sobre-negociacoes-para-o-mundial\/#primaryimage"},"image":{"@id":"https:\/\/www.gaveanews.com\/index.php\/2025\/06\/06\/palmeiras-toma-decisao-sobre-negociacoes-para-o-mundial\/#primaryimage"},"thumbnailUrl":"https:\/\/www.gaveanews.com\/wp-content\/uploads\/Escudo-do-Palmeiras.webp","datePublished":"2025-06-06T19:30:00+00:00","author":{"@id":"https:\/\/www.gaveanews.com\/#\/schema\/person\/c79759ca337c40791ae8d08e2923d403"},"breadcrumb":{"@id":"https:\/\/www.gaveanews.com\/index.php\/2025\/06\/06\/palmeiras-toma-decisao-sobre-negociacoes-para-o-mundial\/#breadcrumb"},"inLanguage":"pt-BR","potentialAction":[{"@type":"ReadAction","target":["https:\/\/www.gaveanews.com\/index.php\/2025\/06\/06\/palmeiras-toma-decisao-sobre-negociacoes-para-o-mundial\/"]}]},{"@type":"ImageObject","inLanguage":"pt-BR","@id":"https:\/\/www.gaveanews.com\/index.php\/2025\/06\/06\/palmeiras-toma-decisao-sobre-negociacoes-para-o-mundial\/#primaryimage","url":"https:\/\/www.gaveanews.com\/wp-content\/uploads\/Escudo-do-Palmeiras.webp","contentUrl":"https:\/\/www.gaveanews.com\/wp-content\/uploads\/Escudo-do-Palmeiras.webp","width":1000,"height":667,"caption":"Escudo do Palmeiras (Foto Reprodu\u00e7\u00e3o\/Instagram)"},{"@type":"BreadcrumbList","@id":"https:\/\/www.gaveanews.com\/index.php\/2025\/06\/06\/palmeiras-toma-decisao-sobre-negociacoes-para-o-mundial\/#breadcrumb","itemListElement":[{"@type":"ListItem","position":1,"name":"Home","item":"https:\/\/www.gaveanews.com\/"},{"@type":"ListItem","position":2,"name":"Palmeiras toma decis\u00e3o sobre negocia\u00e7\u00f5es para o Mundial"}]},{"@type":"WebSite","@id":"https:\/\/www.gaveanews.com\/#website","url":"https:\/\/www.gaveanews.com\/","name":"G\u00e1vea News","description":"Veja todas as not\u00edcias sobre o Flamengo: Contrata\u00e7\u00f5es, categorias de base, resultados das partidas, tabela de classifica\u00e7\u00e3o, pr\u00f3ximos jogos!","potentialAction":[{"@type":"SearchAction","target":{"@type":"EntryPoint","urlTemplate":"https:\/\/www.gaveanews.com\/?s={search_term_string}"},"query-input":{"@type":"PropertyValueSpecification","valueRequired":true,"valueName":"search_term_string"}}],"inLanguage":"pt-BR"},{"@type":"Person","@id":"https:\/\/www.gaveanews.com\/#\/schema\/person\/c79759ca337c40791ae8d08e2923d403","name":"Brenda Cezillo","image":{"@type":"ImageObject","inLanguage":"pt-BR","@id":"https:\/\/www.gaveanews.com\/#\/schema\/person\/image\/","url":"https:\/\/secure.gravatar.com\/avatar\/1738d75cee7317f9c29ae61dd67620c5883d80a92e42a6fff88ae5d527af217a?s=96&d=mm&r=g","contentUrl":"https:\/\/secure.gravatar.com\/avatar\/1738d75cee7317f9c29ae61dd67620c5883d80a92e42a6fff88ae5d527af217a?s=96&d=mm&r=g","caption":"Brenda Cezillo"}}]}},"_links":{"self":[{"href":"https:\/\/www.gaveanews.com\/index.php\/wp-json\/wp\/v2\/posts\/270367","targetHints":{"allow":["GET"]}}],"collection":[{"href":"https:\/\/www.gaveanews.com\/index.php\/wp-json\/wp\/v2\/posts"}],"about":[{"href":"https:\/\/www.gaveanews.com\/index.php\/wp-json\/wp\/v2\/types\/post"}],"author":[{"embeddable":true,"href":"https:\/\/www.gaveanews.com\/index.php\/wp-json\/wp\/v2\/users\/33"}],"replies":[{"embeddable":true,"href":"https:\/\/www.gaveanews.com\/index.php\/wp-json\/wp\/v2\/comments?post=270367"}],"version-history":[{"count":1,"href":"https:\/\/www.gaveanews.com\/index.php\/wp-json\/wp\/v2\/posts\/270367\/revisions"}],"predecessor-version":[{"id":270370,"href":"https:\/\/www.gaveanews.com\/index.php\/wp-json\/wp\/v2\/posts\/270367\/revisions\/270370"}],"wp:featuredmedia":[{"embeddable":true,"href":"https:\/\/www.gaveanews.com\/index.php\/wp-json\/wp\/v2\/media\/152159"}],"wp:attachment":[{"href":"https:\/\/www.gaveanews.com\/index.php\/wp-json\/wp\/v2\/media?parent=270367"}],"wp:term":[{"taxonomy":"category","embeddable":true,"href":"https:\/\/www.gaveanews.com\/index.php\/wp-json\/wp\/v2\/categories?post=270367"},{"taxonomy":"post_tag","embeddable":true,"href":"https:\/\/www.gaveanews.com\/index.php\/wp-json\/wp\/v2\/tags?post=270367"}],"curies":[{"name":"wp","href":"https:\/\/api.w.org\/{rel}","templated":true}]}}