{"id":270470,"date":"2025-06-06T20:30:00","date_gmt":"2025-06-06T23:30:00","guid":{"rendered":"https:\/\/www.gaveanews.com\/?p=270470"},"modified":"2025-06-06T20:15:39","modified_gmt":"2025-06-06T23:15:39","slug":"leila-pereira-e-sincera-sobre-ter-virado-meme-da-torcida-do-palmeiras-eu-sou","status":"publish","type":"post","link":"https:\/\/www.gaveanews.com\/index.php\/2025\/06\/06\/leila-pereira-e-sincera-sobre-ter-virado-meme-da-torcida-do-palmeiras-eu-sou\/","title":{"rendered":"Leila Pereira \u00e9 sincera sobre ter virado &#8216;meme&#8217; da torcida do Palmeiras: &#8220;Eu sou\u2026&#8221;"},"content":{"rendered":"\n<p>A presidente do Palmeiras, Leila Pereira, adotou um tom bem-humorado ao comentar a rela\u00e7\u00e3o com os torcedores, especialmente diante da press\u00e3o comum em momentos decisivos. Em entrevista concedida \u00e0 Fifa, ela mencionou com ironia o meme que costuma circular nas redes sociais ap\u00f3s vit\u00f3rias do clube. \u201cEu tenho certeza de que est\u00e3o mais calmos! E podem ficar sempre calmos. <strong>Eu sou o calmante do nosso torcedor<\/strong>\u201d, afirmou, entre risos.<\/p>\n\n\n\n<p>A declara\u00e7\u00e3o, ali\u00e1s, ganhou notoriedade nas redes por sintetizar a postura confiante de Leila em meio \u00e0s cobran\u00e7as. A dirigente explicou que sua tranquilidade vem do empenho pessoal. \u201cSabe por que estou sempre calma? Voc\u00ea precisa fazer o melhor que puder. E eu me entrego, fa\u00e7o o melhor que posso\u201d, explicou. Segundo ela, mesmo nos momentos em que os resultados n\u00e3o s\u00e3o alcan\u00e7ados, h\u00e1 sempre um aprendizado: \u201cSe eu n\u00e3o ganho, eu aprendo\u201d.<\/p>\n\n\n\n<p>Ainda durante a entrevista, Leila reconheceu a dualidade que enfrenta no cargo. \u201cSe o time ganha, \u00e9 sempre o elenco, o treinador. Se perde, \u00e9 a presidente\u201d, pontuou. Apesar disso, demonstrou leveza ao lidar com as cr\u00edticas. \u201cQuando ganha, eu festejo comigo mesma. Eu me olho no espelho e falo: \u2018Parab\u00e9ns, Leila, voc\u00ea \u00e9 top\u2019. Sabe?\u201d, disse, com bom humor.<\/p>\n\n\n\n<p>Esse discurso surge em um momento importante para o Palmeiras, que se prepara para a Copa do Mundo de Clubes. O clube fez grande investimento na janela de transfer\u00eancias, o que elevou a expectativa dos torcedores. A presidente, no entanto, busca transmitir confian\u00e7a e estabilidade, especialmente nos bastidores.<\/p>\n\n\n\n<p>Conforme ela pr\u00f3pria destacou, o foco est\u00e1 em competir com for\u00e7a total. \u201cVamos mostrar ao mundo o que j\u00e1 mostramos no Brasil: que lutamos at\u00e9 o fim\u201d, declarou, refor\u00e7ando o esp\u00edrito de entrega que pretende levar ao torneio internacional.<\/p>\n\n\n\n<p>Portanto, Leila se apresenta n\u00e3o apenas como dirigente, mas como figura central no equil\u00edbrio emocional do clube. Sua postura reafirma o compromisso com o planejamento, mas igualmente ressalta o papel de lideran\u00e7a em momentos de press\u00e3o, ainda que isso a transforme, ocasionalmente, em meme.<\/p>\n","protected":false},"excerpt":{"rendered":"<p>A presidente do Palmeiras, Leila Pereira, adotou um tom bem-humorado ao comentar a rela\u00e7\u00e3o com os torcedores, especialmente diante da press\u00e3o comum em momentos decisivos. Em entrevista concedida \u00e0 Fifa, ela mencionou com ironia o meme que costuma circular nas redes sociais ap\u00f3s vit\u00f3rias do clube. \u201cEu tenho certeza de que est\u00e3o mais calmos! E [&hellip;]<\/p>\n","protected":false},"author":18,"featured_media":142474,"comment_status":"open","ping_status":"closed","sticky":false,"template":"","format":"standard","meta":{"footnotes":""},"categories":[150],"tags":[],"class_list":["post-270470","post","type-post","status-publish","format-standard","has-post-thumbnail","hentry","category-palmeiras"],"yoast_head":"<!-- This site is optimized with the Yoast SEO Premium plugin v24.2 (Yoast SEO v26.9) - https:\/\/yoast.com\/product\/yoast-seo-premium-wordpress\/ -->\n<title>Leila Pereira \u00e9 sincera sobre ter virado &#039;meme&#039; da torcida do Palmeiras: &quot;Eu sou\u2026&quot;<\/title>\n<meta name=\"robots\" content=\"index, follow, max-snippet:-1, max-image-preview:large, max-video-preview:-1\" \/>\n<link rel=\"canonical\" href=\"https:\/\/www.gaveanews.com\/index.php\/2025\/06\/06\/leila-pereira-e-sincera-sobre-ter-virado-meme-da-torcida-do-palmeiras-eu-sou\/\" \/>\n<meta property=\"og:locale\" content=\"pt_BR\" \/>\n<meta property=\"og:type\" content=\"article\" \/>\n<meta property=\"og:title\" content=\"Leila Pereira \u00e9 sincera sobre ter virado &#039;meme&#039; da torcida do Palmeiras: &quot;Eu sou\u2026&quot;\" \/>\n<meta property=\"og:description\" content=\"A presidente do Palmeiras, Leila Pereira, adotou um tom bem-humorado ao comentar a rela\u00e7\u00e3o com os torcedores, especialmente diante da press\u00e3o comum em momentos decisivos. Em entrevista concedida \u00e0 Fifa, ela mencionou com ironia o meme que costuma circular nas redes sociais ap\u00f3s vit\u00f3rias do clube. \u201cEu tenho certeza de que est\u00e3o mais calmos! E [&hellip;]\" \/>\n<meta property=\"og:url\" content=\"https:\/\/www.gaveanews.com\/index.php\/2025\/06\/06\/leila-pereira-e-sincera-sobre-ter-virado-meme-da-torcida-do-palmeiras-eu-sou\/\" \/>\n<meta property=\"og:site_name\" content=\"G\u00e1vea News\" \/>\n<meta property=\"article:publisher\" content=\"https:\/\/facebook.com\/gaveaNews\/\" \/>\n<meta property=\"article:published_time\" content=\"2025-06-06T23:30:00+00:00\" \/>\n<meta property=\"og:image\" content=\"https:\/\/www.gaveanews.com\/wp-content\/uploads\/A-presidente-Leila-Pereira-da-SE-Palmeiras-durante-coletiva-de-imprensa-na-Academia-de-Futebol-2-696x385-1.webp\" \/>\n\t<meta property=\"og:image:width\" content=\"696\" \/>\n\t<meta property=\"og:image:height\" content=\"385\" \/>\n\t<meta property=\"og:image:type\" content=\"image\/webp\" \/>\n<meta name=\"author\" content=\"Paula Silva\" \/>\n<meta name=\"twitter:card\" content=\"summary_large_image\" \/>\n<meta name=\"twitter:label1\" content=\"Escrito por\" \/>\n\t<meta name=\"twitter:data1\" content=\"Paula Silva\" \/>\n\t<meta name=\"twitter:label2\" content=\"Est. tempo de leitura\" \/>\n\t<meta name=\"twitter:data2\" content=\"3 minutos\" \/>\n<script type=\"application\/ld+json\" class=\"yoast-schema-graph\">{\"@context\":\"https:\/\/schema.org\",\"@graph\":[{\"@type\":\"NewsArticle\",\"@id\":\"https:\/\/www.gaveanews.com\/index.php\/2025\/06\/06\/leila-pereira-e-sincera-sobre-ter-virado-meme-da-torcida-do-palmeiras-eu-sou\/#article\",\"isPartOf\":{\"@id\":\"https:\/\/www.gaveanews.com\/index.php\/2025\/06\/06\/leila-pereira-e-sincera-sobre-ter-virado-meme-da-torcida-do-palmeiras-eu-sou\/\"},\"author\":{\"name\":\"Paula Silva\",\"@id\":\"https:\/\/www.gaveanews.com\/#\/schema\/person\/daf63eec72e1164eb13dc35096c2b8da\"},\"headline\":\"Leila Pereira \u00e9 sincera sobre ter virado &#8216;meme&#8217; da torcida do Palmeiras: &#8220;Eu sou\u2026&#8221;\",\"datePublished\":\"2025-06-06T23:30:00+00:00\",\"mainEntityOfPage\":{\"@id\":\"https:\/\/www.gaveanews.com\/index.php\/2025\/06\/06\/leila-pereira-e-sincera-sobre-ter-virado-meme-da-torcida-do-palmeiras-eu-sou\/\"},\"wordCount\":367,\"commentCount\":0,\"image\":{\"@id\":\"https:\/\/www.gaveanews.com\/index.php\/2025\/06\/06\/leila-pereira-e-sincera-sobre-ter-virado-meme-da-torcida-do-palmeiras-eu-sou\/#primaryimage\"},\"thumbnailUrl\":\"https:\/\/www.gaveanews.com\/wp-content\/uploads\/A-presidente-Leila-Pereira-da-SE-Palmeiras-durante-coletiva-de-imprensa-na-Academia-de-Futebol-2-696x385-1.webp\",\"articleSection\":[\"Palmeiras\"],\"inLanguage\":\"pt-BR\",\"potentialAction\":[{\"@type\":\"CommentAction\",\"name\":\"Comment\",\"target\":[\"https:\/\/www.gaveanews.com\/index.php\/2025\/06\/06\/leila-pereira-e-sincera-sobre-ter-virado-meme-da-torcida-do-palmeiras-eu-sou\/#respond\"]}],\"copyrightYear\":\"2025\",\"copyrightHolder\":{\"@id\":\"https:\/\/www.gaveanews.com\/#organization\"}},{\"@type\":\"WebPage\",\"@id\":\"https:\/\/www.gaveanews.com\/index.php\/2025\/06\/06\/leila-pereira-e-sincera-sobre-ter-virado-meme-da-torcida-do-palmeiras-eu-sou\/\",\"url\":\"https:\/\/www.gaveanews.com\/index.php\/2025\/06\/06\/leila-pereira-e-sincera-sobre-ter-virado-meme-da-torcida-do-palmeiras-eu-sou\/\",\"name\":\"Leila Pereira \u00e9 sincera sobre ter virado 'meme' da torcida do Palmeiras: \\\"Eu sou\u2026\\\"\",\"isPartOf\":{\"@id\":\"https:\/\/www.gaveanews.com\/#website\"},\"primaryImageOfPage\":{\"@id\":\"https:\/\/www.gaveanews.com\/index.php\/2025\/06\/06\/leila-pereira-e-sincera-sobre-ter-virado-meme-da-torcida-do-palmeiras-eu-sou\/#primaryimage\"},\"image\":{\"@id\":\"https:\/\/www.gaveanews.com\/index.php\/2025\/06\/06\/leila-pereira-e-sincera-sobre-ter-virado-meme-da-torcida-do-palmeiras-eu-sou\/#primaryimage\"},\"thumbnailUrl\":\"https:\/\/www.gaveanews.com\/wp-content\/uploads\/A-presidente-Leila-Pereira-da-SE-Palmeiras-durante-coletiva-de-imprensa-na-Academia-de-Futebol-2-696x385-1.webp\",\"datePublished\":\"2025-06-06T23:30:00+00:00\",\"author\":{\"@id\":\"https:\/\/www.gaveanews.com\/#\/schema\/person\/daf63eec72e1164eb13dc35096c2b8da\"},\"breadcrumb\":{\"@id\":\"https:\/\/www.gaveanews.com\/index.php\/2025\/06\/06\/leila-pereira-e-sincera-sobre-ter-virado-meme-da-torcida-do-palmeiras-eu-sou\/#breadcrumb\"},\"inLanguage\":\"pt-BR\",\"potentialAction\":[{\"@type\":\"ReadAction\",\"target\":[\"https:\/\/www.gaveanews.com\/index.php\/2025\/06\/06\/leila-pereira-e-sincera-sobre-ter-virado-meme-da-torcida-do-palmeiras-eu-sou\/\"]}]},{\"@type\":\"ImageObject\",\"inLanguage\":\"pt-BR\",\"@id\":\"https:\/\/www.gaveanews.com\/index.php\/2025\/06\/06\/leila-pereira-e-sincera-sobre-ter-virado-meme-da-torcida-do-palmeiras-eu-sou\/#primaryimage\",\"url\":\"https:\/\/www.gaveanews.com\/wp-content\/uploads\/A-presidente-Leila-Pereira-da-SE-Palmeiras-durante-coletiva-de-imprensa-na-Academia-de-Futebol-2-696x385-1.webp\",\"contentUrl\":\"https:\/\/www.gaveanews.com\/wp-content\/uploads\/A-presidente-Leila-Pereira-da-SE-Palmeiras-durante-coletiva-de-imprensa-na-Academia-de-Futebol-2-696x385-1.webp\",\"width\":696,\"height\":385,\"caption\":\"Leila Pereira em coletiva - Foto: Cesar Greco\/Palmeiras\"},{\"@type\":\"BreadcrumbList\",\"@id\":\"https:\/\/www.gaveanews.com\/index.php\/2025\/06\/06\/leila-pereira-e-sincera-sobre-ter-virado-meme-da-torcida-do-palmeiras-eu-sou\/#breadcrumb\",\"itemListElement\":[{\"@type\":\"ListItem\",\"position\":1,\"name\":\"Home\",\"item\":\"https:\/\/www.gaveanews.com\/\"},{\"@type\":\"ListItem\",\"position\":2,\"name\":\"Leila Pereira \u00e9 sincera sobre ter virado &#8216;meme&#8217; da torcida do Palmeiras: &#8220;Eu sou\u2026&#8221;\"}]},{\"@type\":\"WebSite\",\"@id\":\"https:\/\/www.gaveanews.com\/#website\",\"url\":\"https:\/\/www.gaveanews.com\/\",\"name\":\"G\u00e1vea News\",\"description\":\"Veja todas as not\u00edcias sobre o Flamengo: Contrata\u00e7\u00f5es, categorias de base, resultados das partidas, tabela de classifica\u00e7\u00e3o, pr\u00f3ximos jogos!\",\"potentialAction\":[{\"@type\":\"SearchAction\",\"target\":{\"@type\":\"EntryPoint\",\"urlTemplate\":\"https:\/\/www.gaveanews.com\/?s={search_term_string}\"},\"query-input\":{\"@type\":\"PropertyValueSpecification\",\"valueRequired\":true,\"valueName\":\"search_term_string\"}}],\"inLanguage\":\"pt-BR\"},{\"@type\":\"Person\",\"@id\":\"https:\/\/www.gaveanews.com\/#\/schema\/person\/daf63eec72e1164eb13dc35096c2b8da\",\"name\":\"Paula Silva\",\"image\":{\"@type\":\"ImageObject\",\"inLanguage\":\"pt-BR\",\"@id\":\"https:\/\/www.gaveanews.com\/#\/schema\/person\/image\/\",\"url\":\"https:\/\/secure.gravatar.com\/avatar\/eda381c845527cc5d64c13b901833cda29d97500ba040d3e6461f76f51d163bb?s=96&d=mm&r=g\",\"contentUrl\":\"https:\/\/secure.gravatar.com\/avatar\/eda381c845527cc5d64c13b901833cda29d97500ba040d3e6461f76f51d163bb?s=96&d=mm&r=g\",\"caption\":\"Paula Silva\"}}]}<\/script>\n<!-- \/ Yoast SEO Premium plugin. -->","yoast_head_json":{"title":"Leila Pereira \u00e9 sincera sobre ter virado 'meme' da torcida do Palmeiras: \"Eu sou\u2026\"","robots":{"index":"index","follow":"follow","max-snippet":"max-snippet:-1","max-image-preview":"max-image-preview:large","max-video-preview":"max-video-preview:-1"},"canonical":"https:\/\/www.gaveanews.com\/index.php\/2025\/06\/06\/leila-pereira-e-sincera-sobre-ter-virado-meme-da-torcida-do-palmeiras-eu-sou\/","og_locale":"pt_BR","og_type":"article","og_title":"Leila Pereira \u00e9 sincera sobre ter virado 'meme' da torcida do Palmeiras: \"Eu sou\u2026\"","og_description":"A presidente do Palmeiras, Leila Pereira, adotou um tom bem-humorado ao comentar a rela\u00e7\u00e3o com os torcedores, especialmente diante da press\u00e3o comum em momentos decisivos. Em entrevista concedida \u00e0 Fifa, ela mencionou com ironia o meme que costuma circular nas redes sociais ap\u00f3s vit\u00f3rias do clube. \u201cEu tenho certeza de que est\u00e3o mais calmos! E [&hellip;]","og_url":"https:\/\/www.gaveanews.com\/index.php\/2025\/06\/06\/leila-pereira-e-sincera-sobre-ter-virado-meme-da-torcida-do-palmeiras-eu-sou\/","og_site_name":"G\u00e1vea News","article_publisher":"https:\/\/facebook.com\/gaveaNews\/","article_published_time":"2025-06-06T23:30:00+00:00","og_image":[{"width":696,"height":385,"url":"https:\/\/www.gaveanews.com\/wp-content\/uploads\/A-presidente-Leila-Pereira-da-SE-Palmeiras-durante-coletiva-de-imprensa-na-Academia-de-Futebol-2-696x385-1.webp","type":"image\/webp"}],"author":"Paula Silva","twitter_card":"summary_large_image","twitter_misc":{"Escrito por":"Paula Silva","Est. tempo de leitura":"3 minutos"},"schema":{"@context":"https:\/\/schema.org","@graph":[{"@type":"NewsArticle","@id":"https:\/\/www.gaveanews.com\/index.php\/2025\/06\/06\/leila-pereira-e-sincera-sobre-ter-virado-meme-da-torcida-do-palmeiras-eu-sou\/#article","isPartOf":{"@id":"https:\/\/www.gaveanews.com\/index.php\/2025\/06\/06\/leila-pereira-e-sincera-sobre-ter-virado-meme-da-torcida-do-palmeiras-eu-sou\/"},"author":{"name":"Paula Silva","@id":"https:\/\/www.gaveanews.com\/#\/schema\/person\/daf63eec72e1164eb13dc35096c2b8da"},"headline":"Leila Pereira \u00e9 sincera sobre ter virado &#8216;meme&#8217; da torcida do Palmeiras: &#8220;Eu sou\u2026&#8221;","datePublished":"2025-06-06T23:30:00+00:00","mainEntityOfPage":{"@id":"https:\/\/www.gaveanews.com\/index.php\/2025\/06\/06\/leila-pereira-e-sincera-sobre-ter-virado-meme-da-torcida-do-palmeiras-eu-sou\/"},"wordCount":367,"commentCount":0,"image":{"@id":"https:\/\/www.gaveanews.com\/index.php\/2025\/06\/06\/leila-pereira-e-sincera-sobre-ter-virado-meme-da-torcida-do-palmeiras-eu-sou\/#primaryimage"},"thumbnailUrl":"https:\/\/www.gaveanews.com\/wp-content\/uploads\/A-presidente-Leila-Pereira-da-SE-Palmeiras-durante-coletiva-de-imprensa-na-Academia-de-Futebol-2-696x385-1.webp","articleSection":["Palmeiras"],"inLanguage":"pt-BR","potentialAction":[{"@type":"CommentAction","name":"Comment","target":["https:\/\/www.gaveanews.com\/index.php\/2025\/06\/06\/leila-pereira-e-sincera-sobre-ter-virado-meme-da-torcida-do-palmeiras-eu-sou\/#respond"]}],"copyrightYear":"2025","copyrightHolder":{"@id":"https:\/\/www.gaveanews.com\/#organization"}},{"@type":"WebPage","@id":"https:\/\/www.gaveanews.com\/index.php\/2025\/06\/06\/leila-pereira-e-sincera-sobre-ter-virado-meme-da-torcida-do-palmeiras-eu-sou\/","url":"https:\/\/www.gaveanews.com\/index.php\/2025\/06\/06\/leila-pereira-e-sincera-sobre-ter-virado-meme-da-torcida-do-palmeiras-eu-sou\/","name":"Leila Pereira \u00e9 sincera sobre ter virado 'meme' da torcida do Palmeiras: \"Eu sou\u2026\"","isPartOf":{"@id":"https:\/\/www.gaveanews.com\/#website"},"primaryImageOfPage":{"@id":"https:\/\/www.gaveanews.com\/index.php\/2025\/06\/06\/leila-pereira-e-sincera-sobre-ter-virado-meme-da-torcida-do-palmeiras-eu-sou\/#primaryimage"},"image":{"@id":"https:\/\/www.gaveanews.com\/index.php\/2025\/06\/06\/leila-pereira-e-sincera-sobre-ter-virado-meme-da-torcida-do-palmeiras-eu-sou\/#primaryimage"},"thumbnailUrl":"https:\/\/www.gaveanews.com\/wp-content\/uploads\/A-presidente-Leila-Pereira-da-SE-Palmeiras-durante-coletiva-de-imprensa-na-Academia-de-Futebol-2-696x385-1.webp","datePublished":"2025-06-06T23:30:00+00:00","author":{"@id":"https:\/\/www.gaveanews.com\/#\/schema\/person\/daf63eec72e1164eb13dc35096c2b8da"},"breadcrumb":{"@id":"https:\/\/www.gaveanews.com\/index.php\/2025\/06\/06\/leila-pereira-e-sincera-sobre-ter-virado-meme-da-torcida-do-palmeiras-eu-sou\/#breadcrumb"},"inLanguage":"pt-BR","potentialAction":[{"@type":"ReadAction","target":["https:\/\/www.gaveanews.com\/index.php\/2025\/06\/06\/leila-pereira-e-sincera-sobre-ter-virado-meme-da-torcida-do-palmeiras-eu-sou\/"]}]},{"@type":"ImageObject","inLanguage":"pt-BR","@id":"https:\/\/www.gaveanews.com\/index.php\/2025\/06\/06\/leila-pereira-e-sincera-sobre-ter-virado-meme-da-torcida-do-palmeiras-eu-sou\/#primaryimage","url":"https:\/\/www.gaveanews.com\/wp-content\/uploads\/A-presidente-Leila-Pereira-da-SE-Palmeiras-durante-coletiva-de-imprensa-na-Academia-de-Futebol-2-696x385-1.webp","contentUrl":"https:\/\/www.gaveanews.com\/wp-content\/uploads\/A-presidente-Leila-Pereira-da-SE-Palmeiras-durante-coletiva-de-imprensa-na-Academia-de-Futebol-2-696x385-1.webp","width":696,"height":385,"caption":"Leila Pereira em coletiva - Foto: Cesar Greco\/Palmeiras"},{"@type":"BreadcrumbList","@id":"https:\/\/www.gaveanews.com\/index.php\/2025\/06\/06\/leila-pereira-e-sincera-sobre-ter-virado-meme-da-torcida-do-palmeiras-eu-sou\/#breadcrumb","itemListElement":[{"@type":"ListItem","position":1,"name":"Home","item":"https:\/\/www.gaveanews.com\/"},{"@type":"ListItem","position":2,"name":"Leila Pereira \u00e9 sincera sobre ter virado &#8216;meme&#8217; da torcida do Palmeiras: &#8220;Eu sou\u2026&#8221;"}]},{"@type":"WebSite","@id":"https:\/\/www.gaveanews.com\/#website","url":"https:\/\/www.gaveanews.com\/","name":"G\u00e1vea News","description":"Veja todas as not\u00edcias sobre o Flamengo: Contrata\u00e7\u00f5es, categorias de base, resultados das partidas, tabela de classifica\u00e7\u00e3o, pr\u00f3ximos jogos!","potentialAction":[{"@type":"SearchAction","target":{"@type":"EntryPoint","urlTemplate":"https:\/\/www.gaveanews.com\/?s={search_term_string}"},"query-input":{"@type":"PropertyValueSpecification","valueRequired":true,"valueName":"search_term_string"}}],"inLanguage":"pt-BR"},{"@type":"Person","@id":"https:\/\/www.gaveanews.com\/#\/schema\/person\/daf63eec72e1164eb13dc35096c2b8da","name":"Paula Silva","image":{"@type":"ImageObject","inLanguage":"pt-BR","@id":"https:\/\/www.gaveanews.com\/#\/schema\/person\/image\/","url":"https:\/\/secure.gravatar.com\/avatar\/eda381c845527cc5d64c13b901833cda29d97500ba040d3e6461f76f51d163bb?s=96&d=mm&r=g","contentUrl":"https:\/\/secure.gravatar.com\/avatar\/eda381c845527cc5d64c13b901833cda29d97500ba040d3e6461f76f51d163bb?s=96&d=mm&r=g","caption":"Paula Silva"}}]}},"_links":{"self":[{"href":"https:\/\/www.gaveanews.com\/index.php\/wp-json\/wp\/v2\/posts\/270470","targetHints":{"allow":["GET"]}}],"collection":[{"href":"https:\/\/www.gaveanews.com\/index.php\/wp-json\/wp\/v2\/posts"}],"about":[{"href":"https:\/\/www.gaveanews.com\/index.php\/wp-json\/wp\/v2\/types\/post"}],"author":[{"embeddable":true,"href":"https:\/\/www.gaveanews.com\/index.php\/wp-json\/wp\/v2\/users\/18"}],"replies":[{"embeddable":true,"href":"https:\/\/www.gaveanews.com\/index.php\/wp-json\/wp\/v2\/comments?post=270470"}],"version-history":[{"count":1,"href":"https:\/\/www.gaveanews.com\/index.php\/wp-json\/wp\/v2\/posts\/270470\/revisions"}],"predecessor-version":[{"id":270475,"href":"https:\/\/www.gaveanews.com\/index.php\/wp-json\/wp\/v2\/posts\/270470\/revisions\/270475"}],"wp:featuredmedia":[{"embeddable":true,"href":"https:\/\/www.gaveanews.com\/index.php\/wp-json\/wp\/v2\/media\/142474"}],"wp:attachment":[{"href":"https:\/\/www.gaveanews.com\/index.php\/wp-json\/wp\/v2\/media?parent=270470"}],"wp:term":[{"taxonomy":"category","embeddable":true,"href":"https:\/\/www.gaveanews.com\/index.php\/wp-json\/wp\/v2\/categories?post=270470"},{"taxonomy":"post_tag","embeddable":true,"href":"https:\/\/www.gaveanews.com\/index.php\/wp-json\/wp\/v2\/tags?post=270470"}],"curies":[{"name":"wp","href":"https:\/\/api.w.org\/{rel}","templated":true}]}}