{"id":270610,"date":"2025-06-10T17:35:02","date_gmt":"2025-06-10T20:35:02","guid":{"rendered":"https:\/\/www.gaveanews.com\/?p=270610"},"modified":"2025-06-10T17:33:24","modified_gmt":"2025-06-10T20:33:24","slug":"a-sincera-opiniao-de-joel-santana-sobre-ancelotti-na-selecao-brasileira","status":"publish","type":"post","link":"https:\/\/www.gaveanews.com\/index.php\/2025\/06\/10\/a-sincera-opiniao-de-joel-santana-sobre-ancelotti-na-selecao-brasileira\/","title":{"rendered":"A sincera opini\u00e3o de Joel Santana sobre Ancelotti na sele\u00e7\u00e3o brasileira"},"content":{"rendered":"\n<p>Carlo Ancelotti n\u00e3o teve o in\u00edcio dos sonhos no comando da Sele\u00e7\u00e3o Brasileira, amargando um empate sem gols contra o Equador pelas Eliminat\u00f3rias da Copa do Mundo. Apesar do desempenho aqu\u00e9m do esperado em sua estreia, o t\u00e9cnico italiano j\u00e1 havia conquistado um importante aliado antes mesmo de pisar em campo. <\/p>\n\n\n\n<p>Em entrevista \u00e0 ESPN, o experiente Joel Santana defendeu a chegada de Ancelotti, destacando a escolha ap\u00f3s a sequ\u00eancia de nomes como Ramon Menezes, Fernando Diniz e Dorival J\u00fanior no cargo.<\/p>\n\n\n\n<p>&#8221;\u00c9 um t\u00e9cnico super graduado (&#8230;) Vai dar certo ou n\u00e3o? Eu n\u00e3o tenho bola de cristal, mas tem tudo para dar porque ele \u00e9 um treinador que foi campe\u00e3o por v\u00e1rios lugares onde passou. Se tem que contratar fora, contrata um cinco estrelas. N\u00e3o vem com soldado para ser t\u00e9cnico da sele\u00e7\u00e3o brasileira porque sele\u00e7\u00e3o brasileira \u00e9 sele\u00e7\u00e3o brasileira&#8221;, disse Joel Santana.<\/p>\n\n\n\n<p>&#8221;Para o brasileiro, se ganhou est\u00e1 tudo bem, mas se n\u00e3o ganhou&#8230;N\u00f3s temos cinco estrelas, para trazer um cara qualquer, vamos dar oportunidade a ele. Agora vamos aprender um pouco porque esse \u00e9 um t\u00e9cnico campe\u00e3o. Antigamente, n\u00e3o estava acontecendo isso&#8221;, completou.<\/p>\n\n\n\n<p>Joel Santana destacou tamb\u00e9m alguns pontos que podem ajudar Carlo Ancelotti a resgatar o &#8220;respeito&#8221; perdido pela Sele\u00e7\u00e3o Brasileira ap\u00f3s trope\u00e7os nas Eliminat\u00f3rias, como a goleada de 4 a 1 sofrida para a Argentina.<\/p>\n\n\n\n<p>&#8221;A maneira de jogar, de agir, de se comportar. \u00c9 uma escola diferente. Os treinadores da minha \u00e9poca, quando n\u00f3s chegamos a cinco mundiais, \u00e9ramos treinadores acima de tudo, campe\u00f5es e vitoriosos. Se voc\u00ea botar no dedo tem cinco, seis ou sete que tinham condi\u00e7\u00f5es de assumir a sele\u00e7\u00e3o. Infelizmente pararam porque cansaram&#8221;, declarou.<\/p>\n\n\n\n<p>&#8221;O Brasil come\u00e7ou a arriscar muito e com a isso a sele\u00e7\u00e3o brasileira se desestabilizou. Uma equipe boa como a do Brasil passou a sofrer discrimina\u00e7\u00e3o. Por isso \u00e9 hora de trazer jogador novo, principalmente os que jogam aqui e n\u00e3o fora, para refor\u00e7ar. N\u00e3o \u00e9 poss\u00edvel perder para Venezuela, Paraguai, precisa ter um pouco mais de respeito com a sele\u00e7\u00e3o brasileira&#8221;, finalizou Joel Santana.<\/p>\n\n\n\n<p>O Brasil volta a campo nesta ter\u00e7a-feira (10), contra o Paraguai. O jogo ser\u00e1 realizado na Neo Qu\u00edmica Arena e a bola rola \u00e0s 21h45 (de Bras\u00edlia).<\/p>\n","protected":false},"excerpt":{"rendered":"<p>Carlo Ancelotti n\u00e3o teve o in\u00edcio dos sonhos no comando da Sele\u00e7\u00e3o Brasileira, amargando um empate sem gols contra o Equador pelas Eliminat\u00f3rias da Copa do Mundo. Apesar do desempenho aqu\u00e9m do esperado em sua estreia, o t\u00e9cnico italiano j\u00e1 havia conquistado um importante aliado antes mesmo de pisar em campo. Em entrevista \u00e0 ESPN, [&hellip;]<\/p>\n","protected":false},"author":32,"featured_media":269399,"comment_status":"open","ping_status":"closed","sticky":false,"template":"","format":"standard","meta":{"footnotes":""},"categories":[477],"tags":[],"class_list":["post-270610","post","type-post","status-publish","format-standard","has-post-thumbnail","hentry","category-selecoes"],"yoast_head":"<!-- This site is optimized with the Yoast SEO Premium plugin v24.2 (Yoast SEO v26.9) - https:\/\/yoast.com\/product\/yoast-seo-premium-wordpress\/ -->\n<title>A sincera opini\u00e3o de Joel Santana sobre Ancelotti na sele\u00e7\u00e3o brasileira<\/title>\n<meta name=\"robots\" content=\"index, follow, max-snippet:-1, max-image-preview:large, max-video-preview:-1\" \/>\n<link rel=\"canonical\" href=\"https:\/\/www.gaveanews.com\/index.php\/2025\/06\/10\/a-sincera-opiniao-de-joel-santana-sobre-ancelotti-na-selecao-brasileira\/\" \/>\n<meta property=\"og:locale\" content=\"pt_BR\" \/>\n<meta property=\"og:type\" content=\"article\" \/>\n<meta property=\"og:title\" content=\"A sincera opini\u00e3o de Joel Santana sobre Ancelotti na sele\u00e7\u00e3o brasileira\" \/>\n<meta property=\"og:description\" content=\"Carlo Ancelotti n\u00e3o teve o in\u00edcio dos sonhos no comando da Sele\u00e7\u00e3o Brasileira, amargando um empate sem gols contra o Equador pelas Eliminat\u00f3rias da Copa do Mundo. Apesar do desempenho aqu\u00e9m do esperado em sua estreia, o t\u00e9cnico italiano j\u00e1 havia conquistado um importante aliado antes mesmo de pisar em campo. Em entrevista \u00e0 ESPN, [&hellip;]\" \/>\n<meta property=\"og:url\" content=\"https:\/\/www.gaveanews.com\/index.php\/2025\/06\/10\/a-sincera-opiniao-de-joel-santana-sobre-ancelotti-na-selecao-brasileira\/\" \/>\n<meta property=\"og:site_name\" content=\"G\u00e1vea News\" \/>\n<meta property=\"article:publisher\" content=\"https:\/\/facebook.com\/gaveaNews\/\" \/>\n<meta property=\"article:published_time\" content=\"2025-06-10T20:35:02+00:00\" \/>\n<meta property=\"og:image\" content=\"https:\/\/www.gaveanews.com\/wp-content\/uploads\/Primeiro-treino-de-Carlo-Ancelotti-a-frente-da-Selecao-Brasileira.-O-registro-e-de-Rafael-Ribeiro-fotografo-da-CBF.-2.webp\" \/>\n\t<meta property=\"og:image:width\" content=\"1200\" \/>\n\t<meta property=\"og:image:height\" content=\"900\" \/>\n\t<meta property=\"og:image:type\" content=\"image\/webp\" \/>\n<meta name=\"author\" content=\"Matheus Leal\" \/>\n<meta name=\"twitter:card\" content=\"summary_large_image\" \/>\n<meta name=\"twitter:label1\" content=\"Escrito por\" \/>\n\t<meta name=\"twitter:data1\" content=\"Matheus Leal\" \/>\n\t<meta name=\"twitter:label2\" content=\"Est. tempo de leitura\" \/>\n\t<meta name=\"twitter:data2\" content=\"3 minutos\" \/>\n<script type=\"application\/ld+json\" class=\"yoast-schema-graph\">{\"@context\":\"https:\/\/schema.org\",\"@graph\":[{\"@type\":\"NewsArticle\",\"@id\":\"https:\/\/www.gaveanews.com\/index.php\/2025\/06\/10\/a-sincera-opiniao-de-joel-santana-sobre-ancelotti-na-selecao-brasileira\/#article\",\"isPartOf\":{\"@id\":\"https:\/\/www.gaveanews.com\/index.php\/2025\/06\/10\/a-sincera-opiniao-de-joel-santana-sobre-ancelotti-na-selecao-brasileira\/\"},\"author\":{\"name\":\"Matheus Leal\",\"@id\":\"https:\/\/www.gaveanews.com\/#\/schema\/person\/49ac99b6823a2b8d5087a6ce3aaaa128\"},\"headline\":\"A sincera opini\u00e3o de Joel Santana sobre Ancelotti na sele\u00e7\u00e3o brasileira\",\"datePublished\":\"2025-06-10T20:35:02+00:00\",\"mainEntityOfPage\":{\"@id\":\"https:\/\/www.gaveanews.com\/index.php\/2025\/06\/10\/a-sincera-opiniao-de-joel-santana-sobre-ancelotti-na-selecao-brasileira\/\"},\"wordCount\":413,\"commentCount\":0,\"image\":{\"@id\":\"https:\/\/www.gaveanews.com\/index.php\/2025\/06\/10\/a-sincera-opiniao-de-joel-santana-sobre-ancelotti-na-selecao-brasileira\/#primaryimage\"},\"thumbnailUrl\":\"https:\/\/www.gaveanews.com\/wp-content\/uploads\/Primeiro-treino-de-Carlo-Ancelotti-a-frente-da-Selecao-Brasileira.-O-registro-e-de-Rafael-Ribeiro-fotografo-da-CBF.-2.webp\",\"articleSection\":[\"Sele\u00e7\u00f5es\"],\"inLanguage\":\"pt-BR\",\"potentialAction\":[{\"@type\":\"CommentAction\",\"name\":\"Comment\",\"target\":[\"https:\/\/www.gaveanews.com\/index.php\/2025\/06\/10\/a-sincera-opiniao-de-joel-santana-sobre-ancelotti-na-selecao-brasileira\/#respond\"]}],\"copyrightYear\":\"2025\",\"copyrightHolder\":{\"@id\":\"https:\/\/www.gaveanews.com\/#organization\"}},{\"@type\":\"WebPage\",\"@id\":\"https:\/\/www.gaveanews.com\/index.php\/2025\/06\/10\/a-sincera-opiniao-de-joel-santana-sobre-ancelotti-na-selecao-brasileira\/\",\"url\":\"https:\/\/www.gaveanews.com\/index.php\/2025\/06\/10\/a-sincera-opiniao-de-joel-santana-sobre-ancelotti-na-selecao-brasileira\/\",\"name\":\"A sincera opini\u00e3o de Joel Santana sobre Ancelotti na sele\u00e7\u00e3o brasileira\",\"isPartOf\":{\"@id\":\"https:\/\/www.gaveanews.com\/#website\"},\"primaryImageOfPage\":{\"@id\":\"https:\/\/www.gaveanews.com\/index.php\/2025\/06\/10\/a-sincera-opiniao-de-joel-santana-sobre-ancelotti-na-selecao-brasileira\/#primaryimage\"},\"image\":{\"@id\":\"https:\/\/www.gaveanews.com\/index.php\/2025\/06\/10\/a-sincera-opiniao-de-joel-santana-sobre-ancelotti-na-selecao-brasileira\/#primaryimage\"},\"thumbnailUrl\":\"https:\/\/www.gaveanews.com\/wp-content\/uploads\/Primeiro-treino-de-Carlo-Ancelotti-a-frente-da-Selecao-Brasileira.-O-registro-e-de-Rafael-Ribeiro-fotografo-da-CBF.-2.webp\",\"datePublished\":\"2025-06-10T20:35:02+00:00\",\"author\":{\"@id\":\"https:\/\/www.gaveanews.com\/#\/schema\/person\/49ac99b6823a2b8d5087a6ce3aaaa128\"},\"breadcrumb\":{\"@id\":\"https:\/\/www.gaveanews.com\/index.php\/2025\/06\/10\/a-sincera-opiniao-de-joel-santana-sobre-ancelotti-na-selecao-brasileira\/#breadcrumb\"},\"inLanguage\":\"pt-BR\",\"potentialAction\":[{\"@type\":\"ReadAction\",\"target\":[\"https:\/\/www.gaveanews.com\/index.php\/2025\/06\/10\/a-sincera-opiniao-de-joel-santana-sobre-ancelotti-na-selecao-brasileira\/\"]}]},{\"@type\":\"ImageObject\",\"inLanguage\":\"pt-BR\",\"@id\":\"https:\/\/www.gaveanews.com\/index.php\/2025\/06\/10\/a-sincera-opiniao-de-joel-santana-sobre-ancelotti-na-selecao-brasileira\/#primaryimage\",\"url\":\"https:\/\/www.gaveanews.com\/wp-content\/uploads\/Primeiro-treino-de-Carlo-Ancelotti-a-frente-da-Selecao-Brasileira.-O-registro-e-de-Rafael-Ribeiro-fotografo-da-CBF.-2.webp\",\"contentUrl\":\"https:\/\/www.gaveanews.com\/wp-content\/uploads\/Primeiro-treino-de-Carlo-Ancelotti-a-frente-da-Selecao-Brasileira.-O-registro-e-de-Rafael-Ribeiro-fotografo-da-CBF.-2.webp\",\"width\":1200,\"height\":900},{\"@type\":\"BreadcrumbList\",\"@id\":\"https:\/\/www.gaveanews.com\/index.php\/2025\/06\/10\/a-sincera-opiniao-de-joel-santana-sobre-ancelotti-na-selecao-brasileira\/#breadcrumb\",\"itemListElement\":[{\"@type\":\"ListItem\",\"position\":1,\"name\":\"Home\",\"item\":\"https:\/\/www.gaveanews.com\/\"},{\"@type\":\"ListItem\",\"position\":2,\"name\":\"A sincera opini\u00e3o de Joel Santana sobre Ancelotti na sele\u00e7\u00e3o brasileira\"}]},{\"@type\":\"WebSite\",\"@id\":\"https:\/\/www.gaveanews.com\/#website\",\"url\":\"https:\/\/www.gaveanews.com\/\",\"name\":\"G\u00e1vea News\",\"description\":\"Veja todas as not\u00edcias sobre o Flamengo: Contrata\u00e7\u00f5es, categorias de base, resultados das partidas, tabela de classifica\u00e7\u00e3o, pr\u00f3ximos jogos!\",\"potentialAction\":[{\"@type\":\"SearchAction\",\"target\":{\"@type\":\"EntryPoint\",\"urlTemplate\":\"https:\/\/www.gaveanews.com\/?s={search_term_string}\"},\"query-input\":{\"@type\":\"PropertyValueSpecification\",\"valueRequired\":true,\"valueName\":\"search_term_string\"}}],\"inLanguage\":\"pt-BR\"},{\"@type\":\"Person\",\"@id\":\"https:\/\/www.gaveanews.com\/#\/schema\/person\/49ac99b6823a2b8d5087a6ce3aaaa128\",\"name\":\"Matheus Leal\",\"image\":{\"@type\":\"ImageObject\",\"inLanguage\":\"pt-BR\",\"@id\":\"https:\/\/www.gaveanews.com\/#\/schema\/person\/image\/\",\"url\":\"https:\/\/secure.gravatar.com\/avatar\/21c52300d1234416f9c886f6dadd7452d8b035ac505314a51e4f56731e90c481?s=96&d=mm&r=g\",\"contentUrl\":\"https:\/\/secure.gravatar.com\/avatar\/21c52300d1234416f9c886f6dadd7452d8b035ac505314a51e4f56731e90c481?s=96&d=mm&r=g\",\"caption\":\"Matheus Leal\"}}]}<\/script>\n<!-- \/ Yoast SEO Premium plugin. -->","yoast_head_json":{"title":"A sincera opini\u00e3o de Joel Santana sobre Ancelotti na sele\u00e7\u00e3o brasileira","robots":{"index":"index","follow":"follow","max-snippet":"max-snippet:-1","max-image-preview":"max-image-preview:large","max-video-preview":"max-video-preview:-1"},"canonical":"https:\/\/www.gaveanews.com\/index.php\/2025\/06\/10\/a-sincera-opiniao-de-joel-santana-sobre-ancelotti-na-selecao-brasileira\/","og_locale":"pt_BR","og_type":"article","og_title":"A sincera opini\u00e3o de Joel Santana sobre Ancelotti na sele\u00e7\u00e3o brasileira","og_description":"Carlo Ancelotti n\u00e3o teve o in\u00edcio dos sonhos no comando da Sele\u00e7\u00e3o Brasileira, amargando um empate sem gols contra o Equador pelas Eliminat\u00f3rias da Copa do Mundo. Apesar do desempenho aqu\u00e9m do esperado em sua estreia, o t\u00e9cnico italiano j\u00e1 havia conquistado um importante aliado antes mesmo de pisar em campo. Em entrevista \u00e0 ESPN, [&hellip;]","og_url":"https:\/\/www.gaveanews.com\/index.php\/2025\/06\/10\/a-sincera-opiniao-de-joel-santana-sobre-ancelotti-na-selecao-brasileira\/","og_site_name":"G\u00e1vea News","article_publisher":"https:\/\/facebook.com\/gaveaNews\/","article_published_time":"2025-06-10T20:35:02+00:00","og_image":[{"width":1200,"height":900,"url":"https:\/\/www.gaveanews.com\/wp-content\/uploads\/Primeiro-treino-de-Carlo-Ancelotti-a-frente-da-Selecao-Brasileira.-O-registro-e-de-Rafael-Ribeiro-fotografo-da-CBF.-2.webp","type":"image\/webp"}],"author":"Matheus Leal","twitter_card":"summary_large_image","twitter_misc":{"Escrito por":"Matheus Leal","Est. tempo de leitura":"3 minutos"},"schema":{"@context":"https:\/\/schema.org","@graph":[{"@type":"NewsArticle","@id":"https:\/\/www.gaveanews.com\/index.php\/2025\/06\/10\/a-sincera-opiniao-de-joel-santana-sobre-ancelotti-na-selecao-brasileira\/#article","isPartOf":{"@id":"https:\/\/www.gaveanews.com\/index.php\/2025\/06\/10\/a-sincera-opiniao-de-joel-santana-sobre-ancelotti-na-selecao-brasileira\/"},"author":{"name":"Matheus Leal","@id":"https:\/\/www.gaveanews.com\/#\/schema\/person\/49ac99b6823a2b8d5087a6ce3aaaa128"},"headline":"A sincera opini\u00e3o de Joel Santana sobre Ancelotti na sele\u00e7\u00e3o brasileira","datePublished":"2025-06-10T20:35:02+00:00","mainEntityOfPage":{"@id":"https:\/\/www.gaveanews.com\/index.php\/2025\/06\/10\/a-sincera-opiniao-de-joel-santana-sobre-ancelotti-na-selecao-brasileira\/"},"wordCount":413,"commentCount":0,"image":{"@id":"https:\/\/www.gaveanews.com\/index.php\/2025\/06\/10\/a-sincera-opiniao-de-joel-santana-sobre-ancelotti-na-selecao-brasileira\/#primaryimage"},"thumbnailUrl":"https:\/\/www.gaveanews.com\/wp-content\/uploads\/Primeiro-treino-de-Carlo-Ancelotti-a-frente-da-Selecao-Brasileira.-O-registro-e-de-Rafael-Ribeiro-fotografo-da-CBF.-2.webp","articleSection":["Sele\u00e7\u00f5es"],"inLanguage":"pt-BR","potentialAction":[{"@type":"CommentAction","name":"Comment","target":["https:\/\/www.gaveanews.com\/index.php\/2025\/06\/10\/a-sincera-opiniao-de-joel-santana-sobre-ancelotti-na-selecao-brasileira\/#respond"]}],"copyrightYear":"2025","copyrightHolder":{"@id":"https:\/\/www.gaveanews.com\/#organization"}},{"@type":"WebPage","@id":"https:\/\/www.gaveanews.com\/index.php\/2025\/06\/10\/a-sincera-opiniao-de-joel-santana-sobre-ancelotti-na-selecao-brasileira\/","url":"https:\/\/www.gaveanews.com\/index.php\/2025\/06\/10\/a-sincera-opiniao-de-joel-santana-sobre-ancelotti-na-selecao-brasileira\/","name":"A sincera opini\u00e3o de Joel Santana sobre Ancelotti na sele\u00e7\u00e3o brasileira","isPartOf":{"@id":"https:\/\/www.gaveanews.com\/#website"},"primaryImageOfPage":{"@id":"https:\/\/www.gaveanews.com\/index.php\/2025\/06\/10\/a-sincera-opiniao-de-joel-santana-sobre-ancelotti-na-selecao-brasileira\/#primaryimage"},"image":{"@id":"https:\/\/www.gaveanews.com\/index.php\/2025\/06\/10\/a-sincera-opiniao-de-joel-santana-sobre-ancelotti-na-selecao-brasileira\/#primaryimage"},"thumbnailUrl":"https:\/\/www.gaveanews.com\/wp-content\/uploads\/Primeiro-treino-de-Carlo-Ancelotti-a-frente-da-Selecao-Brasileira.-O-registro-e-de-Rafael-Ribeiro-fotografo-da-CBF.-2.webp","datePublished":"2025-06-10T20:35:02+00:00","author":{"@id":"https:\/\/www.gaveanews.com\/#\/schema\/person\/49ac99b6823a2b8d5087a6ce3aaaa128"},"breadcrumb":{"@id":"https:\/\/www.gaveanews.com\/index.php\/2025\/06\/10\/a-sincera-opiniao-de-joel-santana-sobre-ancelotti-na-selecao-brasileira\/#breadcrumb"},"inLanguage":"pt-BR","potentialAction":[{"@type":"ReadAction","target":["https:\/\/www.gaveanews.com\/index.php\/2025\/06\/10\/a-sincera-opiniao-de-joel-santana-sobre-ancelotti-na-selecao-brasileira\/"]}]},{"@type":"ImageObject","inLanguage":"pt-BR","@id":"https:\/\/www.gaveanews.com\/index.php\/2025\/06\/10\/a-sincera-opiniao-de-joel-santana-sobre-ancelotti-na-selecao-brasileira\/#primaryimage","url":"https:\/\/www.gaveanews.com\/wp-content\/uploads\/Primeiro-treino-de-Carlo-Ancelotti-a-frente-da-Selecao-Brasileira.-O-registro-e-de-Rafael-Ribeiro-fotografo-da-CBF.-2.webp","contentUrl":"https:\/\/www.gaveanews.com\/wp-content\/uploads\/Primeiro-treino-de-Carlo-Ancelotti-a-frente-da-Selecao-Brasileira.-O-registro-e-de-Rafael-Ribeiro-fotografo-da-CBF.-2.webp","width":1200,"height":900},{"@type":"BreadcrumbList","@id":"https:\/\/www.gaveanews.com\/index.php\/2025\/06\/10\/a-sincera-opiniao-de-joel-santana-sobre-ancelotti-na-selecao-brasileira\/#breadcrumb","itemListElement":[{"@type":"ListItem","position":1,"name":"Home","item":"https:\/\/www.gaveanews.com\/"},{"@type":"ListItem","position":2,"name":"A sincera opini\u00e3o de Joel Santana sobre Ancelotti na sele\u00e7\u00e3o brasileira"}]},{"@type":"WebSite","@id":"https:\/\/www.gaveanews.com\/#website","url":"https:\/\/www.gaveanews.com\/","name":"G\u00e1vea News","description":"Veja todas as not\u00edcias sobre o Flamengo: Contrata\u00e7\u00f5es, categorias de base, resultados das partidas, tabela de classifica\u00e7\u00e3o, pr\u00f3ximos jogos!","potentialAction":[{"@type":"SearchAction","target":{"@type":"EntryPoint","urlTemplate":"https:\/\/www.gaveanews.com\/?s={search_term_string}"},"query-input":{"@type":"PropertyValueSpecification","valueRequired":true,"valueName":"search_term_string"}}],"inLanguage":"pt-BR"},{"@type":"Person","@id":"https:\/\/www.gaveanews.com\/#\/schema\/person\/49ac99b6823a2b8d5087a6ce3aaaa128","name":"Matheus Leal","image":{"@type":"ImageObject","inLanguage":"pt-BR","@id":"https:\/\/www.gaveanews.com\/#\/schema\/person\/image\/","url":"https:\/\/secure.gravatar.com\/avatar\/21c52300d1234416f9c886f6dadd7452d8b035ac505314a51e4f56731e90c481?s=96&d=mm&r=g","contentUrl":"https:\/\/secure.gravatar.com\/avatar\/21c52300d1234416f9c886f6dadd7452d8b035ac505314a51e4f56731e90c481?s=96&d=mm&r=g","caption":"Matheus Leal"}}]}},"_links":{"self":[{"href":"https:\/\/www.gaveanews.com\/index.php\/wp-json\/wp\/v2\/posts\/270610","targetHints":{"allow":["GET"]}}],"collection":[{"href":"https:\/\/www.gaveanews.com\/index.php\/wp-json\/wp\/v2\/posts"}],"about":[{"href":"https:\/\/www.gaveanews.com\/index.php\/wp-json\/wp\/v2\/types\/post"}],"author":[{"embeddable":true,"href":"https:\/\/www.gaveanews.com\/index.php\/wp-json\/wp\/v2\/users\/32"}],"replies":[{"embeddable":true,"href":"https:\/\/www.gaveanews.com\/index.php\/wp-json\/wp\/v2\/comments?post=270610"}],"version-history":[{"count":1,"href":"https:\/\/www.gaveanews.com\/index.php\/wp-json\/wp\/v2\/posts\/270610\/revisions"}],"predecessor-version":[{"id":270611,"href":"https:\/\/www.gaveanews.com\/index.php\/wp-json\/wp\/v2\/posts\/270610\/revisions\/270611"}],"wp:featuredmedia":[{"embeddable":true,"href":"https:\/\/www.gaveanews.com\/index.php\/wp-json\/wp\/v2\/media\/269399"}],"wp:attachment":[{"href":"https:\/\/www.gaveanews.com\/index.php\/wp-json\/wp\/v2\/media?parent=270610"}],"wp:term":[{"taxonomy":"category","embeddable":true,"href":"https:\/\/www.gaveanews.com\/index.php\/wp-json\/wp\/v2\/categories?post=270610"},{"taxonomy":"post_tag","embeddable":true,"href":"https:\/\/www.gaveanews.com\/index.php\/wp-json\/wp\/v2\/tags?post=270610"}],"curies":[{"name":"wp","href":"https:\/\/api.w.org\/{rel}","templated":true}]}}