{"id":270613,"date":"2025-06-10T17:40:04","date_gmt":"2025-06-10T20:40:04","guid":{"rendered":"https:\/\/www.gaveanews.com\/?p=270613"},"modified":"2025-06-10T17:33:30","modified_gmt":"2025-06-10T20:33:30","slug":"a-declaracao-de-craque-neto-direcionada-a-cristiano-ronaldo-e-neymar","status":"publish","type":"post","link":"https:\/\/www.gaveanews.com\/index.php\/2025\/06\/10\/a-declaracao-de-craque-neto-direcionada-a-cristiano-ronaldo-e-neymar\/","title":{"rendered":"A declara\u00e7\u00e3o de Craque Neto direcionada a Cristiano Ronaldo e Neymar"},"content":{"rendered":"\n<p>Portugal conquistou mais um t\u00edtulo de Uefa Nations League. Nos p\u00eanaltis, o time liderado por Cristiano Ronaldo venceu a Espanha ap\u00f3s empatar no tempo regulamentar e prorroga\u00e7\u00e3o por 2&#215;2. O craque portugu\u00eas por o respons\u00e1vel por marcar o gol de empate no segundo tempo ap\u00f3s a primeira etapa terminar 2&#215;1.<\/p>\n\n\n\n<p>Durante o programa &#8220;Os Donos da Bola&#8221;, Craque Neto comentou o t\u00edtulo de Portugal e utilizou a situa\u00e7\u00e3o para ironizar Neymar. O apresentador debochou que enquanto uns s\u00e3o campe\u00f5es com suas sele\u00e7\u00f5es aos 40 anos, outros est\u00e3o disputando Kings League.<\/p>\n\n\n\n<p>\u201cEnquanto alguns est\u00e3o descansando e n\u00e3o treinam nem participam de jogos (citando\u00a0Neymar), h\u00e1 outros com 40 anos ainda nos maiores palcos do futebol mundial (sobre Cristiano Ronaldo). Um est\u00e1 na Kings League, e o outro est\u00e1 disputando t\u00edtulo. Essa \u00e9 a diferen\u00e7a do craque, do g\u00eanio\u201d, disse Craque Neto.<\/p>\n\n\n\n<p>Craque Neto tamb\u00e9m aproveitou para criticar a sele\u00e7\u00e3o brasileira, que estreou sob o comando de Ancelotti contra o Equador e terminou com um empate sem gols e num jogo de pouca emo\u00e7\u00e3o. Para o apresentador, o Brasil n\u00e3o tem condi\u00e7\u00f5es de ser campe\u00e3o do mundo.<\/p>\n\n\n\n<p>\u201cE mais, assistir jogos de sele\u00e7\u00f5es assim (Portugal x Espanha) e assistir ao jogo da sele\u00e7\u00e3o brasileira, meus Deus, que tristeza hein. E voc\u00eas acreditam mesmo que o Neymar vai ser campe\u00e3o do mundo\u201d, completou Craque Neto.<\/p>\n\n\n\n<p>A sele\u00e7\u00e3o brasileira volta a campo nesta ter\u00e7a-feira (10). O jogo marca a estreia de Ancelotti em solo nacional. O Brasil enfrenta o Paraguai e a partida ser\u00e1 realizada na Neo Qu\u00edmica Arena, casa do Corinthians. A bola rola \u00e0s 21h45 (de Bras\u00edlia).<\/p>\n\n\n\n<p>Para o duelo, o t\u00e9cnico brasileiro deve mexer na escala\u00e7\u00e3o em rela\u00e7\u00e3o ao jogo contra o Equador. Ele tem o retorno de Raphinha, que estava suspenso, e deve come\u00e7ar como titular na vaga de Est\u00eav\u00e3o. Outra mudan\u00e7a pode ser a entrada de Matheus Cunha no lugar de Richarlison.<\/p>\n","protected":false},"excerpt":{"rendered":"<p>Portugal conquistou mais um t\u00edtulo de Uefa Nations League. Nos p\u00eanaltis, o time liderado por Cristiano Ronaldo venceu a Espanha ap\u00f3s empatar no tempo regulamentar e prorroga\u00e7\u00e3o por 2&#215;2. O craque portugu\u00eas por o respons\u00e1vel por marcar o gol de empate no segundo tempo ap\u00f3s a primeira etapa terminar 2&#215;1. Durante o programa &#8220;Os Donos [&hellip;]<\/p>\n","protected":false},"author":32,"featured_media":244433,"comment_status":"open","ping_status":"closed","sticky":false,"template":"","format":"standard","meta":{"footnotes":""},"categories":[477],"tags":[],"class_list":["post-270613","post","type-post","status-publish","format-standard","has-post-thumbnail","hentry","category-selecoes"],"yoast_head":"<!-- This site is optimized with the Yoast SEO Premium plugin v24.2 (Yoast SEO v26.9) - https:\/\/yoast.com\/product\/yoast-seo-premium-wordpress\/ -->\n<title>A declara\u00e7\u00e3o de Craque Neto direcionada a Cristiano Ronaldo e Neymar<\/title>\n<meta name=\"robots\" content=\"index, follow, max-snippet:-1, max-image-preview:large, max-video-preview:-1\" \/>\n<link rel=\"canonical\" href=\"https:\/\/www.gaveanews.com\/index.php\/2025\/06\/10\/a-declaracao-de-craque-neto-direcionada-a-cristiano-ronaldo-e-neymar\/\" \/>\n<meta property=\"og:locale\" content=\"pt_BR\" \/>\n<meta property=\"og:type\" content=\"article\" \/>\n<meta property=\"og:title\" content=\"A declara\u00e7\u00e3o de Craque Neto direcionada a Cristiano Ronaldo e Neymar\" \/>\n<meta property=\"og:description\" content=\"Portugal conquistou mais um t\u00edtulo de Uefa Nations League. Nos p\u00eanaltis, o time liderado por Cristiano Ronaldo venceu a Espanha ap\u00f3s empatar no tempo regulamentar e prorroga\u00e7\u00e3o por 2&#215;2. O craque portugu\u00eas por o respons\u00e1vel por marcar o gol de empate no segundo tempo ap\u00f3s a primeira etapa terminar 2&#215;1. Durante o programa &#8220;Os Donos [&hellip;]\" \/>\n<meta property=\"og:url\" content=\"https:\/\/www.gaveanews.com\/index.php\/2025\/06\/10\/a-declaracao-de-craque-neto-direcionada-a-cristiano-ronaldo-e-neymar\/\" \/>\n<meta property=\"og:site_name\" content=\"G\u00e1vea News\" \/>\n<meta property=\"article:publisher\" content=\"https:\/\/facebook.com\/gaveaNews\/\" \/>\n<meta property=\"article:published_time\" content=\"2025-06-10T20:40:04+00:00\" \/>\n<meta property=\"og:image\" content=\"https:\/\/www.gaveanews.com\/wp-content\/uploads\/Craque-Neto-apresentador-da-Band.webp\" \/>\n\t<meta property=\"og:image:width\" content=\"900\" \/>\n\t<meta property=\"og:image:height\" content=\"600\" \/>\n\t<meta property=\"og:image:type\" content=\"image\/jpeg\" \/>\n<meta name=\"author\" content=\"Matheus Leal\" \/>\n<meta name=\"twitter:card\" content=\"summary_large_image\" \/>\n<meta name=\"twitter:label1\" content=\"Escrito por\" \/>\n\t<meta name=\"twitter:data1\" content=\"Matheus Leal\" \/>\n\t<meta name=\"twitter:label2\" content=\"Est. tempo de leitura\" \/>\n\t<meta name=\"twitter:data2\" content=\"2 minutos\" \/>\n<script type=\"application\/ld+json\" class=\"yoast-schema-graph\">{\"@context\":\"https:\/\/schema.org\",\"@graph\":[{\"@type\":\"NewsArticle\",\"@id\":\"https:\/\/www.gaveanews.com\/index.php\/2025\/06\/10\/a-declaracao-de-craque-neto-direcionada-a-cristiano-ronaldo-e-neymar\/#article\",\"isPartOf\":{\"@id\":\"https:\/\/www.gaveanews.com\/index.php\/2025\/06\/10\/a-declaracao-de-craque-neto-direcionada-a-cristiano-ronaldo-e-neymar\/\"},\"author\":{\"name\":\"Matheus Leal\",\"@id\":\"https:\/\/www.gaveanews.com\/#\/schema\/person\/49ac99b6823a2b8d5087a6ce3aaaa128\"},\"headline\":\"A declara\u00e7\u00e3o de Craque Neto direcionada a Cristiano Ronaldo e Neymar\",\"datePublished\":\"2025-06-10T20:40:04+00:00\",\"mainEntityOfPage\":{\"@id\":\"https:\/\/www.gaveanews.com\/index.php\/2025\/06\/10\/a-declaracao-de-craque-neto-direcionada-a-cristiano-ronaldo-e-neymar\/\"},\"wordCount\":360,\"commentCount\":0,\"image\":{\"@id\":\"https:\/\/www.gaveanews.com\/index.php\/2025\/06\/10\/a-declaracao-de-craque-neto-direcionada-a-cristiano-ronaldo-e-neymar\/#primaryimage\"},\"thumbnailUrl\":\"https:\/\/www.gaveanews.com\/wp-content\/uploads\/Craque-Neto-apresentador-da-Band.webp\",\"articleSection\":[\"Sele\u00e7\u00f5es\"],\"inLanguage\":\"pt-BR\",\"potentialAction\":[{\"@type\":\"CommentAction\",\"name\":\"Comment\",\"target\":[\"https:\/\/www.gaveanews.com\/index.php\/2025\/06\/10\/a-declaracao-de-craque-neto-direcionada-a-cristiano-ronaldo-e-neymar\/#respond\"]}],\"copyrightYear\":\"2025\",\"copyrightHolder\":{\"@id\":\"https:\/\/www.gaveanews.com\/#organization\"}},{\"@type\":\"WebPage\",\"@id\":\"https:\/\/www.gaveanews.com\/index.php\/2025\/06\/10\/a-declaracao-de-craque-neto-direcionada-a-cristiano-ronaldo-e-neymar\/\",\"url\":\"https:\/\/www.gaveanews.com\/index.php\/2025\/06\/10\/a-declaracao-de-craque-neto-direcionada-a-cristiano-ronaldo-e-neymar\/\",\"name\":\"A declara\u00e7\u00e3o de Craque Neto direcionada a Cristiano Ronaldo e Neymar\",\"isPartOf\":{\"@id\":\"https:\/\/www.gaveanews.com\/#website\"},\"primaryImageOfPage\":{\"@id\":\"https:\/\/www.gaveanews.com\/index.php\/2025\/06\/10\/a-declaracao-de-craque-neto-direcionada-a-cristiano-ronaldo-e-neymar\/#primaryimage\"},\"image\":{\"@id\":\"https:\/\/www.gaveanews.com\/index.php\/2025\/06\/10\/a-declaracao-de-craque-neto-direcionada-a-cristiano-ronaldo-e-neymar\/#primaryimage\"},\"thumbnailUrl\":\"https:\/\/www.gaveanews.com\/wp-content\/uploads\/Craque-Neto-apresentador-da-Band.webp\",\"datePublished\":\"2025-06-10T20:40:04+00:00\",\"author\":{\"@id\":\"https:\/\/www.gaveanews.com\/#\/schema\/person\/49ac99b6823a2b8d5087a6ce3aaaa128\"},\"breadcrumb\":{\"@id\":\"https:\/\/www.gaveanews.com\/index.php\/2025\/06\/10\/a-declaracao-de-craque-neto-direcionada-a-cristiano-ronaldo-e-neymar\/#breadcrumb\"},\"inLanguage\":\"pt-BR\",\"potentialAction\":[{\"@type\":\"ReadAction\",\"target\":[\"https:\/\/www.gaveanews.com\/index.php\/2025\/06\/10\/a-declaracao-de-craque-neto-direcionada-a-cristiano-ronaldo-e-neymar\/\"]}]},{\"@type\":\"ImageObject\",\"inLanguage\":\"pt-BR\",\"@id\":\"https:\/\/www.gaveanews.com\/index.php\/2025\/06\/10\/a-declaracao-de-craque-neto-direcionada-a-cristiano-ronaldo-e-neymar\/#primaryimage\",\"url\":\"https:\/\/www.gaveanews.com\/wp-content\/uploads\/Craque-Neto-apresentador-da-Band.webp\",\"contentUrl\":\"https:\/\/www.gaveanews.com\/wp-content\/uploads\/Craque-Neto-apresentador-da-Band.webp\",\"width\":900,\"height\":600,\"caption\":\"Craque Neto, apresentador da Band (Foto: Kelly Fuzaro\/Band)\"},{\"@type\":\"BreadcrumbList\",\"@id\":\"https:\/\/www.gaveanews.com\/index.php\/2025\/06\/10\/a-declaracao-de-craque-neto-direcionada-a-cristiano-ronaldo-e-neymar\/#breadcrumb\",\"itemListElement\":[{\"@type\":\"ListItem\",\"position\":1,\"name\":\"Home\",\"item\":\"https:\/\/www.gaveanews.com\/\"},{\"@type\":\"ListItem\",\"position\":2,\"name\":\"A declara\u00e7\u00e3o de Craque Neto direcionada a Cristiano Ronaldo e Neymar\"}]},{\"@type\":\"WebSite\",\"@id\":\"https:\/\/www.gaveanews.com\/#website\",\"url\":\"https:\/\/www.gaveanews.com\/\",\"name\":\"G\u00e1vea News\",\"description\":\"Veja todas as not\u00edcias sobre o Flamengo: Contrata\u00e7\u00f5es, categorias de base, resultados das partidas, tabela de classifica\u00e7\u00e3o, pr\u00f3ximos jogos!\",\"potentialAction\":[{\"@type\":\"SearchAction\",\"target\":{\"@type\":\"EntryPoint\",\"urlTemplate\":\"https:\/\/www.gaveanews.com\/?s={search_term_string}\"},\"query-input\":{\"@type\":\"PropertyValueSpecification\",\"valueRequired\":true,\"valueName\":\"search_term_string\"}}],\"inLanguage\":\"pt-BR\"},{\"@type\":\"Person\",\"@id\":\"https:\/\/www.gaveanews.com\/#\/schema\/person\/49ac99b6823a2b8d5087a6ce3aaaa128\",\"name\":\"Matheus Leal\",\"image\":{\"@type\":\"ImageObject\",\"inLanguage\":\"pt-BR\",\"@id\":\"https:\/\/www.gaveanews.com\/#\/schema\/person\/image\/\",\"url\":\"https:\/\/secure.gravatar.com\/avatar\/21c52300d1234416f9c886f6dadd7452d8b035ac505314a51e4f56731e90c481?s=96&d=mm&r=g\",\"contentUrl\":\"https:\/\/secure.gravatar.com\/avatar\/21c52300d1234416f9c886f6dadd7452d8b035ac505314a51e4f56731e90c481?s=96&d=mm&r=g\",\"caption\":\"Matheus Leal\"}}]}<\/script>\n<!-- \/ Yoast SEO Premium plugin. -->","yoast_head_json":{"title":"A declara\u00e7\u00e3o de Craque Neto direcionada a Cristiano Ronaldo e Neymar","robots":{"index":"index","follow":"follow","max-snippet":"max-snippet:-1","max-image-preview":"max-image-preview:large","max-video-preview":"max-video-preview:-1"},"canonical":"https:\/\/www.gaveanews.com\/index.php\/2025\/06\/10\/a-declaracao-de-craque-neto-direcionada-a-cristiano-ronaldo-e-neymar\/","og_locale":"pt_BR","og_type":"article","og_title":"A declara\u00e7\u00e3o de Craque Neto direcionada a Cristiano Ronaldo e Neymar","og_description":"Portugal conquistou mais um t\u00edtulo de Uefa Nations League. Nos p\u00eanaltis, o time liderado por Cristiano Ronaldo venceu a Espanha ap\u00f3s empatar no tempo regulamentar e prorroga\u00e7\u00e3o por 2&#215;2. O craque portugu\u00eas por o respons\u00e1vel por marcar o gol de empate no segundo tempo ap\u00f3s a primeira etapa terminar 2&#215;1. Durante o programa &#8220;Os Donos [&hellip;]","og_url":"https:\/\/www.gaveanews.com\/index.php\/2025\/06\/10\/a-declaracao-de-craque-neto-direcionada-a-cristiano-ronaldo-e-neymar\/","og_site_name":"G\u00e1vea News","article_publisher":"https:\/\/facebook.com\/gaveaNews\/","article_published_time":"2025-06-10T20:40:04+00:00","og_image":[{"width":900,"height":600,"url":"https:\/\/www.gaveanews.com\/wp-content\/uploads\/Craque-Neto-apresentador-da-Band.webp","type":"image\/jpeg"}],"author":"Matheus Leal","twitter_card":"summary_large_image","twitter_misc":{"Escrito por":"Matheus Leal","Est. tempo de leitura":"2 minutos"},"schema":{"@context":"https:\/\/schema.org","@graph":[{"@type":"NewsArticle","@id":"https:\/\/www.gaveanews.com\/index.php\/2025\/06\/10\/a-declaracao-de-craque-neto-direcionada-a-cristiano-ronaldo-e-neymar\/#article","isPartOf":{"@id":"https:\/\/www.gaveanews.com\/index.php\/2025\/06\/10\/a-declaracao-de-craque-neto-direcionada-a-cristiano-ronaldo-e-neymar\/"},"author":{"name":"Matheus Leal","@id":"https:\/\/www.gaveanews.com\/#\/schema\/person\/49ac99b6823a2b8d5087a6ce3aaaa128"},"headline":"A declara\u00e7\u00e3o de Craque Neto direcionada a Cristiano Ronaldo e Neymar","datePublished":"2025-06-10T20:40:04+00:00","mainEntityOfPage":{"@id":"https:\/\/www.gaveanews.com\/index.php\/2025\/06\/10\/a-declaracao-de-craque-neto-direcionada-a-cristiano-ronaldo-e-neymar\/"},"wordCount":360,"commentCount":0,"image":{"@id":"https:\/\/www.gaveanews.com\/index.php\/2025\/06\/10\/a-declaracao-de-craque-neto-direcionada-a-cristiano-ronaldo-e-neymar\/#primaryimage"},"thumbnailUrl":"https:\/\/www.gaveanews.com\/wp-content\/uploads\/Craque-Neto-apresentador-da-Band.webp","articleSection":["Sele\u00e7\u00f5es"],"inLanguage":"pt-BR","potentialAction":[{"@type":"CommentAction","name":"Comment","target":["https:\/\/www.gaveanews.com\/index.php\/2025\/06\/10\/a-declaracao-de-craque-neto-direcionada-a-cristiano-ronaldo-e-neymar\/#respond"]}],"copyrightYear":"2025","copyrightHolder":{"@id":"https:\/\/www.gaveanews.com\/#organization"}},{"@type":"WebPage","@id":"https:\/\/www.gaveanews.com\/index.php\/2025\/06\/10\/a-declaracao-de-craque-neto-direcionada-a-cristiano-ronaldo-e-neymar\/","url":"https:\/\/www.gaveanews.com\/index.php\/2025\/06\/10\/a-declaracao-de-craque-neto-direcionada-a-cristiano-ronaldo-e-neymar\/","name":"A declara\u00e7\u00e3o de Craque Neto direcionada a Cristiano Ronaldo e Neymar","isPartOf":{"@id":"https:\/\/www.gaveanews.com\/#website"},"primaryImageOfPage":{"@id":"https:\/\/www.gaveanews.com\/index.php\/2025\/06\/10\/a-declaracao-de-craque-neto-direcionada-a-cristiano-ronaldo-e-neymar\/#primaryimage"},"image":{"@id":"https:\/\/www.gaveanews.com\/index.php\/2025\/06\/10\/a-declaracao-de-craque-neto-direcionada-a-cristiano-ronaldo-e-neymar\/#primaryimage"},"thumbnailUrl":"https:\/\/www.gaveanews.com\/wp-content\/uploads\/Craque-Neto-apresentador-da-Band.webp","datePublished":"2025-06-10T20:40:04+00:00","author":{"@id":"https:\/\/www.gaveanews.com\/#\/schema\/person\/49ac99b6823a2b8d5087a6ce3aaaa128"},"breadcrumb":{"@id":"https:\/\/www.gaveanews.com\/index.php\/2025\/06\/10\/a-declaracao-de-craque-neto-direcionada-a-cristiano-ronaldo-e-neymar\/#breadcrumb"},"inLanguage":"pt-BR","potentialAction":[{"@type":"ReadAction","target":["https:\/\/www.gaveanews.com\/index.php\/2025\/06\/10\/a-declaracao-de-craque-neto-direcionada-a-cristiano-ronaldo-e-neymar\/"]}]},{"@type":"ImageObject","inLanguage":"pt-BR","@id":"https:\/\/www.gaveanews.com\/index.php\/2025\/06\/10\/a-declaracao-de-craque-neto-direcionada-a-cristiano-ronaldo-e-neymar\/#primaryimage","url":"https:\/\/www.gaveanews.com\/wp-content\/uploads\/Craque-Neto-apresentador-da-Band.webp","contentUrl":"https:\/\/www.gaveanews.com\/wp-content\/uploads\/Craque-Neto-apresentador-da-Band.webp","width":900,"height":600,"caption":"Craque Neto, apresentador da Band (Foto: Kelly Fuzaro\/Band)"},{"@type":"BreadcrumbList","@id":"https:\/\/www.gaveanews.com\/index.php\/2025\/06\/10\/a-declaracao-de-craque-neto-direcionada-a-cristiano-ronaldo-e-neymar\/#breadcrumb","itemListElement":[{"@type":"ListItem","position":1,"name":"Home","item":"https:\/\/www.gaveanews.com\/"},{"@type":"ListItem","position":2,"name":"A declara\u00e7\u00e3o de Craque Neto direcionada a Cristiano Ronaldo e Neymar"}]},{"@type":"WebSite","@id":"https:\/\/www.gaveanews.com\/#website","url":"https:\/\/www.gaveanews.com\/","name":"G\u00e1vea News","description":"Veja todas as not\u00edcias sobre o Flamengo: Contrata\u00e7\u00f5es, categorias de base, resultados das partidas, tabela de classifica\u00e7\u00e3o, pr\u00f3ximos jogos!","potentialAction":[{"@type":"SearchAction","target":{"@type":"EntryPoint","urlTemplate":"https:\/\/www.gaveanews.com\/?s={search_term_string}"},"query-input":{"@type":"PropertyValueSpecification","valueRequired":true,"valueName":"search_term_string"}}],"inLanguage":"pt-BR"},{"@type":"Person","@id":"https:\/\/www.gaveanews.com\/#\/schema\/person\/49ac99b6823a2b8d5087a6ce3aaaa128","name":"Matheus Leal","image":{"@type":"ImageObject","inLanguage":"pt-BR","@id":"https:\/\/www.gaveanews.com\/#\/schema\/person\/image\/","url":"https:\/\/secure.gravatar.com\/avatar\/21c52300d1234416f9c886f6dadd7452d8b035ac505314a51e4f56731e90c481?s=96&d=mm&r=g","contentUrl":"https:\/\/secure.gravatar.com\/avatar\/21c52300d1234416f9c886f6dadd7452d8b035ac505314a51e4f56731e90c481?s=96&d=mm&r=g","caption":"Matheus Leal"}}]}},"_links":{"self":[{"href":"https:\/\/www.gaveanews.com\/index.php\/wp-json\/wp\/v2\/posts\/270613","targetHints":{"allow":["GET"]}}],"collection":[{"href":"https:\/\/www.gaveanews.com\/index.php\/wp-json\/wp\/v2\/posts"}],"about":[{"href":"https:\/\/www.gaveanews.com\/index.php\/wp-json\/wp\/v2\/types\/post"}],"author":[{"embeddable":true,"href":"https:\/\/www.gaveanews.com\/index.php\/wp-json\/wp\/v2\/users\/32"}],"replies":[{"embeddable":true,"href":"https:\/\/www.gaveanews.com\/index.php\/wp-json\/wp\/v2\/comments?post=270613"}],"version-history":[{"count":1,"href":"https:\/\/www.gaveanews.com\/index.php\/wp-json\/wp\/v2\/posts\/270613\/revisions"}],"predecessor-version":[{"id":270615,"href":"https:\/\/www.gaveanews.com\/index.php\/wp-json\/wp\/v2\/posts\/270613\/revisions\/270615"}],"wp:featuredmedia":[{"embeddable":true,"href":"https:\/\/www.gaveanews.com\/index.php\/wp-json\/wp\/v2\/media\/244433"}],"wp:attachment":[{"href":"https:\/\/www.gaveanews.com\/index.php\/wp-json\/wp\/v2\/media?parent=270613"}],"wp:term":[{"taxonomy":"category","embeddable":true,"href":"https:\/\/www.gaveanews.com\/index.php\/wp-json\/wp\/v2\/categories?post=270613"},{"taxonomy":"post_tag","embeddable":true,"href":"https:\/\/www.gaveanews.com\/index.php\/wp-json\/wp\/v2\/tags?post=270613"}],"curies":[{"name":"wp","href":"https:\/\/api.w.org\/{rel}","templated":true}]}}