{"id":270653,"date":"2025-06-10T17:50:03","date_gmt":"2025-06-10T20:50:03","guid":{"rendered":"https:\/\/www.gaveanews.com\/?p=270653"},"modified":"2025-06-10T17:33:43","modified_gmt":"2025-06-10T20:33:43","slug":"a-declaracao-de-ancelotti-direcionada-a-raphinha-do-barcelona","status":"publish","type":"post","link":"https:\/\/www.gaveanews.com\/index.php\/2025\/06\/10\/a-declaracao-de-ancelotti-direcionada-a-raphinha-do-barcelona\/","title":{"rendered":"A declara\u00e7\u00e3o de Ancelotti direcionada a Raphinha, do Barcelona"},"content":{"rendered":"\n<p>A sele\u00e7\u00e3o brasileira volta a campo nesta ter\u00e7a-feira (10) para enfrentar o Paraguai. A partida ser\u00e1 realizada na Neo Qu\u00edmica Arena e marca a estreia de Carlo Ancelotti em solo nacional. A bola rola \u00e0s 21h45 (de Bras\u00edlia). Para o confronto, o t\u00e9cnico italiano confirmou o retorno de Raphinha, que estava suspenso contra o Equador.<\/p>\n\n\n\n<p>&#8220;Raphinha volta, \u00e9 uma boa not\u00edcia para n\u00f3s, porque Raphinha mostrou na \u00faltima temporada que \u00e9 um dos melhores jogadores neste momento. Vai nos ajudar muito. Necessitamos jogar bem para nos aproximarmos da classifica\u00e7\u00e3o. A presen\u00e7a do Raphinha \u00e9 muito importante&#8221;, disse Ancelotti.<\/p>\n\n\n\n<p>&#8220;O Paraguai \u00e9 uma equipe muito s\u00f3lida e bem organizada, que tem qualidade individuais importantes. Teve boas atua\u00e7\u00f5es nas \u00faltimas partidas. O Raphinha no aspecto ofensivo nos d\u00e1 uma mobilidade muito importante. Pode ser uma chave muito importante para desbloquear a partida de amanh\u00e3&#8221;, completou.<\/p>\n\n\n\n<p>A entrada de Raphinha deve acontecer no lugar de Est\u00eav\u00e3o. Por\u00e9m, essa n\u00e3o deve ser a \u00fanica mudan\u00e7a em rela\u00e7\u00e3o \u00e0 escala\u00e7\u00e3o que foi a campo contra o Equador, na \u00faltima quinta-feira. No setor ofensivo, apenas Vini Jr deve continuar como titular.<\/p>\n\n\n\n<p>Gerson e Richarlison tamb\u00e9m devem perder a titularidade. Na atividade dessa segunda-feira, a \u00faltima antes da partida, Carlo Ancelotti treinou com Gabriel Martinelli e Matheus Cunha entre os 11 iniciais.<\/p>\n\n\n\n<p>Assim, o prov\u00e1vel Brasil para enfrentar o Paraguai tem: <strong>Alisson, Vanderson, Marquinhos, Alex e Alex Sandro; Casemiro e Bruno Guimar\u00e3es; Raphinha, Gabriel Martinelli, Matheus Cunha e Vini Jr.<\/strong><\/p>\n\n\n\n<p>O Brasil pode se garantir na Copa do Mundo 2026 nesta rodada. Para isso, precisa vencer o Paraguai e torcer para o Uruguai derrotar a Venezuela. Caso Uruguai e Venezuela empatem em Montevid\u00e9u, a sele\u00e7\u00e3o brasileira vai necessitar que a Argentina ven\u00e7a a Col\u00f4mbia.<\/p>\n\n\n\n<p>As partidas s\u00e3o em hor\u00e1rios distintos. O Uruguai come\u00e7a \u00e0s 20h (de Bras\u00edlia), a Argentina tem bola rolando \u00e0s 21h e a sele\u00e7\u00e3o brasileira entra em campo \u00e0s 21h45.<\/p>\n","protected":false},"excerpt":{"rendered":"<p>A sele\u00e7\u00e3o brasileira volta a campo nesta ter\u00e7a-feira (10) para enfrentar o Paraguai. A partida ser\u00e1 realizada na Neo Qu\u00edmica Arena e marca a estreia de Carlo Ancelotti em solo nacional. A bola rola \u00e0s 21h45 (de Bras\u00edlia). Para o confronto, o t\u00e9cnico italiano confirmou o retorno de Raphinha, que estava suspenso contra o Equador. [&hellip;]<\/p>\n","protected":false},"author":32,"featured_media":266849,"comment_status":"open","ping_status":"closed","sticky":false,"template":"","format":"standard","meta":{"footnotes":""},"categories":[477],"tags":[],"class_list":["post-270653","post","type-post","status-publish","format-standard","has-post-thumbnail","hentry","category-selecoes"],"yoast_head":"<!-- This site is optimized with the Yoast SEO Premium plugin v24.2 (Yoast SEO v26.9) - https:\/\/yoast.com\/product\/yoast-seo-premium-wordpress\/ -->\n<title>A declara\u00e7\u00e3o de Ancelotti direcionada a Raphinha, do Barcelona<\/title>\n<meta name=\"robots\" content=\"index, follow, max-snippet:-1, max-image-preview:large, max-video-preview:-1\" \/>\n<link rel=\"canonical\" href=\"https:\/\/www.gaveanews.com\/index.php\/2025\/06\/10\/a-declaracao-de-ancelotti-direcionada-a-raphinha-do-barcelona\/\" \/>\n<meta property=\"og:locale\" content=\"pt_BR\" \/>\n<meta property=\"og:type\" content=\"article\" \/>\n<meta property=\"og:title\" content=\"A declara\u00e7\u00e3o de Ancelotti direcionada a Raphinha, do Barcelona\" \/>\n<meta property=\"og:description\" content=\"A sele\u00e7\u00e3o brasileira volta a campo nesta ter\u00e7a-feira (10) para enfrentar o Paraguai. A partida ser\u00e1 realizada na Neo Qu\u00edmica Arena e marca a estreia de Carlo Ancelotti em solo nacional. A bola rola \u00e0s 21h45 (de Bras\u00edlia). Para o confronto, o t\u00e9cnico italiano confirmou o retorno de Raphinha, que estava suspenso contra o Equador. [&hellip;]\" \/>\n<meta property=\"og:url\" content=\"https:\/\/www.gaveanews.com\/index.php\/2025\/06\/10\/a-declaracao-de-ancelotti-direcionada-a-raphinha-do-barcelona\/\" \/>\n<meta property=\"og:site_name\" content=\"G\u00e1vea News\" \/>\n<meta property=\"article:publisher\" content=\"https:\/\/facebook.com\/gaveaNews\/\" \/>\n<meta property=\"article:published_time\" content=\"2025-06-10T20:50:03+00:00\" \/>\n<meta property=\"og:image\" content=\"https:\/\/www.gaveanews.com\/wp-content\/uploads\/Carlo-Ancelotti-como-tecnico-da-Selecao-Brasileira-de-Futebol.webp\" \/>\n\t<meta property=\"og:image:width\" content=\"1200\" \/>\n\t<meta property=\"og:image:height\" content=\"800\" \/>\n\t<meta property=\"og:image:type\" content=\"image\/webp\" \/>\n<meta name=\"author\" content=\"Matheus Leal\" \/>\n<meta name=\"twitter:card\" content=\"summary_large_image\" \/>\n<meta name=\"twitter:label1\" content=\"Escrito por\" \/>\n\t<meta name=\"twitter:data1\" content=\"Matheus Leal\" \/>\n\t<meta name=\"twitter:label2\" content=\"Est. tempo de leitura\" \/>\n\t<meta name=\"twitter:data2\" content=\"2 minutos\" \/>\n<script type=\"application\/ld+json\" class=\"yoast-schema-graph\">{\"@context\":\"https:\/\/schema.org\",\"@graph\":[{\"@type\":\"NewsArticle\",\"@id\":\"https:\/\/www.gaveanews.com\/index.php\/2025\/06\/10\/a-declaracao-de-ancelotti-direcionada-a-raphinha-do-barcelona\/#article\",\"isPartOf\":{\"@id\":\"https:\/\/www.gaveanews.com\/index.php\/2025\/06\/10\/a-declaracao-de-ancelotti-direcionada-a-raphinha-do-barcelona\/\"},\"author\":{\"name\":\"Matheus Leal\",\"@id\":\"https:\/\/www.gaveanews.com\/#\/schema\/person\/49ac99b6823a2b8d5087a6ce3aaaa128\"},\"headline\":\"A declara\u00e7\u00e3o de Ancelotti direcionada a Raphinha, do Barcelona\",\"datePublished\":\"2025-06-10T20:50:03+00:00\",\"mainEntityOfPage\":{\"@id\":\"https:\/\/www.gaveanews.com\/index.php\/2025\/06\/10\/a-declaracao-de-ancelotti-direcionada-a-raphinha-do-barcelona\/\"},\"wordCount\":348,\"commentCount\":0,\"image\":{\"@id\":\"https:\/\/www.gaveanews.com\/index.php\/2025\/06\/10\/a-declaracao-de-ancelotti-direcionada-a-raphinha-do-barcelona\/#primaryimage\"},\"thumbnailUrl\":\"https:\/\/www.gaveanews.com\/wp-content\/uploads\/Carlo-Ancelotti-como-tecnico-da-Selecao-Brasileira-de-Futebol.webp\",\"articleSection\":[\"Sele\u00e7\u00f5es\"],\"inLanguage\":\"pt-BR\",\"potentialAction\":[{\"@type\":\"CommentAction\",\"name\":\"Comment\",\"target\":[\"https:\/\/www.gaveanews.com\/index.php\/2025\/06\/10\/a-declaracao-de-ancelotti-direcionada-a-raphinha-do-barcelona\/#respond\"]}],\"copyrightYear\":\"2025\",\"copyrightHolder\":{\"@id\":\"https:\/\/www.gaveanews.com\/#organization\"}},{\"@type\":\"WebPage\",\"@id\":\"https:\/\/www.gaveanews.com\/index.php\/2025\/06\/10\/a-declaracao-de-ancelotti-direcionada-a-raphinha-do-barcelona\/\",\"url\":\"https:\/\/www.gaveanews.com\/index.php\/2025\/06\/10\/a-declaracao-de-ancelotti-direcionada-a-raphinha-do-barcelona\/\",\"name\":\"A declara\u00e7\u00e3o de Ancelotti direcionada a Raphinha, do Barcelona\",\"isPartOf\":{\"@id\":\"https:\/\/www.gaveanews.com\/#website\"},\"primaryImageOfPage\":{\"@id\":\"https:\/\/www.gaveanews.com\/index.php\/2025\/06\/10\/a-declaracao-de-ancelotti-direcionada-a-raphinha-do-barcelona\/#primaryimage\"},\"image\":{\"@id\":\"https:\/\/www.gaveanews.com\/index.php\/2025\/06\/10\/a-declaracao-de-ancelotti-direcionada-a-raphinha-do-barcelona\/#primaryimage\"},\"thumbnailUrl\":\"https:\/\/www.gaveanews.com\/wp-content\/uploads\/Carlo-Ancelotti-como-tecnico-da-Selecao-Brasileira-de-Futebol.webp\",\"datePublished\":\"2025-06-10T20:50:03+00:00\",\"author\":{\"@id\":\"https:\/\/www.gaveanews.com\/#\/schema\/person\/49ac99b6823a2b8d5087a6ce3aaaa128\"},\"breadcrumb\":{\"@id\":\"https:\/\/www.gaveanews.com\/index.php\/2025\/06\/10\/a-declaracao-de-ancelotti-direcionada-a-raphinha-do-barcelona\/#breadcrumb\"},\"inLanguage\":\"pt-BR\",\"potentialAction\":[{\"@type\":\"ReadAction\",\"target\":[\"https:\/\/www.gaveanews.com\/index.php\/2025\/06\/10\/a-declaracao-de-ancelotti-direcionada-a-raphinha-do-barcelona\/\"]}]},{\"@type\":\"ImageObject\",\"inLanguage\":\"pt-BR\",\"@id\":\"https:\/\/www.gaveanews.com\/index.php\/2025\/06\/10\/a-declaracao-de-ancelotti-direcionada-a-raphinha-do-barcelona\/#primaryimage\",\"url\":\"https:\/\/www.gaveanews.com\/wp-content\/uploads\/Carlo-Ancelotti-como-tecnico-da-Selecao-Brasileira-de-Futebol.webp\",\"contentUrl\":\"https:\/\/www.gaveanews.com\/wp-content\/uploads\/Carlo-Ancelotti-como-tecnico-da-Selecao-Brasileira-de-Futebol.webp\",\"width\":1200,\"height\":800,\"caption\":\"Carlo Ancelotti como t\u00e9cnico da Sele\u00e7\u00e3o Brasileira de Futebol (Foto: CBF\/Rafael Ribeiro)\"},{\"@type\":\"BreadcrumbList\",\"@id\":\"https:\/\/www.gaveanews.com\/index.php\/2025\/06\/10\/a-declaracao-de-ancelotti-direcionada-a-raphinha-do-barcelona\/#breadcrumb\",\"itemListElement\":[{\"@type\":\"ListItem\",\"position\":1,\"name\":\"Home\",\"item\":\"https:\/\/www.gaveanews.com\/\"},{\"@type\":\"ListItem\",\"position\":2,\"name\":\"A declara\u00e7\u00e3o de Ancelotti direcionada a Raphinha, do Barcelona\"}]},{\"@type\":\"WebSite\",\"@id\":\"https:\/\/www.gaveanews.com\/#website\",\"url\":\"https:\/\/www.gaveanews.com\/\",\"name\":\"G\u00e1vea News\",\"description\":\"Veja todas as not\u00edcias sobre o Flamengo: Contrata\u00e7\u00f5es, categorias de base, resultados das partidas, tabela de classifica\u00e7\u00e3o, pr\u00f3ximos jogos!\",\"potentialAction\":[{\"@type\":\"SearchAction\",\"target\":{\"@type\":\"EntryPoint\",\"urlTemplate\":\"https:\/\/www.gaveanews.com\/?s={search_term_string}\"},\"query-input\":{\"@type\":\"PropertyValueSpecification\",\"valueRequired\":true,\"valueName\":\"search_term_string\"}}],\"inLanguage\":\"pt-BR\"},{\"@type\":\"Person\",\"@id\":\"https:\/\/www.gaveanews.com\/#\/schema\/person\/49ac99b6823a2b8d5087a6ce3aaaa128\",\"name\":\"Matheus Leal\",\"image\":{\"@type\":\"ImageObject\",\"inLanguage\":\"pt-BR\",\"@id\":\"https:\/\/www.gaveanews.com\/#\/schema\/person\/image\/\",\"url\":\"https:\/\/secure.gravatar.com\/avatar\/21c52300d1234416f9c886f6dadd7452d8b035ac505314a51e4f56731e90c481?s=96&d=mm&r=g\",\"contentUrl\":\"https:\/\/secure.gravatar.com\/avatar\/21c52300d1234416f9c886f6dadd7452d8b035ac505314a51e4f56731e90c481?s=96&d=mm&r=g\",\"caption\":\"Matheus Leal\"}}]}<\/script>\n<!-- \/ Yoast SEO Premium plugin. -->","yoast_head_json":{"title":"A declara\u00e7\u00e3o de Ancelotti direcionada a Raphinha, do Barcelona","robots":{"index":"index","follow":"follow","max-snippet":"max-snippet:-1","max-image-preview":"max-image-preview:large","max-video-preview":"max-video-preview:-1"},"canonical":"https:\/\/www.gaveanews.com\/index.php\/2025\/06\/10\/a-declaracao-de-ancelotti-direcionada-a-raphinha-do-barcelona\/","og_locale":"pt_BR","og_type":"article","og_title":"A declara\u00e7\u00e3o de Ancelotti direcionada a Raphinha, do Barcelona","og_description":"A sele\u00e7\u00e3o brasileira volta a campo nesta ter\u00e7a-feira (10) para enfrentar o Paraguai. A partida ser\u00e1 realizada na Neo Qu\u00edmica Arena e marca a estreia de Carlo Ancelotti em solo nacional. A bola rola \u00e0s 21h45 (de Bras\u00edlia). Para o confronto, o t\u00e9cnico italiano confirmou o retorno de Raphinha, que estava suspenso contra o Equador. [&hellip;]","og_url":"https:\/\/www.gaveanews.com\/index.php\/2025\/06\/10\/a-declaracao-de-ancelotti-direcionada-a-raphinha-do-barcelona\/","og_site_name":"G\u00e1vea News","article_publisher":"https:\/\/facebook.com\/gaveaNews\/","article_published_time":"2025-06-10T20:50:03+00:00","og_image":[{"width":1200,"height":800,"url":"https:\/\/www.gaveanews.com\/wp-content\/uploads\/Carlo-Ancelotti-como-tecnico-da-Selecao-Brasileira-de-Futebol.webp","type":"image\/webp"}],"author":"Matheus Leal","twitter_card":"summary_large_image","twitter_misc":{"Escrito por":"Matheus Leal","Est. tempo de leitura":"2 minutos"},"schema":{"@context":"https:\/\/schema.org","@graph":[{"@type":"NewsArticle","@id":"https:\/\/www.gaveanews.com\/index.php\/2025\/06\/10\/a-declaracao-de-ancelotti-direcionada-a-raphinha-do-barcelona\/#article","isPartOf":{"@id":"https:\/\/www.gaveanews.com\/index.php\/2025\/06\/10\/a-declaracao-de-ancelotti-direcionada-a-raphinha-do-barcelona\/"},"author":{"name":"Matheus Leal","@id":"https:\/\/www.gaveanews.com\/#\/schema\/person\/49ac99b6823a2b8d5087a6ce3aaaa128"},"headline":"A declara\u00e7\u00e3o de Ancelotti direcionada a Raphinha, do Barcelona","datePublished":"2025-06-10T20:50:03+00:00","mainEntityOfPage":{"@id":"https:\/\/www.gaveanews.com\/index.php\/2025\/06\/10\/a-declaracao-de-ancelotti-direcionada-a-raphinha-do-barcelona\/"},"wordCount":348,"commentCount":0,"image":{"@id":"https:\/\/www.gaveanews.com\/index.php\/2025\/06\/10\/a-declaracao-de-ancelotti-direcionada-a-raphinha-do-barcelona\/#primaryimage"},"thumbnailUrl":"https:\/\/www.gaveanews.com\/wp-content\/uploads\/Carlo-Ancelotti-como-tecnico-da-Selecao-Brasileira-de-Futebol.webp","articleSection":["Sele\u00e7\u00f5es"],"inLanguage":"pt-BR","potentialAction":[{"@type":"CommentAction","name":"Comment","target":["https:\/\/www.gaveanews.com\/index.php\/2025\/06\/10\/a-declaracao-de-ancelotti-direcionada-a-raphinha-do-barcelona\/#respond"]}],"copyrightYear":"2025","copyrightHolder":{"@id":"https:\/\/www.gaveanews.com\/#organization"}},{"@type":"WebPage","@id":"https:\/\/www.gaveanews.com\/index.php\/2025\/06\/10\/a-declaracao-de-ancelotti-direcionada-a-raphinha-do-barcelona\/","url":"https:\/\/www.gaveanews.com\/index.php\/2025\/06\/10\/a-declaracao-de-ancelotti-direcionada-a-raphinha-do-barcelona\/","name":"A declara\u00e7\u00e3o de Ancelotti direcionada a Raphinha, do Barcelona","isPartOf":{"@id":"https:\/\/www.gaveanews.com\/#website"},"primaryImageOfPage":{"@id":"https:\/\/www.gaveanews.com\/index.php\/2025\/06\/10\/a-declaracao-de-ancelotti-direcionada-a-raphinha-do-barcelona\/#primaryimage"},"image":{"@id":"https:\/\/www.gaveanews.com\/index.php\/2025\/06\/10\/a-declaracao-de-ancelotti-direcionada-a-raphinha-do-barcelona\/#primaryimage"},"thumbnailUrl":"https:\/\/www.gaveanews.com\/wp-content\/uploads\/Carlo-Ancelotti-como-tecnico-da-Selecao-Brasileira-de-Futebol.webp","datePublished":"2025-06-10T20:50:03+00:00","author":{"@id":"https:\/\/www.gaveanews.com\/#\/schema\/person\/49ac99b6823a2b8d5087a6ce3aaaa128"},"breadcrumb":{"@id":"https:\/\/www.gaveanews.com\/index.php\/2025\/06\/10\/a-declaracao-de-ancelotti-direcionada-a-raphinha-do-barcelona\/#breadcrumb"},"inLanguage":"pt-BR","potentialAction":[{"@type":"ReadAction","target":["https:\/\/www.gaveanews.com\/index.php\/2025\/06\/10\/a-declaracao-de-ancelotti-direcionada-a-raphinha-do-barcelona\/"]}]},{"@type":"ImageObject","inLanguage":"pt-BR","@id":"https:\/\/www.gaveanews.com\/index.php\/2025\/06\/10\/a-declaracao-de-ancelotti-direcionada-a-raphinha-do-barcelona\/#primaryimage","url":"https:\/\/www.gaveanews.com\/wp-content\/uploads\/Carlo-Ancelotti-como-tecnico-da-Selecao-Brasileira-de-Futebol.webp","contentUrl":"https:\/\/www.gaveanews.com\/wp-content\/uploads\/Carlo-Ancelotti-como-tecnico-da-Selecao-Brasileira-de-Futebol.webp","width":1200,"height":800,"caption":"Carlo Ancelotti como t\u00e9cnico da Sele\u00e7\u00e3o Brasileira de Futebol (Foto: CBF\/Rafael Ribeiro)"},{"@type":"BreadcrumbList","@id":"https:\/\/www.gaveanews.com\/index.php\/2025\/06\/10\/a-declaracao-de-ancelotti-direcionada-a-raphinha-do-barcelona\/#breadcrumb","itemListElement":[{"@type":"ListItem","position":1,"name":"Home","item":"https:\/\/www.gaveanews.com\/"},{"@type":"ListItem","position":2,"name":"A declara\u00e7\u00e3o de Ancelotti direcionada a Raphinha, do Barcelona"}]},{"@type":"WebSite","@id":"https:\/\/www.gaveanews.com\/#website","url":"https:\/\/www.gaveanews.com\/","name":"G\u00e1vea News","description":"Veja todas as not\u00edcias sobre o Flamengo: Contrata\u00e7\u00f5es, categorias de base, resultados das partidas, tabela de classifica\u00e7\u00e3o, pr\u00f3ximos jogos!","potentialAction":[{"@type":"SearchAction","target":{"@type":"EntryPoint","urlTemplate":"https:\/\/www.gaveanews.com\/?s={search_term_string}"},"query-input":{"@type":"PropertyValueSpecification","valueRequired":true,"valueName":"search_term_string"}}],"inLanguage":"pt-BR"},{"@type":"Person","@id":"https:\/\/www.gaveanews.com\/#\/schema\/person\/49ac99b6823a2b8d5087a6ce3aaaa128","name":"Matheus Leal","image":{"@type":"ImageObject","inLanguage":"pt-BR","@id":"https:\/\/www.gaveanews.com\/#\/schema\/person\/image\/","url":"https:\/\/secure.gravatar.com\/avatar\/21c52300d1234416f9c886f6dadd7452d8b035ac505314a51e4f56731e90c481?s=96&d=mm&r=g","contentUrl":"https:\/\/secure.gravatar.com\/avatar\/21c52300d1234416f9c886f6dadd7452d8b035ac505314a51e4f56731e90c481?s=96&d=mm&r=g","caption":"Matheus Leal"}}]}},"_links":{"self":[{"href":"https:\/\/www.gaveanews.com\/index.php\/wp-json\/wp\/v2\/posts\/270653","targetHints":{"allow":["GET"]}}],"collection":[{"href":"https:\/\/www.gaveanews.com\/index.php\/wp-json\/wp\/v2\/posts"}],"about":[{"href":"https:\/\/www.gaveanews.com\/index.php\/wp-json\/wp\/v2\/types\/post"}],"author":[{"embeddable":true,"href":"https:\/\/www.gaveanews.com\/index.php\/wp-json\/wp\/v2\/users\/32"}],"replies":[{"embeddable":true,"href":"https:\/\/www.gaveanews.com\/index.php\/wp-json\/wp\/v2\/comments?post=270653"}],"version-history":[{"count":1,"href":"https:\/\/www.gaveanews.com\/index.php\/wp-json\/wp\/v2\/posts\/270653\/revisions"}],"predecessor-version":[{"id":270655,"href":"https:\/\/www.gaveanews.com\/index.php\/wp-json\/wp\/v2\/posts\/270653\/revisions\/270655"}],"wp:featuredmedia":[{"embeddable":true,"href":"https:\/\/www.gaveanews.com\/index.php\/wp-json\/wp\/v2\/media\/266849"}],"wp:attachment":[{"href":"https:\/\/www.gaveanews.com\/index.php\/wp-json\/wp\/v2\/media?parent=270653"}],"wp:term":[{"taxonomy":"category","embeddable":true,"href":"https:\/\/www.gaveanews.com\/index.php\/wp-json\/wp\/v2\/categories?post=270653"},{"taxonomy":"post_tag","embeddable":true,"href":"https:\/\/www.gaveanews.com\/index.php\/wp-json\/wp\/v2\/tags?post=270653"}],"curies":[{"name":"wp","href":"https:\/\/api.w.org\/{rel}","templated":true}]}}