{"id":270700,"date":"2025-06-10T15:00:00","date_gmt":"2025-06-10T18:00:00","guid":{"rendered":"https:\/\/www.gaveanews.com\/?p=270700"},"modified":"2025-06-10T14:08:22","modified_gmt":"2025-06-10T17:08:22","slug":"flamengo-marca-jogo-com-time-da-europa","status":"publish","type":"post","link":"https:\/\/www.gaveanews.com\/index.php\/2025\/06\/10\/flamengo-marca-jogo-com-time-da-europa\/","title":{"rendered":"Flamengo marca jogo com time da Europa"},"content":{"rendered":"\n<p>O Flamengo confirmou a realiza\u00e7\u00e3o de um amistoso contra o Bayer Leverkusen, da Alemanha, como parte da prepara\u00e7\u00e3o para o Mundial Sub-20. O confronto ser\u00e1 realizado entre os dias 18 e 22 de julho, no Rio de Janeiro, no Centro de Treinamento Ninho do Urubu, que tamb\u00e9m servir\u00e1 como base para a pr\u00e9-temporada do time europeu. A equipe alem\u00e3 permanecer\u00e1 no Brasil entre os dias 14 e 24 de julho, utilizando a estrutura do clube carioca para se preparar para a pr\u00f3xima temporada europeia.<\/p>\n\n\n\n<p>O compromisso ser\u00e1 contra o time sub-20 do Flamengo, grupo que tem se destacado no cen\u00e1rio sul-americano. Afinal, foi justamente essa categoria que garantiu a vaga no Mundial ap\u00f3s a conquista do bicampeonato da Libertadores da categoria. A decis\u00e3o da competi\u00e7\u00e3o continental terminou com vit\u00f3ria do Rubro-Negro sobre o Palmeiras nos p\u00eanaltis, por 4 a 3. Agora, o time buscar\u00e1 o bicampeonato mundial diante do Barcelona, da Espanha, no Maracan\u00e3, no dia 23 de agosto.<\/p>\n\n\n\n<figure class=\"wp-block-image size-large\"><img loading=\"lazy\" decoding=\"async\" width=\"1022\" height=\"1024\" src=\"http:\/\/www.gaveanews.com\/wp-content\/uploads\/fachada-do-modulo-profissional-do-ninho-do-urubu-centro-de-treinamento-do-flamengo-1642444901774_v2_1x1-1022x1024.webp\" alt=\"\" class=\"wp-image-213513\" srcset=\"https:\/\/www.gaveanews.com\/wp-content\/uploads\/fachada-do-modulo-profissional-do-ninho-do-urubu-centro-de-treinamento-do-flamengo-1642444901774_v2_1x1-1022x1024.webp 1022w, https:\/\/www.gaveanews.com\/wp-content\/uploads\/fachada-do-modulo-profissional-do-ninho-do-urubu-centro-de-treinamento-do-flamengo-1642444901774_v2_1x1-300x300.webp 300w, https:\/\/www.gaveanews.com\/wp-content\/uploads\/fachada-do-modulo-profissional-do-ninho-do-urubu-centro-de-treinamento-do-flamengo-1642444901774_v2_1x1-150x150.webp 150w, https:\/\/www.gaveanews.com\/wp-content\/uploads\/fachada-do-modulo-profissional-do-ninho-do-urubu-centro-de-treinamento-do-flamengo-1642444901774_v2_1x1-768x769.webp 768w, https:\/\/www.gaveanews.com\/wp-content\/uploads\/fachada-do-modulo-profissional-do-ninho-do-urubu-centro-de-treinamento-do-flamengo-1642444901774_v2_1x1-419x420.webp 419w, https:\/\/www.gaveanews.com\/wp-content\/uploads\/fachada-do-modulo-profissional-do-ninho-do-urubu-centro-de-treinamento-do-flamengo-1642444901774_v2_1x1-839x840.webp 839w, https:\/\/www.gaveanews.com\/wp-content\/uploads\/fachada-do-modulo-profissional-do-ninho-do-urubu-centro-de-treinamento-do-flamengo-1642444901774_v2_1x1-640x641.webp 640w, https:\/\/www.gaveanews.com\/wp-content\/uploads\/fachada-do-modulo-profissional-do-ninho-do-urubu-centro-de-treinamento-do-flamengo-1642444901774_v2_1x1-1280x1282.webp 1280w, https:\/\/www.gaveanews.com\/wp-content\/uploads\/fachada-do-modulo-profissional-do-ninho-do-urubu-centro-de-treinamento-do-flamengo-1642444901774_v2_1x1-681x682.webp 681w, https:\/\/www.gaveanews.com\/wp-content\/uploads\/fachada-do-modulo-profissional-do-ninho-do-urubu-centro-de-treinamento-do-flamengo-1642444901774_v2_1x1-100x100.webp 100w, https:\/\/www.gaveanews.com\/wp-content\/uploads\/fachada-do-modulo-profissional-do-ninho-do-urubu-centro-de-treinamento-do-flamengo-1642444901774_v2_1x1.webp 1361w\" sizes=\"auto, (max-width: 1022px) 100vw, 1022px\" \/><figcaption class=\"wp-element-caption\">CT Ninho do Urubu (Foto: Divulga\u00e7\u00e3o Flamengo)<\/figcaption><\/figure>\n\n\n\n<p>Luiz Eduardo Baptista, presidente do Flamengo, celebrou publicamente a parceria com os alem\u00e3es. \u201cPara o Flamengo, a visita do Bayer 04 representa uma excelente oportunidade para reunir duas fortes marcas globais, rubro-negras, que representam um futebol moderno e atrativo\u201d, afirmou o dirigente. Conforme declarou, a colabora\u00e7\u00e3o n\u00e3o se limita apenas ao jogo, mas tamb\u00e9m envolve o interc\u00e2mbio de experi\u00eancias entre os clubes.<\/p>\n\n\n\n<p>Enquanto os jovens atletas seguem seu planejamento de olho na final do Mundial Sub-20, o elenco profissional tamb\u00e9m est\u00e1 envolvido em compromissos internacionais. O time principal do Flamengo estreia no Mundial de Clubes nesta segunda-feira (16), contra o Esp\u00e9rance de Tunis, da Tun\u00edsia, \u00e0s 22h (hor\u00e1rio de Bras\u00edlia), no Lincoln Financial Field, nos Estados Unidos. A competi\u00e7\u00e3o marca mais um desafio relevante para o clube na temporada.<\/p>\n\n\n\n<p>Inegavelmente, a realiza\u00e7\u00e3o do amistoso contra uma equipe europeia valoriza ainda mais o calend\u00e1rio do Flamengo neste per\u00edodo. Embora o foco esteja voltado para as competi\u00e7\u00f5es oficiais, a oportunidade de enfrentar um advers\u00e1rio internacional permite testes importantes e experi\u00eancias enriquecedoras para os jovens atletas rubro-negros, que devem estar em campo tamb\u00e9m na decis\u00e3o contra o Barcelona.<\/p>\n\n\n\n<p>Ali\u00e1s, o Flamengo ter\u00e1 um m\u00eas de julho movimentado, pois al\u00e9m do amistoso, precisar\u00e1 ajustar sua prepara\u00e7\u00e3o para o torneio internacional. A integra\u00e7\u00e3o entre o elenco sub-20 e a estrutura do clube com o Bayer Leverkusen tamb\u00e9m pode trazer frutos no m\u00e9dio prazo, sobretudo no fortalecimento das categorias de base, que continuam sendo um dos pilares do clube.<\/p>\n","protected":false},"excerpt":{"rendered":"<p>O Flamengo confirmou a realiza\u00e7\u00e3o de um amistoso contra o Bayer Leverkusen, da Alemanha, como parte da prepara\u00e7\u00e3o para o Mundial Sub-20. O confronto ser\u00e1 realizado entre os dias 18 e 22 de julho, no Rio de Janeiro, no Centro de Treinamento Ninho do Urubu, que tamb\u00e9m servir\u00e1 como base para a pr\u00e9-temporada do time [&hellip;]<\/p>\n","protected":false},"author":27,"featured_media":124684,"comment_status":"open","ping_status":"closed","sticky":false,"template":"","format":"standard","meta":{"footnotes":""},"categories":[1],"tags":[],"class_list":["post-270700","post","type-post","status-publish","format-standard","has-post-thumbnail","hentry","category-flamengo"],"yoast_head":"<!-- This site is optimized with the Yoast SEO Premium plugin v24.2 (Yoast SEO v26.9) - https:\/\/yoast.com\/product\/yoast-seo-premium-wordpress\/ -->\n<title>Flamengo marca jogo com time da Europa<\/title>\n<meta name=\"robots\" content=\"index, follow, max-snippet:-1, max-image-preview:large, max-video-preview:-1\" \/>\n<link rel=\"canonical\" href=\"https:\/\/www.gaveanews.com\/index.php\/2025\/06\/10\/flamengo-marca-jogo-com-time-da-europa\/\" \/>\n<meta property=\"og:locale\" content=\"pt_BR\" \/>\n<meta property=\"og:type\" content=\"article\" \/>\n<meta property=\"og:title\" content=\"Flamengo marca jogo com time da Europa\" \/>\n<meta property=\"og:description\" content=\"O Flamengo confirmou a realiza\u00e7\u00e3o de um amistoso contra o Bayer Leverkusen, da Alemanha, como parte da prepara\u00e7\u00e3o para o Mundial Sub-20. O confronto ser\u00e1 realizado entre os dias 18 e 22 de julho, no Rio de Janeiro, no Centro de Treinamento Ninho do Urubu, que tamb\u00e9m servir\u00e1 como base para a pr\u00e9-temporada do time [&hellip;]\" \/>\n<meta property=\"og:url\" content=\"https:\/\/www.gaveanews.com\/index.php\/2025\/06\/10\/flamengo-marca-jogo-com-time-da-europa\/\" \/>\n<meta property=\"og:site_name\" content=\"G\u00e1vea News\" \/>\n<meta property=\"article:publisher\" content=\"https:\/\/facebook.com\/gaveaNews\/\" \/>\n<meta property=\"article:published_time\" content=\"2025-06-10T18:00:00+00:00\" \/>\n<meta property=\"og:image\" content=\"https:\/\/www.gaveanews.com\/wp-content\/uploads\/escudoDoFlamengo.webp\" \/>\n\t<meta property=\"og:image:width\" content=\"1095\" \/>\n\t<meta property=\"og:image:height\" content=\"730\" \/>\n\t<meta property=\"og:image:type\" content=\"image\/webp\" \/>\n<meta name=\"author\" content=\"Matheus Felipe\" \/>\n<meta name=\"twitter:card\" content=\"summary_large_image\" \/>\n<meta name=\"twitter:label1\" content=\"Escrito por\" \/>\n\t<meta name=\"twitter:data1\" content=\"Matheus Felipe\" \/>\n\t<meta name=\"twitter:label2\" content=\"Est. tempo de leitura\" \/>\n\t<meta name=\"twitter:data2\" content=\"3 minutos\" \/>\n<script type=\"application\/ld+json\" class=\"yoast-schema-graph\">{\"@context\":\"https:\/\/schema.org\",\"@graph\":[{\"@type\":\"NewsArticle\",\"@id\":\"https:\/\/www.gaveanews.com\/index.php\/2025\/06\/10\/flamengo-marca-jogo-com-time-da-europa\/#article\",\"isPartOf\":{\"@id\":\"https:\/\/www.gaveanews.com\/index.php\/2025\/06\/10\/flamengo-marca-jogo-com-time-da-europa\/\"},\"author\":{\"name\":\"Matheus Felipe\",\"@id\":\"https:\/\/www.gaveanews.com\/#\/schema\/person\/8207cd4627f56151707418bfc835b2fb\"},\"headline\":\"Flamengo marca jogo com time da Europa\",\"datePublished\":\"2025-06-10T18:00:00+00:00\",\"mainEntityOfPage\":{\"@id\":\"https:\/\/www.gaveanews.com\/index.php\/2025\/06\/10\/flamengo-marca-jogo-com-time-da-europa\/\"},\"wordCount\":446,\"commentCount\":0,\"image\":{\"@id\":\"https:\/\/www.gaveanews.com\/index.php\/2025\/06\/10\/flamengo-marca-jogo-com-time-da-europa\/#primaryimage\"},\"thumbnailUrl\":\"https:\/\/www.gaveanews.com\/wp-content\/uploads\/escudoDoFlamengo.webp\",\"articleSection\":[\"Flamengo\"],\"inLanguage\":\"pt-BR\",\"potentialAction\":[{\"@type\":\"CommentAction\",\"name\":\"Comment\",\"target\":[\"https:\/\/www.gaveanews.com\/index.php\/2025\/06\/10\/flamengo-marca-jogo-com-time-da-europa\/#respond\"]}],\"copyrightYear\":\"2025\",\"copyrightHolder\":{\"@id\":\"https:\/\/www.gaveanews.com\/#organization\"}},{\"@type\":\"WebPage\",\"@id\":\"https:\/\/www.gaveanews.com\/index.php\/2025\/06\/10\/flamengo-marca-jogo-com-time-da-europa\/\",\"url\":\"https:\/\/www.gaveanews.com\/index.php\/2025\/06\/10\/flamengo-marca-jogo-com-time-da-europa\/\",\"name\":\"Flamengo marca jogo com time da Europa\",\"isPartOf\":{\"@id\":\"https:\/\/www.gaveanews.com\/#website\"},\"primaryImageOfPage\":{\"@id\":\"https:\/\/www.gaveanews.com\/index.php\/2025\/06\/10\/flamengo-marca-jogo-com-time-da-europa\/#primaryimage\"},\"image\":{\"@id\":\"https:\/\/www.gaveanews.com\/index.php\/2025\/06\/10\/flamengo-marca-jogo-com-time-da-europa\/#primaryimage\"},\"thumbnailUrl\":\"https:\/\/www.gaveanews.com\/wp-content\/uploads\/escudoDoFlamengo.webp\",\"datePublished\":\"2025-06-10T18:00:00+00:00\",\"author\":{\"@id\":\"https:\/\/www.gaveanews.com\/#\/schema\/person\/8207cd4627f56151707418bfc835b2fb\"},\"breadcrumb\":{\"@id\":\"https:\/\/www.gaveanews.com\/index.php\/2025\/06\/10\/flamengo-marca-jogo-com-time-da-europa\/#breadcrumb\"},\"inLanguage\":\"pt-BR\",\"potentialAction\":[{\"@type\":\"ReadAction\",\"target\":[\"https:\/\/www.gaveanews.com\/index.php\/2025\/06\/10\/flamengo-marca-jogo-com-time-da-europa\/\"]}]},{\"@type\":\"ImageObject\",\"inLanguage\":\"pt-BR\",\"@id\":\"https:\/\/www.gaveanews.com\/index.php\/2025\/06\/10\/flamengo-marca-jogo-com-time-da-europa\/#primaryimage\",\"url\":\"https:\/\/www.gaveanews.com\/wp-content\/uploads\/escudoDoFlamengo.webp\",\"contentUrl\":\"https:\/\/www.gaveanews.com\/wp-content\/uploads\/escudoDoFlamengo.webp\",\"width\":1095,\"height\":730,\"caption\":\"Centro de treinamento do Flamengo (Foto: Reprodu\u00e7\u00e3o)\"},{\"@type\":\"BreadcrumbList\",\"@id\":\"https:\/\/www.gaveanews.com\/index.php\/2025\/06\/10\/flamengo-marca-jogo-com-time-da-europa\/#breadcrumb\",\"itemListElement\":[{\"@type\":\"ListItem\",\"position\":1,\"name\":\"Home\",\"item\":\"https:\/\/www.gaveanews.com\/\"},{\"@type\":\"ListItem\",\"position\":2,\"name\":\"Flamengo marca jogo com time da Europa\"}]},{\"@type\":\"WebSite\",\"@id\":\"https:\/\/www.gaveanews.com\/#website\",\"url\":\"https:\/\/www.gaveanews.com\/\",\"name\":\"G\u00e1vea News\",\"description\":\"Veja todas as not\u00edcias sobre o Flamengo: Contrata\u00e7\u00f5es, categorias de base, resultados das partidas, tabela de classifica\u00e7\u00e3o, pr\u00f3ximos jogos!\",\"potentialAction\":[{\"@type\":\"SearchAction\",\"target\":{\"@type\":\"EntryPoint\",\"urlTemplate\":\"https:\/\/www.gaveanews.com\/?s={search_term_string}\"},\"query-input\":{\"@type\":\"PropertyValueSpecification\",\"valueRequired\":true,\"valueName\":\"search_term_string\"}}],\"inLanguage\":\"pt-BR\"},{\"@type\":\"Person\",\"@id\":\"https:\/\/www.gaveanews.com\/#\/schema\/person\/8207cd4627f56151707418bfc835b2fb\",\"name\":\"Matheus Felipe\",\"image\":{\"@type\":\"ImageObject\",\"inLanguage\":\"pt-BR\",\"@id\":\"https:\/\/www.gaveanews.com\/#\/schema\/person\/image\/\",\"url\":\"https:\/\/secure.gravatar.com\/avatar\/a452ffbed9130f726358b298bb3a99ce4bd3c5338411f8440e87e14d74c7c087?s=96&d=mm&r=g\",\"contentUrl\":\"https:\/\/secure.gravatar.com\/avatar\/a452ffbed9130f726358b298bb3a99ce4bd3c5338411f8440e87e14d74c7c087?s=96&d=mm&r=g\",\"caption\":\"Matheus Felipe\"}}]}<\/script>\n<!-- \/ Yoast SEO Premium plugin. -->","yoast_head_json":{"title":"Flamengo marca jogo com time da Europa","robots":{"index":"index","follow":"follow","max-snippet":"max-snippet:-1","max-image-preview":"max-image-preview:large","max-video-preview":"max-video-preview:-1"},"canonical":"https:\/\/www.gaveanews.com\/index.php\/2025\/06\/10\/flamengo-marca-jogo-com-time-da-europa\/","og_locale":"pt_BR","og_type":"article","og_title":"Flamengo marca jogo com time da Europa","og_description":"O Flamengo confirmou a realiza\u00e7\u00e3o de um amistoso contra o Bayer Leverkusen, da Alemanha, como parte da prepara\u00e7\u00e3o para o Mundial Sub-20. O confronto ser\u00e1 realizado entre os dias 18 e 22 de julho, no Rio de Janeiro, no Centro de Treinamento Ninho do Urubu, que tamb\u00e9m servir\u00e1 como base para a pr\u00e9-temporada do time [&hellip;]","og_url":"https:\/\/www.gaveanews.com\/index.php\/2025\/06\/10\/flamengo-marca-jogo-com-time-da-europa\/","og_site_name":"G\u00e1vea News","article_publisher":"https:\/\/facebook.com\/gaveaNews\/","article_published_time":"2025-06-10T18:00:00+00:00","og_image":[{"width":1095,"height":730,"url":"https:\/\/www.gaveanews.com\/wp-content\/uploads\/escudoDoFlamengo.webp","type":"image\/webp"}],"author":"Matheus Felipe","twitter_card":"summary_large_image","twitter_misc":{"Escrito por":"Matheus Felipe","Est. tempo de leitura":"3 minutos"},"schema":{"@context":"https:\/\/schema.org","@graph":[{"@type":"NewsArticle","@id":"https:\/\/www.gaveanews.com\/index.php\/2025\/06\/10\/flamengo-marca-jogo-com-time-da-europa\/#article","isPartOf":{"@id":"https:\/\/www.gaveanews.com\/index.php\/2025\/06\/10\/flamengo-marca-jogo-com-time-da-europa\/"},"author":{"name":"Matheus Felipe","@id":"https:\/\/www.gaveanews.com\/#\/schema\/person\/8207cd4627f56151707418bfc835b2fb"},"headline":"Flamengo marca jogo com time da Europa","datePublished":"2025-06-10T18:00:00+00:00","mainEntityOfPage":{"@id":"https:\/\/www.gaveanews.com\/index.php\/2025\/06\/10\/flamengo-marca-jogo-com-time-da-europa\/"},"wordCount":446,"commentCount":0,"image":{"@id":"https:\/\/www.gaveanews.com\/index.php\/2025\/06\/10\/flamengo-marca-jogo-com-time-da-europa\/#primaryimage"},"thumbnailUrl":"https:\/\/www.gaveanews.com\/wp-content\/uploads\/escudoDoFlamengo.webp","articleSection":["Flamengo"],"inLanguage":"pt-BR","potentialAction":[{"@type":"CommentAction","name":"Comment","target":["https:\/\/www.gaveanews.com\/index.php\/2025\/06\/10\/flamengo-marca-jogo-com-time-da-europa\/#respond"]}],"copyrightYear":"2025","copyrightHolder":{"@id":"https:\/\/www.gaveanews.com\/#organization"}},{"@type":"WebPage","@id":"https:\/\/www.gaveanews.com\/index.php\/2025\/06\/10\/flamengo-marca-jogo-com-time-da-europa\/","url":"https:\/\/www.gaveanews.com\/index.php\/2025\/06\/10\/flamengo-marca-jogo-com-time-da-europa\/","name":"Flamengo marca jogo com time da Europa","isPartOf":{"@id":"https:\/\/www.gaveanews.com\/#website"},"primaryImageOfPage":{"@id":"https:\/\/www.gaveanews.com\/index.php\/2025\/06\/10\/flamengo-marca-jogo-com-time-da-europa\/#primaryimage"},"image":{"@id":"https:\/\/www.gaveanews.com\/index.php\/2025\/06\/10\/flamengo-marca-jogo-com-time-da-europa\/#primaryimage"},"thumbnailUrl":"https:\/\/www.gaveanews.com\/wp-content\/uploads\/escudoDoFlamengo.webp","datePublished":"2025-06-10T18:00:00+00:00","author":{"@id":"https:\/\/www.gaveanews.com\/#\/schema\/person\/8207cd4627f56151707418bfc835b2fb"},"breadcrumb":{"@id":"https:\/\/www.gaveanews.com\/index.php\/2025\/06\/10\/flamengo-marca-jogo-com-time-da-europa\/#breadcrumb"},"inLanguage":"pt-BR","potentialAction":[{"@type":"ReadAction","target":["https:\/\/www.gaveanews.com\/index.php\/2025\/06\/10\/flamengo-marca-jogo-com-time-da-europa\/"]}]},{"@type":"ImageObject","inLanguage":"pt-BR","@id":"https:\/\/www.gaveanews.com\/index.php\/2025\/06\/10\/flamengo-marca-jogo-com-time-da-europa\/#primaryimage","url":"https:\/\/www.gaveanews.com\/wp-content\/uploads\/escudoDoFlamengo.webp","contentUrl":"https:\/\/www.gaveanews.com\/wp-content\/uploads\/escudoDoFlamengo.webp","width":1095,"height":730,"caption":"Centro de treinamento do Flamengo (Foto: Reprodu\u00e7\u00e3o)"},{"@type":"BreadcrumbList","@id":"https:\/\/www.gaveanews.com\/index.php\/2025\/06\/10\/flamengo-marca-jogo-com-time-da-europa\/#breadcrumb","itemListElement":[{"@type":"ListItem","position":1,"name":"Home","item":"https:\/\/www.gaveanews.com\/"},{"@type":"ListItem","position":2,"name":"Flamengo marca jogo com time da Europa"}]},{"@type":"WebSite","@id":"https:\/\/www.gaveanews.com\/#website","url":"https:\/\/www.gaveanews.com\/","name":"G\u00e1vea News","description":"Veja todas as not\u00edcias sobre o Flamengo: Contrata\u00e7\u00f5es, categorias de base, resultados das partidas, tabela de classifica\u00e7\u00e3o, pr\u00f3ximos jogos!","potentialAction":[{"@type":"SearchAction","target":{"@type":"EntryPoint","urlTemplate":"https:\/\/www.gaveanews.com\/?s={search_term_string}"},"query-input":{"@type":"PropertyValueSpecification","valueRequired":true,"valueName":"search_term_string"}}],"inLanguage":"pt-BR"},{"@type":"Person","@id":"https:\/\/www.gaveanews.com\/#\/schema\/person\/8207cd4627f56151707418bfc835b2fb","name":"Matheus Felipe","image":{"@type":"ImageObject","inLanguage":"pt-BR","@id":"https:\/\/www.gaveanews.com\/#\/schema\/person\/image\/","url":"https:\/\/secure.gravatar.com\/avatar\/a452ffbed9130f726358b298bb3a99ce4bd3c5338411f8440e87e14d74c7c087?s=96&d=mm&r=g","contentUrl":"https:\/\/secure.gravatar.com\/avatar\/a452ffbed9130f726358b298bb3a99ce4bd3c5338411f8440e87e14d74c7c087?s=96&d=mm&r=g","caption":"Matheus Felipe"}}]}},"_links":{"self":[{"href":"https:\/\/www.gaveanews.com\/index.php\/wp-json\/wp\/v2\/posts\/270700","targetHints":{"allow":["GET"]}}],"collection":[{"href":"https:\/\/www.gaveanews.com\/index.php\/wp-json\/wp\/v2\/posts"}],"about":[{"href":"https:\/\/www.gaveanews.com\/index.php\/wp-json\/wp\/v2\/types\/post"}],"author":[{"embeddable":true,"href":"https:\/\/www.gaveanews.com\/index.php\/wp-json\/wp\/v2\/users\/27"}],"replies":[{"embeddable":true,"href":"https:\/\/www.gaveanews.com\/index.php\/wp-json\/wp\/v2\/comments?post=270700"}],"version-history":[{"count":1,"href":"https:\/\/www.gaveanews.com\/index.php\/wp-json\/wp\/v2\/posts\/270700\/revisions"}],"predecessor-version":[{"id":270701,"href":"https:\/\/www.gaveanews.com\/index.php\/wp-json\/wp\/v2\/posts\/270700\/revisions\/270701"}],"wp:featuredmedia":[{"embeddable":true,"href":"https:\/\/www.gaveanews.com\/index.php\/wp-json\/wp\/v2\/media\/124684"}],"wp:attachment":[{"href":"https:\/\/www.gaveanews.com\/index.php\/wp-json\/wp\/v2\/media?parent=270700"}],"wp:term":[{"taxonomy":"category","embeddable":true,"href":"https:\/\/www.gaveanews.com\/index.php\/wp-json\/wp\/v2\/categories?post=270700"},{"taxonomy":"post_tag","embeddable":true,"href":"https:\/\/www.gaveanews.com\/index.php\/wp-json\/wp\/v2\/tags?post=270700"}],"curies":[{"name":"wp","href":"https:\/\/api.w.org\/{rel}","templated":true}]}}