{"id":270712,"date":"2025-06-10T15:56:04","date_gmt":"2025-06-10T18:56:04","guid":{"rendered":"https:\/\/www.gaveanews.com\/?p=270712"},"modified":"2025-06-10T15:56:09","modified_gmt":"2025-06-10T18:56:09","slug":"flamengo-emite-nota-oficial-e-cobra-divida-milionaria-de-clube-da-europa","status":"publish","type":"post","link":"https:\/\/www.gaveanews.com\/index.php\/2025\/06\/10\/flamengo-emite-nota-oficial-e-cobra-divida-milionaria-de-clube-da-europa\/","title":{"rendered":"Flamengo emite nota oficial e cobra d\u00edvida milion\u00e1ria de clube da Europa"},"content":{"rendered":"\n<p>Um impasse internacional entre Flamengo e Estrela Amadora (POR) ganhou novos cap\u00edtulos nesta ter\u00e7a-feira (10), quando o clube carioca emitiu uma nota oficial cobrando uma d\u00edvida milion\u00e1ria do time portugu\u00eas.&nbsp;<\/p>\n\n\n\n<p>A diretoria rubro-negra acusa o Estrela de manobras jur\u00eddicas para adiar o pagamento referente \u00e0s transfer\u00eancias de Igor Jesus e Andr\u00e9 Luiz, realizadas em 2024. Vale destacar que a d\u00edvida supera os 2,5 milh\u00f5es de euros, cerca de R$ 15 milh\u00f5es.<\/p>\n\n\n\n<h2 class=\"wp-block-heading\" id=\"h-fifa-reconheceu-a-divida-mas-pagamento-foi-postergado\">FIFA reconheceu a d\u00edvida, mas pagamento foi postergado<\/h2>\n\n\n\n<p>Segundo o comunicado emitido pelo Flamengo, a FIFA j\u00e1 deu decis\u00f5es favor\u00e1veis ao clube, inclusive com condena\u00e7\u00e3o formal em abril, estipulando um prazo de 45 dias para quita\u00e7\u00e3o da d\u00edvida. Por isso, o Rubro-Negro esperava o pagamento at\u00e9 o dia 29 de junho. Entretanto, o Estrela Amadora recorreu ao CAS (Corte Arbitral do Esporte) no \u00faltimo dia 5, suspendendo temporariamente a obriga\u00e7\u00e3o.<\/p>\n\n\n\n<p>Isso porque, ao entrar com o recurso no CAS, o clube portugu\u00eas utiliza um mecanismo legal que protela a execu\u00e7\u00e3o da d\u00edvida, pr\u00e1tica que o Flamengo condena abertamente em sua nota: &#8220;repudia a utiliza\u00e7\u00e3o de mecanismos jur\u00eddicos com o \u00fanico objetivo de evitar o cumprimento de obriga\u00e7\u00f5es j\u00e1 reconhecidas e formalizadas.&#8221;<\/p>\n\n\n\n<h2 class=\"wp-block-heading\" id=\"h-atletas-vendidos-nao-atuaram-no-estrela\">Atletas vendidos n\u00e3o atuaram no Estrela<\/h2>\n\n\n\n<p>A situa\u00e7\u00e3o torna-se ainda mais curiosa porque nenhum dos atletas negociados, Igor Jesus e Andr\u00e9 Luiz, chegou a atuar pelo Estrela Amadora. O volante est\u00e1 atualmente no Los Angeles FC (EUA), advers\u00e1rio do Flamengo no Mundial de Clubes, enquanto o atacante defende o Rio Ave (POR). Cabe ressaltar que o valor acordado j\u00e1 inclu\u00eda faturas confirmadas pelo pr\u00f3prio clube portugu\u00eas.<\/p>\n\n\n\n<h2 class=\"wp-block-heading\" id=\"h-flamengo-promete-seguir-ate-o-fim\">Flamengo promete seguir at\u00e9 o fim<\/h2>\n\n\n\n<p>O Flamengo refor\u00e7a que continuar\u00e1 acionando as inst\u00e2ncias competentes at\u00e9 que a d\u00edvida seja quitada. Com isso, a diretoria carioca espera que o CAS respeite a decis\u00e3o pr\u00e9via da FIFA. Al\u00e9m disso, o clube j\u00e1 apresentou documentos e evid\u00eancias que comprovam a inadimpl\u00eancia do Estrela.<\/p>\n\n\n\n<p>Dessa maneira, o Rubro-Negro deixa claro que n\u00e3o aceitar\u00e1 calotes e seguir\u00e1 vigilante na defesa de seus direitos. Um caso que exp\u00f5e os desafios das transa\u00e7\u00f5es internacionais no futebol moderno, e os riscos jur\u00eddicos que podem atrasar o que j\u00e1 foi assinado dentro de campo.<\/p>\n\n\n\n<h2 class=\"wp-block-heading\" id=\"h-confira-a-nota-oficial-na-integra\">Confira a nota oficial na \u00edntegra<\/h2>\n\n\n\n<p>O Clube se pronunciou em nota oficial sobre a pol\u00eamica com o Estrela Amadora, confira a seguir:<\/p>\n\n\n\n<p>\u201cO Clube de Regatas do Flamengo informa que o Estrela Amadora, de Portugal, tem adotado medidas com o claro intuito de postergar o pagamento dos valores devidos pelas transfer\u00eancias dos atletas Igor Jesus Lima e Andr\u00e9 Luiz In\u00e1cio da Silva. Mesmo ap\u00f3s diversas decis\u00f5es favor\u00e1veis ao Flamengo na FIFA, incluindo condena\u00e7\u00e3o formal em abril, com prazo de 45 dias para a quita\u00e7\u00e3o de mais de \u20ac 2,5 milh\u00f5es acrescidos de juros e multa, o clube portugu\u00eas segue inadimplente.<\/p>\n\n\n\n<p>No \u00faltimo dia 5 de junho, em mais uma a\u00e7\u00e3o protelat\u00f3ria, o Estrela Amadora recorreu ao CAS (Corte Arbitral do Esporte), o que suspende temporariamente o prazo final para pagamento, originalmente fixado para 29 de junho.<\/p>\n\n\n\n<p>O Flamengo repudia a utiliza\u00e7\u00e3o de mecanismos jur\u00eddicos com o \u00fanico objetivo de evitar o cumprimento de obriga\u00e7\u00f5es j\u00e1 reconhecidas e formalizadas, pr\u00e1tica que favorece os maus pagadores. O clube reitera que apresentou todas as evid\u00eancias que comprovam a d\u00edvida, incluindo faturas enviadas e confirmadas pelo Estrela Amadora, e seguir\u00e1 atuando nas inst\u00e2ncias competentes para garantir integralmente seus direitos reconhecidos na decis\u00e3o proferida pela FIFA.\u201d<\/p>\n","protected":false},"excerpt":{"rendered":"<p>Um impasse internacional entre Flamengo e Estrela Amadora (POR) ganhou novos cap\u00edtulos nesta ter\u00e7a-feira (10), quando o clube carioca emitiu uma nota oficial cobrando uma d\u00edvida milion\u00e1ria do time portugu\u00eas.&nbsp; A diretoria rubro-negra acusa o Estrela de manobras jur\u00eddicas para adiar o pagamento referente \u00e0s transfer\u00eancias de Igor Jesus e Andr\u00e9 Luiz, realizadas em 2024. [&hellip;]<\/p>\n","protected":false},"author":25,"featured_media":213513,"comment_status":"open","ping_status":"closed","sticky":false,"template":"","format":"standard","meta":{"footnotes":""},"categories":[1],"tags":[],"class_list":["post-270712","post","type-post","status-publish","format-standard","has-post-thumbnail","hentry","category-flamengo"],"yoast_head":"<!-- This site is optimized with the Yoast SEO Premium plugin v24.2 (Yoast SEO v26.9) - https:\/\/yoast.com\/product\/yoast-seo-premium-wordpress\/ -->\n<title>Flamengo emite nota oficial e cobra d\u00edvida milion\u00e1ria de clube da Europa<\/title>\n<meta name=\"robots\" content=\"index, follow, max-snippet:-1, max-image-preview:large, max-video-preview:-1\" \/>\n<link rel=\"canonical\" href=\"https:\/\/www.gaveanews.com\/index.php\/2025\/06\/10\/flamengo-emite-nota-oficial-e-cobra-divida-milionaria-de-clube-da-europa\/\" \/>\n<meta property=\"og:locale\" content=\"pt_BR\" \/>\n<meta property=\"og:type\" content=\"article\" \/>\n<meta property=\"og:title\" content=\"Flamengo emite nota oficial e cobra d\u00edvida milion\u00e1ria de clube da Europa\" \/>\n<meta property=\"og:description\" content=\"Um impasse internacional entre Flamengo e Estrela Amadora (POR) ganhou novos cap\u00edtulos nesta ter\u00e7a-feira (10), quando o clube carioca emitiu uma nota oficial cobrando uma d\u00edvida milion\u00e1ria do time portugu\u00eas.&nbsp; A diretoria rubro-negra acusa o Estrela de manobras jur\u00eddicas para adiar o pagamento referente \u00e0s transfer\u00eancias de Igor Jesus e Andr\u00e9 Luiz, realizadas em 2024. [&hellip;]\" \/>\n<meta property=\"og:url\" content=\"https:\/\/www.gaveanews.com\/index.php\/2025\/06\/10\/flamengo-emite-nota-oficial-e-cobra-divida-milionaria-de-clube-da-europa\/\" \/>\n<meta property=\"og:site_name\" content=\"G\u00e1vea News\" \/>\n<meta property=\"article:publisher\" content=\"https:\/\/facebook.com\/gaveaNews\/\" \/>\n<meta property=\"article:published_time\" content=\"2025-06-10T18:56:04+00:00\" \/>\n<meta property=\"article:modified_time\" content=\"2025-06-10T18:56:09+00:00\" \/>\n<meta property=\"og:image\" content=\"http:\/\/www.gaveanews.com\/wp-content\/uploads\/fachada-do-modulo-profissional-do-ninho-do-urubu-centro-de-treinamento-do-flamengo-1642444901774_v2_1x1.webp\" \/>\n\t<meta property=\"og:image:width\" content=\"1361\" \/>\n\t<meta property=\"og:image:height\" content=\"1363\" \/>\n\t<meta property=\"og:image:type\" content=\"image\/jpeg\" \/>\n<meta name=\"author\" content=\"Rafaela Ladeira\" \/>\n<meta name=\"twitter:card\" content=\"summary_large_image\" \/>\n<meta name=\"twitter:label1\" content=\"Escrito por\" \/>\n\t<meta name=\"twitter:data1\" content=\"Rafaela Ladeira\" \/>\n\t<meta name=\"twitter:label2\" content=\"Est. tempo de leitura\" \/>\n\t<meta name=\"twitter:data2\" content=\"4 minutos\" \/>\n<script type=\"application\/ld+json\" class=\"yoast-schema-graph\">{\"@context\":\"https:\/\/schema.org\",\"@graph\":[{\"@type\":\"NewsArticle\",\"@id\":\"https:\/\/www.gaveanews.com\/index.php\/2025\/06\/10\/flamengo-emite-nota-oficial-e-cobra-divida-milionaria-de-clube-da-europa\/#article\",\"isPartOf\":{\"@id\":\"https:\/\/www.gaveanews.com\/index.php\/2025\/06\/10\/flamengo-emite-nota-oficial-e-cobra-divida-milionaria-de-clube-da-europa\/\"},\"author\":{\"name\":\"Rafaela Ladeira\",\"@id\":\"https:\/\/www.gaveanews.com\/#\/schema\/person\/0eb3e3fe1754f0205218538adbe8f5ed\"},\"headline\":\"Flamengo emite nota oficial e cobra d\u00edvida milion\u00e1ria de clube da Europa\",\"datePublished\":\"2025-06-10T18:56:04+00:00\",\"dateModified\":\"2025-06-10T18:56:09+00:00\",\"mainEntityOfPage\":{\"@id\":\"https:\/\/www.gaveanews.com\/index.php\/2025\/06\/10\/flamengo-emite-nota-oficial-e-cobra-divida-milionaria-de-clube-da-europa\/\"},\"wordCount\":621,\"commentCount\":0,\"image\":{\"@id\":\"https:\/\/www.gaveanews.com\/index.php\/2025\/06\/10\/flamengo-emite-nota-oficial-e-cobra-divida-milionaria-de-clube-da-europa\/#primaryimage\"},\"thumbnailUrl\":\"https:\/\/www.gaveanews.com\/wp-content\/uploads\/fachada-do-modulo-profissional-do-ninho-do-urubu-centro-de-treinamento-do-flamengo-1642444901774_v2_1x1.webp\",\"articleSection\":[\"Flamengo\"],\"inLanguage\":\"pt-BR\",\"potentialAction\":[{\"@type\":\"CommentAction\",\"name\":\"Comment\",\"target\":[\"https:\/\/www.gaveanews.com\/index.php\/2025\/06\/10\/flamengo-emite-nota-oficial-e-cobra-divida-milionaria-de-clube-da-europa\/#respond\"]}],\"copyrightYear\":\"2025\",\"copyrightHolder\":{\"@id\":\"https:\/\/www.gaveanews.com\/#organization\"}},{\"@type\":\"WebPage\",\"@id\":\"https:\/\/www.gaveanews.com\/index.php\/2025\/06\/10\/flamengo-emite-nota-oficial-e-cobra-divida-milionaria-de-clube-da-europa\/\",\"url\":\"https:\/\/www.gaveanews.com\/index.php\/2025\/06\/10\/flamengo-emite-nota-oficial-e-cobra-divida-milionaria-de-clube-da-europa\/\",\"name\":\"Flamengo emite nota oficial e cobra d\u00edvida milion\u00e1ria de clube da Europa\",\"isPartOf\":{\"@id\":\"https:\/\/www.gaveanews.com\/#website\"},\"primaryImageOfPage\":{\"@id\":\"https:\/\/www.gaveanews.com\/index.php\/2025\/06\/10\/flamengo-emite-nota-oficial-e-cobra-divida-milionaria-de-clube-da-europa\/#primaryimage\"},\"image\":{\"@id\":\"https:\/\/www.gaveanews.com\/index.php\/2025\/06\/10\/flamengo-emite-nota-oficial-e-cobra-divida-milionaria-de-clube-da-europa\/#primaryimage\"},\"thumbnailUrl\":\"https:\/\/www.gaveanews.com\/wp-content\/uploads\/fachada-do-modulo-profissional-do-ninho-do-urubu-centro-de-treinamento-do-flamengo-1642444901774_v2_1x1.webp\",\"datePublished\":\"2025-06-10T18:56:04+00:00\",\"dateModified\":\"2025-06-10T18:56:09+00:00\",\"author\":{\"@id\":\"https:\/\/www.gaveanews.com\/#\/schema\/person\/0eb3e3fe1754f0205218538adbe8f5ed\"},\"breadcrumb\":{\"@id\":\"https:\/\/www.gaveanews.com\/index.php\/2025\/06\/10\/flamengo-emite-nota-oficial-e-cobra-divida-milionaria-de-clube-da-europa\/#breadcrumb\"},\"inLanguage\":\"pt-BR\",\"potentialAction\":[{\"@type\":\"ReadAction\",\"target\":[\"https:\/\/www.gaveanews.com\/index.php\/2025\/06\/10\/flamengo-emite-nota-oficial-e-cobra-divida-milionaria-de-clube-da-europa\/\"]}]},{\"@type\":\"ImageObject\",\"inLanguage\":\"pt-BR\",\"@id\":\"https:\/\/www.gaveanews.com\/index.php\/2025\/06\/10\/flamengo-emite-nota-oficial-e-cobra-divida-milionaria-de-clube-da-europa\/#primaryimage\",\"url\":\"https:\/\/www.gaveanews.com\/wp-content\/uploads\/fachada-do-modulo-profissional-do-ninho-do-urubu-centro-de-treinamento-do-flamengo-1642444901774_v2_1x1.webp\",\"contentUrl\":\"https:\/\/www.gaveanews.com\/wp-content\/uploads\/fachada-do-modulo-profissional-do-ninho-do-urubu-centro-de-treinamento-do-flamengo-1642444901774_v2_1x1.webp\",\"width\":1361,\"height\":1363,\"caption\":\"CT Ninho do Urubu (Foto: Divulga\u00e7\u00e3o Flamengo)\"},{\"@type\":\"BreadcrumbList\",\"@id\":\"https:\/\/www.gaveanews.com\/index.php\/2025\/06\/10\/flamengo-emite-nota-oficial-e-cobra-divida-milionaria-de-clube-da-europa\/#breadcrumb\",\"itemListElement\":[{\"@type\":\"ListItem\",\"position\":1,\"name\":\"Home\",\"item\":\"https:\/\/www.gaveanews.com\/\"},{\"@type\":\"ListItem\",\"position\":2,\"name\":\"Flamengo emite nota oficial e cobra d\u00edvida milion\u00e1ria de clube da Europa\"}]},{\"@type\":\"WebSite\",\"@id\":\"https:\/\/www.gaveanews.com\/#website\",\"url\":\"https:\/\/www.gaveanews.com\/\",\"name\":\"G\u00e1vea News\",\"description\":\"Veja todas as not\u00edcias sobre o Flamengo: Contrata\u00e7\u00f5es, categorias de base, resultados das partidas, tabela de classifica\u00e7\u00e3o, pr\u00f3ximos jogos!\",\"potentialAction\":[{\"@type\":\"SearchAction\",\"target\":{\"@type\":\"EntryPoint\",\"urlTemplate\":\"https:\/\/www.gaveanews.com\/?s={search_term_string}\"},\"query-input\":{\"@type\":\"PropertyValueSpecification\",\"valueRequired\":true,\"valueName\":\"search_term_string\"}}],\"inLanguage\":\"pt-BR\"},{\"@type\":\"Person\",\"@id\":\"https:\/\/www.gaveanews.com\/#\/schema\/person\/0eb3e3fe1754f0205218538adbe8f5ed\",\"name\":\"Rafaela Ladeira\",\"image\":{\"@type\":\"ImageObject\",\"inLanguage\":\"pt-BR\",\"@id\":\"https:\/\/www.gaveanews.com\/#\/schema\/person\/image\/\",\"url\":\"https:\/\/secure.gravatar.com\/avatar\/c31f513acffd85eacab5730cbdfdbbf59f21ba5aeada8cd890acea879fbb2455?s=96&d=mm&r=g\",\"contentUrl\":\"https:\/\/secure.gravatar.com\/avatar\/c31f513acffd85eacab5730cbdfdbbf59f21ba5aeada8cd890acea879fbb2455?s=96&d=mm&r=g\",\"caption\":\"Rafaela Ladeira\"}}]}<\/script>\n<!-- \/ Yoast SEO Premium plugin. -->","yoast_head_json":{"title":"Flamengo emite nota oficial e cobra d\u00edvida milion\u00e1ria de clube da Europa","robots":{"index":"index","follow":"follow","max-snippet":"max-snippet:-1","max-image-preview":"max-image-preview:large","max-video-preview":"max-video-preview:-1"},"canonical":"https:\/\/www.gaveanews.com\/index.php\/2025\/06\/10\/flamengo-emite-nota-oficial-e-cobra-divida-milionaria-de-clube-da-europa\/","og_locale":"pt_BR","og_type":"article","og_title":"Flamengo emite nota oficial e cobra d\u00edvida milion\u00e1ria de clube da Europa","og_description":"Um impasse internacional entre Flamengo e Estrela Amadora (POR) ganhou novos cap\u00edtulos nesta ter\u00e7a-feira (10), quando o clube carioca emitiu uma nota oficial cobrando uma d\u00edvida milion\u00e1ria do time portugu\u00eas.&nbsp; A diretoria rubro-negra acusa o Estrela de manobras jur\u00eddicas para adiar o pagamento referente \u00e0s transfer\u00eancias de Igor Jesus e Andr\u00e9 Luiz, realizadas em 2024. [&hellip;]","og_url":"https:\/\/www.gaveanews.com\/index.php\/2025\/06\/10\/flamengo-emite-nota-oficial-e-cobra-divida-milionaria-de-clube-da-europa\/","og_site_name":"G\u00e1vea News","article_publisher":"https:\/\/facebook.com\/gaveaNews\/","article_published_time":"2025-06-10T18:56:04+00:00","article_modified_time":"2025-06-10T18:56:09+00:00","og_image":[{"width":1361,"height":1363,"url":"http:\/\/www.gaveanews.com\/wp-content\/uploads\/fachada-do-modulo-profissional-do-ninho-do-urubu-centro-de-treinamento-do-flamengo-1642444901774_v2_1x1.webp","type":"image\/jpeg"}],"author":"Rafaela Ladeira","twitter_card":"summary_large_image","twitter_misc":{"Escrito por":"Rafaela Ladeira","Est. tempo de leitura":"4 minutos"},"schema":{"@context":"https:\/\/schema.org","@graph":[{"@type":"NewsArticle","@id":"https:\/\/www.gaveanews.com\/index.php\/2025\/06\/10\/flamengo-emite-nota-oficial-e-cobra-divida-milionaria-de-clube-da-europa\/#article","isPartOf":{"@id":"https:\/\/www.gaveanews.com\/index.php\/2025\/06\/10\/flamengo-emite-nota-oficial-e-cobra-divida-milionaria-de-clube-da-europa\/"},"author":{"name":"Rafaela Ladeira","@id":"https:\/\/www.gaveanews.com\/#\/schema\/person\/0eb3e3fe1754f0205218538adbe8f5ed"},"headline":"Flamengo emite nota oficial e cobra d\u00edvida milion\u00e1ria de clube da Europa","datePublished":"2025-06-10T18:56:04+00:00","dateModified":"2025-06-10T18:56:09+00:00","mainEntityOfPage":{"@id":"https:\/\/www.gaveanews.com\/index.php\/2025\/06\/10\/flamengo-emite-nota-oficial-e-cobra-divida-milionaria-de-clube-da-europa\/"},"wordCount":621,"commentCount":0,"image":{"@id":"https:\/\/www.gaveanews.com\/index.php\/2025\/06\/10\/flamengo-emite-nota-oficial-e-cobra-divida-milionaria-de-clube-da-europa\/#primaryimage"},"thumbnailUrl":"https:\/\/www.gaveanews.com\/wp-content\/uploads\/fachada-do-modulo-profissional-do-ninho-do-urubu-centro-de-treinamento-do-flamengo-1642444901774_v2_1x1.webp","articleSection":["Flamengo"],"inLanguage":"pt-BR","potentialAction":[{"@type":"CommentAction","name":"Comment","target":["https:\/\/www.gaveanews.com\/index.php\/2025\/06\/10\/flamengo-emite-nota-oficial-e-cobra-divida-milionaria-de-clube-da-europa\/#respond"]}],"copyrightYear":"2025","copyrightHolder":{"@id":"https:\/\/www.gaveanews.com\/#organization"}},{"@type":"WebPage","@id":"https:\/\/www.gaveanews.com\/index.php\/2025\/06\/10\/flamengo-emite-nota-oficial-e-cobra-divida-milionaria-de-clube-da-europa\/","url":"https:\/\/www.gaveanews.com\/index.php\/2025\/06\/10\/flamengo-emite-nota-oficial-e-cobra-divida-milionaria-de-clube-da-europa\/","name":"Flamengo emite nota oficial e cobra d\u00edvida milion\u00e1ria de clube da Europa","isPartOf":{"@id":"https:\/\/www.gaveanews.com\/#website"},"primaryImageOfPage":{"@id":"https:\/\/www.gaveanews.com\/index.php\/2025\/06\/10\/flamengo-emite-nota-oficial-e-cobra-divida-milionaria-de-clube-da-europa\/#primaryimage"},"image":{"@id":"https:\/\/www.gaveanews.com\/index.php\/2025\/06\/10\/flamengo-emite-nota-oficial-e-cobra-divida-milionaria-de-clube-da-europa\/#primaryimage"},"thumbnailUrl":"https:\/\/www.gaveanews.com\/wp-content\/uploads\/fachada-do-modulo-profissional-do-ninho-do-urubu-centro-de-treinamento-do-flamengo-1642444901774_v2_1x1.webp","datePublished":"2025-06-10T18:56:04+00:00","dateModified":"2025-06-10T18:56:09+00:00","author":{"@id":"https:\/\/www.gaveanews.com\/#\/schema\/person\/0eb3e3fe1754f0205218538adbe8f5ed"},"breadcrumb":{"@id":"https:\/\/www.gaveanews.com\/index.php\/2025\/06\/10\/flamengo-emite-nota-oficial-e-cobra-divida-milionaria-de-clube-da-europa\/#breadcrumb"},"inLanguage":"pt-BR","potentialAction":[{"@type":"ReadAction","target":["https:\/\/www.gaveanews.com\/index.php\/2025\/06\/10\/flamengo-emite-nota-oficial-e-cobra-divida-milionaria-de-clube-da-europa\/"]}]},{"@type":"ImageObject","inLanguage":"pt-BR","@id":"https:\/\/www.gaveanews.com\/index.php\/2025\/06\/10\/flamengo-emite-nota-oficial-e-cobra-divida-milionaria-de-clube-da-europa\/#primaryimage","url":"https:\/\/www.gaveanews.com\/wp-content\/uploads\/fachada-do-modulo-profissional-do-ninho-do-urubu-centro-de-treinamento-do-flamengo-1642444901774_v2_1x1.webp","contentUrl":"https:\/\/www.gaveanews.com\/wp-content\/uploads\/fachada-do-modulo-profissional-do-ninho-do-urubu-centro-de-treinamento-do-flamengo-1642444901774_v2_1x1.webp","width":1361,"height":1363,"caption":"CT Ninho do Urubu (Foto: Divulga\u00e7\u00e3o Flamengo)"},{"@type":"BreadcrumbList","@id":"https:\/\/www.gaveanews.com\/index.php\/2025\/06\/10\/flamengo-emite-nota-oficial-e-cobra-divida-milionaria-de-clube-da-europa\/#breadcrumb","itemListElement":[{"@type":"ListItem","position":1,"name":"Home","item":"https:\/\/www.gaveanews.com\/"},{"@type":"ListItem","position":2,"name":"Flamengo emite nota oficial e cobra d\u00edvida milion\u00e1ria de clube da Europa"}]},{"@type":"WebSite","@id":"https:\/\/www.gaveanews.com\/#website","url":"https:\/\/www.gaveanews.com\/","name":"G\u00e1vea News","description":"Veja todas as not\u00edcias sobre o Flamengo: Contrata\u00e7\u00f5es, categorias de base, resultados das partidas, tabela de classifica\u00e7\u00e3o, pr\u00f3ximos jogos!","potentialAction":[{"@type":"SearchAction","target":{"@type":"EntryPoint","urlTemplate":"https:\/\/www.gaveanews.com\/?s={search_term_string}"},"query-input":{"@type":"PropertyValueSpecification","valueRequired":true,"valueName":"search_term_string"}}],"inLanguage":"pt-BR"},{"@type":"Person","@id":"https:\/\/www.gaveanews.com\/#\/schema\/person\/0eb3e3fe1754f0205218538adbe8f5ed","name":"Rafaela Ladeira","image":{"@type":"ImageObject","inLanguage":"pt-BR","@id":"https:\/\/www.gaveanews.com\/#\/schema\/person\/image\/","url":"https:\/\/secure.gravatar.com\/avatar\/c31f513acffd85eacab5730cbdfdbbf59f21ba5aeada8cd890acea879fbb2455?s=96&d=mm&r=g","contentUrl":"https:\/\/secure.gravatar.com\/avatar\/c31f513acffd85eacab5730cbdfdbbf59f21ba5aeada8cd890acea879fbb2455?s=96&d=mm&r=g","caption":"Rafaela Ladeira"}}]}},"_links":{"self":[{"href":"https:\/\/www.gaveanews.com\/index.php\/wp-json\/wp\/v2\/posts\/270712","targetHints":{"allow":["GET"]}}],"collection":[{"href":"https:\/\/www.gaveanews.com\/index.php\/wp-json\/wp\/v2\/posts"}],"about":[{"href":"https:\/\/www.gaveanews.com\/index.php\/wp-json\/wp\/v2\/types\/post"}],"author":[{"embeddable":true,"href":"https:\/\/www.gaveanews.com\/index.php\/wp-json\/wp\/v2\/users\/25"}],"replies":[{"embeddable":true,"href":"https:\/\/www.gaveanews.com\/index.php\/wp-json\/wp\/v2\/comments?post=270712"}],"version-history":[{"count":1,"href":"https:\/\/www.gaveanews.com\/index.php\/wp-json\/wp\/v2\/posts\/270712\/revisions"}],"predecessor-version":[{"id":270713,"href":"https:\/\/www.gaveanews.com\/index.php\/wp-json\/wp\/v2\/posts\/270712\/revisions\/270713"}],"wp:featuredmedia":[{"embeddable":true,"href":"https:\/\/www.gaveanews.com\/index.php\/wp-json\/wp\/v2\/media\/213513"}],"wp:attachment":[{"href":"https:\/\/www.gaveanews.com\/index.php\/wp-json\/wp\/v2\/media?parent=270712"}],"wp:term":[{"taxonomy":"category","embeddable":true,"href":"https:\/\/www.gaveanews.com\/index.php\/wp-json\/wp\/v2\/categories?post=270712"},{"taxonomy":"post_tag","embeddable":true,"href":"https:\/\/www.gaveanews.com\/index.php\/wp-json\/wp\/v2\/tags?post=270712"}],"curies":[{"name":"wp","href":"https:\/\/api.w.org\/{rel}","templated":true}]}}