{"id":270780,"date":"2025-06-12T15:05:23","date_gmt":"2025-06-12T18:05:23","guid":{"rendered":"https:\/\/www.gaveanews.com\/?p=270780"},"modified":"2025-06-12T15:01:38","modified_gmt":"2025-06-12T18:01:38","slug":"milton-neves-pede-jogador-na-selecao-brasileira-e-elogia-duas-escolhas-de-ancelotti","status":"publish","type":"post","link":"https:\/\/www.gaveanews.com\/index.php\/2025\/06\/12\/milton-neves-pede-jogador-na-selecao-brasileira-e-elogia-duas-escolhas-de-ancelotti\/","title":{"rendered":"Milton Neves pede jogador na sele\u00e7\u00e3o brasileira e elogia duas escolhas de Ancelotti"},"content":{"rendered":"\n<p>Milton Neves utilizou seu blog para analisar a primeira vit\u00f3ria da sele\u00e7\u00e3o brasileira sob o comando de Carlo Ancelotti. Na Neo Qu\u00edmica Arena, o Brasil derrotou o Paraguai por 1&#215;0, com gol de Vini Jr, e se classificou para a Copa do Mundo 2026.<\/p>\n\n\n\n<p>De acordo com o radialista, o Brasil melhorou seu n\u00edvel de atua\u00e7\u00e3o, mas ainda assim uma pondera\u00e7\u00e3o foi feita. Para Milton Neves, o ataque da sele\u00e7\u00e3o brasileira ficou aqu\u00e9m pela falta de um centroavante. Ele, inclusive, pediu para Ancelotti dar chances da Endrick, que acabou tendo pouca minutagem com o treinador no per\u00edodo de Real Madrid.<\/p>\n\n\n\n<p>&#8220;Mas o ataque, apesar de povoado, mais uma vez parou na dificuldade de transformar volume em gols. Faltou presen\u00e7a de \u00e1rea, faltou um camisa 9. Talvez esteja na hora de Ancelotti olhar com mais carinho para Endrick, o atacante que ele desprezou no Madrid, mas que pode ser muito \u00fatil para a sele\u00e7\u00e3o&#8221;, disse Milton Neves.<\/p>\n\n\n\n<p>Na parte defensiva, um elogio ao setor e tamb\u00e9m a dois atletas: o estretante Alexsandro Ribeiro e ao veterano Casemiro, que retornou como capit\u00e3o. Segundo Milton Neves, a dupla foi um grande acerto de Carlo Ancelotti.<\/p>\n\n\n\n<p>&#8220;Pelo lado positivo, destaque para Alexsandro Ribeiro. Seguro, t\u00e9cnico e cada vez mais \u00e0 vontade, foi um acerto do treinador italiano, que tamb\u00e9m parece estar recuperando Casemiro, mais participativo e bem posicionado&#8221;, analisou.<\/p>\n\n\n\n<p>A sele\u00e7\u00e3o brasileira ainda tem mais duas partidas das Eliminat\u00f3rias pela frente. No dia 4 de setembro, a equipe encara o Chile, lanterna da competi\u00e7\u00e3o e j\u00e1 fora da Copa do Mundo. O jogo deve ser realizado em Porto Alegre. Para essa partida, Ancelotti n\u00e3o ter\u00e1 Vinicius Jr, suspenso com o terceiro amarelo. O \u00faltimo compromisso do Brasil nas Eliminat\u00f3rias ser\u00e1 fora de casa, na altitude, contra a Bol\u00edvia, que segue viva em busca de uma vaga.<\/p>\n","protected":false},"excerpt":{"rendered":"<p>Milton Neves utilizou seu blog para analisar a primeira vit\u00f3ria da sele\u00e7\u00e3o brasileira sob o comando de Carlo Ancelotti. Na Neo Qu\u00edmica Arena, o Brasil derrotou o Paraguai por 1&#215;0, com gol de Vini Jr, e se classificou para a Copa do Mundo 2026. De acordo com o radialista, o Brasil melhorou seu n\u00edvel de [&hellip;]<\/p>\n","protected":false},"author":32,"featured_media":270181,"comment_status":"open","ping_status":"closed","sticky":false,"template":"","format":"standard","meta":{"footnotes":""},"categories":[477],"tags":[],"class_list":["post-270780","post","type-post","status-publish","format-standard","has-post-thumbnail","hentry","category-selecoes"],"yoast_head":"<!-- This site is optimized with the Yoast SEO Premium plugin v24.2 (Yoast SEO v26.9) - https:\/\/yoast.com\/product\/yoast-seo-premium-wordpress\/ -->\n<title>Milton Neves pede jogador na sele\u00e7\u00e3o brasileira e elogia duas escolhas de Ancelotti<\/title>\n<meta name=\"robots\" content=\"index, follow, max-snippet:-1, max-image-preview:large, max-video-preview:-1\" \/>\n<link rel=\"canonical\" href=\"https:\/\/www.gaveanews.com\/index.php\/2025\/06\/12\/milton-neves-pede-jogador-na-selecao-brasileira-e-elogia-duas-escolhas-de-ancelotti\/\" \/>\n<meta property=\"og:locale\" content=\"pt_BR\" \/>\n<meta property=\"og:type\" content=\"article\" \/>\n<meta property=\"og:title\" content=\"Milton Neves pede jogador na sele\u00e7\u00e3o brasileira e elogia duas escolhas de Ancelotti\" \/>\n<meta property=\"og:description\" content=\"Milton Neves utilizou seu blog para analisar a primeira vit\u00f3ria da sele\u00e7\u00e3o brasileira sob o comando de Carlo Ancelotti. Na Neo Qu\u00edmica Arena, o Brasil derrotou o Paraguai por 1&#215;0, com gol de Vini Jr, e se classificou para a Copa do Mundo 2026. De acordo com o radialista, o Brasil melhorou seu n\u00edvel de [&hellip;]\" \/>\n<meta property=\"og:url\" content=\"https:\/\/www.gaveanews.com\/index.php\/2025\/06\/12\/milton-neves-pede-jogador-na-selecao-brasileira-e-elogia-duas-escolhas-de-ancelotti\/\" \/>\n<meta property=\"og:site_name\" content=\"G\u00e1vea News\" \/>\n<meta property=\"article:publisher\" content=\"https:\/\/facebook.com\/gaveaNews\/\" \/>\n<meta property=\"article:published_time\" content=\"2025-06-12T18:05:23+00:00\" \/>\n<meta property=\"og:image\" content=\"https:\/\/www.gaveanews.com\/wp-content\/uploads\/Casemiro-pela-Selecao-Brasileira.webp\" \/>\n\t<meta property=\"og:image:width\" content=\"1200\" \/>\n\t<meta property=\"og:image:height\" content=\"900\" \/>\n\t<meta property=\"og:image:type\" content=\"image\/webp\" \/>\n<meta name=\"author\" content=\"Matheus Leal\" \/>\n<meta name=\"twitter:card\" content=\"summary_large_image\" \/>\n<meta name=\"twitter:label1\" content=\"Escrito por\" \/>\n\t<meta name=\"twitter:data1\" content=\"Matheus Leal\" \/>\n\t<meta name=\"twitter:label2\" content=\"Est. tempo de leitura\" \/>\n\t<meta name=\"twitter:data2\" content=\"2 minutos\" \/>\n<script type=\"application\/ld+json\" class=\"yoast-schema-graph\">{\"@context\":\"https:\/\/schema.org\",\"@graph\":[{\"@type\":\"NewsArticle\",\"@id\":\"https:\/\/www.gaveanews.com\/index.php\/2025\/06\/12\/milton-neves-pede-jogador-na-selecao-brasileira-e-elogia-duas-escolhas-de-ancelotti\/#article\",\"isPartOf\":{\"@id\":\"https:\/\/www.gaveanews.com\/index.php\/2025\/06\/12\/milton-neves-pede-jogador-na-selecao-brasileira-e-elogia-duas-escolhas-de-ancelotti\/\"},\"author\":{\"name\":\"Matheus Leal\",\"@id\":\"https:\/\/www.gaveanews.com\/#\/schema\/person\/49ac99b6823a2b8d5087a6ce3aaaa128\"},\"headline\":\"Milton Neves pede jogador na sele\u00e7\u00e3o brasileira e elogia duas escolhas de Ancelotti\",\"datePublished\":\"2025-06-12T18:05:23+00:00\",\"mainEntityOfPage\":{\"@id\":\"https:\/\/www.gaveanews.com\/index.php\/2025\/06\/12\/milton-neves-pede-jogador-na-selecao-brasileira-e-elogia-duas-escolhas-de-ancelotti\/\"},\"wordCount\":333,\"commentCount\":0,\"image\":{\"@id\":\"https:\/\/www.gaveanews.com\/index.php\/2025\/06\/12\/milton-neves-pede-jogador-na-selecao-brasileira-e-elogia-duas-escolhas-de-ancelotti\/#primaryimage\"},\"thumbnailUrl\":\"https:\/\/www.gaveanews.com\/wp-content\/uploads\/Casemiro-pela-Selecao-Brasileira.webp\",\"articleSection\":[\"Sele\u00e7\u00f5es\"],\"inLanguage\":\"pt-BR\",\"potentialAction\":[{\"@type\":\"CommentAction\",\"name\":\"Comment\",\"target\":[\"https:\/\/www.gaveanews.com\/index.php\/2025\/06\/12\/milton-neves-pede-jogador-na-selecao-brasileira-e-elogia-duas-escolhas-de-ancelotti\/#respond\"]}],\"copyrightYear\":\"2025\",\"copyrightHolder\":{\"@id\":\"https:\/\/www.gaveanews.com\/#organization\"}},{\"@type\":\"WebPage\",\"@id\":\"https:\/\/www.gaveanews.com\/index.php\/2025\/06\/12\/milton-neves-pede-jogador-na-selecao-brasileira-e-elogia-duas-escolhas-de-ancelotti\/\",\"url\":\"https:\/\/www.gaveanews.com\/index.php\/2025\/06\/12\/milton-neves-pede-jogador-na-selecao-brasileira-e-elogia-duas-escolhas-de-ancelotti\/\",\"name\":\"Milton Neves pede jogador na sele\u00e7\u00e3o brasileira e elogia duas escolhas de Ancelotti\",\"isPartOf\":{\"@id\":\"https:\/\/www.gaveanews.com\/#website\"},\"primaryImageOfPage\":{\"@id\":\"https:\/\/www.gaveanews.com\/index.php\/2025\/06\/12\/milton-neves-pede-jogador-na-selecao-brasileira-e-elogia-duas-escolhas-de-ancelotti\/#primaryimage\"},\"image\":{\"@id\":\"https:\/\/www.gaveanews.com\/index.php\/2025\/06\/12\/milton-neves-pede-jogador-na-selecao-brasileira-e-elogia-duas-escolhas-de-ancelotti\/#primaryimage\"},\"thumbnailUrl\":\"https:\/\/www.gaveanews.com\/wp-content\/uploads\/Casemiro-pela-Selecao-Brasileira.webp\",\"datePublished\":\"2025-06-12T18:05:23+00:00\",\"author\":{\"@id\":\"https:\/\/www.gaveanews.com\/#\/schema\/person\/49ac99b6823a2b8d5087a6ce3aaaa128\"},\"breadcrumb\":{\"@id\":\"https:\/\/www.gaveanews.com\/index.php\/2025\/06\/12\/milton-neves-pede-jogador-na-selecao-brasileira-e-elogia-duas-escolhas-de-ancelotti\/#breadcrumb\"},\"inLanguage\":\"pt-BR\",\"potentialAction\":[{\"@type\":\"ReadAction\",\"target\":[\"https:\/\/www.gaveanews.com\/index.php\/2025\/06\/12\/milton-neves-pede-jogador-na-selecao-brasileira-e-elogia-duas-escolhas-de-ancelotti\/\"]}]},{\"@type\":\"ImageObject\",\"inLanguage\":\"pt-BR\",\"@id\":\"https:\/\/www.gaveanews.com\/index.php\/2025\/06\/12\/milton-neves-pede-jogador-na-selecao-brasileira-e-elogia-duas-escolhas-de-ancelotti\/#primaryimage\",\"url\":\"https:\/\/www.gaveanews.com\/wp-content\/uploads\/Casemiro-pela-Selecao-Brasileira.webp\",\"contentUrl\":\"https:\/\/www.gaveanews.com\/wp-content\/uploads\/Casemiro-pela-Selecao-Brasileira.webp\",\"width\":1200,\"height\":900,\"caption\":\"Casemiro pela Sele\u00e7\u00e3o Brasileira (Foto: @rafaelribeirorio I CBF)\"},{\"@type\":\"BreadcrumbList\",\"@id\":\"https:\/\/www.gaveanews.com\/index.php\/2025\/06\/12\/milton-neves-pede-jogador-na-selecao-brasileira-e-elogia-duas-escolhas-de-ancelotti\/#breadcrumb\",\"itemListElement\":[{\"@type\":\"ListItem\",\"position\":1,\"name\":\"Home\",\"item\":\"https:\/\/www.gaveanews.com\/\"},{\"@type\":\"ListItem\",\"position\":2,\"name\":\"Milton Neves pede jogador na sele\u00e7\u00e3o brasileira e elogia duas escolhas de Ancelotti\"}]},{\"@type\":\"WebSite\",\"@id\":\"https:\/\/www.gaveanews.com\/#website\",\"url\":\"https:\/\/www.gaveanews.com\/\",\"name\":\"G\u00e1vea News\",\"description\":\"Veja todas as not\u00edcias sobre o Flamengo: Contrata\u00e7\u00f5es, categorias de base, resultados das partidas, tabela de classifica\u00e7\u00e3o, pr\u00f3ximos jogos!\",\"potentialAction\":[{\"@type\":\"SearchAction\",\"target\":{\"@type\":\"EntryPoint\",\"urlTemplate\":\"https:\/\/www.gaveanews.com\/?s={search_term_string}\"},\"query-input\":{\"@type\":\"PropertyValueSpecification\",\"valueRequired\":true,\"valueName\":\"search_term_string\"}}],\"inLanguage\":\"pt-BR\"},{\"@type\":\"Person\",\"@id\":\"https:\/\/www.gaveanews.com\/#\/schema\/person\/49ac99b6823a2b8d5087a6ce3aaaa128\",\"name\":\"Matheus Leal\",\"image\":{\"@type\":\"ImageObject\",\"inLanguage\":\"pt-BR\",\"@id\":\"https:\/\/www.gaveanews.com\/#\/schema\/person\/image\/\",\"url\":\"https:\/\/secure.gravatar.com\/avatar\/21c52300d1234416f9c886f6dadd7452d8b035ac505314a51e4f56731e90c481?s=96&d=mm&r=g\",\"contentUrl\":\"https:\/\/secure.gravatar.com\/avatar\/21c52300d1234416f9c886f6dadd7452d8b035ac505314a51e4f56731e90c481?s=96&d=mm&r=g\",\"caption\":\"Matheus Leal\"}}]}<\/script>\n<!-- \/ Yoast SEO Premium plugin. -->","yoast_head_json":{"title":"Milton Neves pede jogador na sele\u00e7\u00e3o brasileira e elogia duas escolhas de Ancelotti","robots":{"index":"index","follow":"follow","max-snippet":"max-snippet:-1","max-image-preview":"max-image-preview:large","max-video-preview":"max-video-preview:-1"},"canonical":"https:\/\/www.gaveanews.com\/index.php\/2025\/06\/12\/milton-neves-pede-jogador-na-selecao-brasileira-e-elogia-duas-escolhas-de-ancelotti\/","og_locale":"pt_BR","og_type":"article","og_title":"Milton Neves pede jogador na sele\u00e7\u00e3o brasileira e elogia duas escolhas de Ancelotti","og_description":"Milton Neves utilizou seu blog para analisar a primeira vit\u00f3ria da sele\u00e7\u00e3o brasileira sob o comando de Carlo Ancelotti. Na Neo Qu\u00edmica Arena, o Brasil derrotou o Paraguai por 1&#215;0, com gol de Vini Jr, e se classificou para a Copa do Mundo 2026. De acordo com o radialista, o Brasil melhorou seu n\u00edvel de [&hellip;]","og_url":"https:\/\/www.gaveanews.com\/index.php\/2025\/06\/12\/milton-neves-pede-jogador-na-selecao-brasileira-e-elogia-duas-escolhas-de-ancelotti\/","og_site_name":"G\u00e1vea News","article_publisher":"https:\/\/facebook.com\/gaveaNews\/","article_published_time":"2025-06-12T18:05:23+00:00","og_image":[{"width":1200,"height":900,"url":"https:\/\/www.gaveanews.com\/wp-content\/uploads\/Casemiro-pela-Selecao-Brasileira.webp","type":"image\/webp"}],"author":"Matheus Leal","twitter_card":"summary_large_image","twitter_misc":{"Escrito por":"Matheus Leal","Est. tempo de leitura":"2 minutos"},"schema":{"@context":"https:\/\/schema.org","@graph":[{"@type":"NewsArticle","@id":"https:\/\/www.gaveanews.com\/index.php\/2025\/06\/12\/milton-neves-pede-jogador-na-selecao-brasileira-e-elogia-duas-escolhas-de-ancelotti\/#article","isPartOf":{"@id":"https:\/\/www.gaveanews.com\/index.php\/2025\/06\/12\/milton-neves-pede-jogador-na-selecao-brasileira-e-elogia-duas-escolhas-de-ancelotti\/"},"author":{"name":"Matheus Leal","@id":"https:\/\/www.gaveanews.com\/#\/schema\/person\/49ac99b6823a2b8d5087a6ce3aaaa128"},"headline":"Milton Neves pede jogador na sele\u00e7\u00e3o brasileira e elogia duas escolhas de Ancelotti","datePublished":"2025-06-12T18:05:23+00:00","mainEntityOfPage":{"@id":"https:\/\/www.gaveanews.com\/index.php\/2025\/06\/12\/milton-neves-pede-jogador-na-selecao-brasileira-e-elogia-duas-escolhas-de-ancelotti\/"},"wordCount":333,"commentCount":0,"image":{"@id":"https:\/\/www.gaveanews.com\/index.php\/2025\/06\/12\/milton-neves-pede-jogador-na-selecao-brasileira-e-elogia-duas-escolhas-de-ancelotti\/#primaryimage"},"thumbnailUrl":"https:\/\/www.gaveanews.com\/wp-content\/uploads\/Casemiro-pela-Selecao-Brasileira.webp","articleSection":["Sele\u00e7\u00f5es"],"inLanguage":"pt-BR","potentialAction":[{"@type":"CommentAction","name":"Comment","target":["https:\/\/www.gaveanews.com\/index.php\/2025\/06\/12\/milton-neves-pede-jogador-na-selecao-brasileira-e-elogia-duas-escolhas-de-ancelotti\/#respond"]}],"copyrightYear":"2025","copyrightHolder":{"@id":"https:\/\/www.gaveanews.com\/#organization"}},{"@type":"WebPage","@id":"https:\/\/www.gaveanews.com\/index.php\/2025\/06\/12\/milton-neves-pede-jogador-na-selecao-brasileira-e-elogia-duas-escolhas-de-ancelotti\/","url":"https:\/\/www.gaveanews.com\/index.php\/2025\/06\/12\/milton-neves-pede-jogador-na-selecao-brasileira-e-elogia-duas-escolhas-de-ancelotti\/","name":"Milton Neves pede jogador na sele\u00e7\u00e3o brasileira e elogia duas escolhas de Ancelotti","isPartOf":{"@id":"https:\/\/www.gaveanews.com\/#website"},"primaryImageOfPage":{"@id":"https:\/\/www.gaveanews.com\/index.php\/2025\/06\/12\/milton-neves-pede-jogador-na-selecao-brasileira-e-elogia-duas-escolhas-de-ancelotti\/#primaryimage"},"image":{"@id":"https:\/\/www.gaveanews.com\/index.php\/2025\/06\/12\/milton-neves-pede-jogador-na-selecao-brasileira-e-elogia-duas-escolhas-de-ancelotti\/#primaryimage"},"thumbnailUrl":"https:\/\/www.gaveanews.com\/wp-content\/uploads\/Casemiro-pela-Selecao-Brasileira.webp","datePublished":"2025-06-12T18:05:23+00:00","author":{"@id":"https:\/\/www.gaveanews.com\/#\/schema\/person\/49ac99b6823a2b8d5087a6ce3aaaa128"},"breadcrumb":{"@id":"https:\/\/www.gaveanews.com\/index.php\/2025\/06\/12\/milton-neves-pede-jogador-na-selecao-brasileira-e-elogia-duas-escolhas-de-ancelotti\/#breadcrumb"},"inLanguage":"pt-BR","potentialAction":[{"@type":"ReadAction","target":["https:\/\/www.gaveanews.com\/index.php\/2025\/06\/12\/milton-neves-pede-jogador-na-selecao-brasileira-e-elogia-duas-escolhas-de-ancelotti\/"]}]},{"@type":"ImageObject","inLanguage":"pt-BR","@id":"https:\/\/www.gaveanews.com\/index.php\/2025\/06\/12\/milton-neves-pede-jogador-na-selecao-brasileira-e-elogia-duas-escolhas-de-ancelotti\/#primaryimage","url":"https:\/\/www.gaveanews.com\/wp-content\/uploads\/Casemiro-pela-Selecao-Brasileira.webp","contentUrl":"https:\/\/www.gaveanews.com\/wp-content\/uploads\/Casemiro-pela-Selecao-Brasileira.webp","width":1200,"height":900,"caption":"Casemiro pela Sele\u00e7\u00e3o Brasileira (Foto: @rafaelribeirorio I CBF)"},{"@type":"BreadcrumbList","@id":"https:\/\/www.gaveanews.com\/index.php\/2025\/06\/12\/milton-neves-pede-jogador-na-selecao-brasileira-e-elogia-duas-escolhas-de-ancelotti\/#breadcrumb","itemListElement":[{"@type":"ListItem","position":1,"name":"Home","item":"https:\/\/www.gaveanews.com\/"},{"@type":"ListItem","position":2,"name":"Milton Neves pede jogador na sele\u00e7\u00e3o brasileira e elogia duas escolhas de Ancelotti"}]},{"@type":"WebSite","@id":"https:\/\/www.gaveanews.com\/#website","url":"https:\/\/www.gaveanews.com\/","name":"G\u00e1vea News","description":"Veja todas as not\u00edcias sobre o Flamengo: Contrata\u00e7\u00f5es, categorias de base, resultados das partidas, tabela de classifica\u00e7\u00e3o, pr\u00f3ximos jogos!","potentialAction":[{"@type":"SearchAction","target":{"@type":"EntryPoint","urlTemplate":"https:\/\/www.gaveanews.com\/?s={search_term_string}"},"query-input":{"@type":"PropertyValueSpecification","valueRequired":true,"valueName":"search_term_string"}}],"inLanguage":"pt-BR"},{"@type":"Person","@id":"https:\/\/www.gaveanews.com\/#\/schema\/person\/49ac99b6823a2b8d5087a6ce3aaaa128","name":"Matheus Leal","image":{"@type":"ImageObject","inLanguage":"pt-BR","@id":"https:\/\/www.gaveanews.com\/#\/schema\/person\/image\/","url":"https:\/\/secure.gravatar.com\/avatar\/21c52300d1234416f9c886f6dadd7452d8b035ac505314a51e4f56731e90c481?s=96&d=mm&r=g","contentUrl":"https:\/\/secure.gravatar.com\/avatar\/21c52300d1234416f9c886f6dadd7452d8b035ac505314a51e4f56731e90c481?s=96&d=mm&r=g","caption":"Matheus Leal"}}]}},"_links":{"self":[{"href":"https:\/\/www.gaveanews.com\/index.php\/wp-json\/wp\/v2\/posts\/270780","targetHints":{"allow":["GET"]}}],"collection":[{"href":"https:\/\/www.gaveanews.com\/index.php\/wp-json\/wp\/v2\/posts"}],"about":[{"href":"https:\/\/www.gaveanews.com\/index.php\/wp-json\/wp\/v2\/types\/post"}],"author":[{"embeddable":true,"href":"https:\/\/www.gaveanews.com\/index.php\/wp-json\/wp\/v2\/users\/32"}],"replies":[{"embeddable":true,"href":"https:\/\/www.gaveanews.com\/index.php\/wp-json\/wp\/v2\/comments?post=270780"}],"version-history":[{"count":1,"href":"https:\/\/www.gaveanews.com\/index.php\/wp-json\/wp\/v2\/posts\/270780\/revisions"}],"predecessor-version":[{"id":270781,"href":"https:\/\/www.gaveanews.com\/index.php\/wp-json\/wp\/v2\/posts\/270780\/revisions\/270781"}],"wp:featuredmedia":[{"embeddable":true,"href":"https:\/\/www.gaveanews.com\/index.php\/wp-json\/wp\/v2\/media\/270181"}],"wp:attachment":[{"href":"https:\/\/www.gaveanews.com\/index.php\/wp-json\/wp\/v2\/media?parent=270780"}],"wp:term":[{"taxonomy":"category","embeddable":true,"href":"https:\/\/www.gaveanews.com\/index.php\/wp-json\/wp\/v2\/categories?post=270780"},{"taxonomy":"post_tag","embeddable":true,"href":"https:\/\/www.gaveanews.com\/index.php\/wp-json\/wp\/v2\/tags?post=270780"}],"curies":[{"name":"wp","href":"https:\/\/api.w.org\/{rel}","templated":true}]}}