{"id":270788,"date":"2025-06-12T15:15:24","date_gmt":"2025-06-12T18:15:24","guid":{"rendered":"https:\/\/www.gaveanews.com\/?p=270788"},"modified":"2025-06-12T15:01:54","modified_gmt":"2025-06-12T18:01:54","slug":"craque-neto-pede-neymar-fora-da-copa-do-mundo-2026","status":"publish","type":"post","link":"https:\/\/www.gaveanews.com\/index.php\/2025\/06\/12\/craque-neto-pede-neymar-fora-da-copa-do-mundo-2026\/","title":{"rendered":"Craque Neto pede Neymar fora da Copa do Mundo 2026"},"content":{"rendered":"\n<p>Craque Neto voltou a detonar Neymar. O apresentador afirmou que o atacante, apesar do alto sal\u00e1rio que recebe no Santos, n\u00e3o justifica o investimento do clube com seu desempenho em campo. Al\u00e9m disso, disparou que Neymar n\u00e3o merece vestir a camisa da sele\u00e7\u00e3o brasileira na Copa do Mundo 2026.<\/p>\n\n\n\n<p>Craque Neto comparou Neymar a Cristiano Ronaldo, destacando que o portugu\u00eas, aos 40 anos, segue como exemplo de profissionalismo, conquistando t\u00edtulos como a Liga das Na\u00e7\u00f5es com Portugal. Neto acredita que Neymar poderia ter uma carreira mais expressiva se adotasse a mentalidade e dedica\u00e7\u00e3o de CR7.<\/p>\n\n\n\n<p>\u201cQuando o Cristiano Ronaldo parar de jogar futebol, ele vai ser presidente da Federa\u00e7\u00e3o Portuguesa ou presidente de Portugal. N\u00e3o sei, sou eu quem est\u00e1 falando. Ele pode tamb\u00e9m ser um manager, um dos maiores empres\u00e1rios de todos os tempos. Vai montar uma empresa. Vamos ver o que o Neymar vai ser quando parar de jogar futebol, ver onde ele vai estar\u201d, disparou Craque Neto.<\/p>\n\n\n\n<p>De acordo com o apresentador da Band, outros nomes est\u00e3o a frente de Neymar na atualidade e deveriam ser chamados para a sele\u00e7\u00e3o brasileira. Ele citou o atacante Pedro, do Flamengo, o meia Raphael Veiga, do Palmeiras, e Est\u00eav\u00e3o, do Chelsea.<\/p>\n\n\n\n<p>\u201cHoje, jogando bola, o Neymar n\u00e3o \u00e9 nada. Para mim, quem tem que ir \u00e9 o Pedro, \u00e9 o Raphael Veiga, o Est\u00eav\u00e3o. S\u00f3 tem agenda positiva sobre o Neymar, ser\u00e1 que n\u00e3o tem ningu\u00e9m para falar a verdade na cara dele, do pai, do preparador f\u00edsico?\u201d, acrescentou Craque Neto.<\/p>\n\n\n\n<p>Fora da convoca\u00e7\u00e3o, Neymar esteve no hotel antes da partida contra o Paraguai. Carlo Ancelotti revelou conversas com o craque e afirmou que ele pode atuar em qualquer posi\u00e7\u00e3o do ataque quando estiver apto.<\/p>\n\n\n\n<p>\u201cNeymar veio ao hotel, nos demos um abra\u00e7o, ele pode jogar em qualquer lugar do campo se estiver bem. Ele poderia fazer a mesma posi\u00e7\u00e3o do Cunha hoje, como 10. Ele pode ser muito perigoso nessa posi\u00e7\u00e3o\u201d, comentou o treinador.<\/p>\n","protected":false},"excerpt":{"rendered":"<p>Craque Neto voltou a detonar Neymar. O apresentador afirmou que o atacante, apesar do alto sal\u00e1rio que recebe no Santos, n\u00e3o justifica o investimento do clube com seu desempenho em campo. Al\u00e9m disso, disparou que Neymar n\u00e3o merece vestir a camisa da sele\u00e7\u00e3o brasileira na Copa do Mundo 2026. Craque Neto comparou Neymar a Cristiano [&hellip;]<\/p>\n","protected":false},"author":32,"featured_media":244445,"comment_status":"open","ping_status":"closed","sticky":false,"template":"","format":"standard","meta":{"footnotes":""},"categories":[477],"tags":[],"class_list":["post-270788","post","type-post","status-publish","format-standard","has-post-thumbnail","hentry","category-selecoes"],"yoast_head":"<!-- This site is optimized with the Yoast SEO Premium plugin v24.2 (Yoast SEO v26.9) - https:\/\/yoast.com\/product\/yoast-seo-premium-wordpress\/ -->\n<title>Craque Neto pede Neymar fora da Copa do Mundo 2026<\/title>\n<meta name=\"robots\" content=\"index, follow, max-snippet:-1, max-image-preview:large, max-video-preview:-1\" \/>\n<link rel=\"canonical\" href=\"https:\/\/www.gaveanews.com\/index.php\/2025\/06\/12\/craque-neto-pede-neymar-fora-da-copa-do-mundo-2026\/\" \/>\n<meta property=\"og:locale\" content=\"pt_BR\" \/>\n<meta property=\"og:type\" content=\"article\" \/>\n<meta property=\"og:title\" content=\"Craque Neto pede Neymar fora da Copa do Mundo 2026\" \/>\n<meta property=\"og:description\" content=\"Craque Neto voltou a detonar Neymar. O apresentador afirmou que o atacante, apesar do alto sal\u00e1rio que recebe no Santos, n\u00e3o justifica o investimento do clube com seu desempenho em campo. Al\u00e9m disso, disparou que Neymar n\u00e3o merece vestir a camisa da sele\u00e7\u00e3o brasileira na Copa do Mundo 2026. Craque Neto comparou Neymar a Cristiano [&hellip;]\" \/>\n<meta property=\"og:url\" content=\"https:\/\/www.gaveanews.com\/index.php\/2025\/06\/12\/craque-neto-pede-neymar-fora-da-copa-do-mundo-2026\/\" \/>\n<meta property=\"og:site_name\" content=\"G\u00e1vea News\" \/>\n<meta property=\"article:publisher\" content=\"https:\/\/facebook.com\/gaveaNews\/\" \/>\n<meta property=\"article:published_time\" content=\"2025-06-12T18:15:24+00:00\" \/>\n<meta property=\"og:image\" content=\"https:\/\/www.gaveanews.com\/wp-content\/uploads\/Neymar-em-acao-com-a-camisa-do-Santos-em-2025.webp\" \/>\n\t<meta property=\"og:image:width\" content=\"900\" \/>\n\t<meta property=\"og:image:height\" content=\"600\" \/>\n\t<meta property=\"og:image:type\" content=\"image\/jpeg\" \/>\n<meta name=\"author\" content=\"Matheus Leal\" \/>\n<meta name=\"twitter:card\" content=\"summary_large_image\" \/>\n<meta name=\"twitter:label1\" content=\"Escrito por\" \/>\n\t<meta name=\"twitter:data1\" content=\"Matheus Leal\" \/>\n\t<meta name=\"twitter:label2\" content=\"Est. tempo de leitura\" \/>\n\t<meta name=\"twitter:data2\" content=\"2 minutos\" \/>\n<script type=\"application\/ld+json\" class=\"yoast-schema-graph\">{\"@context\":\"https:\/\/schema.org\",\"@graph\":[{\"@type\":\"NewsArticle\",\"@id\":\"https:\/\/www.gaveanews.com\/index.php\/2025\/06\/12\/craque-neto-pede-neymar-fora-da-copa-do-mundo-2026\/#article\",\"isPartOf\":{\"@id\":\"https:\/\/www.gaveanews.com\/index.php\/2025\/06\/12\/craque-neto-pede-neymar-fora-da-copa-do-mundo-2026\/\"},\"author\":{\"name\":\"Matheus Leal\",\"@id\":\"https:\/\/www.gaveanews.com\/#\/schema\/person\/49ac99b6823a2b8d5087a6ce3aaaa128\"},\"headline\":\"Craque Neto pede Neymar fora da Copa do Mundo 2026\",\"datePublished\":\"2025-06-12T18:15:24+00:00\",\"mainEntityOfPage\":{\"@id\":\"https:\/\/www.gaveanews.com\/index.php\/2025\/06\/12\/craque-neto-pede-neymar-fora-da-copa-do-mundo-2026\/\"},\"wordCount\":356,\"commentCount\":0,\"image\":{\"@id\":\"https:\/\/www.gaveanews.com\/index.php\/2025\/06\/12\/craque-neto-pede-neymar-fora-da-copa-do-mundo-2026\/#primaryimage\"},\"thumbnailUrl\":\"https:\/\/www.gaveanews.com\/wp-content\/uploads\/Neymar-em-acao-com-a-camisa-do-Santos-em-2025.webp\",\"articleSection\":[\"Sele\u00e7\u00f5es\"],\"inLanguage\":\"pt-BR\",\"potentialAction\":[{\"@type\":\"CommentAction\",\"name\":\"Comment\",\"target\":[\"https:\/\/www.gaveanews.com\/index.php\/2025\/06\/12\/craque-neto-pede-neymar-fora-da-copa-do-mundo-2026\/#respond\"]}],\"copyrightYear\":\"2025\",\"copyrightHolder\":{\"@id\":\"https:\/\/www.gaveanews.com\/#organization\"}},{\"@type\":\"WebPage\",\"@id\":\"https:\/\/www.gaveanews.com\/index.php\/2025\/06\/12\/craque-neto-pede-neymar-fora-da-copa-do-mundo-2026\/\",\"url\":\"https:\/\/www.gaveanews.com\/index.php\/2025\/06\/12\/craque-neto-pede-neymar-fora-da-copa-do-mundo-2026\/\",\"name\":\"Craque Neto pede Neymar fora da Copa do Mundo 2026\",\"isPartOf\":{\"@id\":\"https:\/\/www.gaveanews.com\/#website\"},\"primaryImageOfPage\":{\"@id\":\"https:\/\/www.gaveanews.com\/index.php\/2025\/06\/12\/craque-neto-pede-neymar-fora-da-copa-do-mundo-2026\/#primaryimage\"},\"image\":{\"@id\":\"https:\/\/www.gaveanews.com\/index.php\/2025\/06\/12\/craque-neto-pede-neymar-fora-da-copa-do-mundo-2026\/#primaryimage\"},\"thumbnailUrl\":\"https:\/\/www.gaveanews.com\/wp-content\/uploads\/Neymar-em-acao-com-a-camisa-do-Santos-em-2025.webp\",\"datePublished\":\"2025-06-12T18:15:24+00:00\",\"author\":{\"@id\":\"https:\/\/www.gaveanews.com\/#\/schema\/person\/49ac99b6823a2b8d5087a6ce3aaaa128\"},\"breadcrumb\":{\"@id\":\"https:\/\/www.gaveanews.com\/index.php\/2025\/06\/12\/craque-neto-pede-neymar-fora-da-copa-do-mundo-2026\/#breadcrumb\"},\"inLanguage\":\"pt-BR\",\"potentialAction\":[{\"@type\":\"ReadAction\",\"target\":[\"https:\/\/www.gaveanews.com\/index.php\/2025\/06\/12\/craque-neto-pede-neymar-fora-da-copa-do-mundo-2026\/\"]}]},{\"@type\":\"ImageObject\",\"inLanguage\":\"pt-BR\",\"@id\":\"https:\/\/www.gaveanews.com\/index.php\/2025\/06\/12\/craque-neto-pede-neymar-fora-da-copa-do-mundo-2026\/#primaryimage\",\"url\":\"https:\/\/www.gaveanews.com\/wp-content\/uploads\/Neymar-em-acao-com-a-camisa-do-Santos-em-2025.webp\",\"contentUrl\":\"https:\/\/www.gaveanews.com\/wp-content\/uploads\/Neymar-em-acao-com-a-camisa-do-Santos-em-2025.webp\",\"width\":900,\"height\":600,\"caption\":\"Neymar em a\u00e7\u00e3o com a camisa do Santos em 2025 (Foto: Raul Baretta\/ Santos FC)\"},{\"@type\":\"BreadcrumbList\",\"@id\":\"https:\/\/www.gaveanews.com\/index.php\/2025\/06\/12\/craque-neto-pede-neymar-fora-da-copa-do-mundo-2026\/#breadcrumb\",\"itemListElement\":[{\"@type\":\"ListItem\",\"position\":1,\"name\":\"Home\",\"item\":\"https:\/\/www.gaveanews.com\/\"},{\"@type\":\"ListItem\",\"position\":2,\"name\":\"Craque Neto pede Neymar fora da Copa do Mundo 2026\"}]},{\"@type\":\"WebSite\",\"@id\":\"https:\/\/www.gaveanews.com\/#website\",\"url\":\"https:\/\/www.gaveanews.com\/\",\"name\":\"G\u00e1vea News\",\"description\":\"Veja todas as not\u00edcias sobre o Flamengo: Contrata\u00e7\u00f5es, categorias de base, resultados das partidas, tabela de classifica\u00e7\u00e3o, pr\u00f3ximos jogos!\",\"potentialAction\":[{\"@type\":\"SearchAction\",\"target\":{\"@type\":\"EntryPoint\",\"urlTemplate\":\"https:\/\/www.gaveanews.com\/?s={search_term_string}\"},\"query-input\":{\"@type\":\"PropertyValueSpecification\",\"valueRequired\":true,\"valueName\":\"search_term_string\"}}],\"inLanguage\":\"pt-BR\"},{\"@type\":\"Person\",\"@id\":\"https:\/\/www.gaveanews.com\/#\/schema\/person\/49ac99b6823a2b8d5087a6ce3aaaa128\",\"name\":\"Matheus Leal\",\"image\":{\"@type\":\"ImageObject\",\"inLanguage\":\"pt-BR\",\"@id\":\"https:\/\/www.gaveanews.com\/#\/schema\/person\/image\/\",\"url\":\"https:\/\/secure.gravatar.com\/avatar\/21c52300d1234416f9c886f6dadd7452d8b035ac505314a51e4f56731e90c481?s=96&d=mm&r=g\",\"contentUrl\":\"https:\/\/secure.gravatar.com\/avatar\/21c52300d1234416f9c886f6dadd7452d8b035ac505314a51e4f56731e90c481?s=96&d=mm&r=g\",\"caption\":\"Matheus Leal\"}}]}<\/script>\n<!-- \/ Yoast SEO Premium plugin. -->","yoast_head_json":{"title":"Craque Neto pede Neymar fora da Copa do Mundo 2026","robots":{"index":"index","follow":"follow","max-snippet":"max-snippet:-1","max-image-preview":"max-image-preview:large","max-video-preview":"max-video-preview:-1"},"canonical":"https:\/\/www.gaveanews.com\/index.php\/2025\/06\/12\/craque-neto-pede-neymar-fora-da-copa-do-mundo-2026\/","og_locale":"pt_BR","og_type":"article","og_title":"Craque Neto pede Neymar fora da Copa do Mundo 2026","og_description":"Craque Neto voltou a detonar Neymar. O apresentador afirmou que o atacante, apesar do alto sal\u00e1rio que recebe no Santos, n\u00e3o justifica o investimento do clube com seu desempenho em campo. Al\u00e9m disso, disparou que Neymar n\u00e3o merece vestir a camisa da sele\u00e7\u00e3o brasileira na Copa do Mundo 2026. Craque Neto comparou Neymar a Cristiano [&hellip;]","og_url":"https:\/\/www.gaveanews.com\/index.php\/2025\/06\/12\/craque-neto-pede-neymar-fora-da-copa-do-mundo-2026\/","og_site_name":"G\u00e1vea News","article_publisher":"https:\/\/facebook.com\/gaveaNews\/","article_published_time":"2025-06-12T18:15:24+00:00","og_image":[{"width":900,"height":600,"url":"https:\/\/www.gaveanews.com\/wp-content\/uploads\/Neymar-em-acao-com-a-camisa-do-Santos-em-2025.webp","type":"image\/jpeg"}],"author":"Matheus Leal","twitter_card":"summary_large_image","twitter_misc":{"Escrito por":"Matheus Leal","Est. tempo de leitura":"2 minutos"},"schema":{"@context":"https:\/\/schema.org","@graph":[{"@type":"NewsArticle","@id":"https:\/\/www.gaveanews.com\/index.php\/2025\/06\/12\/craque-neto-pede-neymar-fora-da-copa-do-mundo-2026\/#article","isPartOf":{"@id":"https:\/\/www.gaveanews.com\/index.php\/2025\/06\/12\/craque-neto-pede-neymar-fora-da-copa-do-mundo-2026\/"},"author":{"name":"Matheus Leal","@id":"https:\/\/www.gaveanews.com\/#\/schema\/person\/49ac99b6823a2b8d5087a6ce3aaaa128"},"headline":"Craque Neto pede Neymar fora da Copa do Mundo 2026","datePublished":"2025-06-12T18:15:24+00:00","mainEntityOfPage":{"@id":"https:\/\/www.gaveanews.com\/index.php\/2025\/06\/12\/craque-neto-pede-neymar-fora-da-copa-do-mundo-2026\/"},"wordCount":356,"commentCount":0,"image":{"@id":"https:\/\/www.gaveanews.com\/index.php\/2025\/06\/12\/craque-neto-pede-neymar-fora-da-copa-do-mundo-2026\/#primaryimage"},"thumbnailUrl":"https:\/\/www.gaveanews.com\/wp-content\/uploads\/Neymar-em-acao-com-a-camisa-do-Santos-em-2025.webp","articleSection":["Sele\u00e7\u00f5es"],"inLanguage":"pt-BR","potentialAction":[{"@type":"CommentAction","name":"Comment","target":["https:\/\/www.gaveanews.com\/index.php\/2025\/06\/12\/craque-neto-pede-neymar-fora-da-copa-do-mundo-2026\/#respond"]}],"copyrightYear":"2025","copyrightHolder":{"@id":"https:\/\/www.gaveanews.com\/#organization"}},{"@type":"WebPage","@id":"https:\/\/www.gaveanews.com\/index.php\/2025\/06\/12\/craque-neto-pede-neymar-fora-da-copa-do-mundo-2026\/","url":"https:\/\/www.gaveanews.com\/index.php\/2025\/06\/12\/craque-neto-pede-neymar-fora-da-copa-do-mundo-2026\/","name":"Craque Neto pede Neymar fora da Copa do Mundo 2026","isPartOf":{"@id":"https:\/\/www.gaveanews.com\/#website"},"primaryImageOfPage":{"@id":"https:\/\/www.gaveanews.com\/index.php\/2025\/06\/12\/craque-neto-pede-neymar-fora-da-copa-do-mundo-2026\/#primaryimage"},"image":{"@id":"https:\/\/www.gaveanews.com\/index.php\/2025\/06\/12\/craque-neto-pede-neymar-fora-da-copa-do-mundo-2026\/#primaryimage"},"thumbnailUrl":"https:\/\/www.gaveanews.com\/wp-content\/uploads\/Neymar-em-acao-com-a-camisa-do-Santos-em-2025.webp","datePublished":"2025-06-12T18:15:24+00:00","author":{"@id":"https:\/\/www.gaveanews.com\/#\/schema\/person\/49ac99b6823a2b8d5087a6ce3aaaa128"},"breadcrumb":{"@id":"https:\/\/www.gaveanews.com\/index.php\/2025\/06\/12\/craque-neto-pede-neymar-fora-da-copa-do-mundo-2026\/#breadcrumb"},"inLanguage":"pt-BR","potentialAction":[{"@type":"ReadAction","target":["https:\/\/www.gaveanews.com\/index.php\/2025\/06\/12\/craque-neto-pede-neymar-fora-da-copa-do-mundo-2026\/"]}]},{"@type":"ImageObject","inLanguage":"pt-BR","@id":"https:\/\/www.gaveanews.com\/index.php\/2025\/06\/12\/craque-neto-pede-neymar-fora-da-copa-do-mundo-2026\/#primaryimage","url":"https:\/\/www.gaveanews.com\/wp-content\/uploads\/Neymar-em-acao-com-a-camisa-do-Santos-em-2025.webp","contentUrl":"https:\/\/www.gaveanews.com\/wp-content\/uploads\/Neymar-em-acao-com-a-camisa-do-Santos-em-2025.webp","width":900,"height":600,"caption":"Neymar em a\u00e7\u00e3o com a camisa do Santos em 2025 (Foto: Raul Baretta\/ Santos FC)"},{"@type":"BreadcrumbList","@id":"https:\/\/www.gaveanews.com\/index.php\/2025\/06\/12\/craque-neto-pede-neymar-fora-da-copa-do-mundo-2026\/#breadcrumb","itemListElement":[{"@type":"ListItem","position":1,"name":"Home","item":"https:\/\/www.gaveanews.com\/"},{"@type":"ListItem","position":2,"name":"Craque Neto pede Neymar fora da Copa do Mundo 2026"}]},{"@type":"WebSite","@id":"https:\/\/www.gaveanews.com\/#website","url":"https:\/\/www.gaveanews.com\/","name":"G\u00e1vea News","description":"Veja todas as not\u00edcias sobre o Flamengo: Contrata\u00e7\u00f5es, categorias de base, resultados das partidas, tabela de classifica\u00e7\u00e3o, pr\u00f3ximos jogos!","potentialAction":[{"@type":"SearchAction","target":{"@type":"EntryPoint","urlTemplate":"https:\/\/www.gaveanews.com\/?s={search_term_string}"},"query-input":{"@type":"PropertyValueSpecification","valueRequired":true,"valueName":"search_term_string"}}],"inLanguage":"pt-BR"},{"@type":"Person","@id":"https:\/\/www.gaveanews.com\/#\/schema\/person\/49ac99b6823a2b8d5087a6ce3aaaa128","name":"Matheus Leal","image":{"@type":"ImageObject","inLanguage":"pt-BR","@id":"https:\/\/www.gaveanews.com\/#\/schema\/person\/image\/","url":"https:\/\/secure.gravatar.com\/avatar\/21c52300d1234416f9c886f6dadd7452d8b035ac505314a51e4f56731e90c481?s=96&d=mm&r=g","contentUrl":"https:\/\/secure.gravatar.com\/avatar\/21c52300d1234416f9c886f6dadd7452d8b035ac505314a51e4f56731e90c481?s=96&d=mm&r=g","caption":"Matheus Leal"}}]}},"_links":{"self":[{"href":"https:\/\/www.gaveanews.com\/index.php\/wp-json\/wp\/v2\/posts\/270788","targetHints":{"allow":["GET"]}}],"collection":[{"href":"https:\/\/www.gaveanews.com\/index.php\/wp-json\/wp\/v2\/posts"}],"about":[{"href":"https:\/\/www.gaveanews.com\/index.php\/wp-json\/wp\/v2\/types\/post"}],"author":[{"embeddable":true,"href":"https:\/\/www.gaveanews.com\/index.php\/wp-json\/wp\/v2\/users\/32"}],"replies":[{"embeddable":true,"href":"https:\/\/www.gaveanews.com\/index.php\/wp-json\/wp\/v2\/comments?post=270788"}],"version-history":[{"count":1,"href":"https:\/\/www.gaveanews.com\/index.php\/wp-json\/wp\/v2\/posts\/270788\/revisions"}],"predecessor-version":[{"id":270789,"href":"https:\/\/www.gaveanews.com\/index.php\/wp-json\/wp\/v2\/posts\/270788\/revisions\/270789"}],"wp:featuredmedia":[{"embeddable":true,"href":"https:\/\/www.gaveanews.com\/index.php\/wp-json\/wp\/v2\/media\/244445"}],"wp:attachment":[{"href":"https:\/\/www.gaveanews.com\/index.php\/wp-json\/wp\/v2\/media?parent=270788"}],"wp:term":[{"taxonomy":"category","embeddable":true,"href":"https:\/\/www.gaveanews.com\/index.php\/wp-json\/wp\/v2\/categories?post=270788"},{"taxonomy":"post_tag","embeddable":true,"href":"https:\/\/www.gaveanews.com\/index.php\/wp-json\/wp\/v2\/tags?post=270788"}],"curies":[{"name":"wp","href":"https:\/\/api.w.org\/{rel}","templated":true}]}}