{"id":270816,"date":"2025-06-12T12:35:00","date_gmt":"2025-06-12T15:35:00","guid":{"rendered":"https:\/\/www.gaveanews.com\/?p=270816"},"modified":"2025-06-12T12:58:20","modified_gmt":"2025-06-12T15:58:20","slug":"clube-da-europa-faz-comunicado-direcionada-ao-flamengo","status":"publish","type":"post","link":"https:\/\/www.gaveanews.com\/index.php\/2025\/06\/12\/clube-da-europa-faz-comunicado-direcionada-ao-flamengo\/","title":{"rendered":"Clube da Europa faz comunicado direcionado ao Flamengo"},"content":{"rendered":"\n<p>O Estrela da Amadora divulgou uma nota oficial em resposta \u00e0 manifesta\u00e7\u00e3o p\u00fablica feita pelo Flamengo a respeito de uma d\u00edvida referente \u00e0s transfer\u00eancias dos jogadores Igor Jesus e Andr\u00e9 Luiz. Conforme comunicado emitido pelo clube portugu\u00eas, o posicionamento rubro-negro foi considerado inadequado e recebeu cr\u00edticas diretas por parte da diretoria da equipe europeia.<\/p>\n\n\n\n<p>Anteriormente, o Flamengo havia recorrido \u00e0 FIFA por conta do n\u00e3o recebimento de 2,5 milh\u00f5es de euros (aproximadamente R$ 15 milh\u00f5es na cota\u00e7\u00e3o atual), montante relacionado \u00e0s negocia\u00e7\u00f5es envolvendo os dois atletas. O \u00f3rg\u00e3o m\u00e1ximo do futebol deu respaldo ao clube carioca, que aguarda o pagamento, estipulado para ocorrer at\u00e9 o dia 29 de junho (hor\u00e1rio de Bras\u00edlia). Ainda assim, o time portugu\u00eas decidiu levar o caso ao CAS (Corte Arbitral do Esporte), o que aumentou a tens\u00e3o entre as partes.<\/p>\n\n\n\n<figure class=\"wp-block-image size-full\"><img loading=\"lazy\" decoding=\"async\" width=\"984\" height=\"590\" src=\"http:\/\/www.gaveanews.com\/wp-content\/uploads\/Igor-Jesus.webp\" alt=\"\" class=\"wp-image-127218\" srcset=\"https:\/\/www.gaveanews.com\/wp-content\/uploads\/Igor-Jesus.webp 984w, https:\/\/www.gaveanews.com\/wp-content\/uploads\/Igor-Jesus-300x180.webp 300w, https:\/\/www.gaveanews.com\/wp-content\/uploads\/Igor-Jesus-768x460.webp 768w, https:\/\/www.gaveanews.com\/wp-content\/uploads\/Igor-Jesus-700x420.webp 700w, https:\/\/www.gaveanews.com\/wp-content\/uploads\/Igor-Jesus-640x384.webp 640w, https:\/\/www.gaveanews.com\/wp-content\/uploads\/Igor-Jesus-681x408.webp 681w, https:\/\/www.gaveanews.com\/wp-content\/uploads\/Igor-Jesus-100x60.webp 100w\" sizes=\"auto, (max-width: 984px) 100vw, 984px\" \/><figcaption class=\"wp-element-caption\">Igor Jesus \u2014 Foto: Gilvan de Souza\/Flamengo<\/figcaption><\/figure>\n\n\n\n<p>Em seu comunicado, o Estrela da Amadora questionou diretamente a conduta do presidente do Flamengo. &#8220;O presidente do Flamengo e o pr\u00f3prio clube parecem considerar-se acima da lei&#8221;, afirmou o clube portugu\u00eas. A nota prossegue criticando o uso de mecanismos midi\u00e1ticos e a exposi\u00e7\u00e3o p\u00fablica de um tema que, segundo o Estrela, deveria ser resolvido em inst\u00e2ncias legais. O texto ainda afirma que o clube n\u00e3o se envolve em disputas pol\u00edticas nem prioriza interesses pessoais em detrimento da justi\u00e7a desportiva.<\/p>\n\n\n\n<p>\u201cO Estrela da Amadora trabalha com seriedade, dentro de campo e fora dele\u201d, declarou o clube, acrescentando que espera a decis\u00e3o judicial e a aceitar\u00e1 sem recorrer a press\u00f5es externas. A nota tamb\u00e9m destacou que a atual postura da diretoria do Flamengo \u201cpouco dignifica a imagem de um clube que, at\u00e9 h\u00e1 pouco tempo, era respeitado internacionalmente\u201d.<\/p>\n\n\n\n<p>Enquanto isso, os jogadores que originaram a disputa n\u00e3o est\u00e3o atualmente no elenco do Estrela da Amadora. Igor Jesus, por exemplo, atua pelo Los Angeles FC, advers\u00e1rio do Flamengo no Mundial de Clubes. J\u00e1 Andr\u00e9 Luiz defende o Rio Ave, tamb\u00e9m de Portugal. Esse detalhe foi mencionado no notici\u00e1rio, refor\u00e7ando que o clube portugu\u00eas n\u00e3o manteve os atletas em seu plantel principal, mesmo ap\u00f3s as contrata\u00e7\u00f5es realizadas em 2024.<\/p>\n\n\n\n<p>Assim sendo, o conflito entre Flamengo e Estrela da Amadora escancara n\u00e3o apenas diverg\u00eancias contratuais, mas tamb\u00e9m uma disputa por espa\u00e7o e imagem nos bastidores do futebol internacional. Apesar das cr\u00edticas m\u00fatuas, o caso continua em tr\u00e2mite e aguarda desfecho jur\u00eddico nas pr\u00f3ximas semanas.<\/p>\n","protected":false},"excerpt":{"rendered":"<p>O Estrela da Amadora divulgou uma nota oficial em resposta \u00e0 manifesta\u00e7\u00e3o p\u00fablica feita pelo Flamengo a respeito de uma d\u00edvida referente \u00e0s transfer\u00eancias dos jogadores Igor Jesus e Andr\u00e9 Luiz. Conforme comunicado emitido pelo clube portugu\u00eas, o posicionamento rubro-negro foi considerado inadequado e recebeu cr\u00edticas diretas por parte da diretoria da equipe europeia. Anteriormente, [&hellip;]<\/p>\n","protected":false},"author":27,"featured_media":126591,"comment_status":"open","ping_status":"closed","sticky":false,"template":"","format":"standard","meta":{"footnotes":""},"categories":[1],"tags":[],"class_list":["post-270816","post","type-post","status-publish","format-standard","has-post-thumbnail","hentry","category-flamengo"],"yoast_head":"<!-- This site is optimized with the Yoast SEO Premium plugin v24.2 (Yoast SEO v26.9) - https:\/\/yoast.com\/product\/yoast-seo-premium-wordpress\/ -->\n<title>Clube da Europa faz comunicado direcionado ao Flamengo<\/title>\n<meta name=\"robots\" content=\"index, follow, max-snippet:-1, max-image-preview:large, max-video-preview:-1\" \/>\n<link rel=\"canonical\" href=\"https:\/\/www.gaveanews.com\/index.php\/2025\/06\/12\/clube-da-europa-faz-comunicado-direcionada-ao-flamengo\/\" \/>\n<meta property=\"og:locale\" content=\"pt_BR\" \/>\n<meta property=\"og:type\" content=\"article\" \/>\n<meta property=\"og:title\" content=\"Clube da Europa faz comunicado direcionado ao Flamengo\" \/>\n<meta property=\"og:description\" content=\"O Estrela da Amadora divulgou uma nota oficial em resposta \u00e0 manifesta\u00e7\u00e3o p\u00fablica feita pelo Flamengo a respeito de uma d\u00edvida referente \u00e0s transfer\u00eancias dos jogadores Igor Jesus e Andr\u00e9 Luiz. Conforme comunicado emitido pelo clube portugu\u00eas, o posicionamento rubro-negro foi considerado inadequado e recebeu cr\u00edticas diretas por parte da diretoria da equipe europeia. Anteriormente, [&hellip;]\" \/>\n<meta property=\"og:url\" content=\"https:\/\/www.gaveanews.com\/index.php\/2025\/06\/12\/clube-da-europa-faz-comunicado-direcionada-ao-flamengo\/\" \/>\n<meta property=\"og:site_name\" content=\"G\u00e1vea News\" \/>\n<meta property=\"article:publisher\" content=\"https:\/\/facebook.com\/gaveaNews\/\" \/>\n<meta property=\"article:published_time\" content=\"2025-06-12T15:35:00+00:00\" \/>\n<meta property=\"article:modified_time\" content=\"2025-06-12T15:58:20+00:00\" \/>\n<meta property=\"og:image\" content=\"http:\/\/www.gaveanews.com\/wp-content\/uploads\/escudoDoFlamengo.webp\" \/>\n\t<meta property=\"og:image:width\" content=\"1000\" \/>\n\t<meta property=\"og:image:height\" content=\"667\" \/>\n\t<meta property=\"og:image:type\" content=\"image\/jpeg\" \/>\n<meta name=\"author\" content=\"Matheus Felipe\" \/>\n<meta name=\"twitter:card\" content=\"summary_large_image\" \/>\n<meta name=\"twitter:label1\" content=\"Escrito por\" \/>\n\t<meta name=\"twitter:data1\" content=\"Matheus Felipe\" \/>\n\t<meta name=\"twitter:label2\" content=\"Est. tempo de leitura\" \/>\n\t<meta name=\"twitter:data2\" content=\"3 minutos\" \/>\n<script type=\"application\/ld+json\" class=\"yoast-schema-graph\">{\"@context\":\"https:\/\/schema.org\",\"@graph\":[{\"@type\":\"NewsArticle\",\"@id\":\"https:\/\/www.gaveanews.com\/index.php\/2025\/06\/12\/clube-da-europa-faz-comunicado-direcionada-ao-flamengo\/#article\",\"isPartOf\":{\"@id\":\"https:\/\/www.gaveanews.com\/index.php\/2025\/06\/12\/clube-da-europa-faz-comunicado-direcionada-ao-flamengo\/\"},\"author\":{\"name\":\"Matheus Felipe\",\"@id\":\"https:\/\/www.gaveanews.com\/#\/schema\/person\/8207cd4627f56151707418bfc835b2fb\"},\"headline\":\"Clube da Europa faz comunicado direcionado ao Flamengo\",\"datePublished\":\"2025-06-12T15:35:00+00:00\",\"dateModified\":\"2025-06-12T15:58:20+00:00\",\"mainEntityOfPage\":{\"@id\":\"https:\/\/www.gaveanews.com\/index.php\/2025\/06\/12\/clube-da-europa-faz-comunicado-direcionada-ao-flamengo\/\"},\"wordCount\":442,\"commentCount\":0,\"image\":{\"@id\":\"https:\/\/www.gaveanews.com\/index.php\/2025\/06\/12\/clube-da-europa-faz-comunicado-direcionada-ao-flamengo\/#primaryimage\"},\"thumbnailUrl\":\"https:\/\/www.gaveanews.com\/wp-content\/uploads\/escudoDoFlamengo.webp\",\"articleSection\":[\"Flamengo\"],\"inLanguage\":\"pt-BR\",\"potentialAction\":[{\"@type\":\"CommentAction\",\"name\":\"Comment\",\"target\":[\"https:\/\/www.gaveanews.com\/index.php\/2025\/06\/12\/clube-da-europa-faz-comunicado-direcionada-ao-flamengo\/#respond\"]}],\"copyrightYear\":\"2025\",\"copyrightHolder\":{\"@id\":\"https:\/\/www.gaveanews.com\/#organization\"}},{\"@type\":\"WebPage\",\"@id\":\"https:\/\/www.gaveanews.com\/index.php\/2025\/06\/12\/clube-da-europa-faz-comunicado-direcionada-ao-flamengo\/\",\"url\":\"https:\/\/www.gaveanews.com\/index.php\/2025\/06\/12\/clube-da-europa-faz-comunicado-direcionada-ao-flamengo\/\",\"name\":\"Clube da Europa faz comunicado direcionado ao Flamengo\",\"isPartOf\":{\"@id\":\"https:\/\/www.gaveanews.com\/#website\"},\"primaryImageOfPage\":{\"@id\":\"https:\/\/www.gaveanews.com\/index.php\/2025\/06\/12\/clube-da-europa-faz-comunicado-direcionada-ao-flamengo\/#primaryimage\"},\"image\":{\"@id\":\"https:\/\/www.gaveanews.com\/index.php\/2025\/06\/12\/clube-da-europa-faz-comunicado-direcionada-ao-flamengo\/#primaryimage\"},\"thumbnailUrl\":\"https:\/\/www.gaveanews.com\/wp-content\/uploads\/escudoDoFlamengo.webp\",\"datePublished\":\"2025-06-12T15:35:00+00:00\",\"dateModified\":\"2025-06-12T15:58:20+00:00\",\"author\":{\"@id\":\"https:\/\/www.gaveanews.com\/#\/schema\/person\/8207cd4627f56151707418bfc835b2fb\"},\"breadcrumb\":{\"@id\":\"https:\/\/www.gaveanews.com\/index.php\/2025\/06\/12\/clube-da-europa-faz-comunicado-direcionada-ao-flamengo\/#breadcrumb\"},\"inLanguage\":\"pt-BR\",\"potentialAction\":[{\"@type\":\"ReadAction\",\"target\":[\"https:\/\/www.gaveanews.com\/index.php\/2025\/06\/12\/clube-da-europa-faz-comunicado-direcionada-ao-flamengo\/\"]}]},{\"@type\":\"ImageObject\",\"inLanguage\":\"pt-BR\",\"@id\":\"https:\/\/www.gaveanews.com\/index.php\/2025\/06\/12\/clube-da-europa-faz-comunicado-direcionada-ao-flamengo\/#primaryimage\",\"url\":\"https:\/\/www.gaveanews.com\/wp-content\/uploads\/escudoDoFlamengo.webp\",\"contentUrl\":\"https:\/\/www.gaveanews.com\/wp-content\/uploads\/escudoDoFlamengo.webp\",\"width\":1000,\"height\":667,\"caption\":\"Escudo do Flamengo (Foto: Reprodu\u00e7\u00e3o)\"},{\"@type\":\"BreadcrumbList\",\"@id\":\"https:\/\/www.gaveanews.com\/index.php\/2025\/06\/12\/clube-da-europa-faz-comunicado-direcionada-ao-flamengo\/#breadcrumb\",\"itemListElement\":[{\"@type\":\"ListItem\",\"position\":1,\"name\":\"Home\",\"item\":\"https:\/\/www.gaveanews.com\/\"},{\"@type\":\"ListItem\",\"position\":2,\"name\":\"Clube da Europa faz comunicado direcionado ao Flamengo\"}]},{\"@type\":\"WebSite\",\"@id\":\"https:\/\/www.gaveanews.com\/#website\",\"url\":\"https:\/\/www.gaveanews.com\/\",\"name\":\"G\u00e1vea News\",\"description\":\"Veja todas as not\u00edcias sobre o Flamengo: Contrata\u00e7\u00f5es, categorias de base, resultados das partidas, tabela de classifica\u00e7\u00e3o, pr\u00f3ximos jogos!\",\"potentialAction\":[{\"@type\":\"SearchAction\",\"target\":{\"@type\":\"EntryPoint\",\"urlTemplate\":\"https:\/\/www.gaveanews.com\/?s={search_term_string}\"},\"query-input\":{\"@type\":\"PropertyValueSpecification\",\"valueRequired\":true,\"valueName\":\"search_term_string\"}}],\"inLanguage\":\"pt-BR\"},{\"@type\":\"Person\",\"@id\":\"https:\/\/www.gaveanews.com\/#\/schema\/person\/8207cd4627f56151707418bfc835b2fb\",\"name\":\"Matheus Felipe\",\"image\":{\"@type\":\"ImageObject\",\"inLanguage\":\"pt-BR\",\"@id\":\"https:\/\/www.gaveanews.com\/#\/schema\/person\/image\/\",\"url\":\"https:\/\/secure.gravatar.com\/avatar\/a452ffbed9130f726358b298bb3a99ce4bd3c5338411f8440e87e14d74c7c087?s=96&d=mm&r=g\",\"contentUrl\":\"https:\/\/secure.gravatar.com\/avatar\/a452ffbed9130f726358b298bb3a99ce4bd3c5338411f8440e87e14d74c7c087?s=96&d=mm&r=g\",\"caption\":\"Matheus Felipe\"}}]}<\/script>\n<!-- \/ Yoast SEO Premium plugin. -->","yoast_head_json":{"title":"Clube da Europa faz comunicado direcionado ao Flamengo","robots":{"index":"index","follow":"follow","max-snippet":"max-snippet:-1","max-image-preview":"max-image-preview:large","max-video-preview":"max-video-preview:-1"},"canonical":"https:\/\/www.gaveanews.com\/index.php\/2025\/06\/12\/clube-da-europa-faz-comunicado-direcionada-ao-flamengo\/","og_locale":"pt_BR","og_type":"article","og_title":"Clube da Europa faz comunicado direcionado ao Flamengo","og_description":"O Estrela da Amadora divulgou uma nota oficial em resposta \u00e0 manifesta\u00e7\u00e3o p\u00fablica feita pelo Flamengo a respeito de uma d\u00edvida referente \u00e0s transfer\u00eancias dos jogadores Igor Jesus e Andr\u00e9 Luiz. Conforme comunicado emitido pelo clube portugu\u00eas, o posicionamento rubro-negro foi considerado inadequado e recebeu cr\u00edticas diretas por parte da diretoria da equipe europeia. Anteriormente, [&hellip;]","og_url":"https:\/\/www.gaveanews.com\/index.php\/2025\/06\/12\/clube-da-europa-faz-comunicado-direcionada-ao-flamengo\/","og_site_name":"G\u00e1vea News","article_publisher":"https:\/\/facebook.com\/gaveaNews\/","article_published_time":"2025-06-12T15:35:00+00:00","article_modified_time":"2025-06-12T15:58:20+00:00","og_image":[{"width":1000,"height":667,"url":"http:\/\/www.gaveanews.com\/wp-content\/uploads\/escudoDoFlamengo.webp","type":"image\/jpeg"}],"author":"Matheus Felipe","twitter_card":"summary_large_image","twitter_misc":{"Escrito por":"Matheus Felipe","Est. tempo de leitura":"3 minutos"},"schema":{"@context":"https:\/\/schema.org","@graph":[{"@type":"NewsArticle","@id":"https:\/\/www.gaveanews.com\/index.php\/2025\/06\/12\/clube-da-europa-faz-comunicado-direcionada-ao-flamengo\/#article","isPartOf":{"@id":"https:\/\/www.gaveanews.com\/index.php\/2025\/06\/12\/clube-da-europa-faz-comunicado-direcionada-ao-flamengo\/"},"author":{"name":"Matheus Felipe","@id":"https:\/\/www.gaveanews.com\/#\/schema\/person\/8207cd4627f56151707418bfc835b2fb"},"headline":"Clube da Europa faz comunicado direcionado ao Flamengo","datePublished":"2025-06-12T15:35:00+00:00","dateModified":"2025-06-12T15:58:20+00:00","mainEntityOfPage":{"@id":"https:\/\/www.gaveanews.com\/index.php\/2025\/06\/12\/clube-da-europa-faz-comunicado-direcionada-ao-flamengo\/"},"wordCount":442,"commentCount":0,"image":{"@id":"https:\/\/www.gaveanews.com\/index.php\/2025\/06\/12\/clube-da-europa-faz-comunicado-direcionada-ao-flamengo\/#primaryimage"},"thumbnailUrl":"https:\/\/www.gaveanews.com\/wp-content\/uploads\/escudoDoFlamengo.webp","articleSection":["Flamengo"],"inLanguage":"pt-BR","potentialAction":[{"@type":"CommentAction","name":"Comment","target":["https:\/\/www.gaveanews.com\/index.php\/2025\/06\/12\/clube-da-europa-faz-comunicado-direcionada-ao-flamengo\/#respond"]}],"copyrightYear":"2025","copyrightHolder":{"@id":"https:\/\/www.gaveanews.com\/#organization"}},{"@type":"WebPage","@id":"https:\/\/www.gaveanews.com\/index.php\/2025\/06\/12\/clube-da-europa-faz-comunicado-direcionada-ao-flamengo\/","url":"https:\/\/www.gaveanews.com\/index.php\/2025\/06\/12\/clube-da-europa-faz-comunicado-direcionada-ao-flamengo\/","name":"Clube da Europa faz comunicado direcionado ao Flamengo","isPartOf":{"@id":"https:\/\/www.gaveanews.com\/#website"},"primaryImageOfPage":{"@id":"https:\/\/www.gaveanews.com\/index.php\/2025\/06\/12\/clube-da-europa-faz-comunicado-direcionada-ao-flamengo\/#primaryimage"},"image":{"@id":"https:\/\/www.gaveanews.com\/index.php\/2025\/06\/12\/clube-da-europa-faz-comunicado-direcionada-ao-flamengo\/#primaryimage"},"thumbnailUrl":"https:\/\/www.gaveanews.com\/wp-content\/uploads\/escudoDoFlamengo.webp","datePublished":"2025-06-12T15:35:00+00:00","dateModified":"2025-06-12T15:58:20+00:00","author":{"@id":"https:\/\/www.gaveanews.com\/#\/schema\/person\/8207cd4627f56151707418bfc835b2fb"},"breadcrumb":{"@id":"https:\/\/www.gaveanews.com\/index.php\/2025\/06\/12\/clube-da-europa-faz-comunicado-direcionada-ao-flamengo\/#breadcrumb"},"inLanguage":"pt-BR","potentialAction":[{"@type":"ReadAction","target":["https:\/\/www.gaveanews.com\/index.php\/2025\/06\/12\/clube-da-europa-faz-comunicado-direcionada-ao-flamengo\/"]}]},{"@type":"ImageObject","inLanguage":"pt-BR","@id":"https:\/\/www.gaveanews.com\/index.php\/2025\/06\/12\/clube-da-europa-faz-comunicado-direcionada-ao-flamengo\/#primaryimage","url":"https:\/\/www.gaveanews.com\/wp-content\/uploads\/escudoDoFlamengo.webp","contentUrl":"https:\/\/www.gaveanews.com\/wp-content\/uploads\/escudoDoFlamengo.webp","width":1000,"height":667,"caption":"Escudo do Flamengo (Foto: Reprodu\u00e7\u00e3o)"},{"@type":"BreadcrumbList","@id":"https:\/\/www.gaveanews.com\/index.php\/2025\/06\/12\/clube-da-europa-faz-comunicado-direcionada-ao-flamengo\/#breadcrumb","itemListElement":[{"@type":"ListItem","position":1,"name":"Home","item":"https:\/\/www.gaveanews.com\/"},{"@type":"ListItem","position":2,"name":"Clube da Europa faz comunicado direcionado ao Flamengo"}]},{"@type":"WebSite","@id":"https:\/\/www.gaveanews.com\/#website","url":"https:\/\/www.gaveanews.com\/","name":"G\u00e1vea News","description":"Veja todas as not\u00edcias sobre o Flamengo: Contrata\u00e7\u00f5es, categorias de base, resultados das partidas, tabela de classifica\u00e7\u00e3o, pr\u00f3ximos jogos!","potentialAction":[{"@type":"SearchAction","target":{"@type":"EntryPoint","urlTemplate":"https:\/\/www.gaveanews.com\/?s={search_term_string}"},"query-input":{"@type":"PropertyValueSpecification","valueRequired":true,"valueName":"search_term_string"}}],"inLanguage":"pt-BR"},{"@type":"Person","@id":"https:\/\/www.gaveanews.com\/#\/schema\/person\/8207cd4627f56151707418bfc835b2fb","name":"Matheus Felipe","image":{"@type":"ImageObject","inLanguage":"pt-BR","@id":"https:\/\/www.gaveanews.com\/#\/schema\/person\/image\/","url":"https:\/\/secure.gravatar.com\/avatar\/a452ffbed9130f726358b298bb3a99ce4bd3c5338411f8440e87e14d74c7c087?s=96&d=mm&r=g","contentUrl":"https:\/\/secure.gravatar.com\/avatar\/a452ffbed9130f726358b298bb3a99ce4bd3c5338411f8440e87e14d74c7c087?s=96&d=mm&r=g","caption":"Matheus Felipe"}}]}},"_links":{"self":[{"href":"https:\/\/www.gaveanews.com\/index.php\/wp-json\/wp\/v2\/posts\/270816","targetHints":{"allow":["GET"]}}],"collection":[{"href":"https:\/\/www.gaveanews.com\/index.php\/wp-json\/wp\/v2\/posts"}],"about":[{"href":"https:\/\/www.gaveanews.com\/index.php\/wp-json\/wp\/v2\/types\/post"}],"author":[{"embeddable":true,"href":"https:\/\/www.gaveanews.com\/index.php\/wp-json\/wp\/v2\/users\/27"}],"replies":[{"embeddable":true,"href":"https:\/\/www.gaveanews.com\/index.php\/wp-json\/wp\/v2\/comments?post=270816"}],"version-history":[{"count":2,"href":"https:\/\/www.gaveanews.com\/index.php\/wp-json\/wp\/v2\/posts\/270816\/revisions"}],"predecessor-version":[{"id":270820,"href":"https:\/\/www.gaveanews.com\/index.php\/wp-json\/wp\/v2\/posts\/270816\/revisions\/270820"}],"wp:featuredmedia":[{"embeddable":true,"href":"https:\/\/www.gaveanews.com\/index.php\/wp-json\/wp\/v2\/media\/126591"}],"wp:attachment":[{"href":"https:\/\/www.gaveanews.com\/index.php\/wp-json\/wp\/v2\/media?parent=270816"}],"wp:term":[{"taxonomy":"category","embeddable":true,"href":"https:\/\/www.gaveanews.com\/index.php\/wp-json\/wp\/v2\/categories?post=270816"},{"taxonomy":"post_tag","embeddable":true,"href":"https:\/\/www.gaveanews.com\/index.php\/wp-json\/wp\/v2\/tags?post=270816"}],"curies":[{"name":"wp","href":"https:\/\/api.w.org\/{rel}","templated":true}]}}