{"id":270818,"date":"2025-06-12T12:40:00","date_gmt":"2025-06-12T15:40:00","guid":{"rendered":"https:\/\/www.gaveanews.com\/?p=270818"},"modified":"2025-06-12T12:22:56","modified_gmt":"2025-06-12T15:22:56","slug":"filipe-luis-do-flamengo-e-sincero-sobre-as-alteracoes-no-campeonato-carioca","status":"publish","type":"post","link":"https:\/\/www.gaveanews.com\/index.php\/2025\/06\/12\/filipe-luis-do-flamengo-e-sincero-sobre-as-alteracoes-no-campeonato-carioca\/","title":{"rendered":"Filipe Lu\u00eds, do Flamengo, \u00e9 sincero sobre as altera\u00e7\u00f5es no Campeonato Carioca"},"content":{"rendered":"\n<p>A Federa\u00e7\u00e3o de Futebol do Estado do Rio de Janeiro (FERJ) anunciou uma mudan\u00e7a significativa no formato do Campeonato Carioca a partir de 2026. A competi\u00e7\u00e3o passar\u00e1 a ter apenas dez datas, em vez das tradicionais quinze. A novidade foi bem recebida pelo Flamengo, que h\u00e1 tempos demonstrava insatisfa\u00e7\u00e3o com o calend\u00e1rio. O t\u00e9cnico Filipe Lu\u00eds e o diretor Jos\u00e9 Boto expressaram publicamente a aprova\u00e7\u00e3o \u00e0 altera\u00e7\u00e3o, considerando o novo modelo como uma oportunidade de evolu\u00e7\u00e3o para o futebol brasileiro.<\/p>\n\n\n\n<p>Filipe Lu\u00eds destacou principalmente o impacto mental e f\u00edsico causado pelo modelo anterior. \u201cQuando acaba o Carioca existe a sensa\u00e7\u00e3o de que j\u00e1 passaram muitos mais meses do que realmente foram\u201d, afirmou o treinador. Ele ainda refor\u00e7ou que o in\u00edcio do ano, marcado por altas temperaturas, agrava o desgaste dos atletas. Por isso, segundo ele, a redu\u00e7\u00e3o no n\u00famero de jogos representa um al\u00edvio e pode contribuir para que os jogadores cheguem em melhores condi\u00e7\u00f5es ao in\u00edcio das competi\u00e7\u00f5es nacionais e internacionais.<\/p>\n\n\n\n<figure class=\"wp-block-image size-full\"><img loading=\"lazy\" decoding=\"async\" width=\"640\" height=\"400\" src=\"http:\/\/www.gaveanews.com\/wp-content\/uploads\/Time-do-Flamengo-durante-o-Campeonato-Carioca.webp\" alt=\"\" class=\"wp-image-133033\" srcset=\"https:\/\/www.gaveanews.com\/wp-content\/uploads\/Time-do-Flamengo-durante-o-Campeonato-Carioca.webp 640w, https:\/\/www.gaveanews.com\/wp-content\/uploads\/Time-do-Flamengo-durante-o-Campeonato-Carioca-300x188.webp 300w, https:\/\/www.gaveanews.com\/wp-content\/uploads\/Time-do-Flamengo-durante-o-Campeonato-Carioca-100x63.webp 100w\" sizes=\"auto, (max-width: 640px) 100vw, 640px\" \/><figcaption class=\"wp-element-caption\">Time do Flamengo durante o Campeonato Carioca (Foto: Gilvan de Souza\/Flamengo)<\/figcaption><\/figure>\n\n\n\n<p>Jos\u00e9 Boto, por sua vez, foi al\u00e9m da comemora\u00e7\u00e3o. O dirigente portugu\u00eas aproveitou o momento para sugerir uma reflex\u00e3o mais ampla sobre o calend\u00e1rio do futebol brasileiro. Para ele, a decis\u00e3o da FERJ deve servir de exemplo a outras federa\u00e7\u00f5es. \u201cMuito antes de vir para o Brasil eu j\u00e1 considerava o futebol brasileiro um produto extremamente atrativo, que bem vendido n\u00e3o ficava a dever nada a uma Premier League\u201d, disse. Contudo, ele avaliou que o excesso de partidas prejudica a const\u00e2ncia de boas atua\u00e7\u00f5es.<\/p>\n\n\n\n<p>Ainda segundo Boto, o novo formato do estadual fluminense pode tornar o torneio mais interessante n\u00e3o apenas para os torcedores, mas tamb\u00e9m para os clubes e patrocinadores. \u201cVai tornar o Campeonato Carioca ainda mais atrativo e espero que todos sigam essa medida da Ferj\u201d, acrescentou. O dirigente acredita que, caso a iniciativa seja replicada em outras competi\u00e7\u00f5es, poder\u00e1 haver uma eleva\u00e7\u00e3o no n\u00edvel t\u00e9cnico do futebol nacional como um todo.<\/p>\n\n\n\n<p>O novo regulamento prev\u00ea a divis\u00e3o das equipes em dois grupos com seis clubes cada. Na primeira fase, os times enfrentam advers\u00e1rios da chave oposta. A fase eliminat\u00f3ria ter\u00e1 quartas de final em jogo \u00fanico, semifinais em ida e volta, e final em jogo \u00fanico. Com isso, para conquistar o t\u00edtulo, um clube precisar\u00e1 disputar apenas dez partidas.<\/p>\n\n\n\n<p>Em compara\u00e7\u00e3o, o modelo atual obrigou o Flamengo a entrar em campo quinze vezes para ser campe\u00e3o em 2025. Na edi\u00e7\u00e3o vigente, todos os clubes se enfrentaram em turno \u00fanico, compondo um grupo com 12 equipes. As semifinais e a final foram disputadas em jogos de ida e volta. Assim sendo, o novo sistema promete enxugar o calend\u00e1rio e oferecer maior efici\u00eancia \u00e0 competi\u00e7\u00e3o.<\/p>\n\n\n\n<p>Essa mudan\u00e7a, embora pontual, representa um poss\u00edvel ponto de inflex\u00e3o no planejamento esportivo nacional. Afinal, enquanto o Brasil ainda enfrenta desafios com a organiza\u00e7\u00e3o de suas temporadas, iniciativas como essa podem estimular transforma\u00e7\u00f5es mais amplas. O Flamengo, como clube de ponta, parece disposto a liderar essa movimenta\u00e7\u00e3o e ampliar o debate sobre a reformula\u00e7\u00e3o do calend\u00e1rio no pa\u00eds.<\/p>\n","protected":false},"excerpt":{"rendered":"<p>A Federa\u00e7\u00e3o de Futebol do Estado do Rio de Janeiro (FERJ) anunciou uma mudan\u00e7a significativa no formato do Campeonato Carioca a partir de 2026. A competi\u00e7\u00e3o passar\u00e1 a ter apenas dez datas, em vez das tradicionais quinze. A novidade foi bem recebida pelo Flamengo, que h\u00e1 tempos demonstrava insatisfa\u00e7\u00e3o com o calend\u00e1rio. O t\u00e9cnico Filipe [&hellip;]<\/p>\n","protected":false},"author":27,"featured_media":256399,"comment_status":"open","ping_status":"closed","sticky":false,"template":"","format":"standard","meta":{"footnotes":""},"categories":[1],"tags":[],"class_list":["post-270818","post","type-post","status-publish","format-standard","has-post-thumbnail","hentry","category-flamengo"],"yoast_head":"<!-- This site is optimized with the Yoast SEO Premium plugin v24.2 (Yoast SEO v26.9) - https:\/\/yoast.com\/product\/yoast-seo-premium-wordpress\/ -->\n<title>Filipe Lu\u00eds, do Flamengo, \u00e9 sincero sobre as altera\u00e7\u00f5es no Campeonato Carioca<\/title>\n<meta name=\"robots\" content=\"index, follow, max-snippet:-1, max-image-preview:large, max-video-preview:-1\" \/>\n<link rel=\"canonical\" href=\"https:\/\/www.gaveanews.com\/index.php\/2025\/06\/12\/filipe-luis-do-flamengo-e-sincero-sobre-as-alteracoes-no-campeonato-carioca\/\" \/>\n<meta property=\"og:locale\" content=\"pt_BR\" \/>\n<meta property=\"og:type\" content=\"article\" \/>\n<meta property=\"og:title\" content=\"Filipe Lu\u00eds, do Flamengo, \u00e9 sincero sobre as altera\u00e7\u00f5es no Campeonato Carioca\" \/>\n<meta property=\"og:description\" content=\"A Federa\u00e7\u00e3o de Futebol do Estado do Rio de Janeiro (FERJ) anunciou uma mudan\u00e7a significativa no formato do Campeonato Carioca a partir de 2026. A competi\u00e7\u00e3o passar\u00e1 a ter apenas dez datas, em vez das tradicionais quinze. A novidade foi bem recebida pelo Flamengo, que h\u00e1 tempos demonstrava insatisfa\u00e7\u00e3o com o calend\u00e1rio. O t\u00e9cnico Filipe [&hellip;]\" \/>\n<meta property=\"og:url\" content=\"https:\/\/www.gaveanews.com\/index.php\/2025\/06\/12\/filipe-luis-do-flamengo-e-sincero-sobre-as-alteracoes-no-campeonato-carioca\/\" \/>\n<meta property=\"og:site_name\" content=\"G\u00e1vea News\" \/>\n<meta property=\"article:publisher\" content=\"https:\/\/facebook.com\/gaveaNews\/\" \/>\n<meta property=\"article:published_time\" content=\"2025-06-12T15:40:00+00:00\" \/>\n<meta property=\"og:image\" content=\"https:\/\/www.gaveanews.com\/wp-content\/uploads\/Design-sem-nome-5.webp\" \/>\n\t<meta property=\"og:image:width\" content=\"1200\" \/>\n\t<meta property=\"og:image:height\" content=\"800\" \/>\n\t<meta property=\"og:image:type\" content=\"image\/webp\" \/>\n<meta name=\"author\" content=\"Matheus Felipe\" \/>\n<meta name=\"twitter:card\" content=\"summary_large_image\" \/>\n<meta name=\"twitter:label1\" content=\"Escrito por\" \/>\n\t<meta name=\"twitter:data1\" content=\"Matheus Felipe\" \/>\n\t<meta name=\"twitter:label2\" content=\"Est. tempo de leitura\" \/>\n\t<meta name=\"twitter:data2\" content=\"4 minutos\" \/>\n<script type=\"application\/ld+json\" class=\"yoast-schema-graph\">{\"@context\":\"https:\/\/schema.org\",\"@graph\":[{\"@type\":\"NewsArticle\",\"@id\":\"https:\/\/www.gaveanews.com\/index.php\/2025\/06\/12\/filipe-luis-do-flamengo-e-sincero-sobre-as-alteracoes-no-campeonato-carioca\/#article\",\"isPartOf\":{\"@id\":\"https:\/\/www.gaveanews.com\/index.php\/2025\/06\/12\/filipe-luis-do-flamengo-e-sincero-sobre-as-alteracoes-no-campeonato-carioca\/\"},\"author\":{\"name\":\"Matheus Felipe\",\"@id\":\"https:\/\/www.gaveanews.com\/#\/schema\/person\/8207cd4627f56151707418bfc835b2fb\"},\"headline\":\"Filipe Lu\u00eds, do Flamengo, \u00e9 sincero sobre as altera\u00e7\u00f5es no Campeonato Carioca\",\"datePublished\":\"2025-06-12T15:40:00+00:00\",\"mainEntityOfPage\":{\"@id\":\"https:\/\/www.gaveanews.com\/index.php\/2025\/06\/12\/filipe-luis-do-flamengo-e-sincero-sobre-as-alteracoes-no-campeonato-carioca\/\"},\"wordCount\":572,\"commentCount\":0,\"image\":{\"@id\":\"https:\/\/www.gaveanews.com\/index.php\/2025\/06\/12\/filipe-luis-do-flamengo-e-sincero-sobre-as-alteracoes-no-campeonato-carioca\/#primaryimage\"},\"thumbnailUrl\":\"https:\/\/www.gaveanews.com\/wp-content\/uploads\/Design-sem-nome-5.webp\",\"articleSection\":[\"Flamengo\"],\"inLanguage\":\"pt-BR\",\"potentialAction\":[{\"@type\":\"CommentAction\",\"name\":\"Comment\",\"target\":[\"https:\/\/www.gaveanews.com\/index.php\/2025\/06\/12\/filipe-luis-do-flamengo-e-sincero-sobre-as-alteracoes-no-campeonato-carioca\/#respond\"]}],\"copyrightYear\":\"2025\",\"copyrightHolder\":{\"@id\":\"https:\/\/www.gaveanews.com\/#organization\"}},{\"@type\":\"WebPage\",\"@id\":\"https:\/\/www.gaveanews.com\/index.php\/2025\/06\/12\/filipe-luis-do-flamengo-e-sincero-sobre-as-alteracoes-no-campeonato-carioca\/\",\"url\":\"https:\/\/www.gaveanews.com\/index.php\/2025\/06\/12\/filipe-luis-do-flamengo-e-sincero-sobre-as-alteracoes-no-campeonato-carioca\/\",\"name\":\"Filipe Lu\u00eds, do Flamengo, \u00e9 sincero sobre as altera\u00e7\u00f5es no Campeonato Carioca\",\"isPartOf\":{\"@id\":\"https:\/\/www.gaveanews.com\/#website\"},\"primaryImageOfPage\":{\"@id\":\"https:\/\/www.gaveanews.com\/index.php\/2025\/06\/12\/filipe-luis-do-flamengo-e-sincero-sobre-as-alteracoes-no-campeonato-carioca\/#primaryimage\"},\"image\":{\"@id\":\"https:\/\/www.gaveanews.com\/index.php\/2025\/06\/12\/filipe-luis-do-flamengo-e-sincero-sobre-as-alteracoes-no-campeonato-carioca\/#primaryimage\"},\"thumbnailUrl\":\"https:\/\/www.gaveanews.com\/wp-content\/uploads\/Design-sem-nome-5.webp\",\"datePublished\":\"2025-06-12T15:40:00+00:00\",\"author\":{\"@id\":\"https:\/\/www.gaveanews.com\/#\/schema\/person\/8207cd4627f56151707418bfc835b2fb\"},\"breadcrumb\":{\"@id\":\"https:\/\/www.gaveanews.com\/index.php\/2025\/06\/12\/filipe-luis-do-flamengo-e-sincero-sobre-as-alteracoes-no-campeonato-carioca\/#breadcrumb\"},\"inLanguage\":\"pt-BR\",\"potentialAction\":[{\"@type\":\"ReadAction\",\"target\":[\"https:\/\/www.gaveanews.com\/index.php\/2025\/06\/12\/filipe-luis-do-flamengo-e-sincero-sobre-as-alteracoes-no-campeonato-carioca\/\"]}]},{\"@type\":\"ImageObject\",\"inLanguage\":\"pt-BR\",\"@id\":\"https:\/\/www.gaveanews.com\/index.php\/2025\/06\/12\/filipe-luis-do-flamengo-e-sincero-sobre-as-alteracoes-no-campeonato-carioca\/#primaryimage\",\"url\":\"https:\/\/www.gaveanews.com\/wp-content\/uploads\/Design-sem-nome-5.webp\",\"contentUrl\":\"https:\/\/www.gaveanews.com\/wp-content\/uploads\/Design-sem-nome-5.webp\",\"width\":1200,\"height\":800,\"caption\":\"Filipe Lu\u00eds desembarcando com a delega\u00e7\u00e3o do Flamengo - Foto: Gilvan de Souza\/CRF\"},{\"@type\":\"BreadcrumbList\",\"@id\":\"https:\/\/www.gaveanews.com\/index.php\/2025\/06\/12\/filipe-luis-do-flamengo-e-sincero-sobre-as-alteracoes-no-campeonato-carioca\/#breadcrumb\",\"itemListElement\":[{\"@type\":\"ListItem\",\"position\":1,\"name\":\"Home\",\"item\":\"https:\/\/www.gaveanews.com\/\"},{\"@type\":\"ListItem\",\"position\":2,\"name\":\"Filipe Lu\u00eds, do Flamengo, \u00e9 sincero sobre as altera\u00e7\u00f5es no Campeonato Carioca\"}]},{\"@type\":\"WebSite\",\"@id\":\"https:\/\/www.gaveanews.com\/#website\",\"url\":\"https:\/\/www.gaveanews.com\/\",\"name\":\"G\u00e1vea News\",\"description\":\"Veja todas as not\u00edcias sobre o Flamengo: Contrata\u00e7\u00f5es, categorias de base, resultados das partidas, tabela de classifica\u00e7\u00e3o, pr\u00f3ximos jogos!\",\"potentialAction\":[{\"@type\":\"SearchAction\",\"target\":{\"@type\":\"EntryPoint\",\"urlTemplate\":\"https:\/\/www.gaveanews.com\/?s={search_term_string}\"},\"query-input\":{\"@type\":\"PropertyValueSpecification\",\"valueRequired\":true,\"valueName\":\"search_term_string\"}}],\"inLanguage\":\"pt-BR\"},{\"@type\":\"Person\",\"@id\":\"https:\/\/www.gaveanews.com\/#\/schema\/person\/8207cd4627f56151707418bfc835b2fb\",\"name\":\"Matheus Felipe\",\"image\":{\"@type\":\"ImageObject\",\"inLanguage\":\"pt-BR\",\"@id\":\"https:\/\/www.gaveanews.com\/#\/schema\/person\/image\/\",\"url\":\"https:\/\/secure.gravatar.com\/avatar\/a452ffbed9130f726358b298bb3a99ce4bd3c5338411f8440e87e14d74c7c087?s=96&d=mm&r=g\",\"contentUrl\":\"https:\/\/secure.gravatar.com\/avatar\/a452ffbed9130f726358b298bb3a99ce4bd3c5338411f8440e87e14d74c7c087?s=96&d=mm&r=g\",\"caption\":\"Matheus Felipe\"}}]}<\/script>\n<!-- \/ Yoast SEO Premium plugin. -->","yoast_head_json":{"title":"Filipe Lu\u00eds, do Flamengo, \u00e9 sincero sobre as altera\u00e7\u00f5es no Campeonato Carioca","robots":{"index":"index","follow":"follow","max-snippet":"max-snippet:-1","max-image-preview":"max-image-preview:large","max-video-preview":"max-video-preview:-1"},"canonical":"https:\/\/www.gaveanews.com\/index.php\/2025\/06\/12\/filipe-luis-do-flamengo-e-sincero-sobre-as-alteracoes-no-campeonato-carioca\/","og_locale":"pt_BR","og_type":"article","og_title":"Filipe Lu\u00eds, do Flamengo, \u00e9 sincero sobre as altera\u00e7\u00f5es no Campeonato Carioca","og_description":"A Federa\u00e7\u00e3o de Futebol do Estado do Rio de Janeiro (FERJ) anunciou uma mudan\u00e7a significativa no formato do Campeonato Carioca a partir de 2026. A competi\u00e7\u00e3o passar\u00e1 a ter apenas dez datas, em vez das tradicionais quinze. A novidade foi bem recebida pelo Flamengo, que h\u00e1 tempos demonstrava insatisfa\u00e7\u00e3o com o calend\u00e1rio. O t\u00e9cnico Filipe [&hellip;]","og_url":"https:\/\/www.gaveanews.com\/index.php\/2025\/06\/12\/filipe-luis-do-flamengo-e-sincero-sobre-as-alteracoes-no-campeonato-carioca\/","og_site_name":"G\u00e1vea News","article_publisher":"https:\/\/facebook.com\/gaveaNews\/","article_published_time":"2025-06-12T15:40:00+00:00","og_image":[{"width":1200,"height":800,"url":"https:\/\/www.gaveanews.com\/wp-content\/uploads\/Design-sem-nome-5.webp","type":"image\/webp"}],"author":"Matheus Felipe","twitter_card":"summary_large_image","twitter_misc":{"Escrito por":"Matheus Felipe","Est. tempo de leitura":"4 minutos"},"schema":{"@context":"https:\/\/schema.org","@graph":[{"@type":"NewsArticle","@id":"https:\/\/www.gaveanews.com\/index.php\/2025\/06\/12\/filipe-luis-do-flamengo-e-sincero-sobre-as-alteracoes-no-campeonato-carioca\/#article","isPartOf":{"@id":"https:\/\/www.gaveanews.com\/index.php\/2025\/06\/12\/filipe-luis-do-flamengo-e-sincero-sobre-as-alteracoes-no-campeonato-carioca\/"},"author":{"name":"Matheus Felipe","@id":"https:\/\/www.gaveanews.com\/#\/schema\/person\/8207cd4627f56151707418bfc835b2fb"},"headline":"Filipe Lu\u00eds, do Flamengo, \u00e9 sincero sobre as altera\u00e7\u00f5es no Campeonato Carioca","datePublished":"2025-06-12T15:40:00+00:00","mainEntityOfPage":{"@id":"https:\/\/www.gaveanews.com\/index.php\/2025\/06\/12\/filipe-luis-do-flamengo-e-sincero-sobre-as-alteracoes-no-campeonato-carioca\/"},"wordCount":572,"commentCount":0,"image":{"@id":"https:\/\/www.gaveanews.com\/index.php\/2025\/06\/12\/filipe-luis-do-flamengo-e-sincero-sobre-as-alteracoes-no-campeonato-carioca\/#primaryimage"},"thumbnailUrl":"https:\/\/www.gaveanews.com\/wp-content\/uploads\/Design-sem-nome-5.webp","articleSection":["Flamengo"],"inLanguage":"pt-BR","potentialAction":[{"@type":"CommentAction","name":"Comment","target":["https:\/\/www.gaveanews.com\/index.php\/2025\/06\/12\/filipe-luis-do-flamengo-e-sincero-sobre-as-alteracoes-no-campeonato-carioca\/#respond"]}],"copyrightYear":"2025","copyrightHolder":{"@id":"https:\/\/www.gaveanews.com\/#organization"}},{"@type":"WebPage","@id":"https:\/\/www.gaveanews.com\/index.php\/2025\/06\/12\/filipe-luis-do-flamengo-e-sincero-sobre-as-alteracoes-no-campeonato-carioca\/","url":"https:\/\/www.gaveanews.com\/index.php\/2025\/06\/12\/filipe-luis-do-flamengo-e-sincero-sobre-as-alteracoes-no-campeonato-carioca\/","name":"Filipe Lu\u00eds, do Flamengo, \u00e9 sincero sobre as altera\u00e7\u00f5es no Campeonato Carioca","isPartOf":{"@id":"https:\/\/www.gaveanews.com\/#website"},"primaryImageOfPage":{"@id":"https:\/\/www.gaveanews.com\/index.php\/2025\/06\/12\/filipe-luis-do-flamengo-e-sincero-sobre-as-alteracoes-no-campeonato-carioca\/#primaryimage"},"image":{"@id":"https:\/\/www.gaveanews.com\/index.php\/2025\/06\/12\/filipe-luis-do-flamengo-e-sincero-sobre-as-alteracoes-no-campeonato-carioca\/#primaryimage"},"thumbnailUrl":"https:\/\/www.gaveanews.com\/wp-content\/uploads\/Design-sem-nome-5.webp","datePublished":"2025-06-12T15:40:00+00:00","author":{"@id":"https:\/\/www.gaveanews.com\/#\/schema\/person\/8207cd4627f56151707418bfc835b2fb"},"breadcrumb":{"@id":"https:\/\/www.gaveanews.com\/index.php\/2025\/06\/12\/filipe-luis-do-flamengo-e-sincero-sobre-as-alteracoes-no-campeonato-carioca\/#breadcrumb"},"inLanguage":"pt-BR","potentialAction":[{"@type":"ReadAction","target":["https:\/\/www.gaveanews.com\/index.php\/2025\/06\/12\/filipe-luis-do-flamengo-e-sincero-sobre-as-alteracoes-no-campeonato-carioca\/"]}]},{"@type":"ImageObject","inLanguage":"pt-BR","@id":"https:\/\/www.gaveanews.com\/index.php\/2025\/06\/12\/filipe-luis-do-flamengo-e-sincero-sobre-as-alteracoes-no-campeonato-carioca\/#primaryimage","url":"https:\/\/www.gaveanews.com\/wp-content\/uploads\/Design-sem-nome-5.webp","contentUrl":"https:\/\/www.gaveanews.com\/wp-content\/uploads\/Design-sem-nome-5.webp","width":1200,"height":800,"caption":"Filipe Lu\u00eds desembarcando com a delega\u00e7\u00e3o do Flamengo - Foto: Gilvan de Souza\/CRF"},{"@type":"BreadcrumbList","@id":"https:\/\/www.gaveanews.com\/index.php\/2025\/06\/12\/filipe-luis-do-flamengo-e-sincero-sobre-as-alteracoes-no-campeonato-carioca\/#breadcrumb","itemListElement":[{"@type":"ListItem","position":1,"name":"Home","item":"https:\/\/www.gaveanews.com\/"},{"@type":"ListItem","position":2,"name":"Filipe Lu\u00eds, do Flamengo, \u00e9 sincero sobre as altera\u00e7\u00f5es no Campeonato Carioca"}]},{"@type":"WebSite","@id":"https:\/\/www.gaveanews.com\/#website","url":"https:\/\/www.gaveanews.com\/","name":"G\u00e1vea News","description":"Veja todas as not\u00edcias sobre o Flamengo: Contrata\u00e7\u00f5es, categorias de base, resultados das partidas, tabela de classifica\u00e7\u00e3o, pr\u00f3ximos jogos!","potentialAction":[{"@type":"SearchAction","target":{"@type":"EntryPoint","urlTemplate":"https:\/\/www.gaveanews.com\/?s={search_term_string}"},"query-input":{"@type":"PropertyValueSpecification","valueRequired":true,"valueName":"search_term_string"}}],"inLanguage":"pt-BR"},{"@type":"Person","@id":"https:\/\/www.gaveanews.com\/#\/schema\/person\/8207cd4627f56151707418bfc835b2fb","name":"Matheus Felipe","image":{"@type":"ImageObject","inLanguage":"pt-BR","@id":"https:\/\/www.gaveanews.com\/#\/schema\/person\/image\/","url":"https:\/\/secure.gravatar.com\/avatar\/a452ffbed9130f726358b298bb3a99ce4bd3c5338411f8440e87e14d74c7c087?s=96&d=mm&r=g","contentUrl":"https:\/\/secure.gravatar.com\/avatar\/a452ffbed9130f726358b298bb3a99ce4bd3c5338411f8440e87e14d74c7c087?s=96&d=mm&r=g","caption":"Matheus Felipe"}}]}},"_links":{"self":[{"href":"https:\/\/www.gaveanews.com\/index.php\/wp-json\/wp\/v2\/posts\/270818","targetHints":{"allow":["GET"]}}],"collection":[{"href":"https:\/\/www.gaveanews.com\/index.php\/wp-json\/wp\/v2\/posts"}],"about":[{"href":"https:\/\/www.gaveanews.com\/index.php\/wp-json\/wp\/v2\/types\/post"}],"author":[{"embeddable":true,"href":"https:\/\/www.gaveanews.com\/index.php\/wp-json\/wp\/v2\/users\/27"}],"replies":[{"embeddable":true,"href":"https:\/\/www.gaveanews.com\/index.php\/wp-json\/wp\/v2\/comments?post=270818"}],"version-history":[{"count":1,"href":"https:\/\/www.gaveanews.com\/index.php\/wp-json\/wp\/v2\/posts\/270818\/revisions"}],"predecessor-version":[{"id":270819,"href":"https:\/\/www.gaveanews.com\/index.php\/wp-json\/wp\/v2\/posts\/270818\/revisions\/270819"}],"wp:featuredmedia":[{"embeddable":true,"href":"https:\/\/www.gaveanews.com\/index.php\/wp-json\/wp\/v2\/media\/256399"}],"wp:attachment":[{"href":"https:\/\/www.gaveanews.com\/index.php\/wp-json\/wp\/v2\/media?parent=270818"}],"wp:term":[{"taxonomy":"category","embeddable":true,"href":"https:\/\/www.gaveanews.com\/index.php\/wp-json\/wp\/v2\/categories?post=270818"},{"taxonomy":"post_tag","embeddable":true,"href":"https:\/\/www.gaveanews.com\/index.php\/wp-json\/wp\/v2\/tags?post=270818"}],"curies":[{"name":"wp","href":"https:\/\/api.w.org\/{rel}","templated":true}]}}