{"id":270849,"date":"2025-06-13T12:00:14","date_gmt":"2025-06-13T15:00:14","guid":{"rendered":"https:\/\/www.gaveanews.com\/?p=270849"},"modified":"2025-06-13T09:55:39","modified_gmt":"2025-06-13T12:55:39","slug":"boto-do-flamengo-e-sincero-sobre-diferenca-entre-futebol-da-europa-e-america-do-sul-e-obvio","status":"publish","type":"post","link":"https:\/\/www.gaveanews.com\/index.php\/2025\/06\/13\/boto-do-flamengo-e-sincero-sobre-diferenca-entre-futebol-da-europa-e-america-do-sul-e-obvio\/","title":{"rendered":"Boto, do Flamengo, \u00e9 sincero sobre diferen\u00e7a entre futebol da Europa e Am\u00e9rica do Sul: &#8220;\u00c9 \u00f3bvio&#8221;"},"content":{"rendered":"\n<p>A Copa do Mundo de Clubes come\u00e7a neste s\u00e1bado (14) com equipes de todos os continentes. O grande favoritismo fica por conta dos europeus, que ter\u00e3o nada menos que PSG, Real Madrid, Manchester City, entre outros representantes. O diretor de futebol do Flamengo, Jos\u00e9 Boto, falou sobre a disparidade entre Europa x Am\u00e9rica do Sul.<\/p>\n\n\n\n<p>De acordo com o portugu\u00eas, a quest\u00e3o financeira \u00e9 a principal para colocar a Europa no topo. Isso porque ela faz com que os times tenham contrata\u00e7\u00f5es mais caras e, consequentemente, melhor material humano. Ele utilizou o exemplo do Benfica, que mesmo fora das principais ligas do continente, ainda assim tem tr\u00eas centroavantes que custaram mais de 20 milh\u00f5es de euros.<\/p>\n\n\n\n<p>&#8220;\u00c9 \u00f3bvio que tem as quest\u00f5es financeiras. O Benfica, que pode ser nosso advers\u00e1rio, n\u00e3o \u00e9 da primeira divis\u00e3o da Europa e tem tr\u00eas centroavantes que cada um custou mais de 20 milh\u00f5es de euros. A\u00ed voc\u00ea v\u00ea o poder econ\u00f4mico dos clubes europeus&#8221;, iniciou Boto.<\/p>\n\n\n\n<p>&#8220;Quanto mais poder econ\u00f4mico, melhores jogadores. Tem os melhores treinadores, as melhores pr\u00e1ticas e, por isso, as melhores ligas. Jogam em gramados excelentes, jogadores novos ainda com desempenho elevado durante muito tempo&#8230; tudo isso faz com que os times europeus tenham um ritmo de jogo superior a todos os times sul-americanos. Essas s\u00e3o as raz\u00f5es. Melhores jogadores, or\u00e7amentos, treinadores, melhores pr\u00e1ticas, estruturas, ligas e n\u00e3o h\u00e1 milagres&#8221;, finalizou o diretor do Flamengo.<\/p>\n\n\n\n<p>O europeu no caminho do Flamengo ser\u00e1 o Chelsea. Os ingleses s\u00e3o reconhecidamente um dos clubes que mais investem nos \u00faltimos anos. Na atual temporada, os Blues ficaram em quarto na Premier League e conquistaram a Uefa Conference League.<\/p>\n\n\n\n<p>A partida entre Flamengo e Chelsea ser\u00e1 a segunda da fase de grupos. Antes disso, o time comandado por Filipe Lu\u00eds tem a estreia na Copa do Mundo de Clubes contra o Esp\u00e9rance, nesta segunda-feira (16). A bola rola \u00e0s 22h (de Bras\u00edlia).<\/p>\n","protected":false},"excerpt":{"rendered":"<p>A Copa do Mundo de Clubes come\u00e7a neste s\u00e1bado (14) com equipes de todos os continentes. O grande favoritismo fica por conta dos europeus, que ter\u00e3o nada menos que PSG, Real Madrid, Manchester City, entre outros representantes. O diretor de futebol do Flamengo, Jos\u00e9 Boto, falou sobre a disparidade entre Europa x Am\u00e9rica do Sul. [&hellip;]<\/p>\n","protected":false},"author":32,"featured_media":205638,"comment_status":"open","ping_status":"closed","sticky":false,"template":"","format":"standard","meta":{"footnotes":""},"categories":[1],"tags":[],"class_list":["post-270849","post","type-post","status-publish","format-standard","has-post-thumbnail","hentry","category-flamengo"],"yoast_head":"<!-- This site is optimized with the Yoast SEO Premium plugin v24.2 (Yoast SEO v26.9) - https:\/\/yoast.com\/product\/yoast-seo-premium-wordpress\/ -->\n<title>Boto, do Flamengo, \u00e9 sincero sobre diferen\u00e7a entre futebol da Europa e Am\u00e9rica do Sul: &quot;\u00c9 \u00f3bvio&quot;<\/title>\n<meta name=\"robots\" content=\"index, follow, max-snippet:-1, max-image-preview:large, max-video-preview:-1\" \/>\n<link rel=\"canonical\" href=\"https:\/\/www.gaveanews.com\/index.php\/2025\/06\/13\/boto-do-flamengo-e-sincero-sobre-diferenca-entre-futebol-da-europa-e-america-do-sul-e-obvio\/\" \/>\n<meta property=\"og:locale\" content=\"pt_BR\" \/>\n<meta property=\"og:type\" content=\"article\" \/>\n<meta property=\"og:title\" content=\"Boto, do Flamengo, \u00e9 sincero sobre diferen\u00e7a entre futebol da Europa e Am\u00e9rica do Sul: &quot;\u00c9 \u00f3bvio&quot;\" \/>\n<meta property=\"og:description\" content=\"A Copa do Mundo de Clubes come\u00e7a neste s\u00e1bado (14) com equipes de todos os continentes. O grande favoritismo fica por conta dos europeus, que ter\u00e3o nada menos que PSG, Real Madrid, Manchester City, entre outros representantes. O diretor de futebol do Flamengo, Jos\u00e9 Boto, falou sobre a disparidade entre Europa x Am\u00e9rica do Sul. [&hellip;]\" \/>\n<meta property=\"og:url\" content=\"https:\/\/www.gaveanews.com\/index.php\/2025\/06\/13\/boto-do-flamengo-e-sincero-sobre-diferenca-entre-futebol-da-europa-e-america-do-sul-e-obvio\/\" \/>\n<meta property=\"og:site_name\" content=\"G\u00e1vea News\" \/>\n<meta property=\"article:publisher\" content=\"https:\/\/facebook.com\/gaveaNews\/\" \/>\n<meta property=\"article:published_time\" content=\"2025-06-13T15:00:14+00:00\" \/>\n<meta property=\"og:image\" content=\"https:\/\/www.gaveanews.com\/wp-content\/uploads\/Apresentacao-de-Jose-Boto-no-Flamengo-Foto_-Marcelo-Cortes_CRF.webp\" \/>\n\t<meta property=\"og:image:width\" content=\"2048\" \/>\n\t<meta property=\"og:image:height\" content=\"1362\" \/>\n\t<meta property=\"og:image:type\" content=\"image\/webp\" \/>\n<meta name=\"author\" content=\"Matheus Leal\" \/>\n<meta name=\"twitter:card\" content=\"summary_large_image\" \/>\n<meta name=\"twitter:label1\" content=\"Escrito por\" \/>\n\t<meta name=\"twitter:data1\" content=\"Matheus Leal\" \/>\n\t<meta name=\"twitter:label2\" content=\"Est. tempo de leitura\" \/>\n\t<meta name=\"twitter:data2\" content=\"2 minutos\" \/>\n<script type=\"application\/ld+json\" class=\"yoast-schema-graph\">{\"@context\":\"https:\/\/schema.org\",\"@graph\":[{\"@type\":\"NewsArticle\",\"@id\":\"https:\/\/www.gaveanews.com\/index.php\/2025\/06\/13\/boto-do-flamengo-e-sincero-sobre-diferenca-entre-futebol-da-europa-e-america-do-sul-e-obvio\/#article\",\"isPartOf\":{\"@id\":\"https:\/\/www.gaveanews.com\/index.php\/2025\/06\/13\/boto-do-flamengo-e-sincero-sobre-diferenca-entre-futebol-da-europa-e-america-do-sul-e-obvio\/\"},\"author\":{\"name\":\"Matheus Leal\",\"@id\":\"https:\/\/www.gaveanews.com\/#\/schema\/person\/49ac99b6823a2b8d5087a6ce3aaaa128\"},\"headline\":\"Boto, do Flamengo, \u00e9 sincero sobre diferen\u00e7a entre futebol da Europa e Am\u00e9rica do Sul: &#8220;\u00c9 \u00f3bvio&#8221;\",\"datePublished\":\"2025-06-13T15:00:14+00:00\",\"mainEntityOfPage\":{\"@id\":\"https:\/\/www.gaveanews.com\/index.php\/2025\/06\/13\/boto-do-flamengo-e-sincero-sobre-diferenca-entre-futebol-da-europa-e-america-do-sul-e-obvio\/\"},\"wordCount\":353,\"commentCount\":0,\"image\":{\"@id\":\"https:\/\/www.gaveanews.com\/index.php\/2025\/06\/13\/boto-do-flamengo-e-sincero-sobre-diferenca-entre-futebol-da-europa-e-america-do-sul-e-obvio\/#primaryimage\"},\"thumbnailUrl\":\"https:\/\/www.gaveanews.com\/wp-content\/uploads\/Apresentacao-de-Jose-Boto-no-Flamengo-Foto_-Marcelo-Cortes_CRF.webp\",\"articleSection\":[\"Flamengo\"],\"inLanguage\":\"pt-BR\",\"potentialAction\":[{\"@type\":\"CommentAction\",\"name\":\"Comment\",\"target\":[\"https:\/\/www.gaveanews.com\/index.php\/2025\/06\/13\/boto-do-flamengo-e-sincero-sobre-diferenca-entre-futebol-da-europa-e-america-do-sul-e-obvio\/#respond\"]}],\"copyrightYear\":\"2025\",\"copyrightHolder\":{\"@id\":\"https:\/\/www.gaveanews.com\/#organization\"}},{\"@type\":\"WebPage\",\"@id\":\"https:\/\/www.gaveanews.com\/index.php\/2025\/06\/13\/boto-do-flamengo-e-sincero-sobre-diferenca-entre-futebol-da-europa-e-america-do-sul-e-obvio\/\",\"url\":\"https:\/\/www.gaveanews.com\/index.php\/2025\/06\/13\/boto-do-flamengo-e-sincero-sobre-diferenca-entre-futebol-da-europa-e-america-do-sul-e-obvio\/\",\"name\":\"Boto, do Flamengo, \u00e9 sincero sobre diferen\u00e7a entre futebol da Europa e Am\u00e9rica do Sul: \\\"\u00c9 \u00f3bvio\\\"\",\"isPartOf\":{\"@id\":\"https:\/\/www.gaveanews.com\/#website\"},\"primaryImageOfPage\":{\"@id\":\"https:\/\/www.gaveanews.com\/index.php\/2025\/06\/13\/boto-do-flamengo-e-sincero-sobre-diferenca-entre-futebol-da-europa-e-america-do-sul-e-obvio\/#primaryimage\"},\"image\":{\"@id\":\"https:\/\/www.gaveanews.com\/index.php\/2025\/06\/13\/boto-do-flamengo-e-sincero-sobre-diferenca-entre-futebol-da-europa-e-america-do-sul-e-obvio\/#primaryimage\"},\"thumbnailUrl\":\"https:\/\/www.gaveanews.com\/wp-content\/uploads\/Apresentacao-de-Jose-Boto-no-Flamengo-Foto_-Marcelo-Cortes_CRF.webp\",\"datePublished\":\"2025-06-13T15:00:14+00:00\",\"author\":{\"@id\":\"https:\/\/www.gaveanews.com\/#\/schema\/person\/49ac99b6823a2b8d5087a6ce3aaaa128\"},\"breadcrumb\":{\"@id\":\"https:\/\/www.gaveanews.com\/index.php\/2025\/06\/13\/boto-do-flamengo-e-sincero-sobre-diferenca-entre-futebol-da-europa-e-america-do-sul-e-obvio\/#breadcrumb\"},\"inLanguage\":\"pt-BR\",\"potentialAction\":[{\"@type\":\"ReadAction\",\"target\":[\"https:\/\/www.gaveanews.com\/index.php\/2025\/06\/13\/boto-do-flamengo-e-sincero-sobre-diferenca-entre-futebol-da-europa-e-america-do-sul-e-obvio\/\"]}]},{\"@type\":\"ImageObject\",\"inLanguage\":\"pt-BR\",\"@id\":\"https:\/\/www.gaveanews.com\/index.php\/2025\/06\/13\/boto-do-flamengo-e-sincero-sobre-diferenca-entre-futebol-da-europa-e-america-do-sul-e-obvio\/#primaryimage\",\"url\":\"https:\/\/www.gaveanews.com\/wp-content\/uploads\/Apresentacao-de-Jose-Boto-no-Flamengo-Foto_-Marcelo-Cortes_CRF.webp\",\"contentUrl\":\"https:\/\/www.gaveanews.com\/wp-content\/uploads\/Apresentacao-de-Jose-Boto-no-Flamengo-Foto_-Marcelo-Cortes_CRF.webp\",\"width\":2048,\"height\":1362,\"caption\":\"Entrevista coletiva de Jos\u00e9 Boto (Foto: Reprodu\u00e7\u00e3o\/FlaTV)\"},{\"@type\":\"BreadcrumbList\",\"@id\":\"https:\/\/www.gaveanews.com\/index.php\/2025\/06\/13\/boto-do-flamengo-e-sincero-sobre-diferenca-entre-futebol-da-europa-e-america-do-sul-e-obvio\/#breadcrumb\",\"itemListElement\":[{\"@type\":\"ListItem\",\"position\":1,\"name\":\"Home\",\"item\":\"https:\/\/www.gaveanews.com\/\"},{\"@type\":\"ListItem\",\"position\":2,\"name\":\"Boto, do Flamengo, \u00e9 sincero sobre diferen\u00e7a entre futebol da Europa e Am\u00e9rica do Sul: &#8220;\u00c9 \u00f3bvio&#8221;\"}]},{\"@type\":\"WebSite\",\"@id\":\"https:\/\/www.gaveanews.com\/#website\",\"url\":\"https:\/\/www.gaveanews.com\/\",\"name\":\"G\u00e1vea News\",\"description\":\"Veja todas as not\u00edcias sobre o Flamengo: Contrata\u00e7\u00f5es, categorias de base, resultados das partidas, tabela de classifica\u00e7\u00e3o, pr\u00f3ximos jogos!\",\"potentialAction\":[{\"@type\":\"SearchAction\",\"target\":{\"@type\":\"EntryPoint\",\"urlTemplate\":\"https:\/\/www.gaveanews.com\/?s={search_term_string}\"},\"query-input\":{\"@type\":\"PropertyValueSpecification\",\"valueRequired\":true,\"valueName\":\"search_term_string\"}}],\"inLanguage\":\"pt-BR\"},{\"@type\":\"Person\",\"@id\":\"https:\/\/www.gaveanews.com\/#\/schema\/person\/49ac99b6823a2b8d5087a6ce3aaaa128\",\"name\":\"Matheus Leal\",\"image\":{\"@type\":\"ImageObject\",\"inLanguage\":\"pt-BR\",\"@id\":\"https:\/\/www.gaveanews.com\/#\/schema\/person\/image\/\",\"url\":\"https:\/\/secure.gravatar.com\/avatar\/21c52300d1234416f9c886f6dadd7452d8b035ac505314a51e4f56731e90c481?s=96&d=mm&r=g\",\"contentUrl\":\"https:\/\/secure.gravatar.com\/avatar\/21c52300d1234416f9c886f6dadd7452d8b035ac505314a51e4f56731e90c481?s=96&d=mm&r=g\",\"caption\":\"Matheus Leal\"}}]}<\/script>\n<!-- \/ Yoast SEO Premium plugin. -->","yoast_head_json":{"title":"Boto, do Flamengo, \u00e9 sincero sobre diferen\u00e7a entre futebol da Europa e Am\u00e9rica do Sul: \"\u00c9 \u00f3bvio\"","robots":{"index":"index","follow":"follow","max-snippet":"max-snippet:-1","max-image-preview":"max-image-preview:large","max-video-preview":"max-video-preview:-1"},"canonical":"https:\/\/www.gaveanews.com\/index.php\/2025\/06\/13\/boto-do-flamengo-e-sincero-sobre-diferenca-entre-futebol-da-europa-e-america-do-sul-e-obvio\/","og_locale":"pt_BR","og_type":"article","og_title":"Boto, do Flamengo, \u00e9 sincero sobre diferen\u00e7a entre futebol da Europa e Am\u00e9rica do Sul: \"\u00c9 \u00f3bvio\"","og_description":"A Copa do Mundo de Clubes come\u00e7a neste s\u00e1bado (14) com equipes de todos os continentes. O grande favoritismo fica por conta dos europeus, que ter\u00e3o nada menos que PSG, Real Madrid, Manchester City, entre outros representantes. O diretor de futebol do Flamengo, Jos\u00e9 Boto, falou sobre a disparidade entre Europa x Am\u00e9rica do Sul. [&hellip;]","og_url":"https:\/\/www.gaveanews.com\/index.php\/2025\/06\/13\/boto-do-flamengo-e-sincero-sobre-diferenca-entre-futebol-da-europa-e-america-do-sul-e-obvio\/","og_site_name":"G\u00e1vea News","article_publisher":"https:\/\/facebook.com\/gaveaNews\/","article_published_time":"2025-06-13T15:00:14+00:00","og_image":[{"width":2048,"height":1362,"url":"https:\/\/www.gaveanews.com\/wp-content\/uploads\/Apresentacao-de-Jose-Boto-no-Flamengo-Foto_-Marcelo-Cortes_CRF.webp","type":"image\/webp"}],"author":"Matheus Leal","twitter_card":"summary_large_image","twitter_misc":{"Escrito por":"Matheus Leal","Est. tempo de leitura":"2 minutos"},"schema":{"@context":"https:\/\/schema.org","@graph":[{"@type":"NewsArticle","@id":"https:\/\/www.gaveanews.com\/index.php\/2025\/06\/13\/boto-do-flamengo-e-sincero-sobre-diferenca-entre-futebol-da-europa-e-america-do-sul-e-obvio\/#article","isPartOf":{"@id":"https:\/\/www.gaveanews.com\/index.php\/2025\/06\/13\/boto-do-flamengo-e-sincero-sobre-diferenca-entre-futebol-da-europa-e-america-do-sul-e-obvio\/"},"author":{"name":"Matheus Leal","@id":"https:\/\/www.gaveanews.com\/#\/schema\/person\/49ac99b6823a2b8d5087a6ce3aaaa128"},"headline":"Boto, do Flamengo, \u00e9 sincero sobre diferen\u00e7a entre futebol da Europa e Am\u00e9rica do Sul: &#8220;\u00c9 \u00f3bvio&#8221;","datePublished":"2025-06-13T15:00:14+00:00","mainEntityOfPage":{"@id":"https:\/\/www.gaveanews.com\/index.php\/2025\/06\/13\/boto-do-flamengo-e-sincero-sobre-diferenca-entre-futebol-da-europa-e-america-do-sul-e-obvio\/"},"wordCount":353,"commentCount":0,"image":{"@id":"https:\/\/www.gaveanews.com\/index.php\/2025\/06\/13\/boto-do-flamengo-e-sincero-sobre-diferenca-entre-futebol-da-europa-e-america-do-sul-e-obvio\/#primaryimage"},"thumbnailUrl":"https:\/\/www.gaveanews.com\/wp-content\/uploads\/Apresentacao-de-Jose-Boto-no-Flamengo-Foto_-Marcelo-Cortes_CRF.webp","articleSection":["Flamengo"],"inLanguage":"pt-BR","potentialAction":[{"@type":"CommentAction","name":"Comment","target":["https:\/\/www.gaveanews.com\/index.php\/2025\/06\/13\/boto-do-flamengo-e-sincero-sobre-diferenca-entre-futebol-da-europa-e-america-do-sul-e-obvio\/#respond"]}],"copyrightYear":"2025","copyrightHolder":{"@id":"https:\/\/www.gaveanews.com\/#organization"}},{"@type":"WebPage","@id":"https:\/\/www.gaveanews.com\/index.php\/2025\/06\/13\/boto-do-flamengo-e-sincero-sobre-diferenca-entre-futebol-da-europa-e-america-do-sul-e-obvio\/","url":"https:\/\/www.gaveanews.com\/index.php\/2025\/06\/13\/boto-do-flamengo-e-sincero-sobre-diferenca-entre-futebol-da-europa-e-america-do-sul-e-obvio\/","name":"Boto, do Flamengo, \u00e9 sincero sobre diferen\u00e7a entre futebol da Europa e Am\u00e9rica do Sul: \"\u00c9 \u00f3bvio\"","isPartOf":{"@id":"https:\/\/www.gaveanews.com\/#website"},"primaryImageOfPage":{"@id":"https:\/\/www.gaveanews.com\/index.php\/2025\/06\/13\/boto-do-flamengo-e-sincero-sobre-diferenca-entre-futebol-da-europa-e-america-do-sul-e-obvio\/#primaryimage"},"image":{"@id":"https:\/\/www.gaveanews.com\/index.php\/2025\/06\/13\/boto-do-flamengo-e-sincero-sobre-diferenca-entre-futebol-da-europa-e-america-do-sul-e-obvio\/#primaryimage"},"thumbnailUrl":"https:\/\/www.gaveanews.com\/wp-content\/uploads\/Apresentacao-de-Jose-Boto-no-Flamengo-Foto_-Marcelo-Cortes_CRF.webp","datePublished":"2025-06-13T15:00:14+00:00","author":{"@id":"https:\/\/www.gaveanews.com\/#\/schema\/person\/49ac99b6823a2b8d5087a6ce3aaaa128"},"breadcrumb":{"@id":"https:\/\/www.gaveanews.com\/index.php\/2025\/06\/13\/boto-do-flamengo-e-sincero-sobre-diferenca-entre-futebol-da-europa-e-america-do-sul-e-obvio\/#breadcrumb"},"inLanguage":"pt-BR","potentialAction":[{"@type":"ReadAction","target":["https:\/\/www.gaveanews.com\/index.php\/2025\/06\/13\/boto-do-flamengo-e-sincero-sobre-diferenca-entre-futebol-da-europa-e-america-do-sul-e-obvio\/"]}]},{"@type":"ImageObject","inLanguage":"pt-BR","@id":"https:\/\/www.gaveanews.com\/index.php\/2025\/06\/13\/boto-do-flamengo-e-sincero-sobre-diferenca-entre-futebol-da-europa-e-america-do-sul-e-obvio\/#primaryimage","url":"https:\/\/www.gaveanews.com\/wp-content\/uploads\/Apresentacao-de-Jose-Boto-no-Flamengo-Foto_-Marcelo-Cortes_CRF.webp","contentUrl":"https:\/\/www.gaveanews.com\/wp-content\/uploads\/Apresentacao-de-Jose-Boto-no-Flamengo-Foto_-Marcelo-Cortes_CRF.webp","width":2048,"height":1362,"caption":"Entrevista coletiva de Jos\u00e9 Boto (Foto: Reprodu\u00e7\u00e3o\/FlaTV)"},{"@type":"BreadcrumbList","@id":"https:\/\/www.gaveanews.com\/index.php\/2025\/06\/13\/boto-do-flamengo-e-sincero-sobre-diferenca-entre-futebol-da-europa-e-america-do-sul-e-obvio\/#breadcrumb","itemListElement":[{"@type":"ListItem","position":1,"name":"Home","item":"https:\/\/www.gaveanews.com\/"},{"@type":"ListItem","position":2,"name":"Boto, do Flamengo, \u00e9 sincero sobre diferen\u00e7a entre futebol da Europa e Am\u00e9rica do Sul: &#8220;\u00c9 \u00f3bvio&#8221;"}]},{"@type":"WebSite","@id":"https:\/\/www.gaveanews.com\/#website","url":"https:\/\/www.gaveanews.com\/","name":"G\u00e1vea News","description":"Veja todas as not\u00edcias sobre o Flamengo: Contrata\u00e7\u00f5es, categorias de base, resultados das partidas, tabela de classifica\u00e7\u00e3o, pr\u00f3ximos jogos!","potentialAction":[{"@type":"SearchAction","target":{"@type":"EntryPoint","urlTemplate":"https:\/\/www.gaveanews.com\/?s={search_term_string}"},"query-input":{"@type":"PropertyValueSpecification","valueRequired":true,"valueName":"search_term_string"}}],"inLanguage":"pt-BR"},{"@type":"Person","@id":"https:\/\/www.gaveanews.com\/#\/schema\/person\/49ac99b6823a2b8d5087a6ce3aaaa128","name":"Matheus Leal","image":{"@type":"ImageObject","inLanguage":"pt-BR","@id":"https:\/\/www.gaveanews.com\/#\/schema\/person\/image\/","url":"https:\/\/secure.gravatar.com\/avatar\/21c52300d1234416f9c886f6dadd7452d8b035ac505314a51e4f56731e90c481?s=96&d=mm&r=g","contentUrl":"https:\/\/secure.gravatar.com\/avatar\/21c52300d1234416f9c886f6dadd7452d8b035ac505314a51e4f56731e90c481?s=96&d=mm&r=g","caption":"Matheus Leal"}}]}},"_links":{"self":[{"href":"https:\/\/www.gaveanews.com\/index.php\/wp-json\/wp\/v2\/posts\/270849","targetHints":{"allow":["GET"]}}],"collection":[{"href":"https:\/\/www.gaveanews.com\/index.php\/wp-json\/wp\/v2\/posts"}],"about":[{"href":"https:\/\/www.gaveanews.com\/index.php\/wp-json\/wp\/v2\/types\/post"}],"author":[{"embeddable":true,"href":"https:\/\/www.gaveanews.com\/index.php\/wp-json\/wp\/v2\/users\/32"}],"replies":[{"embeddable":true,"href":"https:\/\/www.gaveanews.com\/index.php\/wp-json\/wp\/v2\/comments?post=270849"}],"version-history":[{"count":1,"href":"https:\/\/www.gaveanews.com\/index.php\/wp-json\/wp\/v2\/posts\/270849\/revisions"}],"predecessor-version":[{"id":270851,"href":"https:\/\/www.gaveanews.com\/index.php\/wp-json\/wp\/v2\/posts\/270849\/revisions\/270851"}],"wp:featuredmedia":[{"embeddable":true,"href":"https:\/\/www.gaveanews.com\/index.php\/wp-json\/wp\/v2\/media\/205638"}],"wp:attachment":[{"href":"https:\/\/www.gaveanews.com\/index.php\/wp-json\/wp\/v2\/media?parent=270849"}],"wp:term":[{"taxonomy":"category","embeddable":true,"href":"https:\/\/www.gaveanews.com\/index.php\/wp-json\/wp\/v2\/categories?post=270849"},{"taxonomy":"post_tag","embeddable":true,"href":"https:\/\/www.gaveanews.com\/index.php\/wp-json\/wp\/v2\/tags?post=270849"}],"curies":[{"name":"wp","href":"https:\/\/api.w.org\/{rel}","templated":true}]}}