{"id":270855,"date":"2025-06-13T11:00:03","date_gmt":"2025-06-13T14:00:03","guid":{"rendered":"https:\/\/www.gaveanews.com\/?p=270855"},"modified":"2025-06-13T09:55:18","modified_gmt":"2025-06-13T12:55:18","slug":"o-recado-de-jose-boto-do-flamengo-apos-fim-da-janela-de-transferencias","status":"publish","type":"post","link":"https:\/\/www.gaveanews.com\/index.php\/2025\/06\/13\/o-recado-de-jose-boto-do-flamengo-apos-fim-da-janela-de-transferencias\/","title":{"rendered":"O recado de Jos\u00e9 Boto, do Flamengo, ap\u00f3s fim da janela de transfer\u00eancias"},"content":{"rendered":"\n<p>Com o fim da janela de transfer\u00eancias pr\u00e9-Copa do Mundo de Clubes, o diretor de futebol do Flamengo fez um balan\u00e7o em coletiva concedida nesta quinta-feira (12), nos Estados Unidos. De acordo com o portugu\u00eas, essa janela n\u00e3o era vista pelo clube como decisiva.<\/p>\n\n\n\n<p>&#8220;Esta foi uma janela extraordin\u00e1ria e s\u00f3 aberta para os pa\u00edses que tinham clubes na competi\u00e7\u00e3o. No nosso planejamento nunca encaramos essa janela como decisiva para contrata\u00e7\u00f5es. Chegamos como queremos chegar&#8221;, afirmou Jos\u00e9 Boto.<\/p>\n\n\n\n<p>Nos 10 dias dispon\u00edveis para contratar, o Flamengo se acertou apenas com o volante Jorginho, ex-Arsenal. A negocia\u00e7\u00e3o estava em curso desde o in\u00edcio do ano e foi finalizada ap\u00f3s o fim da temporada europeia, com o atleta conseguindo a rescis\u00e3o contratual amig\u00e1vel para vestir a camisa rubro-negra durante a Copa do Mundo de Clubes.<\/p>\n\n\n\n<p>Embora Jorginho tenha sido o \u00fanico refor\u00e7o, isso n\u00e3o significa que o Flamengo n\u00e3o tenha se movimentado em busca de outros atletas. O time teve negocia\u00e7\u00f5es principalmente pelo meia Jorge Carrascal, do D\u00ednamo de Moscou. Entretanto n\u00e3o houve acordo entre as partes em tempo h\u00e1bil.<\/p>\n\n\n\n<p>Como informado por Boto, o Flamengo n\u00e3o tinha a janela extraordin\u00e1ria como decisiva e agora mira um mercado volumoso na tradicional janela de inverno, que abre no pr\u00f3ximo dia 10 de julho. A ideia da diretoria \u00e9 ter at\u00e9 cinco contrata\u00e7\u00f5es.<\/p>\n\n\n\n<p>Inicialmente, o Fla trabalhava com as seguintes necessidades: volante (preenchida por Jorginho), meia armador, ponta, zagueiro e lateral-direito (caso Wesley seja vendido). Agora, outra lacuna foi aberta no elenco: a de Gerson.<\/p>\n\n\n\n<p>O meia e capit\u00e3o ser\u00e1 vendido ao Zenit logo ap\u00f3s a disputa do Mundial de Clubes. Os russos v\u00e3o pagar a multa rescis\u00f3ria de 25 milh\u00f5es de euros \u00e0 vista, cerca de R$ 158 milh\u00f5es na cota\u00e7\u00e3o atual. Sendo assim, o Flamengo j\u00e1 estuda nomes para contratar e repor a perda do Coringa.<\/p>\n","protected":false},"excerpt":{"rendered":"<p>Com o fim da janela de transfer\u00eancias pr\u00e9-Copa do Mundo de Clubes, o diretor de futebol do Flamengo fez um balan\u00e7o em coletiva concedida nesta quinta-feira (12), nos Estados Unidos. De acordo com o portugu\u00eas, essa janela n\u00e3o era vista pelo clube como decisiva. &#8220;Esta foi uma janela extraordin\u00e1ria e s\u00f3 aberta para os pa\u00edses [&hellip;]<\/p>\n","protected":false},"author":32,"featured_media":270841,"comment_status":"open","ping_status":"closed","sticky":false,"template":"","format":"standard","meta":{"footnotes":""},"categories":[1],"tags":[],"class_list":["post-270855","post","type-post","status-publish","format-standard","has-post-thumbnail","hentry","category-flamengo"],"yoast_head":"<!-- This site is optimized with the Yoast SEO Premium plugin v24.2 (Yoast SEO v26.9) - https:\/\/yoast.com\/product\/yoast-seo-premium-wordpress\/ -->\n<title>O recado de Jos\u00e9 Boto, do Flamengo, ap\u00f3s fim da janela de transfer\u00eancias<\/title>\n<meta name=\"robots\" content=\"index, follow, max-snippet:-1, max-image-preview:large, max-video-preview:-1\" \/>\n<link rel=\"canonical\" href=\"https:\/\/www.gaveanews.com\/index.php\/2025\/06\/13\/o-recado-de-jose-boto-do-flamengo-apos-fim-da-janela-de-transferencias\/\" \/>\n<meta property=\"og:locale\" content=\"pt_BR\" \/>\n<meta property=\"og:type\" content=\"article\" \/>\n<meta property=\"og:title\" content=\"O recado de Jos\u00e9 Boto, do Flamengo, ap\u00f3s fim da janela de transfer\u00eancias\" \/>\n<meta property=\"og:description\" content=\"Com o fim da janela de transfer\u00eancias pr\u00e9-Copa do Mundo de Clubes, o diretor de futebol do Flamengo fez um balan\u00e7o em coletiva concedida nesta quinta-feira (12), nos Estados Unidos. De acordo com o portugu\u00eas, essa janela n\u00e3o era vista pelo clube como decisiva. &#8220;Esta foi uma janela extraordin\u00e1ria e s\u00f3 aberta para os pa\u00edses [&hellip;]\" \/>\n<meta property=\"og:url\" content=\"https:\/\/www.gaveanews.com\/index.php\/2025\/06\/13\/o-recado-de-jose-boto-do-flamengo-apos-fim-da-janela-de-transferencias\/\" \/>\n<meta property=\"og:site_name\" content=\"G\u00e1vea News\" \/>\n<meta property=\"article:publisher\" content=\"https:\/\/facebook.com\/gaveaNews\/\" \/>\n<meta property=\"article:published_time\" content=\"2025-06-13T14:00:03+00:00\" \/>\n<meta property=\"og:image\" content=\"https:\/\/www.gaveanews.com\/wp-content\/uploads\/Jorginho-e-Boto-assinando-contrato.webp\" \/>\n\t<meta property=\"og:image:width\" content=\"1200\" \/>\n\t<meta property=\"og:image:height\" content=\"800\" \/>\n\t<meta property=\"og:image:type\" content=\"image\/webp\" \/>\n<meta name=\"author\" content=\"Matheus Leal\" \/>\n<meta name=\"twitter:card\" content=\"summary_large_image\" \/>\n<meta name=\"twitter:label1\" content=\"Escrito por\" \/>\n\t<meta name=\"twitter:data1\" content=\"Matheus Leal\" \/>\n\t<meta name=\"twitter:label2\" content=\"Est. tempo de leitura\" \/>\n\t<meta name=\"twitter:data2\" content=\"2 minutos\" \/>\n<script type=\"application\/ld+json\" class=\"yoast-schema-graph\">{\"@context\":\"https:\/\/schema.org\",\"@graph\":[{\"@type\":\"NewsArticle\",\"@id\":\"https:\/\/www.gaveanews.com\/index.php\/2025\/06\/13\/o-recado-de-jose-boto-do-flamengo-apos-fim-da-janela-de-transferencias\/#article\",\"isPartOf\":{\"@id\":\"https:\/\/www.gaveanews.com\/index.php\/2025\/06\/13\/o-recado-de-jose-boto-do-flamengo-apos-fim-da-janela-de-transferencias\/\"},\"author\":{\"name\":\"Matheus Leal\",\"@id\":\"https:\/\/www.gaveanews.com\/#\/schema\/person\/49ac99b6823a2b8d5087a6ce3aaaa128\"},\"headline\":\"O recado de Jos\u00e9 Boto, do Flamengo, ap\u00f3s fim da janela de transfer\u00eancias\",\"datePublished\":\"2025-06-13T14:00:03+00:00\",\"mainEntityOfPage\":{\"@id\":\"https:\/\/www.gaveanews.com\/index.php\/2025\/06\/13\/o-recado-de-jose-boto-do-flamengo-apos-fim-da-janela-de-transferencias\/\"},\"wordCount\":345,\"commentCount\":0,\"image\":{\"@id\":\"https:\/\/www.gaveanews.com\/index.php\/2025\/06\/13\/o-recado-de-jose-boto-do-flamengo-apos-fim-da-janela-de-transferencias\/#primaryimage\"},\"thumbnailUrl\":\"https:\/\/www.gaveanews.com\/wp-content\/uploads\/Jorginho-e-Boto-assinando-contrato.webp\",\"articleSection\":[\"Flamengo\"],\"inLanguage\":\"pt-BR\",\"potentialAction\":[{\"@type\":\"CommentAction\",\"name\":\"Comment\",\"target\":[\"https:\/\/www.gaveanews.com\/index.php\/2025\/06\/13\/o-recado-de-jose-boto-do-flamengo-apos-fim-da-janela-de-transferencias\/#respond\"]}],\"copyrightYear\":\"2025\",\"copyrightHolder\":{\"@id\":\"https:\/\/www.gaveanews.com\/#organization\"}},{\"@type\":\"WebPage\",\"@id\":\"https:\/\/www.gaveanews.com\/index.php\/2025\/06\/13\/o-recado-de-jose-boto-do-flamengo-apos-fim-da-janela-de-transferencias\/\",\"url\":\"https:\/\/www.gaveanews.com\/index.php\/2025\/06\/13\/o-recado-de-jose-boto-do-flamengo-apos-fim-da-janela-de-transferencias\/\",\"name\":\"O recado de Jos\u00e9 Boto, do Flamengo, ap\u00f3s fim da janela de transfer\u00eancias\",\"isPartOf\":{\"@id\":\"https:\/\/www.gaveanews.com\/#website\"},\"primaryImageOfPage\":{\"@id\":\"https:\/\/www.gaveanews.com\/index.php\/2025\/06\/13\/o-recado-de-jose-boto-do-flamengo-apos-fim-da-janela-de-transferencias\/#primaryimage\"},\"image\":{\"@id\":\"https:\/\/www.gaveanews.com\/index.php\/2025\/06\/13\/o-recado-de-jose-boto-do-flamengo-apos-fim-da-janela-de-transferencias\/#primaryimage\"},\"thumbnailUrl\":\"https:\/\/www.gaveanews.com\/wp-content\/uploads\/Jorginho-e-Boto-assinando-contrato.webp\",\"datePublished\":\"2025-06-13T14:00:03+00:00\",\"author\":{\"@id\":\"https:\/\/www.gaveanews.com\/#\/schema\/person\/49ac99b6823a2b8d5087a6ce3aaaa128\"},\"breadcrumb\":{\"@id\":\"https:\/\/www.gaveanews.com\/index.php\/2025\/06\/13\/o-recado-de-jose-boto-do-flamengo-apos-fim-da-janela-de-transferencias\/#breadcrumb\"},\"inLanguage\":\"pt-BR\",\"potentialAction\":[{\"@type\":\"ReadAction\",\"target\":[\"https:\/\/www.gaveanews.com\/index.php\/2025\/06\/13\/o-recado-de-jose-boto-do-flamengo-apos-fim-da-janela-de-transferencias\/\"]}]},{\"@type\":\"ImageObject\",\"inLanguage\":\"pt-BR\",\"@id\":\"https:\/\/www.gaveanews.com\/index.php\/2025\/06\/13\/o-recado-de-jose-boto-do-flamengo-apos-fim-da-janela-de-transferencias\/#primaryimage\",\"url\":\"https:\/\/www.gaveanews.com\/wp-content\/uploads\/Jorginho-e-Boto-assinando-contrato.webp\",\"contentUrl\":\"https:\/\/www.gaveanews.com\/wp-content\/uploads\/Jorginho-e-Boto-assinando-contrato.webp\",\"width\":1200,\"height\":800,\"caption\":\"Jorginho e Boto assinando contrato (Foto: Adriano Fontes\/Flamengo)\"},{\"@type\":\"BreadcrumbList\",\"@id\":\"https:\/\/www.gaveanews.com\/index.php\/2025\/06\/13\/o-recado-de-jose-boto-do-flamengo-apos-fim-da-janela-de-transferencias\/#breadcrumb\",\"itemListElement\":[{\"@type\":\"ListItem\",\"position\":1,\"name\":\"Home\",\"item\":\"https:\/\/www.gaveanews.com\/\"},{\"@type\":\"ListItem\",\"position\":2,\"name\":\"O recado de Jos\u00e9 Boto, do Flamengo, ap\u00f3s fim da janela de transfer\u00eancias\"}]},{\"@type\":\"WebSite\",\"@id\":\"https:\/\/www.gaveanews.com\/#website\",\"url\":\"https:\/\/www.gaveanews.com\/\",\"name\":\"G\u00e1vea News\",\"description\":\"Veja todas as not\u00edcias sobre o Flamengo: Contrata\u00e7\u00f5es, categorias de base, resultados das partidas, tabela de classifica\u00e7\u00e3o, pr\u00f3ximos jogos!\",\"potentialAction\":[{\"@type\":\"SearchAction\",\"target\":{\"@type\":\"EntryPoint\",\"urlTemplate\":\"https:\/\/www.gaveanews.com\/?s={search_term_string}\"},\"query-input\":{\"@type\":\"PropertyValueSpecification\",\"valueRequired\":true,\"valueName\":\"search_term_string\"}}],\"inLanguage\":\"pt-BR\"},{\"@type\":\"Person\",\"@id\":\"https:\/\/www.gaveanews.com\/#\/schema\/person\/49ac99b6823a2b8d5087a6ce3aaaa128\",\"name\":\"Matheus Leal\",\"image\":{\"@type\":\"ImageObject\",\"inLanguage\":\"pt-BR\",\"@id\":\"https:\/\/www.gaveanews.com\/#\/schema\/person\/image\/\",\"url\":\"https:\/\/secure.gravatar.com\/avatar\/21c52300d1234416f9c886f6dadd7452d8b035ac505314a51e4f56731e90c481?s=96&d=mm&r=g\",\"contentUrl\":\"https:\/\/secure.gravatar.com\/avatar\/21c52300d1234416f9c886f6dadd7452d8b035ac505314a51e4f56731e90c481?s=96&d=mm&r=g\",\"caption\":\"Matheus Leal\"}}]}<\/script>\n<!-- \/ Yoast SEO Premium plugin. -->","yoast_head_json":{"title":"O recado de Jos\u00e9 Boto, do Flamengo, ap\u00f3s fim da janela de transfer\u00eancias","robots":{"index":"index","follow":"follow","max-snippet":"max-snippet:-1","max-image-preview":"max-image-preview:large","max-video-preview":"max-video-preview:-1"},"canonical":"https:\/\/www.gaveanews.com\/index.php\/2025\/06\/13\/o-recado-de-jose-boto-do-flamengo-apos-fim-da-janela-de-transferencias\/","og_locale":"pt_BR","og_type":"article","og_title":"O recado de Jos\u00e9 Boto, do Flamengo, ap\u00f3s fim da janela de transfer\u00eancias","og_description":"Com o fim da janela de transfer\u00eancias pr\u00e9-Copa do Mundo de Clubes, o diretor de futebol do Flamengo fez um balan\u00e7o em coletiva concedida nesta quinta-feira (12), nos Estados Unidos. De acordo com o portugu\u00eas, essa janela n\u00e3o era vista pelo clube como decisiva. &#8220;Esta foi uma janela extraordin\u00e1ria e s\u00f3 aberta para os pa\u00edses [&hellip;]","og_url":"https:\/\/www.gaveanews.com\/index.php\/2025\/06\/13\/o-recado-de-jose-boto-do-flamengo-apos-fim-da-janela-de-transferencias\/","og_site_name":"G\u00e1vea News","article_publisher":"https:\/\/facebook.com\/gaveaNews\/","article_published_time":"2025-06-13T14:00:03+00:00","og_image":[{"width":1200,"height":800,"url":"https:\/\/www.gaveanews.com\/wp-content\/uploads\/Jorginho-e-Boto-assinando-contrato.webp","type":"image\/webp"}],"author":"Matheus Leal","twitter_card":"summary_large_image","twitter_misc":{"Escrito por":"Matheus Leal","Est. tempo de leitura":"2 minutos"},"schema":{"@context":"https:\/\/schema.org","@graph":[{"@type":"NewsArticle","@id":"https:\/\/www.gaveanews.com\/index.php\/2025\/06\/13\/o-recado-de-jose-boto-do-flamengo-apos-fim-da-janela-de-transferencias\/#article","isPartOf":{"@id":"https:\/\/www.gaveanews.com\/index.php\/2025\/06\/13\/o-recado-de-jose-boto-do-flamengo-apos-fim-da-janela-de-transferencias\/"},"author":{"name":"Matheus Leal","@id":"https:\/\/www.gaveanews.com\/#\/schema\/person\/49ac99b6823a2b8d5087a6ce3aaaa128"},"headline":"O recado de Jos\u00e9 Boto, do Flamengo, ap\u00f3s fim da janela de transfer\u00eancias","datePublished":"2025-06-13T14:00:03+00:00","mainEntityOfPage":{"@id":"https:\/\/www.gaveanews.com\/index.php\/2025\/06\/13\/o-recado-de-jose-boto-do-flamengo-apos-fim-da-janela-de-transferencias\/"},"wordCount":345,"commentCount":0,"image":{"@id":"https:\/\/www.gaveanews.com\/index.php\/2025\/06\/13\/o-recado-de-jose-boto-do-flamengo-apos-fim-da-janela-de-transferencias\/#primaryimage"},"thumbnailUrl":"https:\/\/www.gaveanews.com\/wp-content\/uploads\/Jorginho-e-Boto-assinando-contrato.webp","articleSection":["Flamengo"],"inLanguage":"pt-BR","potentialAction":[{"@type":"CommentAction","name":"Comment","target":["https:\/\/www.gaveanews.com\/index.php\/2025\/06\/13\/o-recado-de-jose-boto-do-flamengo-apos-fim-da-janela-de-transferencias\/#respond"]}],"copyrightYear":"2025","copyrightHolder":{"@id":"https:\/\/www.gaveanews.com\/#organization"}},{"@type":"WebPage","@id":"https:\/\/www.gaveanews.com\/index.php\/2025\/06\/13\/o-recado-de-jose-boto-do-flamengo-apos-fim-da-janela-de-transferencias\/","url":"https:\/\/www.gaveanews.com\/index.php\/2025\/06\/13\/o-recado-de-jose-boto-do-flamengo-apos-fim-da-janela-de-transferencias\/","name":"O recado de Jos\u00e9 Boto, do Flamengo, ap\u00f3s fim da janela de transfer\u00eancias","isPartOf":{"@id":"https:\/\/www.gaveanews.com\/#website"},"primaryImageOfPage":{"@id":"https:\/\/www.gaveanews.com\/index.php\/2025\/06\/13\/o-recado-de-jose-boto-do-flamengo-apos-fim-da-janela-de-transferencias\/#primaryimage"},"image":{"@id":"https:\/\/www.gaveanews.com\/index.php\/2025\/06\/13\/o-recado-de-jose-boto-do-flamengo-apos-fim-da-janela-de-transferencias\/#primaryimage"},"thumbnailUrl":"https:\/\/www.gaveanews.com\/wp-content\/uploads\/Jorginho-e-Boto-assinando-contrato.webp","datePublished":"2025-06-13T14:00:03+00:00","author":{"@id":"https:\/\/www.gaveanews.com\/#\/schema\/person\/49ac99b6823a2b8d5087a6ce3aaaa128"},"breadcrumb":{"@id":"https:\/\/www.gaveanews.com\/index.php\/2025\/06\/13\/o-recado-de-jose-boto-do-flamengo-apos-fim-da-janela-de-transferencias\/#breadcrumb"},"inLanguage":"pt-BR","potentialAction":[{"@type":"ReadAction","target":["https:\/\/www.gaveanews.com\/index.php\/2025\/06\/13\/o-recado-de-jose-boto-do-flamengo-apos-fim-da-janela-de-transferencias\/"]}]},{"@type":"ImageObject","inLanguage":"pt-BR","@id":"https:\/\/www.gaveanews.com\/index.php\/2025\/06\/13\/o-recado-de-jose-boto-do-flamengo-apos-fim-da-janela-de-transferencias\/#primaryimage","url":"https:\/\/www.gaveanews.com\/wp-content\/uploads\/Jorginho-e-Boto-assinando-contrato.webp","contentUrl":"https:\/\/www.gaveanews.com\/wp-content\/uploads\/Jorginho-e-Boto-assinando-contrato.webp","width":1200,"height":800,"caption":"Jorginho e Boto assinando contrato (Foto: Adriano Fontes\/Flamengo)"},{"@type":"BreadcrumbList","@id":"https:\/\/www.gaveanews.com\/index.php\/2025\/06\/13\/o-recado-de-jose-boto-do-flamengo-apos-fim-da-janela-de-transferencias\/#breadcrumb","itemListElement":[{"@type":"ListItem","position":1,"name":"Home","item":"https:\/\/www.gaveanews.com\/"},{"@type":"ListItem","position":2,"name":"O recado de Jos\u00e9 Boto, do Flamengo, ap\u00f3s fim da janela de transfer\u00eancias"}]},{"@type":"WebSite","@id":"https:\/\/www.gaveanews.com\/#website","url":"https:\/\/www.gaveanews.com\/","name":"G\u00e1vea News","description":"Veja todas as not\u00edcias sobre o Flamengo: Contrata\u00e7\u00f5es, categorias de base, resultados das partidas, tabela de classifica\u00e7\u00e3o, pr\u00f3ximos jogos!","potentialAction":[{"@type":"SearchAction","target":{"@type":"EntryPoint","urlTemplate":"https:\/\/www.gaveanews.com\/?s={search_term_string}"},"query-input":{"@type":"PropertyValueSpecification","valueRequired":true,"valueName":"search_term_string"}}],"inLanguage":"pt-BR"},{"@type":"Person","@id":"https:\/\/www.gaveanews.com\/#\/schema\/person\/49ac99b6823a2b8d5087a6ce3aaaa128","name":"Matheus Leal","image":{"@type":"ImageObject","inLanguage":"pt-BR","@id":"https:\/\/www.gaveanews.com\/#\/schema\/person\/image\/","url":"https:\/\/secure.gravatar.com\/avatar\/21c52300d1234416f9c886f6dadd7452d8b035ac505314a51e4f56731e90c481?s=96&d=mm&r=g","contentUrl":"https:\/\/secure.gravatar.com\/avatar\/21c52300d1234416f9c886f6dadd7452d8b035ac505314a51e4f56731e90c481?s=96&d=mm&r=g","caption":"Matheus Leal"}}]}},"_links":{"self":[{"href":"https:\/\/www.gaveanews.com\/index.php\/wp-json\/wp\/v2\/posts\/270855","targetHints":{"allow":["GET"]}}],"collection":[{"href":"https:\/\/www.gaveanews.com\/index.php\/wp-json\/wp\/v2\/posts"}],"about":[{"href":"https:\/\/www.gaveanews.com\/index.php\/wp-json\/wp\/v2\/types\/post"}],"author":[{"embeddable":true,"href":"https:\/\/www.gaveanews.com\/index.php\/wp-json\/wp\/v2\/users\/32"}],"replies":[{"embeddable":true,"href":"https:\/\/www.gaveanews.com\/index.php\/wp-json\/wp\/v2\/comments?post=270855"}],"version-history":[{"count":1,"href":"https:\/\/www.gaveanews.com\/index.php\/wp-json\/wp\/v2\/posts\/270855\/revisions"}],"predecessor-version":[{"id":270861,"href":"https:\/\/www.gaveanews.com\/index.php\/wp-json\/wp\/v2\/posts\/270855\/revisions\/270861"}],"wp:featuredmedia":[{"embeddable":true,"href":"https:\/\/www.gaveanews.com\/index.php\/wp-json\/wp\/v2\/media\/270841"}],"wp:attachment":[{"href":"https:\/\/www.gaveanews.com\/index.php\/wp-json\/wp\/v2\/media?parent=270855"}],"wp:term":[{"taxonomy":"category","embeddable":true,"href":"https:\/\/www.gaveanews.com\/index.php\/wp-json\/wp\/v2\/categories?post=270855"},{"taxonomy":"post_tag","embeddable":true,"href":"https:\/\/www.gaveanews.com\/index.php\/wp-json\/wp\/v2\/tags?post=270855"}],"curies":[{"name":"wp","href":"https:\/\/api.w.org\/{rel}","templated":true}]}}