{"id":271079,"date":"2025-06-18T09:52:28","date_gmt":"2025-06-18T12:52:28","guid":{"rendered":"https:\/\/www.gaveanews.com\/?p=271079"},"modified":"2025-06-18T09:52:37","modified_gmt":"2025-06-18T12:52:37","slug":"a-declaracao-de-bruno-henrique-direcionada-a-jorginho-do-flamengo","status":"publish","type":"post","link":"https:\/\/www.gaveanews.com\/index.php\/2025\/06\/18\/a-declaracao-de-bruno-henrique-direcionada-a-jorginho-do-flamengo\/","title":{"rendered":"A declara\u00e7\u00e3o de Bruno Henrique direcionada a Jorginho, do Flamengo"},"content":{"rendered":"\n<p>O Flamengo iniciou sua participa\u00e7\u00e3o no Mundial de Clubes com uma vit\u00f3ria segura por 2 a 0 sobre o Esp\u00e9rance de Tunis, na segunda-feira (16), na Filad\u00e9lfia. O resultado, no entanto, n\u00e3o foi o \u00fanico destaque do confronto. A atua\u00e7\u00e3o do meio-campista Jorginho, rec\u00e9m-contratado, chamou aten\u00e7\u00e3o e rendeu elogios de Bruno Henrique, atacante que est\u00e1 no clube desde 2019.<\/p>\n\n\n\n<p>Refor\u00e7o pontual para o torneio, Jorginho foi titular logo em sua estreia, atuando ao lado de Erick Pulgar no meio-campo. A confian\u00e7a de Filipe Lu\u00eds no novo atleta se mostrou acertada. O \u00edtalo-brasileiro demonstrou bom entrosamento e participou diretamente do segundo gol da equipe, ao dar assist\u00eancia para Luiz Ara\u00fajo finalizar com precis\u00e3o. A contribui\u00e7\u00e3o do camisa 21 foi bem recebida pelos companheiros e pela comiss\u00e3o t\u00e9cnica.<\/p>\n\n\n\n<p>Ap\u00f3s a partida, Bruno Henrique n\u00e3o economizou nos elogios ao novo colega. \u201cDo Jorginho, eu n\u00e3o tenho nem o que falar. Jogador consagrado na Europa, campe\u00e3o, super do bem, j\u00e1 chegou entrosado. Com a bagagem de t\u00edtulos e de Europa, j\u00e1 vem nos auxiliando dentro de campo, conversando\u201d, afirmou o atacante.<\/p>\n\n\n\n<p>O camisa 27 ainda revelou bastidores da chegada do meio-campista. \u201cUm cara que tamb\u00e9m chegou, falou com a gente que quer viver grandes momentos no Flamengo como eu, que estou aqui h\u00e1 mais tempo, vivi. A experi\u00eancia conta muito\u201d, completou, evidenciando a integra\u00e7\u00e3o r\u00e1pida de Jorginho ao grupo.<\/p>\n\n\n\n<p>A vit\u00f3ria diante do Esp\u00e9rance garantiu ao Flamengo a lideran\u00e7a do Grupo D. Apesar do mesmo saldo de gols do Chelsea, a equipe brasileira leva vantagem no n\u00famero de cart\u00f5es. O time ingl\u00eas recebeu tr\u00eas advert\u00eancias, enquanto o rubro-negro teve apenas uma, aplicada justamente a Bruno Henrique.<\/p>\n\n\n\n<p>O pr\u00f3ximo compromisso da equipe ser\u00e1 na sexta-feira (20), \u00e0s 15h (hor\u00e1rio de Bras\u00edlia), contra o Chelsea. Caso ven\u00e7a os ingleses e ocorra um empate entre Esp\u00e9rance e Los Angeles FC, \u00e0s 19h (hor\u00e1rio de Bras\u00edlia), o Flamengo garantir\u00e1 vaga antecipada nas oitavas de final do torneio. Jorginho, portanto, deve seguir como pe\u00e7a fundamental no meio-campo, contribuindo tanto na cria\u00e7\u00e3o quanto na recomposi\u00e7\u00e3o defensiva.<\/p>\n","protected":false},"excerpt":{"rendered":"<p>O Flamengo iniciou sua participa\u00e7\u00e3o no Mundial de Clubes com uma vit\u00f3ria segura por 2 a 0 sobre o Esp\u00e9rance de Tunis, na segunda-feira (16), na Filad\u00e9lfia. O resultado, no entanto, n\u00e3o foi o \u00fanico destaque do confronto. A atua\u00e7\u00e3o do meio-campista Jorginho, rec\u00e9m-contratado, chamou aten\u00e7\u00e3o e rendeu elogios de Bruno Henrique, atacante que est\u00e1 [&hellip;]<\/p>\n","protected":false},"author":15,"featured_media":255011,"comment_status":"open","ping_status":"closed","sticky":false,"template":"","format":"standard","meta":{"footnotes":""},"categories":[1],"tags":[],"class_list":["post-271079","post","type-post","status-publish","format-standard","has-post-thumbnail","hentry","category-flamengo"],"yoast_head":"<!-- This site is optimized with the Yoast SEO Premium plugin v24.2 (Yoast SEO v26.9) - https:\/\/yoast.com\/product\/yoast-seo-premium-wordpress\/ -->\n<title>A declara\u00e7\u00e3o de Bruno Henrique direcionada a Jorginho, do Flamengo<\/title>\n<meta name=\"robots\" content=\"index, follow, max-snippet:-1, max-image-preview:large, max-video-preview:-1\" \/>\n<link rel=\"canonical\" href=\"https:\/\/www.gaveanews.com\/index.php\/2025\/06\/18\/a-declaracao-de-bruno-henrique-direcionada-a-jorginho-do-flamengo\/\" \/>\n<meta property=\"og:locale\" content=\"pt_BR\" \/>\n<meta property=\"og:type\" content=\"article\" \/>\n<meta property=\"og:title\" content=\"A declara\u00e7\u00e3o de Bruno Henrique direcionada a Jorginho, do Flamengo\" \/>\n<meta property=\"og:description\" content=\"O Flamengo iniciou sua participa\u00e7\u00e3o no Mundial de Clubes com uma vit\u00f3ria segura por 2 a 0 sobre o Esp\u00e9rance de Tunis, na segunda-feira (16), na Filad\u00e9lfia. O resultado, no entanto, n\u00e3o foi o \u00fanico destaque do confronto. A atua\u00e7\u00e3o do meio-campista Jorginho, rec\u00e9m-contratado, chamou aten\u00e7\u00e3o e rendeu elogios de Bruno Henrique, atacante que est\u00e1 [&hellip;]\" \/>\n<meta property=\"og:url\" content=\"https:\/\/www.gaveanews.com\/index.php\/2025\/06\/18\/a-declaracao-de-bruno-henrique-direcionada-a-jorginho-do-flamengo\/\" \/>\n<meta property=\"og:site_name\" content=\"G\u00e1vea News\" \/>\n<meta property=\"article:publisher\" content=\"https:\/\/facebook.com\/gaveaNews\/\" \/>\n<meta property=\"article:published_time\" content=\"2025-06-18T12:52:28+00:00\" \/>\n<meta property=\"article:modified_time\" content=\"2025-06-18T12:52:37+00:00\" \/>\n<meta property=\"og:image\" content=\"http:\/\/www.gaveanews.com\/wp-content\/uploads\/Bruno-Henrique-em-embarque-do-Flamengo.webp\" \/>\n\t<meta property=\"og:image:width\" content=\"1200\" \/>\n\t<meta property=\"og:image:height\" content=\"800\" \/>\n\t<meta property=\"og:image:type\" content=\"image\/png\" \/>\n<meta name=\"author\" content=\"Henrique Machado\" \/>\n<meta name=\"twitter:card\" content=\"summary_large_image\" \/>\n<meta name=\"twitter:label1\" content=\"Escrito por\" \/>\n\t<meta name=\"twitter:data1\" content=\"Henrique Machado\" \/>\n\t<meta name=\"twitter:label2\" content=\"Est. tempo de leitura\" \/>\n\t<meta name=\"twitter:data2\" content=\"3 minutos\" \/>\n<script type=\"application\/ld+json\" class=\"yoast-schema-graph\">{\"@context\":\"https:\/\/schema.org\",\"@graph\":[{\"@type\":\"NewsArticle\",\"@id\":\"https:\/\/www.gaveanews.com\/index.php\/2025\/06\/18\/a-declaracao-de-bruno-henrique-direcionada-a-jorginho-do-flamengo\/#article\",\"isPartOf\":{\"@id\":\"https:\/\/www.gaveanews.com\/index.php\/2025\/06\/18\/a-declaracao-de-bruno-henrique-direcionada-a-jorginho-do-flamengo\/\"},\"author\":{\"name\":\"Henrique Machado\",\"@id\":\"https:\/\/www.gaveanews.com\/#\/schema\/person\/fd07635ec039ec3ba74ad18ec8a6dbd6\"},\"headline\":\"A declara\u00e7\u00e3o de Bruno Henrique direcionada a Jorginho, do Flamengo\",\"datePublished\":\"2025-06-18T12:52:28+00:00\",\"dateModified\":\"2025-06-18T12:52:37+00:00\",\"mainEntityOfPage\":{\"@id\":\"https:\/\/www.gaveanews.com\/index.php\/2025\/06\/18\/a-declaracao-de-bruno-henrique-direcionada-a-jorginho-do-flamengo\/\"},\"wordCount\":384,\"commentCount\":0,\"image\":{\"@id\":\"https:\/\/www.gaveanews.com\/index.php\/2025\/06\/18\/a-declaracao-de-bruno-henrique-direcionada-a-jorginho-do-flamengo\/#primaryimage\"},\"thumbnailUrl\":\"https:\/\/www.gaveanews.com\/wp-content\/uploads\/Bruno-Henrique-em-embarque-do-Flamengo.webp\",\"articleSection\":[\"Flamengo\"],\"inLanguage\":\"pt-BR\",\"potentialAction\":[{\"@type\":\"CommentAction\",\"name\":\"Comment\",\"target\":[\"https:\/\/www.gaveanews.com\/index.php\/2025\/06\/18\/a-declaracao-de-bruno-henrique-direcionada-a-jorginho-do-flamengo\/#respond\"]}],\"copyrightYear\":\"2025\",\"copyrightHolder\":{\"@id\":\"https:\/\/www.gaveanews.com\/#organization\"}},{\"@type\":\"WebPage\",\"@id\":\"https:\/\/www.gaveanews.com\/index.php\/2025\/06\/18\/a-declaracao-de-bruno-henrique-direcionada-a-jorginho-do-flamengo\/\",\"url\":\"https:\/\/www.gaveanews.com\/index.php\/2025\/06\/18\/a-declaracao-de-bruno-henrique-direcionada-a-jorginho-do-flamengo\/\",\"name\":\"A declara\u00e7\u00e3o de Bruno Henrique direcionada a Jorginho, do Flamengo\",\"isPartOf\":{\"@id\":\"https:\/\/www.gaveanews.com\/#website\"},\"primaryImageOfPage\":{\"@id\":\"https:\/\/www.gaveanews.com\/index.php\/2025\/06\/18\/a-declaracao-de-bruno-henrique-direcionada-a-jorginho-do-flamengo\/#primaryimage\"},\"image\":{\"@id\":\"https:\/\/www.gaveanews.com\/index.php\/2025\/06\/18\/a-declaracao-de-bruno-henrique-direcionada-a-jorginho-do-flamengo\/#primaryimage\"},\"thumbnailUrl\":\"https:\/\/www.gaveanews.com\/wp-content\/uploads\/Bruno-Henrique-em-embarque-do-Flamengo.webp\",\"datePublished\":\"2025-06-18T12:52:28+00:00\",\"dateModified\":\"2025-06-18T12:52:37+00:00\",\"author\":{\"@id\":\"https:\/\/www.gaveanews.com\/#\/schema\/person\/fd07635ec039ec3ba74ad18ec8a6dbd6\"},\"breadcrumb\":{\"@id\":\"https:\/\/www.gaveanews.com\/index.php\/2025\/06\/18\/a-declaracao-de-bruno-henrique-direcionada-a-jorginho-do-flamengo\/#breadcrumb\"},\"inLanguage\":\"pt-BR\",\"potentialAction\":[{\"@type\":\"ReadAction\",\"target\":[\"https:\/\/www.gaveanews.com\/index.php\/2025\/06\/18\/a-declaracao-de-bruno-henrique-direcionada-a-jorginho-do-flamengo\/\"]}]},{\"@type\":\"ImageObject\",\"inLanguage\":\"pt-BR\",\"@id\":\"https:\/\/www.gaveanews.com\/index.php\/2025\/06\/18\/a-declaracao-de-bruno-henrique-direcionada-a-jorginho-do-flamengo\/#primaryimage\",\"url\":\"https:\/\/www.gaveanews.com\/wp-content\/uploads\/Bruno-Henrique-em-embarque-do-Flamengo.webp\",\"contentUrl\":\"https:\/\/www.gaveanews.com\/wp-content\/uploads\/Bruno-Henrique-em-embarque-do-Flamengo.webp\",\"width\":1200,\"height\":800,\"caption\":\"Bruno Henrique em embarque do Flamengo - Foto: Adriano Fontes\/Flamengo\"},{\"@type\":\"BreadcrumbList\",\"@id\":\"https:\/\/www.gaveanews.com\/index.php\/2025\/06\/18\/a-declaracao-de-bruno-henrique-direcionada-a-jorginho-do-flamengo\/#breadcrumb\",\"itemListElement\":[{\"@type\":\"ListItem\",\"position\":1,\"name\":\"Home\",\"item\":\"https:\/\/www.gaveanews.com\/\"},{\"@type\":\"ListItem\",\"position\":2,\"name\":\"A declara\u00e7\u00e3o de Bruno Henrique direcionada a Jorginho, do Flamengo\"}]},{\"@type\":\"WebSite\",\"@id\":\"https:\/\/www.gaveanews.com\/#website\",\"url\":\"https:\/\/www.gaveanews.com\/\",\"name\":\"G\u00e1vea News\",\"description\":\"Veja todas as not\u00edcias sobre o Flamengo: Contrata\u00e7\u00f5es, categorias de base, resultados das partidas, tabela de classifica\u00e7\u00e3o, pr\u00f3ximos jogos!\",\"potentialAction\":[{\"@type\":\"SearchAction\",\"target\":{\"@type\":\"EntryPoint\",\"urlTemplate\":\"https:\/\/www.gaveanews.com\/?s={search_term_string}\"},\"query-input\":{\"@type\":\"PropertyValueSpecification\",\"valueRequired\":true,\"valueName\":\"search_term_string\"}}],\"inLanguage\":\"pt-BR\"},{\"@type\":\"Person\",\"@id\":\"https:\/\/www.gaveanews.com\/#\/schema\/person\/fd07635ec039ec3ba74ad18ec8a6dbd6\",\"name\":\"Henrique Machado\",\"image\":{\"@type\":\"ImageObject\",\"inLanguage\":\"pt-BR\",\"@id\":\"https:\/\/www.gaveanews.com\/#\/schema\/person\/image\/\",\"url\":\"https:\/\/secure.gravatar.com\/avatar\/b95e35997e01d9800c1b6184bd79d4d898d370a3fce2584f5c77b907d5c7d9e9?s=96&d=mm&r=g\",\"contentUrl\":\"https:\/\/secure.gravatar.com\/avatar\/b95e35997e01d9800c1b6184bd79d4d898d370a3fce2584f5c77b907d5c7d9e9?s=96&d=mm&r=g\",\"caption\":\"Henrique Machado\"}}]}<\/script>\n<!-- \/ Yoast SEO Premium plugin. -->","yoast_head_json":{"title":"A declara\u00e7\u00e3o de Bruno Henrique direcionada a Jorginho, do Flamengo","robots":{"index":"index","follow":"follow","max-snippet":"max-snippet:-1","max-image-preview":"max-image-preview:large","max-video-preview":"max-video-preview:-1"},"canonical":"https:\/\/www.gaveanews.com\/index.php\/2025\/06\/18\/a-declaracao-de-bruno-henrique-direcionada-a-jorginho-do-flamengo\/","og_locale":"pt_BR","og_type":"article","og_title":"A declara\u00e7\u00e3o de Bruno Henrique direcionada a Jorginho, do Flamengo","og_description":"O Flamengo iniciou sua participa\u00e7\u00e3o no Mundial de Clubes com uma vit\u00f3ria segura por 2 a 0 sobre o Esp\u00e9rance de Tunis, na segunda-feira (16), na Filad\u00e9lfia. O resultado, no entanto, n\u00e3o foi o \u00fanico destaque do confronto. A atua\u00e7\u00e3o do meio-campista Jorginho, rec\u00e9m-contratado, chamou aten\u00e7\u00e3o e rendeu elogios de Bruno Henrique, atacante que est\u00e1 [&hellip;]","og_url":"https:\/\/www.gaveanews.com\/index.php\/2025\/06\/18\/a-declaracao-de-bruno-henrique-direcionada-a-jorginho-do-flamengo\/","og_site_name":"G\u00e1vea News","article_publisher":"https:\/\/facebook.com\/gaveaNews\/","article_published_time":"2025-06-18T12:52:28+00:00","article_modified_time":"2025-06-18T12:52:37+00:00","og_image":[{"width":1200,"height":800,"url":"http:\/\/www.gaveanews.com\/wp-content\/uploads\/Bruno-Henrique-em-embarque-do-Flamengo.webp","type":"image\/png"}],"author":"Henrique Machado","twitter_card":"summary_large_image","twitter_misc":{"Escrito por":"Henrique Machado","Est. tempo de leitura":"3 minutos"},"schema":{"@context":"https:\/\/schema.org","@graph":[{"@type":"NewsArticle","@id":"https:\/\/www.gaveanews.com\/index.php\/2025\/06\/18\/a-declaracao-de-bruno-henrique-direcionada-a-jorginho-do-flamengo\/#article","isPartOf":{"@id":"https:\/\/www.gaveanews.com\/index.php\/2025\/06\/18\/a-declaracao-de-bruno-henrique-direcionada-a-jorginho-do-flamengo\/"},"author":{"name":"Henrique Machado","@id":"https:\/\/www.gaveanews.com\/#\/schema\/person\/fd07635ec039ec3ba74ad18ec8a6dbd6"},"headline":"A declara\u00e7\u00e3o de Bruno Henrique direcionada a Jorginho, do Flamengo","datePublished":"2025-06-18T12:52:28+00:00","dateModified":"2025-06-18T12:52:37+00:00","mainEntityOfPage":{"@id":"https:\/\/www.gaveanews.com\/index.php\/2025\/06\/18\/a-declaracao-de-bruno-henrique-direcionada-a-jorginho-do-flamengo\/"},"wordCount":384,"commentCount":0,"image":{"@id":"https:\/\/www.gaveanews.com\/index.php\/2025\/06\/18\/a-declaracao-de-bruno-henrique-direcionada-a-jorginho-do-flamengo\/#primaryimage"},"thumbnailUrl":"https:\/\/www.gaveanews.com\/wp-content\/uploads\/Bruno-Henrique-em-embarque-do-Flamengo.webp","articleSection":["Flamengo"],"inLanguage":"pt-BR","potentialAction":[{"@type":"CommentAction","name":"Comment","target":["https:\/\/www.gaveanews.com\/index.php\/2025\/06\/18\/a-declaracao-de-bruno-henrique-direcionada-a-jorginho-do-flamengo\/#respond"]}],"copyrightYear":"2025","copyrightHolder":{"@id":"https:\/\/www.gaveanews.com\/#organization"}},{"@type":"WebPage","@id":"https:\/\/www.gaveanews.com\/index.php\/2025\/06\/18\/a-declaracao-de-bruno-henrique-direcionada-a-jorginho-do-flamengo\/","url":"https:\/\/www.gaveanews.com\/index.php\/2025\/06\/18\/a-declaracao-de-bruno-henrique-direcionada-a-jorginho-do-flamengo\/","name":"A declara\u00e7\u00e3o de Bruno Henrique direcionada a Jorginho, do Flamengo","isPartOf":{"@id":"https:\/\/www.gaveanews.com\/#website"},"primaryImageOfPage":{"@id":"https:\/\/www.gaveanews.com\/index.php\/2025\/06\/18\/a-declaracao-de-bruno-henrique-direcionada-a-jorginho-do-flamengo\/#primaryimage"},"image":{"@id":"https:\/\/www.gaveanews.com\/index.php\/2025\/06\/18\/a-declaracao-de-bruno-henrique-direcionada-a-jorginho-do-flamengo\/#primaryimage"},"thumbnailUrl":"https:\/\/www.gaveanews.com\/wp-content\/uploads\/Bruno-Henrique-em-embarque-do-Flamengo.webp","datePublished":"2025-06-18T12:52:28+00:00","dateModified":"2025-06-18T12:52:37+00:00","author":{"@id":"https:\/\/www.gaveanews.com\/#\/schema\/person\/fd07635ec039ec3ba74ad18ec8a6dbd6"},"breadcrumb":{"@id":"https:\/\/www.gaveanews.com\/index.php\/2025\/06\/18\/a-declaracao-de-bruno-henrique-direcionada-a-jorginho-do-flamengo\/#breadcrumb"},"inLanguage":"pt-BR","potentialAction":[{"@type":"ReadAction","target":["https:\/\/www.gaveanews.com\/index.php\/2025\/06\/18\/a-declaracao-de-bruno-henrique-direcionada-a-jorginho-do-flamengo\/"]}]},{"@type":"ImageObject","inLanguage":"pt-BR","@id":"https:\/\/www.gaveanews.com\/index.php\/2025\/06\/18\/a-declaracao-de-bruno-henrique-direcionada-a-jorginho-do-flamengo\/#primaryimage","url":"https:\/\/www.gaveanews.com\/wp-content\/uploads\/Bruno-Henrique-em-embarque-do-Flamengo.webp","contentUrl":"https:\/\/www.gaveanews.com\/wp-content\/uploads\/Bruno-Henrique-em-embarque-do-Flamengo.webp","width":1200,"height":800,"caption":"Bruno Henrique em embarque do Flamengo - Foto: Adriano Fontes\/Flamengo"},{"@type":"BreadcrumbList","@id":"https:\/\/www.gaveanews.com\/index.php\/2025\/06\/18\/a-declaracao-de-bruno-henrique-direcionada-a-jorginho-do-flamengo\/#breadcrumb","itemListElement":[{"@type":"ListItem","position":1,"name":"Home","item":"https:\/\/www.gaveanews.com\/"},{"@type":"ListItem","position":2,"name":"A declara\u00e7\u00e3o de Bruno Henrique direcionada a Jorginho, do Flamengo"}]},{"@type":"WebSite","@id":"https:\/\/www.gaveanews.com\/#website","url":"https:\/\/www.gaveanews.com\/","name":"G\u00e1vea News","description":"Veja todas as not\u00edcias sobre o Flamengo: Contrata\u00e7\u00f5es, categorias de base, resultados das partidas, tabela de classifica\u00e7\u00e3o, pr\u00f3ximos jogos!","potentialAction":[{"@type":"SearchAction","target":{"@type":"EntryPoint","urlTemplate":"https:\/\/www.gaveanews.com\/?s={search_term_string}"},"query-input":{"@type":"PropertyValueSpecification","valueRequired":true,"valueName":"search_term_string"}}],"inLanguage":"pt-BR"},{"@type":"Person","@id":"https:\/\/www.gaveanews.com\/#\/schema\/person\/fd07635ec039ec3ba74ad18ec8a6dbd6","name":"Henrique Machado","image":{"@type":"ImageObject","inLanguage":"pt-BR","@id":"https:\/\/www.gaveanews.com\/#\/schema\/person\/image\/","url":"https:\/\/secure.gravatar.com\/avatar\/b95e35997e01d9800c1b6184bd79d4d898d370a3fce2584f5c77b907d5c7d9e9?s=96&d=mm&r=g","contentUrl":"https:\/\/secure.gravatar.com\/avatar\/b95e35997e01d9800c1b6184bd79d4d898d370a3fce2584f5c77b907d5c7d9e9?s=96&d=mm&r=g","caption":"Henrique Machado"}}]}},"_links":{"self":[{"href":"https:\/\/www.gaveanews.com\/index.php\/wp-json\/wp\/v2\/posts\/271079","targetHints":{"allow":["GET"]}}],"collection":[{"href":"https:\/\/www.gaveanews.com\/index.php\/wp-json\/wp\/v2\/posts"}],"about":[{"href":"https:\/\/www.gaveanews.com\/index.php\/wp-json\/wp\/v2\/types\/post"}],"author":[{"embeddable":true,"href":"https:\/\/www.gaveanews.com\/index.php\/wp-json\/wp\/v2\/users\/15"}],"replies":[{"embeddable":true,"href":"https:\/\/www.gaveanews.com\/index.php\/wp-json\/wp\/v2\/comments?post=271079"}],"version-history":[{"count":1,"href":"https:\/\/www.gaveanews.com\/index.php\/wp-json\/wp\/v2\/posts\/271079\/revisions"}],"predecessor-version":[{"id":271080,"href":"https:\/\/www.gaveanews.com\/index.php\/wp-json\/wp\/v2\/posts\/271079\/revisions\/271080"}],"wp:featuredmedia":[{"embeddable":true,"href":"https:\/\/www.gaveanews.com\/index.php\/wp-json\/wp\/v2\/media\/255011"}],"wp:attachment":[{"href":"https:\/\/www.gaveanews.com\/index.php\/wp-json\/wp\/v2\/media?parent=271079"}],"wp:term":[{"taxonomy":"category","embeddable":true,"href":"https:\/\/www.gaveanews.com\/index.php\/wp-json\/wp\/v2\/categories?post=271079"},{"taxonomy":"post_tag","embeddable":true,"href":"https:\/\/www.gaveanews.com\/index.php\/wp-json\/wp\/v2\/tags?post=271079"}],"curies":[{"name":"wp","href":"https:\/\/api.w.org\/{rel}","templated":true}]}}