{"id":271092,"date":"2025-06-18T11:26:39","date_gmt":"2025-06-18T14:26:39","guid":{"rendered":"https:\/\/www.gaveanews.com\/?p=271092"},"modified":"2025-06-18T11:26:43","modified_gmt":"2025-06-18T14:26:43","slug":"jogador-do-flamengo-ganha-moral-com-a-torcida-apos-vitoria-no-mundial","status":"publish","type":"post","link":"https:\/\/www.gaveanews.com\/index.php\/2025\/06\/18\/jogador-do-flamengo-ganha-moral-com-a-torcida-apos-vitoria-no-mundial\/","title":{"rendered":"Jogador do Flamengo ganha moral com a torcida ap\u00f3s vit\u00f3ria no Mundial"},"content":{"rendered":"\n<p>Na estreia do Flamengo no Mundial de Clubes de 2025, quem chamou aten\u00e7\u00e3o n\u00e3o foi apenas o setor ofensivo. O zagueiro L\u00e9o Pereira teve atua\u00e7\u00e3o destacada na vit\u00f3ria por 2 a 0 sobre o Esp\u00e9rance, da Tun\u00edsia, na segunda-feira (16), em Filad\u00e9lfia, e ganhou respaldo expressivo por parte da torcida rubro-negra.<\/p>\n\n\n\n<p>Ali\u00e1s, o defensor n\u00e3o apenas se sobressaiu nos lances defensivos, mas tamb\u00e9m foi o principal nome nas estat\u00edsticas de passes certos entre todos os jogadores da rodada inicial do torneio. Com 113 passes corretos em 118 tentativas, L\u00e9o Pereira registrou um \u00edndice de acerto de 96%, al\u00e9m de contribuir com um passe decisivo e sete a\u00e7\u00f5es defensivas. Por isso, recebeu nota 7.8 no Sofascore. N\u00e3o \u00e0 toa, seu nome passou a figurar entre os mais comentados nas redes sociais.<\/p>\n\n\n\n<p>Conforme os dados do torneio, o camisa 4 do Flamengo superou nomes como Vitinha, do PSG, Joshua Kimmich, do Bayern, e Tosin Adarabioyo, do Chelsea, no crit\u00e9rio de passes certos. Salvo mudan\u00e7as dr\u00e1sticas, os n\u00fameros refor\u00e7am seu papel no sistema de jogo adotado por Filipe Lu\u00eds.<\/p>\n\n\n\n<figure class=\"wp-block-image size-large\"><img loading=\"lazy\" decoding=\"async\" width=\"1024\" height=\"684\" src=\"http:\/\/www.gaveanews.com\/wp-content\/uploads\/Leo-Pereira-em-acao-pelo-Flamengo-1024x684.webp\" alt=\"\" class=\"wp-image-168969\" srcset=\"https:\/\/www.gaveanews.com\/wp-content\/uploads\/Leo-Pereira-em-acao-pelo-Flamengo-1024x684.webp 1024w, https:\/\/www.gaveanews.com\/wp-content\/uploads\/Leo-Pereira-em-acao-pelo-Flamengo-300x201.webp 300w, https:\/\/www.gaveanews.com\/wp-content\/uploads\/Leo-Pereira-em-acao-pelo-Flamengo-768x513.webp 768w, https:\/\/www.gaveanews.com\/wp-content\/uploads\/Leo-Pereira-em-acao-pelo-Flamengo-628x420.webp 628w, https:\/\/www.gaveanews.com\/wp-content\/uploads\/Leo-Pereira-em-acao-pelo-Flamengo-537x360.webp 537w, https:\/\/www.gaveanews.com\/wp-content\/uploads\/Leo-Pereira-em-acao-pelo-Flamengo-640x428.webp 640w, https:\/\/www.gaveanews.com\/wp-content\/uploads\/Leo-Pereira-em-acao-pelo-Flamengo-681x455.webp 681w, https:\/\/www.gaveanews.com\/wp-content\/uploads\/Leo-Pereira-em-acao-pelo-Flamengo-100x67.webp 100w, https:\/\/www.gaveanews.com\/wp-content\/uploads\/Leo-Pereira-em-acao-pelo-Flamengo.webp 1170w\" sizes=\"auto, (max-width: 1024px) 100vw, 1024px\" \/><figcaption class=\"wp-element-caption\">L\u00e9o Pereira em a\u00e7\u00e3o pelo Flamengo (Foto: Reprodu\u00e7\u00e3o\/Instagram)<\/figcaption><\/figure>\n\n\n\n<p>Atualmente, L\u00e9o Pereira soma 25 partidas como titular em 2025 e tem dois gols marcados. Desde que chegou ao clube, j\u00e1 atuou em 164 jogos oficiais. Em virtude da atua\u00e7\u00e3o consistente, torcedores passaram a reconhecer o esfor\u00e7o e a evolu\u00e7\u00e3o t\u00e9cnica do defensor: \u201cQue partida absurda do nosso camisa 4!\u201d, publicou um perfil.<\/p>\n\n\n\n<p>Enquanto isso, o meio-campista Jorginho, rec\u00e9m-chegado ao elenco, tamb\u00e9m estreou bem com a camisa rubro-negra. O jogador foi escalado como titular ao lado de Erick Pulgar no meio de campo e participou diretamente do segundo gol da equipe, ao dar a assist\u00eancia para Luiz Ara\u00fajo.<\/p>\n\n\n\n<p>Portanto, o Flamengo encerrou a rodada inicial do Grupo D na lideran\u00e7a, \u00e0 frente do Chelsea no crit\u00e9rio de cart\u00f5es amarelos. As equipes se enfrentam na sexta-feira (20), \u00e0s 15h (hor\u00e1rio de Bras\u00edlia), em confronto direto pela ponta da chave.<\/p>\n","protected":false},"excerpt":{"rendered":"<p>Na estreia do Flamengo no Mundial de Clubes de 2025, quem chamou aten\u00e7\u00e3o n\u00e3o foi apenas o setor ofensivo. O zagueiro L\u00e9o Pereira teve atua\u00e7\u00e3o destacada na vit\u00f3ria por 2 a 0 sobre o Esp\u00e9rance, da Tun\u00edsia, na segunda-feira (16), em Filad\u00e9lfia, e ganhou respaldo expressivo por parte da torcida rubro-negra. Ali\u00e1s, o defensor n\u00e3o [&hellip;]<\/p>\n","protected":false},"author":15,"featured_media":122174,"comment_status":"open","ping_status":"closed","sticky":false,"template":"","format":"standard","meta":{"footnotes":""},"categories":[1],"tags":[],"class_list":["post-271092","post","type-post","status-publish","format-standard","has-post-thumbnail","hentry","category-flamengo"],"yoast_head":"<!-- This site is optimized with the Yoast SEO Premium plugin v24.2 (Yoast SEO v26.9) - https:\/\/yoast.com\/product\/yoast-seo-premium-wordpress\/ -->\n<title>Jogador do Flamengo ganha moral com a torcida ap\u00f3s vit\u00f3ria no Mundial<\/title>\n<meta name=\"robots\" content=\"index, follow, max-snippet:-1, max-image-preview:large, max-video-preview:-1\" \/>\n<link rel=\"canonical\" href=\"https:\/\/www.gaveanews.com\/index.php\/2025\/06\/18\/jogador-do-flamengo-ganha-moral-com-a-torcida-apos-vitoria-no-mundial\/\" \/>\n<meta property=\"og:locale\" content=\"pt_BR\" \/>\n<meta property=\"og:type\" content=\"article\" \/>\n<meta property=\"og:title\" content=\"Jogador do Flamengo ganha moral com a torcida ap\u00f3s vit\u00f3ria no Mundial\" \/>\n<meta property=\"og:description\" content=\"Na estreia do Flamengo no Mundial de Clubes de 2025, quem chamou aten\u00e7\u00e3o n\u00e3o foi apenas o setor ofensivo. O zagueiro L\u00e9o Pereira teve atua\u00e7\u00e3o destacada na vit\u00f3ria por 2 a 0 sobre o Esp\u00e9rance, da Tun\u00edsia, na segunda-feira (16), em Filad\u00e9lfia, e ganhou respaldo expressivo por parte da torcida rubro-negra. Ali\u00e1s, o defensor n\u00e3o [&hellip;]\" \/>\n<meta property=\"og:url\" content=\"https:\/\/www.gaveanews.com\/index.php\/2025\/06\/18\/jogador-do-flamengo-ganha-moral-com-a-torcida-apos-vitoria-no-mundial\/\" \/>\n<meta property=\"og:site_name\" content=\"G\u00e1vea News\" \/>\n<meta property=\"article:publisher\" content=\"https:\/\/facebook.com\/gaveaNews\/\" \/>\n<meta property=\"article:published_time\" content=\"2025-06-18T14:26:39+00:00\" \/>\n<meta property=\"article:modified_time\" content=\"2025-06-18T14:26:43+00:00\" \/>\n<meta property=\"og:image\" content=\"http:\/\/www.gaveanews.com\/wp-content\/uploads\/ninhodourubu.webp\" \/>\n\t<meta property=\"og:image:width\" content=\"1218\" \/>\n\t<meta property=\"og:image:height\" content=\"812\" \/>\n\t<meta property=\"og:image:type\" content=\"image\/webp\" \/>\n<meta name=\"author\" content=\"Henrique Machado\" \/>\n<meta name=\"twitter:card\" content=\"summary_large_image\" \/>\n<meta name=\"twitter:label1\" content=\"Escrito por\" \/>\n\t<meta name=\"twitter:data1\" content=\"Henrique Machado\" \/>\n\t<meta name=\"twitter:label2\" content=\"Est. tempo de leitura\" \/>\n\t<meta name=\"twitter:data2\" content=\"3 minutos\" \/>\n<script type=\"application\/ld+json\" class=\"yoast-schema-graph\">{\"@context\":\"https:\/\/schema.org\",\"@graph\":[{\"@type\":\"NewsArticle\",\"@id\":\"https:\/\/www.gaveanews.com\/index.php\/2025\/06\/18\/jogador-do-flamengo-ganha-moral-com-a-torcida-apos-vitoria-no-mundial\/#article\",\"isPartOf\":{\"@id\":\"https:\/\/www.gaveanews.com\/index.php\/2025\/06\/18\/jogador-do-flamengo-ganha-moral-com-a-torcida-apos-vitoria-no-mundial\/\"},\"author\":{\"name\":\"Henrique Machado\",\"@id\":\"https:\/\/www.gaveanews.com\/#\/schema\/person\/fd07635ec039ec3ba74ad18ec8a6dbd6\"},\"headline\":\"Jogador do Flamengo ganha moral com a torcida ap\u00f3s vit\u00f3ria no Mundial\",\"datePublished\":\"2025-06-18T14:26:39+00:00\",\"dateModified\":\"2025-06-18T14:26:43+00:00\",\"mainEntityOfPage\":{\"@id\":\"https:\/\/www.gaveanews.com\/index.php\/2025\/06\/18\/jogador-do-flamengo-ganha-moral-com-a-torcida-apos-vitoria-no-mundial\/\"},\"wordCount\":360,\"commentCount\":0,\"image\":{\"@id\":\"https:\/\/www.gaveanews.com\/index.php\/2025\/06\/18\/jogador-do-flamengo-ganha-moral-com-a-torcida-apos-vitoria-no-mundial\/#primaryimage\"},\"thumbnailUrl\":\"https:\/\/www.gaveanews.com\/wp-content\/uploads\/ninhodourubu.webp\",\"articleSection\":[\"Flamengo\"],\"inLanguage\":\"pt-BR\",\"potentialAction\":[{\"@type\":\"CommentAction\",\"name\":\"Comment\",\"target\":[\"https:\/\/www.gaveanews.com\/index.php\/2025\/06\/18\/jogador-do-flamengo-ganha-moral-com-a-torcida-apos-vitoria-no-mundial\/#respond\"]}],\"copyrightYear\":\"2025\",\"copyrightHolder\":{\"@id\":\"https:\/\/www.gaveanews.com\/#organization\"}},{\"@type\":\"WebPage\",\"@id\":\"https:\/\/www.gaveanews.com\/index.php\/2025\/06\/18\/jogador-do-flamengo-ganha-moral-com-a-torcida-apos-vitoria-no-mundial\/\",\"url\":\"https:\/\/www.gaveanews.com\/index.php\/2025\/06\/18\/jogador-do-flamengo-ganha-moral-com-a-torcida-apos-vitoria-no-mundial\/\",\"name\":\"Jogador do Flamengo ganha moral com a torcida ap\u00f3s vit\u00f3ria no Mundial\",\"isPartOf\":{\"@id\":\"https:\/\/www.gaveanews.com\/#website\"},\"primaryImageOfPage\":{\"@id\":\"https:\/\/www.gaveanews.com\/index.php\/2025\/06\/18\/jogador-do-flamengo-ganha-moral-com-a-torcida-apos-vitoria-no-mundial\/#primaryimage\"},\"image\":{\"@id\":\"https:\/\/www.gaveanews.com\/index.php\/2025\/06\/18\/jogador-do-flamengo-ganha-moral-com-a-torcida-apos-vitoria-no-mundial\/#primaryimage\"},\"thumbnailUrl\":\"https:\/\/www.gaveanews.com\/wp-content\/uploads\/ninhodourubu.webp\",\"datePublished\":\"2025-06-18T14:26:39+00:00\",\"dateModified\":\"2025-06-18T14:26:43+00:00\",\"author\":{\"@id\":\"https:\/\/www.gaveanews.com\/#\/schema\/person\/fd07635ec039ec3ba74ad18ec8a6dbd6\"},\"breadcrumb\":{\"@id\":\"https:\/\/www.gaveanews.com\/index.php\/2025\/06\/18\/jogador-do-flamengo-ganha-moral-com-a-torcida-apos-vitoria-no-mundial\/#breadcrumb\"},\"inLanguage\":\"pt-BR\",\"potentialAction\":[{\"@type\":\"ReadAction\",\"target\":[\"https:\/\/www.gaveanews.com\/index.php\/2025\/06\/18\/jogador-do-flamengo-ganha-moral-com-a-torcida-apos-vitoria-no-mundial\/\"]}]},{\"@type\":\"ImageObject\",\"inLanguage\":\"pt-BR\",\"@id\":\"https:\/\/www.gaveanews.com\/index.php\/2025\/06\/18\/jogador-do-flamengo-ganha-moral-com-a-torcida-apos-vitoria-no-mundial\/#primaryimage\",\"url\":\"https:\/\/www.gaveanews.com\/wp-content\/uploads\/ninhodourubu.webp\",\"contentUrl\":\"https:\/\/www.gaveanews.com\/wp-content\/uploads\/ninhodourubu.webp\",\"width\":1218,\"height\":812,\"caption\":\"Centro de treinamento do Flamengo (Foto: Reprodu\u00e7\u00e3o)\"},{\"@type\":\"BreadcrumbList\",\"@id\":\"https:\/\/www.gaveanews.com\/index.php\/2025\/06\/18\/jogador-do-flamengo-ganha-moral-com-a-torcida-apos-vitoria-no-mundial\/#breadcrumb\",\"itemListElement\":[{\"@type\":\"ListItem\",\"position\":1,\"name\":\"Home\",\"item\":\"https:\/\/www.gaveanews.com\/\"},{\"@type\":\"ListItem\",\"position\":2,\"name\":\"Jogador do Flamengo ganha moral com a torcida ap\u00f3s vit\u00f3ria no Mundial\"}]},{\"@type\":\"WebSite\",\"@id\":\"https:\/\/www.gaveanews.com\/#website\",\"url\":\"https:\/\/www.gaveanews.com\/\",\"name\":\"G\u00e1vea News\",\"description\":\"Veja todas as not\u00edcias sobre o Flamengo: Contrata\u00e7\u00f5es, categorias de base, resultados das partidas, tabela de classifica\u00e7\u00e3o, pr\u00f3ximos jogos!\",\"potentialAction\":[{\"@type\":\"SearchAction\",\"target\":{\"@type\":\"EntryPoint\",\"urlTemplate\":\"https:\/\/www.gaveanews.com\/?s={search_term_string}\"},\"query-input\":{\"@type\":\"PropertyValueSpecification\",\"valueRequired\":true,\"valueName\":\"search_term_string\"}}],\"inLanguage\":\"pt-BR\"},{\"@type\":\"Person\",\"@id\":\"https:\/\/www.gaveanews.com\/#\/schema\/person\/fd07635ec039ec3ba74ad18ec8a6dbd6\",\"name\":\"Henrique Machado\",\"image\":{\"@type\":\"ImageObject\",\"inLanguage\":\"pt-BR\",\"@id\":\"https:\/\/www.gaveanews.com\/#\/schema\/person\/image\/\",\"url\":\"https:\/\/secure.gravatar.com\/avatar\/b95e35997e01d9800c1b6184bd79d4d898d370a3fce2584f5c77b907d5c7d9e9?s=96&d=mm&r=g\",\"contentUrl\":\"https:\/\/secure.gravatar.com\/avatar\/b95e35997e01d9800c1b6184bd79d4d898d370a3fce2584f5c77b907d5c7d9e9?s=96&d=mm&r=g\",\"caption\":\"Henrique Machado\"}}]}<\/script>\n<!-- \/ Yoast SEO Premium plugin. -->","yoast_head_json":{"title":"Jogador do Flamengo ganha moral com a torcida ap\u00f3s vit\u00f3ria no Mundial","robots":{"index":"index","follow":"follow","max-snippet":"max-snippet:-1","max-image-preview":"max-image-preview:large","max-video-preview":"max-video-preview:-1"},"canonical":"https:\/\/www.gaveanews.com\/index.php\/2025\/06\/18\/jogador-do-flamengo-ganha-moral-com-a-torcida-apos-vitoria-no-mundial\/","og_locale":"pt_BR","og_type":"article","og_title":"Jogador do Flamengo ganha moral com a torcida ap\u00f3s vit\u00f3ria no Mundial","og_description":"Na estreia do Flamengo no Mundial de Clubes de 2025, quem chamou aten\u00e7\u00e3o n\u00e3o foi apenas o setor ofensivo. O zagueiro L\u00e9o Pereira teve atua\u00e7\u00e3o destacada na vit\u00f3ria por 2 a 0 sobre o Esp\u00e9rance, da Tun\u00edsia, na segunda-feira (16), em Filad\u00e9lfia, e ganhou respaldo expressivo por parte da torcida rubro-negra. Ali\u00e1s, o defensor n\u00e3o [&hellip;]","og_url":"https:\/\/www.gaveanews.com\/index.php\/2025\/06\/18\/jogador-do-flamengo-ganha-moral-com-a-torcida-apos-vitoria-no-mundial\/","og_site_name":"G\u00e1vea News","article_publisher":"https:\/\/facebook.com\/gaveaNews\/","article_published_time":"2025-06-18T14:26:39+00:00","article_modified_time":"2025-06-18T14:26:43+00:00","og_image":[{"width":1218,"height":812,"url":"http:\/\/www.gaveanews.com\/wp-content\/uploads\/ninhodourubu.webp","type":"image\/webp"}],"author":"Henrique Machado","twitter_card":"summary_large_image","twitter_misc":{"Escrito por":"Henrique Machado","Est. tempo de leitura":"3 minutos"},"schema":{"@context":"https:\/\/schema.org","@graph":[{"@type":"NewsArticle","@id":"https:\/\/www.gaveanews.com\/index.php\/2025\/06\/18\/jogador-do-flamengo-ganha-moral-com-a-torcida-apos-vitoria-no-mundial\/#article","isPartOf":{"@id":"https:\/\/www.gaveanews.com\/index.php\/2025\/06\/18\/jogador-do-flamengo-ganha-moral-com-a-torcida-apos-vitoria-no-mundial\/"},"author":{"name":"Henrique Machado","@id":"https:\/\/www.gaveanews.com\/#\/schema\/person\/fd07635ec039ec3ba74ad18ec8a6dbd6"},"headline":"Jogador do Flamengo ganha moral com a torcida ap\u00f3s vit\u00f3ria no Mundial","datePublished":"2025-06-18T14:26:39+00:00","dateModified":"2025-06-18T14:26:43+00:00","mainEntityOfPage":{"@id":"https:\/\/www.gaveanews.com\/index.php\/2025\/06\/18\/jogador-do-flamengo-ganha-moral-com-a-torcida-apos-vitoria-no-mundial\/"},"wordCount":360,"commentCount":0,"image":{"@id":"https:\/\/www.gaveanews.com\/index.php\/2025\/06\/18\/jogador-do-flamengo-ganha-moral-com-a-torcida-apos-vitoria-no-mundial\/#primaryimage"},"thumbnailUrl":"https:\/\/www.gaveanews.com\/wp-content\/uploads\/ninhodourubu.webp","articleSection":["Flamengo"],"inLanguage":"pt-BR","potentialAction":[{"@type":"CommentAction","name":"Comment","target":["https:\/\/www.gaveanews.com\/index.php\/2025\/06\/18\/jogador-do-flamengo-ganha-moral-com-a-torcida-apos-vitoria-no-mundial\/#respond"]}],"copyrightYear":"2025","copyrightHolder":{"@id":"https:\/\/www.gaveanews.com\/#organization"}},{"@type":"WebPage","@id":"https:\/\/www.gaveanews.com\/index.php\/2025\/06\/18\/jogador-do-flamengo-ganha-moral-com-a-torcida-apos-vitoria-no-mundial\/","url":"https:\/\/www.gaveanews.com\/index.php\/2025\/06\/18\/jogador-do-flamengo-ganha-moral-com-a-torcida-apos-vitoria-no-mundial\/","name":"Jogador do Flamengo ganha moral com a torcida ap\u00f3s vit\u00f3ria no Mundial","isPartOf":{"@id":"https:\/\/www.gaveanews.com\/#website"},"primaryImageOfPage":{"@id":"https:\/\/www.gaveanews.com\/index.php\/2025\/06\/18\/jogador-do-flamengo-ganha-moral-com-a-torcida-apos-vitoria-no-mundial\/#primaryimage"},"image":{"@id":"https:\/\/www.gaveanews.com\/index.php\/2025\/06\/18\/jogador-do-flamengo-ganha-moral-com-a-torcida-apos-vitoria-no-mundial\/#primaryimage"},"thumbnailUrl":"https:\/\/www.gaveanews.com\/wp-content\/uploads\/ninhodourubu.webp","datePublished":"2025-06-18T14:26:39+00:00","dateModified":"2025-06-18T14:26:43+00:00","author":{"@id":"https:\/\/www.gaveanews.com\/#\/schema\/person\/fd07635ec039ec3ba74ad18ec8a6dbd6"},"breadcrumb":{"@id":"https:\/\/www.gaveanews.com\/index.php\/2025\/06\/18\/jogador-do-flamengo-ganha-moral-com-a-torcida-apos-vitoria-no-mundial\/#breadcrumb"},"inLanguage":"pt-BR","potentialAction":[{"@type":"ReadAction","target":["https:\/\/www.gaveanews.com\/index.php\/2025\/06\/18\/jogador-do-flamengo-ganha-moral-com-a-torcida-apos-vitoria-no-mundial\/"]}]},{"@type":"ImageObject","inLanguage":"pt-BR","@id":"https:\/\/www.gaveanews.com\/index.php\/2025\/06\/18\/jogador-do-flamengo-ganha-moral-com-a-torcida-apos-vitoria-no-mundial\/#primaryimage","url":"https:\/\/www.gaveanews.com\/wp-content\/uploads\/ninhodourubu.webp","contentUrl":"https:\/\/www.gaveanews.com\/wp-content\/uploads\/ninhodourubu.webp","width":1218,"height":812,"caption":"Centro de treinamento do Flamengo (Foto: Reprodu\u00e7\u00e3o)"},{"@type":"BreadcrumbList","@id":"https:\/\/www.gaveanews.com\/index.php\/2025\/06\/18\/jogador-do-flamengo-ganha-moral-com-a-torcida-apos-vitoria-no-mundial\/#breadcrumb","itemListElement":[{"@type":"ListItem","position":1,"name":"Home","item":"https:\/\/www.gaveanews.com\/"},{"@type":"ListItem","position":2,"name":"Jogador do Flamengo ganha moral com a torcida ap\u00f3s vit\u00f3ria no Mundial"}]},{"@type":"WebSite","@id":"https:\/\/www.gaveanews.com\/#website","url":"https:\/\/www.gaveanews.com\/","name":"G\u00e1vea News","description":"Veja todas as not\u00edcias sobre o Flamengo: Contrata\u00e7\u00f5es, categorias de base, resultados das partidas, tabela de classifica\u00e7\u00e3o, pr\u00f3ximos jogos!","potentialAction":[{"@type":"SearchAction","target":{"@type":"EntryPoint","urlTemplate":"https:\/\/www.gaveanews.com\/?s={search_term_string}"},"query-input":{"@type":"PropertyValueSpecification","valueRequired":true,"valueName":"search_term_string"}}],"inLanguage":"pt-BR"},{"@type":"Person","@id":"https:\/\/www.gaveanews.com\/#\/schema\/person\/fd07635ec039ec3ba74ad18ec8a6dbd6","name":"Henrique Machado","image":{"@type":"ImageObject","inLanguage":"pt-BR","@id":"https:\/\/www.gaveanews.com\/#\/schema\/person\/image\/","url":"https:\/\/secure.gravatar.com\/avatar\/b95e35997e01d9800c1b6184bd79d4d898d370a3fce2584f5c77b907d5c7d9e9?s=96&d=mm&r=g","contentUrl":"https:\/\/secure.gravatar.com\/avatar\/b95e35997e01d9800c1b6184bd79d4d898d370a3fce2584f5c77b907d5c7d9e9?s=96&d=mm&r=g","caption":"Henrique Machado"}}]}},"_links":{"self":[{"href":"https:\/\/www.gaveanews.com\/index.php\/wp-json\/wp\/v2\/posts\/271092","targetHints":{"allow":["GET"]}}],"collection":[{"href":"https:\/\/www.gaveanews.com\/index.php\/wp-json\/wp\/v2\/posts"}],"about":[{"href":"https:\/\/www.gaveanews.com\/index.php\/wp-json\/wp\/v2\/types\/post"}],"author":[{"embeddable":true,"href":"https:\/\/www.gaveanews.com\/index.php\/wp-json\/wp\/v2\/users\/15"}],"replies":[{"embeddable":true,"href":"https:\/\/www.gaveanews.com\/index.php\/wp-json\/wp\/v2\/comments?post=271092"}],"version-history":[{"count":1,"href":"https:\/\/www.gaveanews.com\/index.php\/wp-json\/wp\/v2\/posts\/271092\/revisions"}],"predecessor-version":[{"id":271094,"href":"https:\/\/www.gaveanews.com\/index.php\/wp-json\/wp\/v2\/posts\/271092\/revisions\/271094"}],"wp:featuredmedia":[{"embeddable":true,"href":"https:\/\/www.gaveanews.com\/index.php\/wp-json\/wp\/v2\/media\/122174"}],"wp:attachment":[{"href":"https:\/\/www.gaveanews.com\/index.php\/wp-json\/wp\/v2\/media?parent=271092"}],"wp:term":[{"taxonomy":"category","embeddable":true,"href":"https:\/\/www.gaveanews.com\/index.php\/wp-json\/wp\/v2\/categories?post=271092"},{"taxonomy":"post_tag","embeddable":true,"href":"https:\/\/www.gaveanews.com\/index.php\/wp-json\/wp\/v2\/tags?post=271092"}],"curies":[{"name":"wp","href":"https:\/\/api.w.org\/{rel}","templated":true}]}}