{"id":271095,"date":"2025-06-18T14:00:34","date_gmt":"2025-06-18T17:00:34","guid":{"rendered":"https:\/\/www.gaveanews.com\/?p=271095"},"modified":"2025-06-18T13:53:58","modified_gmt":"2025-06-18T16:53:58","slug":"caio-ribeiro-faz-alerta-ao-palmeiras-para-a-sequencia-da-copa-do-mundo-de-clubes","status":"publish","type":"post","link":"https:\/\/www.gaveanews.com\/index.php\/2025\/06\/18\/caio-ribeiro-faz-alerta-ao-palmeiras-para-a-sequencia-da-copa-do-mundo-de-clubes\/","title":{"rendered":"Caio Ribeiro faz alerta ao Palmeiras para a sequ\u00eancia da Copa do Mundo de Clubes"},"content":{"rendered":"\n<p>A atua\u00e7\u00e3o do Palmeiras na estreia da Copa do Mundo de Clubes chamou aten\u00e7\u00e3o. Apesar do empate em 0x0, o Verd\u00e3o teve as melhores chances diante do Porto e agora sonha com a primeira coloca\u00e7\u00e3o do Grupo A, que tamb\u00e9m conta com Al Ahly e Inter Miami.<\/p>\n\n\n\n<p>Em participa\u00e7\u00e3o no programa Quebrada FC, do PodPah, Caio Ribeiro analisou a situa\u00e7\u00e3o do Verd\u00e3o e fez um alerta: \u00e9 primordial classificar em primeiro para ir o mais longe poss\u00edvel na Copa do Mundo de Clubes. Isso porque os classificados do Grupo A enfrentam as equipes do Grupo B e a tend\u00eancia \u00e9 que o PSG seja o l\u00edder. Sendo assim, o comentarista da Globo quer fugir dos atuais campe\u00f5es da Champions League.<\/p>\n\n\n\n<p>\u201cO Palmeiras \u00e9 um time muito organizado e competitivo. Para mim, \u00e9 o mais europeu dos times brasileiros [\u2026] Na minha cabe\u00e7a, o Palmeiras classifica em primeiro ou segundo e cruzaria com a chave de Botafogo, PSG e Atl\u00e9tico de Madrid. Eu vejo o PSG, atual campe\u00e3o da Champions League, muito forte do outro lado. Seria bom fugir dos caras. Para fugir dos caras, com eles ficando em primeiro, o Palmeiras tem que classificar em primeiro\u201d, disse Caio Ribeiro.<\/p>\n\n\n\n<p>O Palmeiras volta a campo nesta quinta-feira (19) para enfrentar o Al Ahly, \u00e0s 13h (de Bras\u00edlia). Na estreia, a equipe eg\u00edpcia ficou no empate sem gols com o Inter Miami. Caio Ribeiro analisa que o Verd\u00e3o \u00e9 superior aos outros dois times do grupo.<\/p>\n\n\n\n<p>\u201cO Inter Miami tem muitas defici\u00eancias atr\u00e1s, a defesa deixa muitos buracos. Se n\u00e3o fosse o goleiro (do Al Ahly), teria perdido o jogo. Tem o Messi do meio para frente, que \u00e9 um dos maiores de todos os tempos. Ele acha espa\u00e7os e finaliza\u00e7\u00f5es, \u00e9 um cara muito acima da m\u00e9dia, mesmo em outro momento de carreira. Mas o Palmeiras \u00e9 melhor que os dois\u201d, afirmou.<\/p>\n\n\n\n<p>Somente na \u00faltima rodada o Palmeiras enfrentar\u00e1 Lionel Messi e companhia. A partida contra o Inter Miami est\u00e1 marcada para segunda-feira (23), \u00e0s 22h (de Bras\u00edlia).<\/p>\n","protected":false},"excerpt":{"rendered":"<p>A atua\u00e7\u00e3o do Palmeiras na estreia da Copa do Mundo de Clubes chamou aten\u00e7\u00e3o. Apesar do empate em 0x0, o Verd\u00e3o teve as melhores chances diante do Porto e agora sonha com a primeira coloca\u00e7\u00e3o do Grupo A, que tamb\u00e9m conta com Al Ahly e Inter Miami. Em participa\u00e7\u00e3o no programa Quebrada FC, do PodPah, [&hellip;]<\/p>\n","protected":false},"author":32,"featured_media":268980,"comment_status":"open","ping_status":"closed","sticky":false,"template":"","format":"standard","meta":{"footnotes":""},"categories":[133,150],"tags":[],"class_list":["post-271095","post","type-post","status-publish","format-standard","has-post-thumbnail","hentry","category-brasileirao","category-palmeiras"],"yoast_head":"<!-- This site is optimized with the Yoast SEO Premium plugin v24.2 (Yoast SEO v26.9) - https:\/\/yoast.com\/product\/yoast-seo-premium-wordpress\/ -->\n<title>Caio Ribeiro faz alerta ao Palmeiras para a sequ\u00eancia da Copa do Mundo de Clubes<\/title>\n<meta name=\"robots\" content=\"index, follow, max-snippet:-1, max-image-preview:large, max-video-preview:-1\" \/>\n<link rel=\"canonical\" href=\"https:\/\/www.gaveanews.com\/index.php\/2025\/06\/18\/caio-ribeiro-faz-alerta-ao-palmeiras-para-a-sequencia-da-copa-do-mundo-de-clubes\/\" \/>\n<meta property=\"og:locale\" content=\"pt_BR\" \/>\n<meta property=\"og:type\" content=\"article\" \/>\n<meta property=\"og:title\" content=\"Caio Ribeiro faz alerta ao Palmeiras para a sequ\u00eancia da Copa do Mundo de Clubes\" \/>\n<meta property=\"og:description\" content=\"A atua\u00e7\u00e3o do Palmeiras na estreia da Copa do Mundo de Clubes chamou aten\u00e7\u00e3o. Apesar do empate em 0x0, o Verd\u00e3o teve as melhores chances diante do Porto e agora sonha com a primeira coloca\u00e7\u00e3o do Grupo A, que tamb\u00e9m conta com Al Ahly e Inter Miami. Em participa\u00e7\u00e3o no programa Quebrada FC, do PodPah, [&hellip;]\" \/>\n<meta property=\"og:url\" content=\"https:\/\/www.gaveanews.com\/index.php\/2025\/06\/18\/caio-ribeiro-faz-alerta-ao-palmeiras-para-a-sequencia-da-copa-do-mundo-de-clubes\/\" \/>\n<meta property=\"og:site_name\" content=\"G\u00e1vea News\" \/>\n<meta property=\"article:publisher\" content=\"https:\/\/facebook.com\/gaveaNews\/\" \/>\n<meta property=\"article:published_time\" content=\"2025-06-18T17:00:34+00:00\" \/>\n<meta property=\"og:image\" content=\"https:\/\/www.gaveanews.com\/wp-content\/uploads\/Vitor-Roque-e-Abel-Ferreira-trocando-figurinhas-em-derrota-do-Palmeiras.webp\" \/>\n\t<meta property=\"og:image:width\" content=\"1200\" \/>\n\t<meta property=\"og:image:height\" content=\"900\" \/>\n\t<meta property=\"og:image:type\" content=\"image\/webp\" \/>\n<meta name=\"author\" content=\"Matheus Leal\" \/>\n<meta name=\"twitter:card\" content=\"summary_large_image\" \/>\n<meta name=\"twitter:label1\" content=\"Escrito por\" \/>\n\t<meta name=\"twitter:data1\" content=\"Matheus Leal\" \/>\n\t<meta name=\"twitter:label2\" content=\"Est. tempo de leitura\" \/>\n\t<meta name=\"twitter:data2\" content=\"3 minutos\" \/>\n<script type=\"application\/ld+json\" class=\"yoast-schema-graph\">{\"@context\":\"https:\/\/schema.org\",\"@graph\":[{\"@type\":\"NewsArticle\",\"@id\":\"https:\/\/www.gaveanews.com\/index.php\/2025\/06\/18\/caio-ribeiro-faz-alerta-ao-palmeiras-para-a-sequencia-da-copa-do-mundo-de-clubes\/#article\",\"isPartOf\":{\"@id\":\"https:\/\/www.gaveanews.com\/index.php\/2025\/06\/18\/caio-ribeiro-faz-alerta-ao-palmeiras-para-a-sequencia-da-copa-do-mundo-de-clubes\/\"},\"author\":{\"name\":\"Matheus Leal\",\"@id\":\"https:\/\/www.gaveanews.com\/#\/schema\/person\/49ac99b6823a2b8d5087a6ce3aaaa128\"},\"headline\":\"Caio Ribeiro faz alerta ao Palmeiras para a sequ\u00eancia da Copa do Mundo de Clubes\",\"datePublished\":\"2025-06-18T17:00:34+00:00\",\"mainEntityOfPage\":{\"@id\":\"https:\/\/www.gaveanews.com\/index.php\/2025\/06\/18\/caio-ribeiro-faz-alerta-ao-palmeiras-para-a-sequencia-da-copa-do-mundo-de-clubes\/\"},\"wordCount\":367,\"commentCount\":0,\"image\":{\"@id\":\"https:\/\/www.gaveanews.com\/index.php\/2025\/06\/18\/caio-ribeiro-faz-alerta-ao-palmeiras-para-a-sequencia-da-copa-do-mundo-de-clubes\/#primaryimage\"},\"thumbnailUrl\":\"https:\/\/www.gaveanews.com\/wp-content\/uploads\/Vitor-Roque-e-Abel-Ferreira-trocando-figurinhas-em-derrota-do-Palmeiras.webp\",\"articleSection\":[\"Brasileir\u00e3o\",\"Palmeiras\"],\"inLanguage\":\"pt-BR\",\"potentialAction\":[{\"@type\":\"CommentAction\",\"name\":\"Comment\",\"target\":[\"https:\/\/www.gaveanews.com\/index.php\/2025\/06\/18\/caio-ribeiro-faz-alerta-ao-palmeiras-para-a-sequencia-da-copa-do-mundo-de-clubes\/#respond\"]}],\"copyrightYear\":\"2025\",\"copyrightHolder\":{\"@id\":\"https:\/\/www.gaveanews.com\/#organization\"}},{\"@type\":\"WebPage\",\"@id\":\"https:\/\/www.gaveanews.com\/index.php\/2025\/06\/18\/caio-ribeiro-faz-alerta-ao-palmeiras-para-a-sequencia-da-copa-do-mundo-de-clubes\/\",\"url\":\"https:\/\/www.gaveanews.com\/index.php\/2025\/06\/18\/caio-ribeiro-faz-alerta-ao-palmeiras-para-a-sequencia-da-copa-do-mundo-de-clubes\/\",\"name\":\"Caio Ribeiro faz alerta ao Palmeiras para a sequ\u00eancia da Copa do Mundo de Clubes\",\"isPartOf\":{\"@id\":\"https:\/\/www.gaveanews.com\/#website\"},\"primaryImageOfPage\":{\"@id\":\"https:\/\/www.gaveanews.com\/index.php\/2025\/06\/18\/caio-ribeiro-faz-alerta-ao-palmeiras-para-a-sequencia-da-copa-do-mundo-de-clubes\/#primaryimage\"},\"image\":{\"@id\":\"https:\/\/www.gaveanews.com\/index.php\/2025\/06\/18\/caio-ribeiro-faz-alerta-ao-palmeiras-para-a-sequencia-da-copa-do-mundo-de-clubes\/#primaryimage\"},\"thumbnailUrl\":\"https:\/\/www.gaveanews.com\/wp-content\/uploads\/Vitor-Roque-e-Abel-Ferreira-trocando-figurinhas-em-derrota-do-Palmeiras.webp\",\"datePublished\":\"2025-06-18T17:00:34+00:00\",\"author\":{\"@id\":\"https:\/\/www.gaveanews.com\/#\/schema\/person\/49ac99b6823a2b8d5087a6ce3aaaa128\"},\"breadcrumb\":{\"@id\":\"https:\/\/www.gaveanews.com\/index.php\/2025\/06\/18\/caio-ribeiro-faz-alerta-ao-palmeiras-para-a-sequencia-da-copa-do-mundo-de-clubes\/#breadcrumb\"},\"inLanguage\":\"pt-BR\",\"potentialAction\":[{\"@type\":\"ReadAction\",\"target\":[\"https:\/\/www.gaveanews.com\/index.php\/2025\/06\/18\/caio-ribeiro-faz-alerta-ao-palmeiras-para-a-sequencia-da-copa-do-mundo-de-clubes\/\"]}]},{\"@type\":\"ImageObject\",\"inLanguage\":\"pt-BR\",\"@id\":\"https:\/\/www.gaveanews.com\/index.php\/2025\/06\/18\/caio-ribeiro-faz-alerta-ao-palmeiras-para-a-sequencia-da-copa-do-mundo-de-clubes\/#primaryimage\",\"url\":\"https:\/\/www.gaveanews.com\/wp-content\/uploads\/Vitor-Roque-e-Abel-Ferreira-trocando-figurinhas-em-derrota-do-Palmeiras.webp\",\"contentUrl\":\"https:\/\/www.gaveanews.com\/wp-content\/uploads\/Vitor-Roque-e-Abel-Ferreira-trocando-figurinhas-em-derrota-do-Palmeiras.webp\",\"width\":1200,\"height\":900,\"caption\":\"Foto: Cesar Greco\/SEP\"},{\"@type\":\"BreadcrumbList\",\"@id\":\"https:\/\/www.gaveanews.com\/index.php\/2025\/06\/18\/caio-ribeiro-faz-alerta-ao-palmeiras-para-a-sequencia-da-copa-do-mundo-de-clubes\/#breadcrumb\",\"itemListElement\":[{\"@type\":\"ListItem\",\"position\":1,\"name\":\"Home\",\"item\":\"https:\/\/www.gaveanews.com\/\"},{\"@type\":\"ListItem\",\"position\":2,\"name\":\"Caio Ribeiro faz alerta ao Palmeiras para a sequ\u00eancia da Copa do Mundo de Clubes\"}]},{\"@type\":\"WebSite\",\"@id\":\"https:\/\/www.gaveanews.com\/#website\",\"url\":\"https:\/\/www.gaveanews.com\/\",\"name\":\"G\u00e1vea News\",\"description\":\"Veja todas as not\u00edcias sobre o Flamengo: Contrata\u00e7\u00f5es, categorias de base, resultados das partidas, tabela de classifica\u00e7\u00e3o, pr\u00f3ximos jogos!\",\"potentialAction\":[{\"@type\":\"SearchAction\",\"target\":{\"@type\":\"EntryPoint\",\"urlTemplate\":\"https:\/\/www.gaveanews.com\/?s={search_term_string}\"},\"query-input\":{\"@type\":\"PropertyValueSpecification\",\"valueRequired\":true,\"valueName\":\"search_term_string\"}}],\"inLanguage\":\"pt-BR\"},{\"@type\":\"Person\",\"@id\":\"https:\/\/www.gaveanews.com\/#\/schema\/person\/49ac99b6823a2b8d5087a6ce3aaaa128\",\"name\":\"Matheus Leal\",\"image\":{\"@type\":\"ImageObject\",\"inLanguage\":\"pt-BR\",\"@id\":\"https:\/\/www.gaveanews.com\/#\/schema\/person\/image\/\",\"url\":\"https:\/\/secure.gravatar.com\/avatar\/21c52300d1234416f9c886f6dadd7452d8b035ac505314a51e4f56731e90c481?s=96&d=mm&r=g\",\"contentUrl\":\"https:\/\/secure.gravatar.com\/avatar\/21c52300d1234416f9c886f6dadd7452d8b035ac505314a51e4f56731e90c481?s=96&d=mm&r=g\",\"caption\":\"Matheus Leal\"}}]}<\/script>\n<!-- \/ Yoast SEO Premium plugin. -->","yoast_head_json":{"title":"Caio Ribeiro faz alerta ao Palmeiras para a sequ\u00eancia da Copa do Mundo de Clubes","robots":{"index":"index","follow":"follow","max-snippet":"max-snippet:-1","max-image-preview":"max-image-preview:large","max-video-preview":"max-video-preview:-1"},"canonical":"https:\/\/www.gaveanews.com\/index.php\/2025\/06\/18\/caio-ribeiro-faz-alerta-ao-palmeiras-para-a-sequencia-da-copa-do-mundo-de-clubes\/","og_locale":"pt_BR","og_type":"article","og_title":"Caio Ribeiro faz alerta ao Palmeiras para a sequ\u00eancia da Copa do Mundo de Clubes","og_description":"A atua\u00e7\u00e3o do Palmeiras na estreia da Copa do Mundo de Clubes chamou aten\u00e7\u00e3o. Apesar do empate em 0x0, o Verd\u00e3o teve as melhores chances diante do Porto e agora sonha com a primeira coloca\u00e7\u00e3o do Grupo A, que tamb\u00e9m conta com Al Ahly e Inter Miami. Em participa\u00e7\u00e3o no programa Quebrada FC, do PodPah, [&hellip;]","og_url":"https:\/\/www.gaveanews.com\/index.php\/2025\/06\/18\/caio-ribeiro-faz-alerta-ao-palmeiras-para-a-sequencia-da-copa-do-mundo-de-clubes\/","og_site_name":"G\u00e1vea News","article_publisher":"https:\/\/facebook.com\/gaveaNews\/","article_published_time":"2025-06-18T17:00:34+00:00","og_image":[{"width":1200,"height":900,"url":"https:\/\/www.gaveanews.com\/wp-content\/uploads\/Vitor-Roque-e-Abel-Ferreira-trocando-figurinhas-em-derrota-do-Palmeiras.webp","type":"image\/webp"}],"author":"Matheus Leal","twitter_card":"summary_large_image","twitter_misc":{"Escrito por":"Matheus Leal","Est. tempo de leitura":"3 minutos"},"schema":{"@context":"https:\/\/schema.org","@graph":[{"@type":"NewsArticle","@id":"https:\/\/www.gaveanews.com\/index.php\/2025\/06\/18\/caio-ribeiro-faz-alerta-ao-palmeiras-para-a-sequencia-da-copa-do-mundo-de-clubes\/#article","isPartOf":{"@id":"https:\/\/www.gaveanews.com\/index.php\/2025\/06\/18\/caio-ribeiro-faz-alerta-ao-palmeiras-para-a-sequencia-da-copa-do-mundo-de-clubes\/"},"author":{"name":"Matheus Leal","@id":"https:\/\/www.gaveanews.com\/#\/schema\/person\/49ac99b6823a2b8d5087a6ce3aaaa128"},"headline":"Caio Ribeiro faz alerta ao Palmeiras para a sequ\u00eancia da Copa do Mundo de Clubes","datePublished":"2025-06-18T17:00:34+00:00","mainEntityOfPage":{"@id":"https:\/\/www.gaveanews.com\/index.php\/2025\/06\/18\/caio-ribeiro-faz-alerta-ao-palmeiras-para-a-sequencia-da-copa-do-mundo-de-clubes\/"},"wordCount":367,"commentCount":0,"image":{"@id":"https:\/\/www.gaveanews.com\/index.php\/2025\/06\/18\/caio-ribeiro-faz-alerta-ao-palmeiras-para-a-sequencia-da-copa-do-mundo-de-clubes\/#primaryimage"},"thumbnailUrl":"https:\/\/www.gaveanews.com\/wp-content\/uploads\/Vitor-Roque-e-Abel-Ferreira-trocando-figurinhas-em-derrota-do-Palmeiras.webp","articleSection":["Brasileir\u00e3o","Palmeiras"],"inLanguage":"pt-BR","potentialAction":[{"@type":"CommentAction","name":"Comment","target":["https:\/\/www.gaveanews.com\/index.php\/2025\/06\/18\/caio-ribeiro-faz-alerta-ao-palmeiras-para-a-sequencia-da-copa-do-mundo-de-clubes\/#respond"]}],"copyrightYear":"2025","copyrightHolder":{"@id":"https:\/\/www.gaveanews.com\/#organization"}},{"@type":"WebPage","@id":"https:\/\/www.gaveanews.com\/index.php\/2025\/06\/18\/caio-ribeiro-faz-alerta-ao-palmeiras-para-a-sequencia-da-copa-do-mundo-de-clubes\/","url":"https:\/\/www.gaveanews.com\/index.php\/2025\/06\/18\/caio-ribeiro-faz-alerta-ao-palmeiras-para-a-sequencia-da-copa-do-mundo-de-clubes\/","name":"Caio Ribeiro faz alerta ao Palmeiras para a sequ\u00eancia da Copa do Mundo de Clubes","isPartOf":{"@id":"https:\/\/www.gaveanews.com\/#website"},"primaryImageOfPage":{"@id":"https:\/\/www.gaveanews.com\/index.php\/2025\/06\/18\/caio-ribeiro-faz-alerta-ao-palmeiras-para-a-sequencia-da-copa-do-mundo-de-clubes\/#primaryimage"},"image":{"@id":"https:\/\/www.gaveanews.com\/index.php\/2025\/06\/18\/caio-ribeiro-faz-alerta-ao-palmeiras-para-a-sequencia-da-copa-do-mundo-de-clubes\/#primaryimage"},"thumbnailUrl":"https:\/\/www.gaveanews.com\/wp-content\/uploads\/Vitor-Roque-e-Abel-Ferreira-trocando-figurinhas-em-derrota-do-Palmeiras.webp","datePublished":"2025-06-18T17:00:34+00:00","author":{"@id":"https:\/\/www.gaveanews.com\/#\/schema\/person\/49ac99b6823a2b8d5087a6ce3aaaa128"},"breadcrumb":{"@id":"https:\/\/www.gaveanews.com\/index.php\/2025\/06\/18\/caio-ribeiro-faz-alerta-ao-palmeiras-para-a-sequencia-da-copa-do-mundo-de-clubes\/#breadcrumb"},"inLanguage":"pt-BR","potentialAction":[{"@type":"ReadAction","target":["https:\/\/www.gaveanews.com\/index.php\/2025\/06\/18\/caio-ribeiro-faz-alerta-ao-palmeiras-para-a-sequencia-da-copa-do-mundo-de-clubes\/"]}]},{"@type":"ImageObject","inLanguage":"pt-BR","@id":"https:\/\/www.gaveanews.com\/index.php\/2025\/06\/18\/caio-ribeiro-faz-alerta-ao-palmeiras-para-a-sequencia-da-copa-do-mundo-de-clubes\/#primaryimage","url":"https:\/\/www.gaveanews.com\/wp-content\/uploads\/Vitor-Roque-e-Abel-Ferreira-trocando-figurinhas-em-derrota-do-Palmeiras.webp","contentUrl":"https:\/\/www.gaveanews.com\/wp-content\/uploads\/Vitor-Roque-e-Abel-Ferreira-trocando-figurinhas-em-derrota-do-Palmeiras.webp","width":1200,"height":900,"caption":"Foto: Cesar Greco\/SEP"},{"@type":"BreadcrumbList","@id":"https:\/\/www.gaveanews.com\/index.php\/2025\/06\/18\/caio-ribeiro-faz-alerta-ao-palmeiras-para-a-sequencia-da-copa-do-mundo-de-clubes\/#breadcrumb","itemListElement":[{"@type":"ListItem","position":1,"name":"Home","item":"https:\/\/www.gaveanews.com\/"},{"@type":"ListItem","position":2,"name":"Caio Ribeiro faz alerta ao Palmeiras para a sequ\u00eancia da Copa do Mundo de Clubes"}]},{"@type":"WebSite","@id":"https:\/\/www.gaveanews.com\/#website","url":"https:\/\/www.gaveanews.com\/","name":"G\u00e1vea News","description":"Veja todas as not\u00edcias sobre o Flamengo: Contrata\u00e7\u00f5es, categorias de base, resultados das partidas, tabela de classifica\u00e7\u00e3o, pr\u00f3ximos jogos!","potentialAction":[{"@type":"SearchAction","target":{"@type":"EntryPoint","urlTemplate":"https:\/\/www.gaveanews.com\/?s={search_term_string}"},"query-input":{"@type":"PropertyValueSpecification","valueRequired":true,"valueName":"search_term_string"}}],"inLanguage":"pt-BR"},{"@type":"Person","@id":"https:\/\/www.gaveanews.com\/#\/schema\/person\/49ac99b6823a2b8d5087a6ce3aaaa128","name":"Matheus Leal","image":{"@type":"ImageObject","inLanguage":"pt-BR","@id":"https:\/\/www.gaveanews.com\/#\/schema\/person\/image\/","url":"https:\/\/secure.gravatar.com\/avatar\/21c52300d1234416f9c886f6dadd7452d8b035ac505314a51e4f56731e90c481?s=96&d=mm&r=g","contentUrl":"https:\/\/secure.gravatar.com\/avatar\/21c52300d1234416f9c886f6dadd7452d8b035ac505314a51e4f56731e90c481?s=96&d=mm&r=g","caption":"Matheus Leal"}}]}},"_links":{"self":[{"href":"https:\/\/www.gaveanews.com\/index.php\/wp-json\/wp\/v2\/posts\/271095","targetHints":{"allow":["GET"]}}],"collection":[{"href":"https:\/\/www.gaveanews.com\/index.php\/wp-json\/wp\/v2\/posts"}],"about":[{"href":"https:\/\/www.gaveanews.com\/index.php\/wp-json\/wp\/v2\/types\/post"}],"author":[{"embeddable":true,"href":"https:\/\/www.gaveanews.com\/index.php\/wp-json\/wp\/v2\/users\/32"}],"replies":[{"embeddable":true,"href":"https:\/\/www.gaveanews.com\/index.php\/wp-json\/wp\/v2\/comments?post=271095"}],"version-history":[{"count":1,"href":"https:\/\/www.gaveanews.com\/index.php\/wp-json\/wp\/v2\/posts\/271095\/revisions"}],"predecessor-version":[{"id":271096,"href":"https:\/\/www.gaveanews.com\/index.php\/wp-json\/wp\/v2\/posts\/271095\/revisions\/271096"}],"wp:featuredmedia":[{"embeddable":true,"href":"https:\/\/www.gaveanews.com\/index.php\/wp-json\/wp\/v2\/media\/268980"}],"wp:attachment":[{"href":"https:\/\/www.gaveanews.com\/index.php\/wp-json\/wp\/v2\/media?parent=271095"}],"wp:term":[{"taxonomy":"category","embeddable":true,"href":"https:\/\/www.gaveanews.com\/index.php\/wp-json\/wp\/v2\/categories?post=271095"},{"taxonomy":"post_tag","embeddable":true,"href":"https:\/\/www.gaveanews.com\/index.php\/wp-json\/wp\/v2\/tags?post=271095"}],"curies":[{"name":"wp","href":"https:\/\/api.w.org\/{rel}","templated":true}]}}