{"id":271097,"date":"2025-06-18T12:30:38","date_gmt":"2025-06-18T15:30:38","guid":{"rendered":"https:\/\/www.gaveanews.com\/?p=271097"},"modified":"2025-06-18T12:01:54","modified_gmt":"2025-06-18T15:01:54","slug":"dupla-se-destaca-e-comanda-boa-fase-do-flamengo-de-filipe-luis","status":"publish","type":"post","link":"https:\/\/www.gaveanews.com\/index.php\/2025\/06\/18\/dupla-se-destaca-e-comanda-boa-fase-do-flamengo-de-filipe-luis\/","title":{"rendered":"Dupla se destaca e comanda boa fase do Flamengo de Filipe Lu\u00eds"},"content":{"rendered":"\n<p>O Flamengo iniciou sua participa\u00e7\u00e3o no Mundial de Clubes com uma vit\u00f3ria expressiva. Na segunda-feira (16), a equipe venceu o Esp\u00e9rance de Tunis por 2 a 0, em partida realizada na Filad\u00e9lfia. O resultado colocou o Rubro-Negro na lideran\u00e7a do Grupo D da competi\u00e7\u00e3o internacional, ao lado do Chelsea.<\/p>\n\n\n\n<p>A atua\u00e7\u00e3o da equipe comandada por Filipe Lu\u00eds teve dois protagonistas bem definidos: Arrascaeta e Luiz Ara\u00fajo. Afinal, ambos marcaram os gols que garantiram o triunfo flamenguista. Ali\u00e1s, o camisa 7 ainda se destacou ao dar a assist\u00eancia para o tento do meio-campista uruguaio. A import\u00e2ncia da dupla, contudo, vai al\u00e9m do desempenho no duelo contra os tunisianos.<\/p>\n\n\n\n<figure class=\"wp-block-image size-full\"><img loading=\"lazy\" decoding=\"async\" width=\"1024\" height=\"683\" src=\"http:\/\/www.gaveanews.com\/wp-content\/uploads\/arrascaeta-rindo-flamengo.webp\" alt=\"\" class=\"wp-image-116201\" srcset=\"https:\/\/www.gaveanews.com\/wp-content\/uploads\/arrascaeta-rindo-flamengo.webp 1024w, https:\/\/www.gaveanews.com\/wp-content\/uploads\/arrascaeta-rindo-flamengo-300x200.webp 300w, https:\/\/www.gaveanews.com\/wp-content\/uploads\/arrascaeta-rindo-flamengo-768x512.webp 768w, https:\/\/www.gaveanews.com\/wp-content\/uploads\/arrascaeta-rindo-flamengo-630x420.webp 630w, https:\/\/www.gaveanews.com\/wp-content\/uploads\/arrascaeta-rindo-flamengo-640x427.webp 640w, https:\/\/www.gaveanews.com\/wp-content\/uploads\/arrascaeta-rindo-flamengo-681x454.webp 681w, https:\/\/www.gaveanews.com\/wp-content\/uploads\/arrascaeta-rindo-flamengo-1022x683.webp 1022w, https:\/\/www.gaveanews.com\/wp-content\/uploads\/arrascaeta-rindo-flamengo-100x67.webp 100w\" sizes=\"auto, (max-width: 1024px) 100vw, 1024px\" \/><figcaption class=\"wp-element-caption\">Arrascaeta durante treinamento do Flamengo (Foto: Alexandre Vidal)<\/figcaption><\/figure>\n\n\n\n<p>Atualmente, Arrascaeta e Luiz Ara\u00fajo t\u00eam participa\u00e7\u00e3o direta em quase metade dos gols do Flamengo na temporada 2025. Conforme os n\u00fameros oficiais, os dois estiveram envolvidos em 30 dos 70 gols marcados pela equipe at\u00e9 o momento. Isso representa uma participa\u00e7\u00e3o conjunta de 42%, o que demonstra a relev\u00e2ncia ofensiva de ambos no planejamento t\u00e1tico de Filipe Lu\u00eds.<\/p>\n\n\n\n<p>Os dados recentes refor\u00e7am essa influ\u00eancia. Nos \u00faltimos 10 jogos em que estiveram juntos em campo, os camisas 10 e 7 participaram de 14 dos 20 gols anotados pelo Flamengo. Isso evidencia, igualmente, a boa sintonia entre os dois jogadores, que se tornaram pe\u00e7as fundamentais no ataque rubro-negro.<\/p>\n\n\n\n<p>O levantamento das participa\u00e7\u00f5es individuais tamb\u00e9m chama aten\u00e7\u00e3o. Arrascaeta lidera o ranking com 19 contribui\u00e7\u00f5es diretas, sendo 13 gols e 6 assist\u00eancias em 27 partidas. Logo atr\u00e1s aparece Luiz Ara\u00fajo, com 8 gols e 6 assist\u00eancias em 29 jogos. Pedro, por sua vez, ocupa o terceiro lugar, somando 8 participa\u00e7\u00f5es diretas em 15 partidas, com 5 gols e 3 assist\u00eancias.<\/p>\n\n\n\n<p>O pr\u00f3ximo compromisso do Flamengo no Mundial de Clubes est\u00e1 marcado para sexta-feira (20), \u00e0s 15h (hor\u00e1rio de Bras\u00edlia), contra o Chelsea. O confronto ser\u00e1 realizado no Lincoln Financial Field, tamb\u00e9m na Filad\u00e9lfia. A lideran\u00e7a do Grupo D ser\u00e1 decidida nesse duelo, que contar\u00e1 com transmiss\u00e3o ao vivo na Rede Globo, SporTV, Caz\u00e9TV e DAZN. A vantagem do Flamengo atualmente se d\u00e1 pelo menor n\u00famero de cart\u00f5es amarelos recebidos na competi\u00e7\u00e3o, o que pode ser um fator decisivo em caso de novo empate nos crit\u00e9rios de desempate.<\/p>\n","protected":false},"excerpt":{"rendered":"<p>O Flamengo iniciou sua participa\u00e7\u00e3o no Mundial de Clubes com uma vit\u00f3ria expressiva. Na segunda-feira (16), a equipe venceu o Esp\u00e9rance de Tunis por 2 a 0, em partida realizada na Filad\u00e9lfia. O resultado colocou o Rubro-Negro na lideran\u00e7a do Grupo D da competi\u00e7\u00e3o internacional, ao lado do Chelsea. A atua\u00e7\u00e3o da equipe comandada por [&hellip;]<\/p>\n","protected":false},"author":33,"featured_media":149729,"comment_status":"open","ping_status":"closed","sticky":false,"template":"","format":"standard","meta":{"footnotes":""},"categories":[1],"tags":[],"class_list":["post-271097","post","type-post","status-publish","format-standard","has-post-thumbnail","hentry","category-flamengo"],"yoast_head":"<!-- This site is optimized with the Yoast SEO Premium plugin v24.2 (Yoast SEO v26.9) - https:\/\/yoast.com\/product\/yoast-seo-premium-wordpress\/ -->\n<title>Dupla se destaca e comanda boa fase do Flamengo de Filipe Lu\u00eds<\/title>\n<meta name=\"robots\" content=\"index, follow, max-snippet:-1, max-image-preview:large, max-video-preview:-1\" \/>\n<link rel=\"canonical\" href=\"https:\/\/www.gaveanews.com\/index.php\/2025\/06\/18\/dupla-se-destaca-e-comanda-boa-fase-do-flamengo-de-filipe-luis\/\" \/>\n<meta property=\"og:locale\" content=\"pt_BR\" \/>\n<meta property=\"og:type\" content=\"article\" \/>\n<meta property=\"og:title\" content=\"Dupla se destaca e comanda boa fase do Flamengo de Filipe Lu\u00eds\" \/>\n<meta property=\"og:description\" content=\"O Flamengo iniciou sua participa\u00e7\u00e3o no Mundial de Clubes com uma vit\u00f3ria expressiva. Na segunda-feira (16), a equipe venceu o Esp\u00e9rance de Tunis por 2 a 0, em partida realizada na Filad\u00e9lfia. O resultado colocou o Rubro-Negro na lideran\u00e7a do Grupo D da competi\u00e7\u00e3o internacional, ao lado do Chelsea. A atua\u00e7\u00e3o da equipe comandada por [&hellip;]\" \/>\n<meta property=\"og:url\" content=\"https:\/\/www.gaveanews.com\/index.php\/2025\/06\/18\/dupla-se-destaca-e-comanda-boa-fase-do-flamengo-de-filipe-luis\/\" \/>\n<meta property=\"og:site_name\" content=\"G\u00e1vea News\" \/>\n<meta property=\"article:publisher\" content=\"https:\/\/facebook.com\/gaveaNews\/\" \/>\n<meta property=\"article:published_time\" content=\"2025-06-18T15:30:38+00:00\" \/>\n<meta property=\"og:image\" content=\"https:\/\/www.gaveanews.com\/wp-content\/uploads\/Adidas-promove-mundaca-na-camisa-do-Flamengo.webp\" \/>\n\t<meta property=\"og:image:width\" content=\"711\" \/>\n\t<meta property=\"og:image:height\" content=\"708\" \/>\n\t<meta property=\"og:image:type\" content=\"image\/jpeg\" \/>\n<meta name=\"author\" content=\"Brenda Cezillo\" \/>\n<meta name=\"twitter:card\" content=\"summary_large_image\" \/>\n<meta name=\"twitter:label1\" content=\"Escrito por\" \/>\n\t<meta name=\"twitter:data1\" content=\"Brenda Cezillo\" \/>\n\t<meta name=\"twitter:label2\" content=\"Est. tempo de leitura\" \/>\n\t<meta name=\"twitter:data2\" content=\"3 minutos\" \/>\n<script type=\"application\/ld+json\" class=\"yoast-schema-graph\">{\"@context\":\"https:\/\/schema.org\",\"@graph\":[{\"@type\":\"NewsArticle\",\"@id\":\"https:\/\/www.gaveanews.com\/index.php\/2025\/06\/18\/dupla-se-destaca-e-comanda-boa-fase-do-flamengo-de-filipe-luis\/#article\",\"isPartOf\":{\"@id\":\"https:\/\/www.gaveanews.com\/index.php\/2025\/06\/18\/dupla-se-destaca-e-comanda-boa-fase-do-flamengo-de-filipe-luis\/\"},\"author\":{\"name\":\"Brenda Cezillo\",\"@id\":\"https:\/\/www.gaveanews.com\/#\/schema\/person\/c79759ca337c40791ae8d08e2923d403\"},\"headline\":\"Dupla se destaca e comanda boa fase do Flamengo de Filipe Lu\u00eds\",\"datePublished\":\"2025-06-18T15:30:38+00:00\",\"mainEntityOfPage\":{\"@id\":\"https:\/\/www.gaveanews.com\/index.php\/2025\/06\/18\/dupla-se-destaca-e-comanda-boa-fase-do-flamengo-de-filipe-luis\/\"},\"wordCount\":402,\"commentCount\":0,\"image\":{\"@id\":\"https:\/\/www.gaveanews.com\/index.php\/2025\/06\/18\/dupla-se-destaca-e-comanda-boa-fase-do-flamengo-de-filipe-luis\/#primaryimage\"},\"thumbnailUrl\":\"https:\/\/www.gaveanews.com\/wp-content\/uploads\/Adidas-promove-mundaca-na-camisa-do-Flamengo.webp\",\"articleSection\":[\"Flamengo\"],\"inLanguage\":\"pt-BR\",\"potentialAction\":[{\"@type\":\"CommentAction\",\"name\":\"Comment\",\"target\":[\"https:\/\/www.gaveanews.com\/index.php\/2025\/06\/18\/dupla-se-destaca-e-comanda-boa-fase-do-flamengo-de-filipe-luis\/#respond\"]}],\"copyrightYear\":\"2025\",\"copyrightHolder\":{\"@id\":\"https:\/\/www.gaveanews.com\/#organization\"}},{\"@type\":\"WebPage\",\"@id\":\"https:\/\/www.gaveanews.com\/index.php\/2025\/06\/18\/dupla-se-destaca-e-comanda-boa-fase-do-flamengo-de-filipe-luis\/\",\"url\":\"https:\/\/www.gaveanews.com\/index.php\/2025\/06\/18\/dupla-se-destaca-e-comanda-boa-fase-do-flamengo-de-filipe-luis\/\",\"name\":\"Dupla se destaca e comanda boa fase do Flamengo de Filipe Lu\u00eds\",\"isPartOf\":{\"@id\":\"https:\/\/www.gaveanews.com\/#website\"},\"primaryImageOfPage\":{\"@id\":\"https:\/\/www.gaveanews.com\/index.php\/2025\/06\/18\/dupla-se-destaca-e-comanda-boa-fase-do-flamengo-de-filipe-luis\/#primaryimage\"},\"image\":{\"@id\":\"https:\/\/www.gaveanews.com\/index.php\/2025\/06\/18\/dupla-se-destaca-e-comanda-boa-fase-do-flamengo-de-filipe-luis\/#primaryimage\"},\"thumbnailUrl\":\"https:\/\/www.gaveanews.com\/wp-content\/uploads\/Adidas-promove-mundaca-na-camisa-do-Flamengo.webp\",\"datePublished\":\"2025-06-18T15:30:38+00:00\",\"author\":{\"@id\":\"https:\/\/www.gaveanews.com\/#\/schema\/person\/c79759ca337c40791ae8d08e2923d403\"},\"breadcrumb\":{\"@id\":\"https:\/\/www.gaveanews.com\/index.php\/2025\/06\/18\/dupla-se-destaca-e-comanda-boa-fase-do-flamengo-de-filipe-luis\/#breadcrumb\"},\"inLanguage\":\"pt-BR\",\"potentialAction\":[{\"@type\":\"ReadAction\",\"target\":[\"https:\/\/www.gaveanews.com\/index.php\/2025\/06\/18\/dupla-se-destaca-e-comanda-boa-fase-do-flamengo-de-filipe-luis\/\"]}]},{\"@type\":\"ImageObject\",\"inLanguage\":\"pt-BR\",\"@id\":\"https:\/\/www.gaveanews.com\/index.php\/2025\/06\/18\/dupla-se-destaca-e-comanda-boa-fase-do-flamengo-de-filipe-luis\/#primaryimage\",\"url\":\"https:\/\/www.gaveanews.com\/wp-content\/uploads\/Adidas-promove-mundaca-na-camisa-do-Flamengo.webp\",\"contentUrl\":\"https:\/\/www.gaveanews.com\/wp-content\/uploads\/Adidas-promove-mundaca-na-camisa-do-Flamengo.webp\",\"width\":711,\"height\":708,\"caption\":\"Adidas promove mudan\u00e7a na camisa do Flamengo (Imagem: Editoria de arte\/G\u00e1vea News\/Henrique Machado)\"},{\"@type\":\"BreadcrumbList\",\"@id\":\"https:\/\/www.gaveanews.com\/index.php\/2025\/06\/18\/dupla-se-destaca-e-comanda-boa-fase-do-flamengo-de-filipe-luis\/#breadcrumb\",\"itemListElement\":[{\"@type\":\"ListItem\",\"position\":1,\"name\":\"Home\",\"item\":\"https:\/\/www.gaveanews.com\/\"},{\"@type\":\"ListItem\",\"position\":2,\"name\":\"Dupla se destaca e comanda boa fase do Flamengo de Filipe Lu\u00eds\"}]},{\"@type\":\"WebSite\",\"@id\":\"https:\/\/www.gaveanews.com\/#website\",\"url\":\"https:\/\/www.gaveanews.com\/\",\"name\":\"G\u00e1vea News\",\"description\":\"Veja todas as not\u00edcias sobre o Flamengo: Contrata\u00e7\u00f5es, categorias de base, resultados das partidas, tabela de classifica\u00e7\u00e3o, pr\u00f3ximos jogos!\",\"potentialAction\":[{\"@type\":\"SearchAction\",\"target\":{\"@type\":\"EntryPoint\",\"urlTemplate\":\"https:\/\/www.gaveanews.com\/?s={search_term_string}\"},\"query-input\":{\"@type\":\"PropertyValueSpecification\",\"valueRequired\":true,\"valueName\":\"search_term_string\"}}],\"inLanguage\":\"pt-BR\"},{\"@type\":\"Person\",\"@id\":\"https:\/\/www.gaveanews.com\/#\/schema\/person\/c79759ca337c40791ae8d08e2923d403\",\"name\":\"Brenda Cezillo\",\"image\":{\"@type\":\"ImageObject\",\"inLanguage\":\"pt-BR\",\"@id\":\"https:\/\/www.gaveanews.com\/#\/schema\/person\/image\/\",\"url\":\"https:\/\/secure.gravatar.com\/avatar\/1738d75cee7317f9c29ae61dd67620c5883d80a92e42a6fff88ae5d527af217a?s=96&d=mm&r=g\",\"contentUrl\":\"https:\/\/secure.gravatar.com\/avatar\/1738d75cee7317f9c29ae61dd67620c5883d80a92e42a6fff88ae5d527af217a?s=96&d=mm&r=g\",\"caption\":\"Brenda Cezillo\"}}]}<\/script>\n<!-- \/ Yoast SEO Premium plugin. -->","yoast_head_json":{"title":"Dupla se destaca e comanda boa fase do Flamengo de Filipe Lu\u00eds","robots":{"index":"index","follow":"follow","max-snippet":"max-snippet:-1","max-image-preview":"max-image-preview:large","max-video-preview":"max-video-preview:-1"},"canonical":"https:\/\/www.gaveanews.com\/index.php\/2025\/06\/18\/dupla-se-destaca-e-comanda-boa-fase-do-flamengo-de-filipe-luis\/","og_locale":"pt_BR","og_type":"article","og_title":"Dupla se destaca e comanda boa fase do Flamengo de Filipe Lu\u00eds","og_description":"O Flamengo iniciou sua participa\u00e7\u00e3o no Mundial de Clubes com uma vit\u00f3ria expressiva. Na segunda-feira (16), a equipe venceu o Esp\u00e9rance de Tunis por 2 a 0, em partida realizada na Filad\u00e9lfia. O resultado colocou o Rubro-Negro na lideran\u00e7a do Grupo D da competi\u00e7\u00e3o internacional, ao lado do Chelsea. A atua\u00e7\u00e3o da equipe comandada por [&hellip;]","og_url":"https:\/\/www.gaveanews.com\/index.php\/2025\/06\/18\/dupla-se-destaca-e-comanda-boa-fase-do-flamengo-de-filipe-luis\/","og_site_name":"G\u00e1vea News","article_publisher":"https:\/\/facebook.com\/gaveaNews\/","article_published_time":"2025-06-18T15:30:38+00:00","og_image":[{"width":711,"height":708,"url":"https:\/\/www.gaveanews.com\/wp-content\/uploads\/Adidas-promove-mundaca-na-camisa-do-Flamengo.webp","type":"image\/jpeg"}],"author":"Brenda Cezillo","twitter_card":"summary_large_image","twitter_misc":{"Escrito por":"Brenda Cezillo","Est. tempo de leitura":"3 minutos"},"schema":{"@context":"https:\/\/schema.org","@graph":[{"@type":"NewsArticle","@id":"https:\/\/www.gaveanews.com\/index.php\/2025\/06\/18\/dupla-se-destaca-e-comanda-boa-fase-do-flamengo-de-filipe-luis\/#article","isPartOf":{"@id":"https:\/\/www.gaveanews.com\/index.php\/2025\/06\/18\/dupla-se-destaca-e-comanda-boa-fase-do-flamengo-de-filipe-luis\/"},"author":{"name":"Brenda Cezillo","@id":"https:\/\/www.gaveanews.com\/#\/schema\/person\/c79759ca337c40791ae8d08e2923d403"},"headline":"Dupla se destaca e comanda boa fase do Flamengo de Filipe Lu\u00eds","datePublished":"2025-06-18T15:30:38+00:00","mainEntityOfPage":{"@id":"https:\/\/www.gaveanews.com\/index.php\/2025\/06\/18\/dupla-se-destaca-e-comanda-boa-fase-do-flamengo-de-filipe-luis\/"},"wordCount":402,"commentCount":0,"image":{"@id":"https:\/\/www.gaveanews.com\/index.php\/2025\/06\/18\/dupla-se-destaca-e-comanda-boa-fase-do-flamengo-de-filipe-luis\/#primaryimage"},"thumbnailUrl":"https:\/\/www.gaveanews.com\/wp-content\/uploads\/Adidas-promove-mundaca-na-camisa-do-Flamengo.webp","articleSection":["Flamengo"],"inLanguage":"pt-BR","potentialAction":[{"@type":"CommentAction","name":"Comment","target":["https:\/\/www.gaveanews.com\/index.php\/2025\/06\/18\/dupla-se-destaca-e-comanda-boa-fase-do-flamengo-de-filipe-luis\/#respond"]}],"copyrightYear":"2025","copyrightHolder":{"@id":"https:\/\/www.gaveanews.com\/#organization"}},{"@type":"WebPage","@id":"https:\/\/www.gaveanews.com\/index.php\/2025\/06\/18\/dupla-se-destaca-e-comanda-boa-fase-do-flamengo-de-filipe-luis\/","url":"https:\/\/www.gaveanews.com\/index.php\/2025\/06\/18\/dupla-se-destaca-e-comanda-boa-fase-do-flamengo-de-filipe-luis\/","name":"Dupla se destaca e comanda boa fase do Flamengo de Filipe Lu\u00eds","isPartOf":{"@id":"https:\/\/www.gaveanews.com\/#website"},"primaryImageOfPage":{"@id":"https:\/\/www.gaveanews.com\/index.php\/2025\/06\/18\/dupla-se-destaca-e-comanda-boa-fase-do-flamengo-de-filipe-luis\/#primaryimage"},"image":{"@id":"https:\/\/www.gaveanews.com\/index.php\/2025\/06\/18\/dupla-se-destaca-e-comanda-boa-fase-do-flamengo-de-filipe-luis\/#primaryimage"},"thumbnailUrl":"https:\/\/www.gaveanews.com\/wp-content\/uploads\/Adidas-promove-mundaca-na-camisa-do-Flamengo.webp","datePublished":"2025-06-18T15:30:38+00:00","author":{"@id":"https:\/\/www.gaveanews.com\/#\/schema\/person\/c79759ca337c40791ae8d08e2923d403"},"breadcrumb":{"@id":"https:\/\/www.gaveanews.com\/index.php\/2025\/06\/18\/dupla-se-destaca-e-comanda-boa-fase-do-flamengo-de-filipe-luis\/#breadcrumb"},"inLanguage":"pt-BR","potentialAction":[{"@type":"ReadAction","target":["https:\/\/www.gaveanews.com\/index.php\/2025\/06\/18\/dupla-se-destaca-e-comanda-boa-fase-do-flamengo-de-filipe-luis\/"]}]},{"@type":"ImageObject","inLanguage":"pt-BR","@id":"https:\/\/www.gaveanews.com\/index.php\/2025\/06\/18\/dupla-se-destaca-e-comanda-boa-fase-do-flamengo-de-filipe-luis\/#primaryimage","url":"https:\/\/www.gaveanews.com\/wp-content\/uploads\/Adidas-promove-mundaca-na-camisa-do-Flamengo.webp","contentUrl":"https:\/\/www.gaveanews.com\/wp-content\/uploads\/Adidas-promove-mundaca-na-camisa-do-Flamengo.webp","width":711,"height":708,"caption":"Adidas promove mudan\u00e7a na camisa do Flamengo (Imagem: Editoria de arte\/G\u00e1vea News\/Henrique Machado)"},{"@type":"BreadcrumbList","@id":"https:\/\/www.gaveanews.com\/index.php\/2025\/06\/18\/dupla-se-destaca-e-comanda-boa-fase-do-flamengo-de-filipe-luis\/#breadcrumb","itemListElement":[{"@type":"ListItem","position":1,"name":"Home","item":"https:\/\/www.gaveanews.com\/"},{"@type":"ListItem","position":2,"name":"Dupla se destaca e comanda boa fase do Flamengo de Filipe Lu\u00eds"}]},{"@type":"WebSite","@id":"https:\/\/www.gaveanews.com\/#website","url":"https:\/\/www.gaveanews.com\/","name":"G\u00e1vea News","description":"Veja todas as not\u00edcias sobre o Flamengo: Contrata\u00e7\u00f5es, categorias de base, resultados das partidas, tabela de classifica\u00e7\u00e3o, pr\u00f3ximos jogos!","potentialAction":[{"@type":"SearchAction","target":{"@type":"EntryPoint","urlTemplate":"https:\/\/www.gaveanews.com\/?s={search_term_string}"},"query-input":{"@type":"PropertyValueSpecification","valueRequired":true,"valueName":"search_term_string"}}],"inLanguage":"pt-BR"},{"@type":"Person","@id":"https:\/\/www.gaveanews.com\/#\/schema\/person\/c79759ca337c40791ae8d08e2923d403","name":"Brenda Cezillo","image":{"@type":"ImageObject","inLanguage":"pt-BR","@id":"https:\/\/www.gaveanews.com\/#\/schema\/person\/image\/","url":"https:\/\/secure.gravatar.com\/avatar\/1738d75cee7317f9c29ae61dd67620c5883d80a92e42a6fff88ae5d527af217a?s=96&d=mm&r=g","contentUrl":"https:\/\/secure.gravatar.com\/avatar\/1738d75cee7317f9c29ae61dd67620c5883d80a92e42a6fff88ae5d527af217a?s=96&d=mm&r=g","caption":"Brenda Cezillo"}}]}},"_links":{"self":[{"href":"https:\/\/www.gaveanews.com\/index.php\/wp-json\/wp\/v2\/posts\/271097","targetHints":{"allow":["GET"]}}],"collection":[{"href":"https:\/\/www.gaveanews.com\/index.php\/wp-json\/wp\/v2\/posts"}],"about":[{"href":"https:\/\/www.gaveanews.com\/index.php\/wp-json\/wp\/v2\/types\/post"}],"author":[{"embeddable":true,"href":"https:\/\/www.gaveanews.com\/index.php\/wp-json\/wp\/v2\/users\/33"}],"replies":[{"embeddable":true,"href":"https:\/\/www.gaveanews.com\/index.php\/wp-json\/wp\/v2\/comments?post=271097"}],"version-history":[{"count":1,"href":"https:\/\/www.gaveanews.com\/index.php\/wp-json\/wp\/v2\/posts\/271097\/revisions"}],"predecessor-version":[{"id":271100,"href":"https:\/\/www.gaveanews.com\/index.php\/wp-json\/wp\/v2\/posts\/271097\/revisions\/271100"}],"wp:featuredmedia":[{"embeddable":true,"href":"https:\/\/www.gaveanews.com\/index.php\/wp-json\/wp\/v2\/media\/149729"}],"wp:attachment":[{"href":"https:\/\/www.gaveanews.com\/index.php\/wp-json\/wp\/v2\/media?parent=271097"}],"wp:term":[{"taxonomy":"category","embeddable":true,"href":"https:\/\/www.gaveanews.com\/index.php\/wp-json\/wp\/v2\/categories?post=271097"},{"taxonomy":"post_tag","embeddable":true,"href":"https:\/\/www.gaveanews.com\/index.php\/wp-json\/wp\/v2\/tags?post=271097"}],"curies":[{"name":"wp","href":"https:\/\/api.w.org\/{rel}","templated":true}]}}