{"id":271105,"date":"2025-06-18T15:25:00","date_gmt":"2025-06-18T18:25:00","guid":{"rendered":"https:\/\/www.gaveanews.com\/?p=271105"},"modified":"2025-06-18T15:12:45","modified_gmt":"2025-06-18T18:12:45","slug":"se-liga-ancelotti-craque-neto-pede-titular-do-flamengo-na-selecao-brasileira","status":"publish","type":"post","link":"https:\/\/www.gaveanews.com\/index.php\/2025\/06\/18\/se-liga-ancelotti-craque-neto-pede-titular-do-flamengo-na-selecao-brasileira\/","title":{"rendered":"Se liga Ancelotti! Craque Neto pede titular do Flamengo na Sele\u00e7\u00e3o Brasileira"},"content":{"rendered":"\n<p>O Flamengo iniciou sua trajet\u00f3ria no Mundial de Clubes com uma vit\u00f3ria convincente sobre o Esp\u00e9rance de Tunis. O confronto, disputado na Filad\u00e9lfia na \u00faltima segunda-feira (16), terminou com o placar de 2 a 0 a favor da equipe brasileira. Assim, o resultado refor\u00e7ou a confian\u00e7a entre os torcedores e gerou grande repercuss\u00e3o na imprensa esportiva.<\/p>\n\n\n\n<p>Arrascaeta foi o respons\u00e1vel por abrir o marcador ainda no primeiro tempo. Posteriormente, Luiz Ara\u00fajo ampliou na etapa complementar, garantindo o triunfo rubro-negro. Ali\u00e1s, a atua\u00e7\u00e3o coletiva do Flamengo foi bastante elogiada, sobretudo pela intensidade e qualidade na troca de passes. Conforme os dados divulgados, o time apresentou um desempenho t\u00e9cnico que chamou a aten\u00e7\u00e3o at\u00e9 de comentaristas conhecidos.<\/p>\n\n\n\n<figure class=\"wp-block-image size-full\"><img loading=\"lazy\" decoding=\"async\" width=\"900\" height=\"599\" src=\"http:\/\/www.gaveanews.com\/wp-content\/uploads\/ayrton-lucas-flamengo-botafogo.webp\" alt=\"\" class=\"wp-image-106054\" srcset=\"https:\/\/www.gaveanews.com\/wp-content\/uploads\/ayrton-lucas-flamengo-botafogo.webp 900w, https:\/\/www.gaveanews.com\/wp-content\/uploads\/ayrton-lucas-flamengo-botafogo-300x200.webp 300w, https:\/\/www.gaveanews.com\/wp-content\/uploads\/ayrton-lucas-flamengo-botafogo-768x511.webp 768w, https:\/\/www.gaveanews.com\/wp-content\/uploads\/ayrton-lucas-flamengo-botafogo-631x420.webp 631w, https:\/\/www.gaveanews.com\/wp-content\/uploads\/ayrton-lucas-flamengo-botafogo-640x426.webp 640w, https:\/\/www.gaveanews.com\/wp-content\/uploads\/ayrton-lucas-flamengo-botafogo-681x453.webp 681w, https:\/\/www.gaveanews.com\/wp-content\/uploads\/ayrton-lucas-flamengo-botafogo-100x67.webp 100w\" sizes=\"auto, (max-width: 900px) 100vw, 900px\" \/><figcaption class=\"wp-element-caption\">Ayrton Lucas em a\u00e7\u00e3o pelo Flamengo contra o Botafogo (Foto: Marcelo Cortes\/ Flamengo)<\/figcaption><\/figure>\n\n\n\n<p>Durante o programa \u201cOs Donos da Bola\u201d, o ex-jogador Neto n\u00e3o poupou elogios ao time comandado por Filipe Lu\u00eds. \u201c\u00c9 impressionante o que o Flamengo jogou. Uma coisa absurda. O Flamengo mostrou for\u00e7a e grandeza. No momento, \u00e9 o \u00fanico time brasileiro que briga para ser campe\u00e3o do mundo. Meu Deus, parab\u00e9ns ao Flamengo!\u201d, declarou. O comentarista destacou igualmente a capacidade do treinador, afirmando que, apesar do in\u00edcio de carreira, Filipe Lu\u00eds demonstra grande potencial.<\/p>\n\n\n\n<p>Inegavelmente, outro nome que ganhou destaque foi o de Ayrton Lucas. Titular devido \u00e0 aus\u00eancia de Alex Sandro, o lateral apresentou uma atua\u00e7\u00e3o s\u00f3lida. Conforme os n\u00fameros da partida, o jogador obteve 88% de aproveitamento nos passes, registrou tr\u00eas a\u00e7\u00f5es defensivas importantes e ainda criou uma chance clara de gol. Por esse motivo, Neto aproveitou para sugerir sua convoca\u00e7\u00e3o \u00e0 Sele\u00e7\u00e3o Brasileira. \u201cO Ayrton Lucas foi impressionante. Para mim, ele \u00e9 muito melhor que o Alex Sandro\u201d, afirmou.<\/p>\n\n\n\n<p>Enquanto o elenco masculino mant\u00e9m o foco no Mundial, a expectativa j\u00e1 se volta para o pr\u00f3ximo desafio. Afinal, o Flamengo enfrentar\u00e1 o Chelsea nesta sexta-feira (20), \u00e0s 15 horas (hor\u00e1rio de Bras\u00edlia), no Lincoln Financial Field. Segundo a FIFA, a previs\u00e3o \u00e9 de um p\u00fablico superior a 50 mil pessoas, o que pode representar o maior n\u00famero de torcedores presente no torneio at\u00e9 o momento.<\/p>\n\n\n\n<p>Por fim, a confian\u00e7a tamb\u00e9m foi demonstrada internamente. O meio-campista Jorginho, por exemplo, ressaltou a import\u00e2ncia de manter o estilo de jogo que vem sendo apresentado. \u201cAcredito muito que a gente tem chance de ganhar. \u00c9 entrar em campo e jogar o nosso futebol, como o Flamengo vem fazendo at\u00e9 agora\u201d, afirmou o jogador, em entrevista ao portal Coluna do Fla.<\/p>\n","protected":false},"excerpt":{"rendered":"<p>O Flamengo iniciou sua trajet\u00f3ria no Mundial de Clubes com uma vit\u00f3ria convincente sobre o Esp\u00e9rance de Tunis. O confronto, disputado na Filad\u00e9lfia na \u00faltima segunda-feira (16), terminou com o placar de 2 a 0 a favor da equipe brasileira. Assim, o resultado refor\u00e7ou a confian\u00e7a entre os torcedores e gerou grande repercuss\u00e3o na imprensa [&hellip;]<\/p>\n","protected":false},"author":33,"featured_media":266849,"comment_status":"open","ping_status":"closed","sticky":false,"template":"","format":"standard","meta":{"footnotes":""},"categories":[1],"tags":[],"class_list":["post-271105","post","type-post","status-publish","format-standard","has-post-thumbnail","hentry","category-flamengo"],"yoast_head":"<!-- This site is optimized with the Yoast SEO Premium plugin v24.2 (Yoast SEO v26.9) - https:\/\/yoast.com\/product\/yoast-seo-premium-wordpress\/ -->\n<title>Se liga Ancelotti! Craque Neto pede titular do Flamengo na Sele\u00e7\u00e3o Brasileira<\/title>\n<meta name=\"robots\" content=\"index, follow, max-snippet:-1, max-image-preview:large, max-video-preview:-1\" \/>\n<link rel=\"canonical\" href=\"https:\/\/www.gaveanews.com\/index.php\/2025\/06\/18\/se-liga-ancelotti-craque-neto-pede-titular-do-flamengo-na-selecao-brasileira\/\" \/>\n<meta property=\"og:locale\" content=\"pt_BR\" \/>\n<meta property=\"og:type\" content=\"article\" \/>\n<meta property=\"og:title\" content=\"Se liga Ancelotti! Craque Neto pede titular do Flamengo na Sele\u00e7\u00e3o Brasileira\" \/>\n<meta property=\"og:description\" content=\"O Flamengo iniciou sua trajet\u00f3ria no Mundial de Clubes com uma vit\u00f3ria convincente sobre o Esp\u00e9rance de Tunis. O confronto, disputado na Filad\u00e9lfia na \u00faltima segunda-feira (16), terminou com o placar de 2 a 0 a favor da equipe brasileira. Assim, o resultado refor\u00e7ou a confian\u00e7a entre os torcedores e gerou grande repercuss\u00e3o na imprensa [&hellip;]\" \/>\n<meta property=\"og:url\" content=\"https:\/\/www.gaveanews.com\/index.php\/2025\/06\/18\/se-liga-ancelotti-craque-neto-pede-titular-do-flamengo-na-selecao-brasileira\/\" \/>\n<meta property=\"og:site_name\" content=\"G\u00e1vea News\" \/>\n<meta property=\"article:publisher\" content=\"https:\/\/facebook.com\/gaveaNews\/\" \/>\n<meta property=\"article:published_time\" content=\"2025-06-18T18:25:00+00:00\" \/>\n<meta property=\"og:image\" content=\"https:\/\/www.gaveanews.com\/wp-content\/uploads\/Carlo-Ancelotti-como-tecnico-da-Selecao-Brasileira-de-Futebol.webp\" \/>\n\t<meta property=\"og:image:width\" content=\"1200\" \/>\n\t<meta property=\"og:image:height\" content=\"800\" \/>\n\t<meta property=\"og:image:type\" content=\"image\/webp\" \/>\n<meta name=\"author\" content=\"Brenda Cezillo\" \/>\n<meta name=\"twitter:card\" content=\"summary_large_image\" \/>\n<meta name=\"twitter:label1\" content=\"Escrito por\" \/>\n\t<meta name=\"twitter:data1\" content=\"Brenda Cezillo\" \/>\n\t<meta name=\"twitter:label2\" content=\"Est. tempo de leitura\" \/>\n\t<meta name=\"twitter:data2\" content=\"3 minutos\" \/>\n<script type=\"application\/ld+json\" class=\"yoast-schema-graph\">{\"@context\":\"https:\/\/schema.org\",\"@graph\":[{\"@type\":\"NewsArticle\",\"@id\":\"https:\/\/www.gaveanews.com\/index.php\/2025\/06\/18\/se-liga-ancelotti-craque-neto-pede-titular-do-flamengo-na-selecao-brasileira\/#article\",\"isPartOf\":{\"@id\":\"https:\/\/www.gaveanews.com\/index.php\/2025\/06\/18\/se-liga-ancelotti-craque-neto-pede-titular-do-flamengo-na-selecao-brasileira\/\"},\"author\":{\"name\":\"Brenda Cezillo\",\"@id\":\"https:\/\/www.gaveanews.com\/#\/schema\/person\/c79759ca337c40791ae8d08e2923d403\"},\"headline\":\"Se liga Ancelotti! Craque Neto pede titular do Flamengo na Sele\u00e7\u00e3o Brasileira\",\"datePublished\":\"2025-06-18T18:25:00+00:00\",\"mainEntityOfPage\":{\"@id\":\"https:\/\/www.gaveanews.com\/index.php\/2025\/06\/18\/se-liga-ancelotti-craque-neto-pede-titular-do-flamengo-na-selecao-brasileira\/\"},\"wordCount\":446,\"commentCount\":0,\"image\":{\"@id\":\"https:\/\/www.gaveanews.com\/index.php\/2025\/06\/18\/se-liga-ancelotti-craque-neto-pede-titular-do-flamengo-na-selecao-brasileira\/#primaryimage\"},\"thumbnailUrl\":\"https:\/\/www.gaveanews.com\/wp-content\/uploads\/Carlo-Ancelotti-como-tecnico-da-Selecao-Brasileira-de-Futebol.webp\",\"articleSection\":[\"Flamengo\"],\"inLanguage\":\"pt-BR\",\"potentialAction\":[{\"@type\":\"CommentAction\",\"name\":\"Comment\",\"target\":[\"https:\/\/www.gaveanews.com\/index.php\/2025\/06\/18\/se-liga-ancelotti-craque-neto-pede-titular-do-flamengo-na-selecao-brasileira\/#respond\"]}],\"copyrightYear\":\"2025\",\"copyrightHolder\":{\"@id\":\"https:\/\/www.gaveanews.com\/#organization\"}},{\"@type\":\"WebPage\",\"@id\":\"https:\/\/www.gaveanews.com\/index.php\/2025\/06\/18\/se-liga-ancelotti-craque-neto-pede-titular-do-flamengo-na-selecao-brasileira\/\",\"url\":\"https:\/\/www.gaveanews.com\/index.php\/2025\/06\/18\/se-liga-ancelotti-craque-neto-pede-titular-do-flamengo-na-selecao-brasileira\/\",\"name\":\"Se liga Ancelotti! Craque Neto pede titular do Flamengo na Sele\u00e7\u00e3o Brasileira\",\"isPartOf\":{\"@id\":\"https:\/\/www.gaveanews.com\/#website\"},\"primaryImageOfPage\":{\"@id\":\"https:\/\/www.gaveanews.com\/index.php\/2025\/06\/18\/se-liga-ancelotti-craque-neto-pede-titular-do-flamengo-na-selecao-brasileira\/#primaryimage\"},\"image\":{\"@id\":\"https:\/\/www.gaveanews.com\/index.php\/2025\/06\/18\/se-liga-ancelotti-craque-neto-pede-titular-do-flamengo-na-selecao-brasileira\/#primaryimage\"},\"thumbnailUrl\":\"https:\/\/www.gaveanews.com\/wp-content\/uploads\/Carlo-Ancelotti-como-tecnico-da-Selecao-Brasileira-de-Futebol.webp\",\"datePublished\":\"2025-06-18T18:25:00+00:00\",\"author\":{\"@id\":\"https:\/\/www.gaveanews.com\/#\/schema\/person\/c79759ca337c40791ae8d08e2923d403\"},\"breadcrumb\":{\"@id\":\"https:\/\/www.gaveanews.com\/index.php\/2025\/06\/18\/se-liga-ancelotti-craque-neto-pede-titular-do-flamengo-na-selecao-brasileira\/#breadcrumb\"},\"inLanguage\":\"pt-BR\",\"potentialAction\":[{\"@type\":\"ReadAction\",\"target\":[\"https:\/\/www.gaveanews.com\/index.php\/2025\/06\/18\/se-liga-ancelotti-craque-neto-pede-titular-do-flamengo-na-selecao-brasileira\/\"]}]},{\"@type\":\"ImageObject\",\"inLanguage\":\"pt-BR\",\"@id\":\"https:\/\/www.gaveanews.com\/index.php\/2025\/06\/18\/se-liga-ancelotti-craque-neto-pede-titular-do-flamengo-na-selecao-brasileira\/#primaryimage\",\"url\":\"https:\/\/www.gaveanews.com\/wp-content\/uploads\/Carlo-Ancelotti-como-tecnico-da-Selecao-Brasileira-de-Futebol.webp\",\"contentUrl\":\"https:\/\/www.gaveanews.com\/wp-content\/uploads\/Carlo-Ancelotti-como-tecnico-da-Selecao-Brasileira-de-Futebol.webp\",\"width\":1200,\"height\":800,\"caption\":\"Carlo Ancelotti como t\u00e9cnico da Sele\u00e7\u00e3o Brasileira de Futebol (Foto: CBF\/Rafael Ribeiro)\"},{\"@type\":\"BreadcrumbList\",\"@id\":\"https:\/\/www.gaveanews.com\/index.php\/2025\/06\/18\/se-liga-ancelotti-craque-neto-pede-titular-do-flamengo-na-selecao-brasileira\/#breadcrumb\",\"itemListElement\":[{\"@type\":\"ListItem\",\"position\":1,\"name\":\"Home\",\"item\":\"https:\/\/www.gaveanews.com\/\"},{\"@type\":\"ListItem\",\"position\":2,\"name\":\"Se liga Ancelotti! Craque Neto pede titular do Flamengo na Sele\u00e7\u00e3o Brasileira\"}]},{\"@type\":\"WebSite\",\"@id\":\"https:\/\/www.gaveanews.com\/#website\",\"url\":\"https:\/\/www.gaveanews.com\/\",\"name\":\"G\u00e1vea News\",\"description\":\"Veja todas as not\u00edcias sobre o Flamengo: Contrata\u00e7\u00f5es, categorias de base, resultados das partidas, tabela de classifica\u00e7\u00e3o, pr\u00f3ximos jogos!\",\"potentialAction\":[{\"@type\":\"SearchAction\",\"target\":{\"@type\":\"EntryPoint\",\"urlTemplate\":\"https:\/\/www.gaveanews.com\/?s={search_term_string}\"},\"query-input\":{\"@type\":\"PropertyValueSpecification\",\"valueRequired\":true,\"valueName\":\"search_term_string\"}}],\"inLanguage\":\"pt-BR\"},{\"@type\":\"Person\",\"@id\":\"https:\/\/www.gaveanews.com\/#\/schema\/person\/c79759ca337c40791ae8d08e2923d403\",\"name\":\"Brenda Cezillo\",\"image\":{\"@type\":\"ImageObject\",\"inLanguage\":\"pt-BR\",\"@id\":\"https:\/\/www.gaveanews.com\/#\/schema\/person\/image\/\",\"url\":\"https:\/\/secure.gravatar.com\/avatar\/1738d75cee7317f9c29ae61dd67620c5883d80a92e42a6fff88ae5d527af217a?s=96&d=mm&r=g\",\"contentUrl\":\"https:\/\/secure.gravatar.com\/avatar\/1738d75cee7317f9c29ae61dd67620c5883d80a92e42a6fff88ae5d527af217a?s=96&d=mm&r=g\",\"caption\":\"Brenda Cezillo\"}}]}<\/script>\n<!-- \/ Yoast SEO Premium plugin. -->","yoast_head_json":{"title":"Se liga Ancelotti! Craque Neto pede titular do Flamengo na Sele\u00e7\u00e3o Brasileira","robots":{"index":"index","follow":"follow","max-snippet":"max-snippet:-1","max-image-preview":"max-image-preview:large","max-video-preview":"max-video-preview:-1"},"canonical":"https:\/\/www.gaveanews.com\/index.php\/2025\/06\/18\/se-liga-ancelotti-craque-neto-pede-titular-do-flamengo-na-selecao-brasileira\/","og_locale":"pt_BR","og_type":"article","og_title":"Se liga Ancelotti! Craque Neto pede titular do Flamengo na Sele\u00e7\u00e3o Brasileira","og_description":"O Flamengo iniciou sua trajet\u00f3ria no Mundial de Clubes com uma vit\u00f3ria convincente sobre o Esp\u00e9rance de Tunis. O confronto, disputado na Filad\u00e9lfia na \u00faltima segunda-feira (16), terminou com o placar de 2 a 0 a favor da equipe brasileira. Assim, o resultado refor\u00e7ou a confian\u00e7a entre os torcedores e gerou grande repercuss\u00e3o na imprensa [&hellip;]","og_url":"https:\/\/www.gaveanews.com\/index.php\/2025\/06\/18\/se-liga-ancelotti-craque-neto-pede-titular-do-flamengo-na-selecao-brasileira\/","og_site_name":"G\u00e1vea News","article_publisher":"https:\/\/facebook.com\/gaveaNews\/","article_published_time":"2025-06-18T18:25:00+00:00","og_image":[{"width":1200,"height":800,"url":"https:\/\/www.gaveanews.com\/wp-content\/uploads\/Carlo-Ancelotti-como-tecnico-da-Selecao-Brasileira-de-Futebol.webp","type":"image\/webp"}],"author":"Brenda Cezillo","twitter_card":"summary_large_image","twitter_misc":{"Escrito por":"Brenda Cezillo","Est. tempo de leitura":"3 minutos"},"schema":{"@context":"https:\/\/schema.org","@graph":[{"@type":"NewsArticle","@id":"https:\/\/www.gaveanews.com\/index.php\/2025\/06\/18\/se-liga-ancelotti-craque-neto-pede-titular-do-flamengo-na-selecao-brasileira\/#article","isPartOf":{"@id":"https:\/\/www.gaveanews.com\/index.php\/2025\/06\/18\/se-liga-ancelotti-craque-neto-pede-titular-do-flamengo-na-selecao-brasileira\/"},"author":{"name":"Brenda Cezillo","@id":"https:\/\/www.gaveanews.com\/#\/schema\/person\/c79759ca337c40791ae8d08e2923d403"},"headline":"Se liga Ancelotti! Craque Neto pede titular do Flamengo na Sele\u00e7\u00e3o Brasileira","datePublished":"2025-06-18T18:25:00+00:00","mainEntityOfPage":{"@id":"https:\/\/www.gaveanews.com\/index.php\/2025\/06\/18\/se-liga-ancelotti-craque-neto-pede-titular-do-flamengo-na-selecao-brasileira\/"},"wordCount":446,"commentCount":0,"image":{"@id":"https:\/\/www.gaveanews.com\/index.php\/2025\/06\/18\/se-liga-ancelotti-craque-neto-pede-titular-do-flamengo-na-selecao-brasileira\/#primaryimage"},"thumbnailUrl":"https:\/\/www.gaveanews.com\/wp-content\/uploads\/Carlo-Ancelotti-como-tecnico-da-Selecao-Brasileira-de-Futebol.webp","articleSection":["Flamengo"],"inLanguage":"pt-BR","potentialAction":[{"@type":"CommentAction","name":"Comment","target":["https:\/\/www.gaveanews.com\/index.php\/2025\/06\/18\/se-liga-ancelotti-craque-neto-pede-titular-do-flamengo-na-selecao-brasileira\/#respond"]}],"copyrightYear":"2025","copyrightHolder":{"@id":"https:\/\/www.gaveanews.com\/#organization"}},{"@type":"WebPage","@id":"https:\/\/www.gaveanews.com\/index.php\/2025\/06\/18\/se-liga-ancelotti-craque-neto-pede-titular-do-flamengo-na-selecao-brasileira\/","url":"https:\/\/www.gaveanews.com\/index.php\/2025\/06\/18\/se-liga-ancelotti-craque-neto-pede-titular-do-flamengo-na-selecao-brasileira\/","name":"Se liga Ancelotti! Craque Neto pede titular do Flamengo na Sele\u00e7\u00e3o Brasileira","isPartOf":{"@id":"https:\/\/www.gaveanews.com\/#website"},"primaryImageOfPage":{"@id":"https:\/\/www.gaveanews.com\/index.php\/2025\/06\/18\/se-liga-ancelotti-craque-neto-pede-titular-do-flamengo-na-selecao-brasileira\/#primaryimage"},"image":{"@id":"https:\/\/www.gaveanews.com\/index.php\/2025\/06\/18\/se-liga-ancelotti-craque-neto-pede-titular-do-flamengo-na-selecao-brasileira\/#primaryimage"},"thumbnailUrl":"https:\/\/www.gaveanews.com\/wp-content\/uploads\/Carlo-Ancelotti-como-tecnico-da-Selecao-Brasileira-de-Futebol.webp","datePublished":"2025-06-18T18:25:00+00:00","author":{"@id":"https:\/\/www.gaveanews.com\/#\/schema\/person\/c79759ca337c40791ae8d08e2923d403"},"breadcrumb":{"@id":"https:\/\/www.gaveanews.com\/index.php\/2025\/06\/18\/se-liga-ancelotti-craque-neto-pede-titular-do-flamengo-na-selecao-brasileira\/#breadcrumb"},"inLanguage":"pt-BR","potentialAction":[{"@type":"ReadAction","target":["https:\/\/www.gaveanews.com\/index.php\/2025\/06\/18\/se-liga-ancelotti-craque-neto-pede-titular-do-flamengo-na-selecao-brasileira\/"]}]},{"@type":"ImageObject","inLanguage":"pt-BR","@id":"https:\/\/www.gaveanews.com\/index.php\/2025\/06\/18\/se-liga-ancelotti-craque-neto-pede-titular-do-flamengo-na-selecao-brasileira\/#primaryimage","url":"https:\/\/www.gaveanews.com\/wp-content\/uploads\/Carlo-Ancelotti-como-tecnico-da-Selecao-Brasileira-de-Futebol.webp","contentUrl":"https:\/\/www.gaveanews.com\/wp-content\/uploads\/Carlo-Ancelotti-como-tecnico-da-Selecao-Brasileira-de-Futebol.webp","width":1200,"height":800,"caption":"Carlo Ancelotti como t\u00e9cnico da Sele\u00e7\u00e3o Brasileira de Futebol (Foto: CBF\/Rafael Ribeiro)"},{"@type":"BreadcrumbList","@id":"https:\/\/www.gaveanews.com\/index.php\/2025\/06\/18\/se-liga-ancelotti-craque-neto-pede-titular-do-flamengo-na-selecao-brasileira\/#breadcrumb","itemListElement":[{"@type":"ListItem","position":1,"name":"Home","item":"https:\/\/www.gaveanews.com\/"},{"@type":"ListItem","position":2,"name":"Se liga Ancelotti! Craque Neto pede titular do Flamengo na Sele\u00e7\u00e3o Brasileira"}]},{"@type":"WebSite","@id":"https:\/\/www.gaveanews.com\/#website","url":"https:\/\/www.gaveanews.com\/","name":"G\u00e1vea News","description":"Veja todas as not\u00edcias sobre o Flamengo: Contrata\u00e7\u00f5es, categorias de base, resultados das partidas, tabela de classifica\u00e7\u00e3o, pr\u00f3ximos jogos!","potentialAction":[{"@type":"SearchAction","target":{"@type":"EntryPoint","urlTemplate":"https:\/\/www.gaveanews.com\/?s={search_term_string}"},"query-input":{"@type":"PropertyValueSpecification","valueRequired":true,"valueName":"search_term_string"}}],"inLanguage":"pt-BR"},{"@type":"Person","@id":"https:\/\/www.gaveanews.com\/#\/schema\/person\/c79759ca337c40791ae8d08e2923d403","name":"Brenda Cezillo","image":{"@type":"ImageObject","inLanguage":"pt-BR","@id":"https:\/\/www.gaveanews.com\/#\/schema\/person\/image\/","url":"https:\/\/secure.gravatar.com\/avatar\/1738d75cee7317f9c29ae61dd67620c5883d80a92e42a6fff88ae5d527af217a?s=96&d=mm&r=g","contentUrl":"https:\/\/secure.gravatar.com\/avatar\/1738d75cee7317f9c29ae61dd67620c5883d80a92e42a6fff88ae5d527af217a?s=96&d=mm&r=g","caption":"Brenda Cezillo"}}]}},"_links":{"self":[{"href":"https:\/\/www.gaveanews.com\/index.php\/wp-json\/wp\/v2\/posts\/271105","targetHints":{"allow":["GET"]}}],"collection":[{"href":"https:\/\/www.gaveanews.com\/index.php\/wp-json\/wp\/v2\/posts"}],"about":[{"href":"https:\/\/www.gaveanews.com\/index.php\/wp-json\/wp\/v2\/types\/post"}],"author":[{"embeddable":true,"href":"https:\/\/www.gaveanews.com\/index.php\/wp-json\/wp\/v2\/users\/33"}],"replies":[{"embeddable":true,"href":"https:\/\/www.gaveanews.com\/index.php\/wp-json\/wp\/v2\/comments?post=271105"}],"version-history":[{"count":2,"href":"https:\/\/www.gaveanews.com\/index.php\/wp-json\/wp\/v2\/posts\/271105\/revisions"}],"predecessor-version":[{"id":271112,"href":"https:\/\/www.gaveanews.com\/index.php\/wp-json\/wp\/v2\/posts\/271105\/revisions\/271112"}],"wp:featuredmedia":[{"embeddable":true,"href":"https:\/\/www.gaveanews.com\/index.php\/wp-json\/wp\/v2\/media\/266849"}],"wp:attachment":[{"href":"https:\/\/www.gaveanews.com\/index.php\/wp-json\/wp\/v2\/media?parent=271105"}],"wp:term":[{"taxonomy":"category","embeddable":true,"href":"https:\/\/www.gaveanews.com\/index.php\/wp-json\/wp\/v2\/categories?post=271105"},{"taxonomy":"post_tag","embeddable":true,"href":"https:\/\/www.gaveanews.com\/index.php\/wp-json\/wp\/v2\/tags?post=271105"}],"curies":[{"name":"wp","href":"https:\/\/api.w.org\/{rel}","templated":true}]}}