{"id":271106,"date":"2025-06-18T14:55:15","date_gmt":"2025-06-18T17:55:15","guid":{"rendered":"https:\/\/www.gaveanews.com\/?p=271106"},"modified":"2025-06-18T14:55:21","modified_gmt":"2025-06-18T17:55:21","slug":"futuro-de-gerson-no-flamengo-pode-sofrer-reviravolta","status":"publish","type":"post","link":"https:\/\/www.gaveanews.com\/index.php\/2025\/06\/18\/futuro-de-gerson-no-flamengo-pode-sofrer-reviravolta\/","title":{"rendered":"Futuro de Gerson no Flamengo pode sofrer reviravolta"},"content":{"rendered":"\n<p>A situa\u00e7\u00e3o de Gerson no Flamengo permanece incerta, principalmente por conta de um impasse financeiro envolvendo o Zenit, da R\u00fassia. A equipe europeia demonstrou interesse em contar com o volante, mas a forma de pagamento proposta pelos russos n\u00e3o agradou \u00e0 diretoria rubro-negra. Por enquanto, o atleta segue no elenco comandado por Tite e tem participado das partidas v\u00e1lidas pelo Mundial de Clubes.<\/p>\n\n\n\n<p>Anteriormente, o Zenit apresentou uma oferta de 25 milh\u00f5es de euros (cerca de R$ 157,7 milh\u00f5es na cota\u00e7\u00e3o atual) pelo jogador. Contudo, o clube russo desejava parcelar o pagamento, algo prontamente rejeitado por Jos\u00e9 Boto, dirigente respons\u00e1vel pelo futebol do Flamengo. Conforme informa\u00e7\u00f5es apuradas, o clube carioca mant\u00e9m a exig\u00eancia de que o valor seja pago integralmente e \u00e0 vista, postura que tem travado as negocia\u00e7\u00f5es.<\/p>\n\n\n\n<p>Enquanto o futuro segue indefinido, Gerson tem evitado declara\u00e7\u00f5es p\u00fablicas. Ali\u00e1s, a aus\u00eancia de posicionamento por parte do atleta tem gerado descontentamento entre os torcedores. Durante a participa\u00e7\u00e3o do Flamengo no Mundial de Clubes, nos Estados Unidos, o jogador sequer atendeu os torcedores, o que aumentou ainda mais a press\u00e3o sobre ele.<\/p>\n\n\n\n<p>A rela\u00e7\u00e3o com a torcida tamb\u00e9m sofreu abalos ap\u00f3s a partida contra o Esp\u00e9rance. Mesmo sendo titular e tendo apresentado alguns bons momentos em campo, Gerson cometeu erros que n\u00e3o passaram despercebidos. A postura do jogador, somada \u00e0s falhas, fez com que parte da torcida expressasse insatisfa\u00e7\u00e3o nas redes sociais e nos est\u00e1dios.<\/p>\n\n\n\n<p>Outro fator que tem influenciado o clima ao redor da negocia\u00e7\u00e3o \u00e9 a atua\u00e7\u00e3o do pai do jogador, Marc\u00e3o. Conforme relatos da imprensa, ele tem feito postagens nas redes sociais que foram mal recebidas pelos torcedores flamenguistas. Al\u00e9m disso, o empres\u00e1rio de Gerson tamb\u00e9m \u00e9 apontado como um dos principais defensores da transfer\u00eancia para o futebol russo.<\/p>\n\n\n\n<p>Apesar de todos os fatores que envolvem a poss\u00edvel sa\u00edda, Gerson tem repensado sua decis\u00e3o. A demora no pagamento por parte do Zenit, a chance de seguir morando no Rio de Janeiro e a possibilidade de se manter pr\u00f3ximo do radar da Sele\u00e7\u00e3o Brasileira s\u00e3o pontos que pesam na escolha do atleta. Por enquanto, o desfecho da situa\u00e7\u00e3o permanece aberto e o jogador continua \u00e0 disposi\u00e7\u00e3o do Flamengo.<\/p>\n","protected":false},"excerpt":{"rendered":"<p>A situa\u00e7\u00e3o de Gerson no Flamengo permanece incerta, principalmente por conta de um impasse financeiro envolvendo o Zenit, da R\u00fassia. A equipe europeia demonstrou interesse em contar com o volante, mas a forma de pagamento proposta pelos russos n\u00e3o agradou \u00e0 diretoria rubro-negra. Por enquanto, o atleta segue no elenco comandado por Tite e tem [&hellip;]<\/p>\n","protected":false},"author":33,"featured_media":100042,"comment_status":"open","ping_status":"closed","sticky":false,"template":"","format":"standard","meta":{"footnotes":""},"categories":[1],"tags":[],"class_list":["post-271106","post","type-post","status-publish","format-standard","has-post-thumbnail","hentry","category-flamengo"],"yoast_head":"<!-- This site is optimized with the Yoast SEO Premium plugin v24.2 (Yoast SEO v26.9) - https:\/\/yoast.com\/product\/yoast-seo-premium-wordpress\/ -->\n<title>Futuro de Gerson no Flamengo pode sofrer reviravolta<\/title>\n<meta name=\"robots\" content=\"index, follow, max-snippet:-1, max-image-preview:large, max-video-preview:-1\" \/>\n<link rel=\"canonical\" href=\"https:\/\/www.gaveanews.com\/index.php\/2025\/06\/18\/futuro-de-gerson-no-flamengo-pode-sofrer-reviravolta\/\" \/>\n<meta property=\"og:locale\" content=\"pt_BR\" \/>\n<meta property=\"og:type\" content=\"article\" \/>\n<meta property=\"og:title\" content=\"Futuro de Gerson no Flamengo pode sofrer reviravolta\" \/>\n<meta property=\"og:description\" content=\"A situa\u00e7\u00e3o de Gerson no Flamengo permanece incerta, principalmente por conta de um impasse financeiro envolvendo o Zenit, da R\u00fassia. A equipe europeia demonstrou interesse em contar com o volante, mas a forma de pagamento proposta pelos russos n\u00e3o agradou \u00e0 diretoria rubro-negra. Por enquanto, o atleta segue no elenco comandado por Tite e tem [&hellip;]\" \/>\n<meta property=\"og:url\" content=\"https:\/\/www.gaveanews.com\/index.php\/2025\/06\/18\/futuro-de-gerson-no-flamengo-pode-sofrer-reviravolta\/\" \/>\n<meta property=\"og:site_name\" content=\"G\u00e1vea News\" \/>\n<meta property=\"article:publisher\" content=\"https:\/\/facebook.com\/gaveaNews\/\" \/>\n<meta property=\"article:published_time\" content=\"2025-06-18T17:55:15+00:00\" \/>\n<meta property=\"article:modified_time\" content=\"2025-06-18T17:55:21+00:00\" \/>\n<meta property=\"og:image\" content=\"http:\/\/www.gaveanews.com\/wp-content\/uploads\/gerson-flamengo-vasco.webp\" \/>\n\t<meta property=\"og:image:width\" content=\"900\" \/>\n\t<meta property=\"og:image:height\" content=\"599\" \/>\n\t<meta property=\"og:image:type\" content=\"image\/jpeg\" \/>\n<meta name=\"author\" content=\"Brenda Cezillo\" \/>\n<meta name=\"twitter:card\" content=\"summary_large_image\" \/>\n<meta name=\"twitter:label1\" content=\"Escrito por\" \/>\n\t<meta name=\"twitter:data1\" content=\"Brenda Cezillo\" \/>\n\t<meta name=\"twitter:label2\" content=\"Est. tempo de leitura\" \/>\n\t<meta name=\"twitter:data2\" content=\"3 minutos\" \/>\n<script type=\"application\/ld+json\" class=\"yoast-schema-graph\">{\"@context\":\"https:\/\/schema.org\",\"@graph\":[{\"@type\":\"NewsArticle\",\"@id\":\"https:\/\/www.gaveanews.com\/index.php\/2025\/06\/18\/futuro-de-gerson-no-flamengo-pode-sofrer-reviravolta\/#article\",\"isPartOf\":{\"@id\":\"https:\/\/www.gaveanews.com\/index.php\/2025\/06\/18\/futuro-de-gerson-no-flamengo-pode-sofrer-reviravolta\/\"},\"author\":{\"name\":\"Brenda Cezillo\",\"@id\":\"https:\/\/www.gaveanews.com\/#\/schema\/person\/c79759ca337c40791ae8d08e2923d403\"},\"headline\":\"Futuro de Gerson no Flamengo pode sofrer reviravolta\",\"datePublished\":\"2025-06-18T17:55:15+00:00\",\"dateModified\":\"2025-06-18T17:55:21+00:00\",\"mainEntityOfPage\":{\"@id\":\"https:\/\/www.gaveanews.com\/index.php\/2025\/06\/18\/futuro-de-gerson-no-flamengo-pode-sofrer-reviravolta\/\"},\"wordCount\":400,\"commentCount\":0,\"image\":{\"@id\":\"https:\/\/www.gaveanews.com\/index.php\/2025\/06\/18\/futuro-de-gerson-no-flamengo-pode-sofrer-reviravolta\/#primaryimage\"},\"thumbnailUrl\":\"https:\/\/www.gaveanews.com\/wp-content\/uploads\/gerson-flamengo-vasco.webp\",\"articleSection\":[\"Flamengo\"],\"inLanguage\":\"pt-BR\",\"potentialAction\":[{\"@type\":\"CommentAction\",\"name\":\"Comment\",\"target\":[\"https:\/\/www.gaveanews.com\/index.php\/2025\/06\/18\/futuro-de-gerson-no-flamengo-pode-sofrer-reviravolta\/#respond\"]}],\"copyrightYear\":\"2025\",\"copyrightHolder\":{\"@id\":\"https:\/\/www.gaveanews.com\/#organization\"}},{\"@type\":\"WebPage\",\"@id\":\"https:\/\/www.gaveanews.com\/index.php\/2025\/06\/18\/futuro-de-gerson-no-flamengo-pode-sofrer-reviravolta\/\",\"url\":\"https:\/\/www.gaveanews.com\/index.php\/2025\/06\/18\/futuro-de-gerson-no-flamengo-pode-sofrer-reviravolta\/\",\"name\":\"Futuro de Gerson no Flamengo pode sofrer reviravolta\",\"isPartOf\":{\"@id\":\"https:\/\/www.gaveanews.com\/#website\"},\"primaryImageOfPage\":{\"@id\":\"https:\/\/www.gaveanews.com\/index.php\/2025\/06\/18\/futuro-de-gerson-no-flamengo-pode-sofrer-reviravolta\/#primaryimage\"},\"image\":{\"@id\":\"https:\/\/www.gaveanews.com\/index.php\/2025\/06\/18\/futuro-de-gerson-no-flamengo-pode-sofrer-reviravolta\/#primaryimage\"},\"thumbnailUrl\":\"https:\/\/www.gaveanews.com\/wp-content\/uploads\/gerson-flamengo-vasco.webp\",\"datePublished\":\"2025-06-18T17:55:15+00:00\",\"dateModified\":\"2025-06-18T17:55:21+00:00\",\"author\":{\"@id\":\"https:\/\/www.gaveanews.com\/#\/schema\/person\/c79759ca337c40791ae8d08e2923d403\"},\"breadcrumb\":{\"@id\":\"https:\/\/www.gaveanews.com\/index.php\/2025\/06\/18\/futuro-de-gerson-no-flamengo-pode-sofrer-reviravolta\/#breadcrumb\"},\"inLanguage\":\"pt-BR\",\"potentialAction\":[{\"@type\":\"ReadAction\",\"target\":[\"https:\/\/www.gaveanews.com\/index.php\/2025\/06\/18\/futuro-de-gerson-no-flamengo-pode-sofrer-reviravolta\/\"]}]},{\"@type\":\"ImageObject\",\"inLanguage\":\"pt-BR\",\"@id\":\"https:\/\/www.gaveanews.com\/index.php\/2025\/06\/18\/futuro-de-gerson-no-flamengo-pode-sofrer-reviravolta\/#primaryimage\",\"url\":\"https:\/\/www.gaveanews.com\/wp-content\/uploads\/gerson-flamengo-vasco.webp\",\"contentUrl\":\"https:\/\/www.gaveanews.com\/wp-content\/uploads\/gerson-flamengo-vasco.webp\",\"width\":900,\"height\":599,\"caption\":\"Gerson marca gol pelo Flamengo em cl\u00e1ssico contra o Vasco (Foto: Marcelo Cortes\/Flamengo)\"},{\"@type\":\"BreadcrumbList\",\"@id\":\"https:\/\/www.gaveanews.com\/index.php\/2025\/06\/18\/futuro-de-gerson-no-flamengo-pode-sofrer-reviravolta\/#breadcrumb\",\"itemListElement\":[{\"@type\":\"ListItem\",\"position\":1,\"name\":\"Home\",\"item\":\"https:\/\/www.gaveanews.com\/\"},{\"@type\":\"ListItem\",\"position\":2,\"name\":\"Futuro de Gerson no Flamengo pode sofrer reviravolta\"}]},{\"@type\":\"WebSite\",\"@id\":\"https:\/\/www.gaveanews.com\/#website\",\"url\":\"https:\/\/www.gaveanews.com\/\",\"name\":\"G\u00e1vea News\",\"description\":\"Veja todas as not\u00edcias sobre o Flamengo: Contrata\u00e7\u00f5es, categorias de base, resultados das partidas, tabela de classifica\u00e7\u00e3o, pr\u00f3ximos jogos!\",\"potentialAction\":[{\"@type\":\"SearchAction\",\"target\":{\"@type\":\"EntryPoint\",\"urlTemplate\":\"https:\/\/www.gaveanews.com\/?s={search_term_string}\"},\"query-input\":{\"@type\":\"PropertyValueSpecification\",\"valueRequired\":true,\"valueName\":\"search_term_string\"}}],\"inLanguage\":\"pt-BR\"},{\"@type\":\"Person\",\"@id\":\"https:\/\/www.gaveanews.com\/#\/schema\/person\/c79759ca337c40791ae8d08e2923d403\",\"name\":\"Brenda Cezillo\",\"image\":{\"@type\":\"ImageObject\",\"inLanguage\":\"pt-BR\",\"@id\":\"https:\/\/www.gaveanews.com\/#\/schema\/person\/image\/\",\"url\":\"https:\/\/secure.gravatar.com\/avatar\/1738d75cee7317f9c29ae61dd67620c5883d80a92e42a6fff88ae5d527af217a?s=96&d=mm&r=g\",\"contentUrl\":\"https:\/\/secure.gravatar.com\/avatar\/1738d75cee7317f9c29ae61dd67620c5883d80a92e42a6fff88ae5d527af217a?s=96&d=mm&r=g\",\"caption\":\"Brenda Cezillo\"}}]}<\/script>\n<!-- \/ Yoast SEO Premium plugin. -->","yoast_head_json":{"title":"Futuro de Gerson no Flamengo pode sofrer reviravolta","robots":{"index":"index","follow":"follow","max-snippet":"max-snippet:-1","max-image-preview":"max-image-preview:large","max-video-preview":"max-video-preview:-1"},"canonical":"https:\/\/www.gaveanews.com\/index.php\/2025\/06\/18\/futuro-de-gerson-no-flamengo-pode-sofrer-reviravolta\/","og_locale":"pt_BR","og_type":"article","og_title":"Futuro de Gerson no Flamengo pode sofrer reviravolta","og_description":"A situa\u00e7\u00e3o de Gerson no Flamengo permanece incerta, principalmente por conta de um impasse financeiro envolvendo o Zenit, da R\u00fassia. A equipe europeia demonstrou interesse em contar com o volante, mas a forma de pagamento proposta pelos russos n\u00e3o agradou \u00e0 diretoria rubro-negra. Por enquanto, o atleta segue no elenco comandado por Tite e tem [&hellip;]","og_url":"https:\/\/www.gaveanews.com\/index.php\/2025\/06\/18\/futuro-de-gerson-no-flamengo-pode-sofrer-reviravolta\/","og_site_name":"G\u00e1vea News","article_publisher":"https:\/\/facebook.com\/gaveaNews\/","article_published_time":"2025-06-18T17:55:15+00:00","article_modified_time":"2025-06-18T17:55:21+00:00","og_image":[{"width":900,"height":599,"url":"http:\/\/www.gaveanews.com\/wp-content\/uploads\/gerson-flamengo-vasco.webp","type":"image\/jpeg"}],"author":"Brenda Cezillo","twitter_card":"summary_large_image","twitter_misc":{"Escrito por":"Brenda Cezillo","Est. tempo de leitura":"3 minutos"},"schema":{"@context":"https:\/\/schema.org","@graph":[{"@type":"NewsArticle","@id":"https:\/\/www.gaveanews.com\/index.php\/2025\/06\/18\/futuro-de-gerson-no-flamengo-pode-sofrer-reviravolta\/#article","isPartOf":{"@id":"https:\/\/www.gaveanews.com\/index.php\/2025\/06\/18\/futuro-de-gerson-no-flamengo-pode-sofrer-reviravolta\/"},"author":{"name":"Brenda Cezillo","@id":"https:\/\/www.gaveanews.com\/#\/schema\/person\/c79759ca337c40791ae8d08e2923d403"},"headline":"Futuro de Gerson no Flamengo pode sofrer reviravolta","datePublished":"2025-06-18T17:55:15+00:00","dateModified":"2025-06-18T17:55:21+00:00","mainEntityOfPage":{"@id":"https:\/\/www.gaveanews.com\/index.php\/2025\/06\/18\/futuro-de-gerson-no-flamengo-pode-sofrer-reviravolta\/"},"wordCount":400,"commentCount":0,"image":{"@id":"https:\/\/www.gaveanews.com\/index.php\/2025\/06\/18\/futuro-de-gerson-no-flamengo-pode-sofrer-reviravolta\/#primaryimage"},"thumbnailUrl":"https:\/\/www.gaveanews.com\/wp-content\/uploads\/gerson-flamengo-vasco.webp","articleSection":["Flamengo"],"inLanguage":"pt-BR","potentialAction":[{"@type":"CommentAction","name":"Comment","target":["https:\/\/www.gaveanews.com\/index.php\/2025\/06\/18\/futuro-de-gerson-no-flamengo-pode-sofrer-reviravolta\/#respond"]}],"copyrightYear":"2025","copyrightHolder":{"@id":"https:\/\/www.gaveanews.com\/#organization"}},{"@type":"WebPage","@id":"https:\/\/www.gaveanews.com\/index.php\/2025\/06\/18\/futuro-de-gerson-no-flamengo-pode-sofrer-reviravolta\/","url":"https:\/\/www.gaveanews.com\/index.php\/2025\/06\/18\/futuro-de-gerson-no-flamengo-pode-sofrer-reviravolta\/","name":"Futuro de Gerson no Flamengo pode sofrer reviravolta","isPartOf":{"@id":"https:\/\/www.gaveanews.com\/#website"},"primaryImageOfPage":{"@id":"https:\/\/www.gaveanews.com\/index.php\/2025\/06\/18\/futuro-de-gerson-no-flamengo-pode-sofrer-reviravolta\/#primaryimage"},"image":{"@id":"https:\/\/www.gaveanews.com\/index.php\/2025\/06\/18\/futuro-de-gerson-no-flamengo-pode-sofrer-reviravolta\/#primaryimage"},"thumbnailUrl":"https:\/\/www.gaveanews.com\/wp-content\/uploads\/gerson-flamengo-vasco.webp","datePublished":"2025-06-18T17:55:15+00:00","dateModified":"2025-06-18T17:55:21+00:00","author":{"@id":"https:\/\/www.gaveanews.com\/#\/schema\/person\/c79759ca337c40791ae8d08e2923d403"},"breadcrumb":{"@id":"https:\/\/www.gaveanews.com\/index.php\/2025\/06\/18\/futuro-de-gerson-no-flamengo-pode-sofrer-reviravolta\/#breadcrumb"},"inLanguage":"pt-BR","potentialAction":[{"@type":"ReadAction","target":["https:\/\/www.gaveanews.com\/index.php\/2025\/06\/18\/futuro-de-gerson-no-flamengo-pode-sofrer-reviravolta\/"]}]},{"@type":"ImageObject","inLanguage":"pt-BR","@id":"https:\/\/www.gaveanews.com\/index.php\/2025\/06\/18\/futuro-de-gerson-no-flamengo-pode-sofrer-reviravolta\/#primaryimage","url":"https:\/\/www.gaveanews.com\/wp-content\/uploads\/gerson-flamengo-vasco.webp","contentUrl":"https:\/\/www.gaveanews.com\/wp-content\/uploads\/gerson-flamengo-vasco.webp","width":900,"height":599,"caption":"Gerson marca gol pelo Flamengo em cl\u00e1ssico contra o Vasco (Foto: Marcelo Cortes\/Flamengo)"},{"@type":"BreadcrumbList","@id":"https:\/\/www.gaveanews.com\/index.php\/2025\/06\/18\/futuro-de-gerson-no-flamengo-pode-sofrer-reviravolta\/#breadcrumb","itemListElement":[{"@type":"ListItem","position":1,"name":"Home","item":"https:\/\/www.gaveanews.com\/"},{"@type":"ListItem","position":2,"name":"Futuro de Gerson no Flamengo pode sofrer reviravolta"}]},{"@type":"WebSite","@id":"https:\/\/www.gaveanews.com\/#website","url":"https:\/\/www.gaveanews.com\/","name":"G\u00e1vea News","description":"Veja todas as not\u00edcias sobre o Flamengo: Contrata\u00e7\u00f5es, categorias de base, resultados das partidas, tabela de classifica\u00e7\u00e3o, pr\u00f3ximos jogos!","potentialAction":[{"@type":"SearchAction","target":{"@type":"EntryPoint","urlTemplate":"https:\/\/www.gaveanews.com\/?s={search_term_string}"},"query-input":{"@type":"PropertyValueSpecification","valueRequired":true,"valueName":"search_term_string"}}],"inLanguage":"pt-BR"},{"@type":"Person","@id":"https:\/\/www.gaveanews.com\/#\/schema\/person\/c79759ca337c40791ae8d08e2923d403","name":"Brenda Cezillo","image":{"@type":"ImageObject","inLanguage":"pt-BR","@id":"https:\/\/www.gaveanews.com\/#\/schema\/person\/image\/","url":"https:\/\/secure.gravatar.com\/avatar\/1738d75cee7317f9c29ae61dd67620c5883d80a92e42a6fff88ae5d527af217a?s=96&d=mm&r=g","contentUrl":"https:\/\/secure.gravatar.com\/avatar\/1738d75cee7317f9c29ae61dd67620c5883d80a92e42a6fff88ae5d527af217a?s=96&d=mm&r=g","caption":"Brenda Cezillo"}}]}},"_links":{"self":[{"href":"https:\/\/www.gaveanews.com\/index.php\/wp-json\/wp\/v2\/posts\/271106","targetHints":{"allow":["GET"]}}],"collection":[{"href":"https:\/\/www.gaveanews.com\/index.php\/wp-json\/wp\/v2\/posts"}],"about":[{"href":"https:\/\/www.gaveanews.com\/index.php\/wp-json\/wp\/v2\/types\/post"}],"author":[{"embeddable":true,"href":"https:\/\/www.gaveanews.com\/index.php\/wp-json\/wp\/v2\/users\/33"}],"replies":[{"embeddable":true,"href":"https:\/\/www.gaveanews.com\/index.php\/wp-json\/wp\/v2\/comments?post=271106"}],"version-history":[{"count":1,"href":"https:\/\/www.gaveanews.com\/index.php\/wp-json\/wp\/v2\/posts\/271106\/revisions"}],"predecessor-version":[{"id":271107,"href":"https:\/\/www.gaveanews.com\/index.php\/wp-json\/wp\/v2\/posts\/271106\/revisions\/271107"}],"wp:featuredmedia":[{"embeddable":true,"href":"https:\/\/www.gaveanews.com\/index.php\/wp-json\/wp\/v2\/media\/100042"}],"wp:attachment":[{"href":"https:\/\/www.gaveanews.com\/index.php\/wp-json\/wp\/v2\/media?parent=271106"}],"wp:term":[{"taxonomy":"category","embeddable":true,"href":"https:\/\/www.gaveanews.com\/index.php\/wp-json\/wp\/v2\/categories?post=271106"},{"taxonomy":"post_tag","embeddable":true,"href":"https:\/\/www.gaveanews.com\/index.php\/wp-json\/wp\/v2\/tags?post=271106"}],"curies":[{"name":"wp","href":"https:\/\/api.w.org\/{rel}","templated":true}]}}