{"id":271117,"date":"2025-06-18T21:35:06","date_gmt":"2025-06-19T00:35:06","guid":{"rendered":"https:\/\/www.gaveanews.com\/?p=271117"},"modified":"2025-06-18T21:35:13","modified_gmt":"2025-06-19T00:35:13","slug":"tostao-avalia-estreia-dos-brasileiros-na-copa-do-mundo-de-clubes","status":"publish","type":"post","link":"https:\/\/www.gaveanews.com\/index.php\/2025\/06\/18\/tostao-avalia-estreia-dos-brasileiros-na-copa-do-mundo-de-clubes\/","title":{"rendered":"Tost\u00e3o avalia estreia dos brasileiros na Copa do Mundo de Clubes"},"content":{"rendered":"\n<p>Ao fim da primeira rodada da Copa do Mundo de Clubes, Tost\u00e3o avaliou a partida de todos os brasileiros presentes no torneio. O Palmeiras ficou no empate com o Porto. O Verd\u00e3o teve as melhores oportunidades, mas n\u00e3o saiu do zero. Para o tricampe\u00e3o mundial, algumas coisas ainda n\u00e3o encaixaram no time de Abel Ferreira.<\/p>\n\n\n\n<p>\u201cAs contrata\u00e7\u00f5es ainda n\u00e3o corresponderam \u00e0s expectativas. Vitor Roque \u00e9 um bom jogador, veloz, com muita for\u00e7a f\u00edsica, jovem, pode evoluir, mas n\u00e3o s\u00e3o surpresas suas atua\u00e7\u00f5es apenas razo\u00e1veis. Por isso n\u00e3o ficou no Barcelona. Ainda n\u00e3o entendi se Paulinho entra sempre no meio do segundo tempo por causa de escolha t\u00e9cnica ou se \u00e9 ainda por problemas f\u00edsicos\u201d, escreveu Tost\u00e3o, que tamb\u00e9m falou sobre Est\u00eav\u00e3o e Felipe Anderson.<\/p>\n\n\n\n<p>\u201cPrefiro o Est\u00eav\u00e3o pela direita, deslocando para o meio no momento certo, em vez de centralizado ou pela esquerda, como tem atuado. Al\u00e9m disso, Felipe Anderson fica fora de lugar atuando de ala pela direita\u201d, analisou.<\/p>\n\n\n\n<p>Sobre o Flamengo, Tost\u00e3o exaltou a estreia do volante Jorginho. Ele atuou ao lado de Erick Pulgar e foi respons\u00e1vel pela assist\u00eancia para o gol de Luiz Ara\u00fajo, o segundo na vit\u00f3ria rubro-negra em cima do Esp\u00e9rance.<\/p>\n\n\n\n<p>\u201cJorginho mostrou sua classe no meio-campo. N\u00e3o erra passes e raramente perde a bola. Por\u00e9m, ele e Pulgar, dois volantes que gostam de iniciar a sa\u00edda de bola da defesa, ficam muito longe do ataque. Na \u00fanica vez que Jorginho chegou \u00e0 intermedi\u00e1ria advers\u00e1ria, deu um belo passe para Luiz Ara\u00fajo fazer o segundo gol&#8221;, comentou.<\/p>\n\n\n\n<p>Por fim, o Fluminense. O Tricolor foi o time brasileiro que mais encantou Tost\u00e3o. O Flu encarou o Borussia Dortmund e dominou a partida. No entanto n\u00e3o conseguiu sair do 0x0 com os alem\u00e3es.<\/p>\n\n\n\n<p>\u201cColetivamente, foi o melhor dos quatro e enfrentou o advers\u00e1rio mais dif\u00edcil, o Borussia Dortmund. Gostei das posturas das quatro equipes brasileiras, mais compactas, marcando por press\u00e3o\u202fe jogando com mais intensidade, caracter\u00edsticas que n\u00e3o s\u00e3o frequentes no Brasil\u201d, concluiu.<\/p>\n","protected":false},"excerpt":{"rendered":"<p>Ao fim da primeira rodada da Copa do Mundo de Clubes, Tost\u00e3o avaliou a partida de todos os brasileiros presentes no torneio. O Palmeiras ficou no empate com o Porto. O Verd\u00e3o teve as melhores oportunidades, mas n\u00e3o saiu do zero. Para o tricampe\u00e3o mundial, algumas coisas ainda n\u00e3o encaixaram no time de Abel Ferreira. [&hellip;]<\/p>\n","protected":false},"author":32,"featured_media":216473,"comment_status":"open","ping_status":"closed","sticky":false,"template":"","format":"standard","meta":{"footnotes":""},"categories":[1],"tags":[],"class_list":["post-271117","post","type-post","status-publish","format-standard","has-post-thumbnail","hentry","category-flamengo"],"yoast_head":"<!-- This site is optimized with the Yoast SEO Premium plugin v24.2 (Yoast SEO v26.9) - https:\/\/yoast.com\/product\/yoast-seo-premium-wordpress\/ -->\n<title>Tost\u00e3o avalia estreia dos brasileiros na Copa do Mundo de Clubes<\/title>\n<meta name=\"robots\" content=\"index, follow, max-snippet:-1, max-image-preview:large, max-video-preview:-1\" \/>\n<link rel=\"canonical\" href=\"https:\/\/www.gaveanews.com\/index.php\/2025\/06\/18\/tostao-avalia-estreia-dos-brasileiros-na-copa-do-mundo-de-clubes\/\" \/>\n<meta property=\"og:locale\" content=\"pt_BR\" \/>\n<meta property=\"og:type\" content=\"article\" \/>\n<meta property=\"og:title\" content=\"Tost\u00e3o avalia estreia dos brasileiros na Copa do Mundo de Clubes\" \/>\n<meta property=\"og:description\" content=\"Ao fim da primeira rodada da Copa do Mundo de Clubes, Tost\u00e3o avaliou a partida de todos os brasileiros presentes no torneio. O Palmeiras ficou no empate com o Porto. O Verd\u00e3o teve as melhores oportunidades, mas n\u00e3o saiu do zero. Para o tricampe\u00e3o mundial, algumas coisas ainda n\u00e3o encaixaram no time de Abel Ferreira. [&hellip;]\" \/>\n<meta property=\"og:url\" content=\"https:\/\/www.gaveanews.com\/index.php\/2025\/06\/18\/tostao-avalia-estreia-dos-brasileiros-na-copa-do-mundo-de-clubes\/\" \/>\n<meta property=\"og:site_name\" content=\"G\u00e1vea News\" \/>\n<meta property=\"article:publisher\" content=\"https:\/\/facebook.com\/gaveaNews\/\" \/>\n<meta property=\"article:published_time\" content=\"2025-06-19T00:35:06+00:00\" \/>\n<meta property=\"article:modified_time\" content=\"2025-06-19T00:35:13+00:00\" \/>\n<meta property=\"og:image\" content=\"http:\/\/www.gaveanews.com\/wp-content\/uploads\/Tostao.webp\" \/>\n\t<meta property=\"og:image:width\" content=\"893\" \/>\n\t<meta property=\"og:image:height\" content=\"648\" \/>\n\t<meta property=\"og:image:type\" content=\"image\/jpeg\" \/>\n<meta name=\"author\" content=\"Matheus Leal\" \/>\n<meta name=\"twitter:card\" content=\"summary_large_image\" \/>\n<meta name=\"twitter:label1\" content=\"Escrito por\" \/>\n\t<meta name=\"twitter:data1\" content=\"Matheus Leal\" \/>\n\t<meta name=\"twitter:label2\" content=\"Est. tempo de leitura\" \/>\n\t<meta name=\"twitter:data2\" content=\"3 minutos\" \/>\n<script type=\"application\/ld+json\" class=\"yoast-schema-graph\">{\"@context\":\"https:\/\/schema.org\",\"@graph\":[{\"@type\":\"NewsArticle\",\"@id\":\"https:\/\/www.gaveanews.com\/index.php\/2025\/06\/18\/tostao-avalia-estreia-dos-brasileiros-na-copa-do-mundo-de-clubes\/#article\",\"isPartOf\":{\"@id\":\"https:\/\/www.gaveanews.com\/index.php\/2025\/06\/18\/tostao-avalia-estreia-dos-brasileiros-na-copa-do-mundo-de-clubes\/\"},\"author\":{\"name\":\"Matheus Leal\",\"@id\":\"https:\/\/www.gaveanews.com\/#\/schema\/person\/49ac99b6823a2b8d5087a6ce3aaaa128\"},\"headline\":\"Tost\u00e3o avalia estreia dos brasileiros na Copa do Mundo de Clubes\",\"datePublished\":\"2025-06-19T00:35:06+00:00\",\"dateModified\":\"2025-06-19T00:35:13+00:00\",\"mainEntityOfPage\":{\"@id\":\"https:\/\/www.gaveanews.com\/index.php\/2025\/06\/18\/tostao-avalia-estreia-dos-brasileiros-na-copa-do-mundo-de-clubes\/\"},\"wordCount\":381,\"commentCount\":0,\"image\":{\"@id\":\"https:\/\/www.gaveanews.com\/index.php\/2025\/06\/18\/tostao-avalia-estreia-dos-brasileiros-na-copa-do-mundo-de-clubes\/#primaryimage\"},\"thumbnailUrl\":\"https:\/\/www.gaveanews.com\/wp-content\/uploads\/Tostao.webp\",\"articleSection\":[\"Flamengo\"],\"inLanguage\":\"pt-BR\",\"potentialAction\":[{\"@type\":\"CommentAction\",\"name\":\"Comment\",\"target\":[\"https:\/\/www.gaveanews.com\/index.php\/2025\/06\/18\/tostao-avalia-estreia-dos-brasileiros-na-copa-do-mundo-de-clubes\/#respond\"]}],\"copyrightYear\":\"2025\",\"copyrightHolder\":{\"@id\":\"https:\/\/www.gaveanews.com\/#organization\"}},{\"@type\":\"WebPage\",\"@id\":\"https:\/\/www.gaveanews.com\/index.php\/2025\/06\/18\/tostao-avalia-estreia-dos-brasileiros-na-copa-do-mundo-de-clubes\/\",\"url\":\"https:\/\/www.gaveanews.com\/index.php\/2025\/06\/18\/tostao-avalia-estreia-dos-brasileiros-na-copa-do-mundo-de-clubes\/\",\"name\":\"Tost\u00e3o avalia estreia dos brasileiros na Copa do Mundo de Clubes\",\"isPartOf\":{\"@id\":\"https:\/\/www.gaveanews.com\/#website\"},\"primaryImageOfPage\":{\"@id\":\"https:\/\/www.gaveanews.com\/index.php\/2025\/06\/18\/tostao-avalia-estreia-dos-brasileiros-na-copa-do-mundo-de-clubes\/#primaryimage\"},\"image\":{\"@id\":\"https:\/\/www.gaveanews.com\/index.php\/2025\/06\/18\/tostao-avalia-estreia-dos-brasileiros-na-copa-do-mundo-de-clubes\/#primaryimage\"},\"thumbnailUrl\":\"https:\/\/www.gaveanews.com\/wp-content\/uploads\/Tostao.webp\",\"datePublished\":\"2025-06-19T00:35:06+00:00\",\"dateModified\":\"2025-06-19T00:35:13+00:00\",\"author\":{\"@id\":\"https:\/\/www.gaveanews.com\/#\/schema\/person\/49ac99b6823a2b8d5087a6ce3aaaa128\"},\"breadcrumb\":{\"@id\":\"https:\/\/www.gaveanews.com\/index.php\/2025\/06\/18\/tostao-avalia-estreia-dos-brasileiros-na-copa-do-mundo-de-clubes\/#breadcrumb\"},\"inLanguage\":\"pt-BR\",\"potentialAction\":[{\"@type\":\"ReadAction\",\"target\":[\"https:\/\/www.gaveanews.com\/index.php\/2025\/06\/18\/tostao-avalia-estreia-dos-brasileiros-na-copa-do-mundo-de-clubes\/\"]}]},{\"@type\":\"ImageObject\",\"inLanguage\":\"pt-BR\",\"@id\":\"https:\/\/www.gaveanews.com\/index.php\/2025\/06\/18\/tostao-avalia-estreia-dos-brasileiros-na-copa-do-mundo-de-clubes\/#primaryimage\",\"url\":\"https:\/\/www.gaveanews.com\/wp-content\/uploads\/Tostao.webp\",\"contentUrl\":\"https:\/\/www.gaveanews.com\/wp-content\/uploads\/Tostao.webp\",\"width\":893,\"height\":648,\"caption\":\"Tost\u00e3o (Foto: Reprodu\u00e7\u00e3o)\"},{\"@type\":\"BreadcrumbList\",\"@id\":\"https:\/\/www.gaveanews.com\/index.php\/2025\/06\/18\/tostao-avalia-estreia-dos-brasileiros-na-copa-do-mundo-de-clubes\/#breadcrumb\",\"itemListElement\":[{\"@type\":\"ListItem\",\"position\":1,\"name\":\"Home\",\"item\":\"https:\/\/www.gaveanews.com\/\"},{\"@type\":\"ListItem\",\"position\":2,\"name\":\"Tost\u00e3o avalia estreia dos brasileiros na Copa do Mundo de Clubes\"}]},{\"@type\":\"WebSite\",\"@id\":\"https:\/\/www.gaveanews.com\/#website\",\"url\":\"https:\/\/www.gaveanews.com\/\",\"name\":\"G\u00e1vea News\",\"description\":\"Veja todas as not\u00edcias sobre o Flamengo: Contrata\u00e7\u00f5es, categorias de base, resultados das partidas, tabela de classifica\u00e7\u00e3o, pr\u00f3ximos jogos!\",\"potentialAction\":[{\"@type\":\"SearchAction\",\"target\":{\"@type\":\"EntryPoint\",\"urlTemplate\":\"https:\/\/www.gaveanews.com\/?s={search_term_string}\"},\"query-input\":{\"@type\":\"PropertyValueSpecification\",\"valueRequired\":true,\"valueName\":\"search_term_string\"}}],\"inLanguage\":\"pt-BR\"},{\"@type\":\"Person\",\"@id\":\"https:\/\/www.gaveanews.com\/#\/schema\/person\/49ac99b6823a2b8d5087a6ce3aaaa128\",\"name\":\"Matheus Leal\",\"image\":{\"@type\":\"ImageObject\",\"inLanguage\":\"pt-BR\",\"@id\":\"https:\/\/www.gaveanews.com\/#\/schema\/person\/image\/\",\"url\":\"https:\/\/secure.gravatar.com\/avatar\/21c52300d1234416f9c886f6dadd7452d8b035ac505314a51e4f56731e90c481?s=96&d=mm&r=g\",\"contentUrl\":\"https:\/\/secure.gravatar.com\/avatar\/21c52300d1234416f9c886f6dadd7452d8b035ac505314a51e4f56731e90c481?s=96&d=mm&r=g\",\"caption\":\"Matheus Leal\"}}]}<\/script>\n<!-- \/ Yoast SEO Premium plugin. -->","yoast_head_json":{"title":"Tost\u00e3o avalia estreia dos brasileiros na Copa do Mundo de Clubes","robots":{"index":"index","follow":"follow","max-snippet":"max-snippet:-1","max-image-preview":"max-image-preview:large","max-video-preview":"max-video-preview:-1"},"canonical":"https:\/\/www.gaveanews.com\/index.php\/2025\/06\/18\/tostao-avalia-estreia-dos-brasileiros-na-copa-do-mundo-de-clubes\/","og_locale":"pt_BR","og_type":"article","og_title":"Tost\u00e3o avalia estreia dos brasileiros na Copa do Mundo de Clubes","og_description":"Ao fim da primeira rodada da Copa do Mundo de Clubes, Tost\u00e3o avaliou a partida de todos os brasileiros presentes no torneio. O Palmeiras ficou no empate com o Porto. O Verd\u00e3o teve as melhores oportunidades, mas n\u00e3o saiu do zero. Para o tricampe\u00e3o mundial, algumas coisas ainda n\u00e3o encaixaram no time de Abel Ferreira. [&hellip;]","og_url":"https:\/\/www.gaveanews.com\/index.php\/2025\/06\/18\/tostao-avalia-estreia-dos-brasileiros-na-copa-do-mundo-de-clubes\/","og_site_name":"G\u00e1vea News","article_publisher":"https:\/\/facebook.com\/gaveaNews\/","article_published_time":"2025-06-19T00:35:06+00:00","article_modified_time":"2025-06-19T00:35:13+00:00","og_image":[{"width":893,"height":648,"url":"http:\/\/www.gaveanews.com\/wp-content\/uploads\/Tostao.webp","type":"image\/jpeg"}],"author":"Matheus Leal","twitter_card":"summary_large_image","twitter_misc":{"Escrito por":"Matheus Leal","Est. tempo de leitura":"3 minutos"},"schema":{"@context":"https:\/\/schema.org","@graph":[{"@type":"NewsArticle","@id":"https:\/\/www.gaveanews.com\/index.php\/2025\/06\/18\/tostao-avalia-estreia-dos-brasileiros-na-copa-do-mundo-de-clubes\/#article","isPartOf":{"@id":"https:\/\/www.gaveanews.com\/index.php\/2025\/06\/18\/tostao-avalia-estreia-dos-brasileiros-na-copa-do-mundo-de-clubes\/"},"author":{"name":"Matheus Leal","@id":"https:\/\/www.gaveanews.com\/#\/schema\/person\/49ac99b6823a2b8d5087a6ce3aaaa128"},"headline":"Tost\u00e3o avalia estreia dos brasileiros na Copa do Mundo de Clubes","datePublished":"2025-06-19T00:35:06+00:00","dateModified":"2025-06-19T00:35:13+00:00","mainEntityOfPage":{"@id":"https:\/\/www.gaveanews.com\/index.php\/2025\/06\/18\/tostao-avalia-estreia-dos-brasileiros-na-copa-do-mundo-de-clubes\/"},"wordCount":381,"commentCount":0,"image":{"@id":"https:\/\/www.gaveanews.com\/index.php\/2025\/06\/18\/tostao-avalia-estreia-dos-brasileiros-na-copa-do-mundo-de-clubes\/#primaryimage"},"thumbnailUrl":"https:\/\/www.gaveanews.com\/wp-content\/uploads\/Tostao.webp","articleSection":["Flamengo"],"inLanguage":"pt-BR","potentialAction":[{"@type":"CommentAction","name":"Comment","target":["https:\/\/www.gaveanews.com\/index.php\/2025\/06\/18\/tostao-avalia-estreia-dos-brasileiros-na-copa-do-mundo-de-clubes\/#respond"]}],"copyrightYear":"2025","copyrightHolder":{"@id":"https:\/\/www.gaveanews.com\/#organization"}},{"@type":"WebPage","@id":"https:\/\/www.gaveanews.com\/index.php\/2025\/06\/18\/tostao-avalia-estreia-dos-brasileiros-na-copa-do-mundo-de-clubes\/","url":"https:\/\/www.gaveanews.com\/index.php\/2025\/06\/18\/tostao-avalia-estreia-dos-brasileiros-na-copa-do-mundo-de-clubes\/","name":"Tost\u00e3o avalia estreia dos brasileiros na Copa do Mundo de Clubes","isPartOf":{"@id":"https:\/\/www.gaveanews.com\/#website"},"primaryImageOfPage":{"@id":"https:\/\/www.gaveanews.com\/index.php\/2025\/06\/18\/tostao-avalia-estreia-dos-brasileiros-na-copa-do-mundo-de-clubes\/#primaryimage"},"image":{"@id":"https:\/\/www.gaveanews.com\/index.php\/2025\/06\/18\/tostao-avalia-estreia-dos-brasileiros-na-copa-do-mundo-de-clubes\/#primaryimage"},"thumbnailUrl":"https:\/\/www.gaveanews.com\/wp-content\/uploads\/Tostao.webp","datePublished":"2025-06-19T00:35:06+00:00","dateModified":"2025-06-19T00:35:13+00:00","author":{"@id":"https:\/\/www.gaveanews.com\/#\/schema\/person\/49ac99b6823a2b8d5087a6ce3aaaa128"},"breadcrumb":{"@id":"https:\/\/www.gaveanews.com\/index.php\/2025\/06\/18\/tostao-avalia-estreia-dos-brasileiros-na-copa-do-mundo-de-clubes\/#breadcrumb"},"inLanguage":"pt-BR","potentialAction":[{"@type":"ReadAction","target":["https:\/\/www.gaveanews.com\/index.php\/2025\/06\/18\/tostao-avalia-estreia-dos-brasileiros-na-copa-do-mundo-de-clubes\/"]}]},{"@type":"ImageObject","inLanguage":"pt-BR","@id":"https:\/\/www.gaveanews.com\/index.php\/2025\/06\/18\/tostao-avalia-estreia-dos-brasileiros-na-copa-do-mundo-de-clubes\/#primaryimage","url":"https:\/\/www.gaveanews.com\/wp-content\/uploads\/Tostao.webp","contentUrl":"https:\/\/www.gaveanews.com\/wp-content\/uploads\/Tostao.webp","width":893,"height":648,"caption":"Tost\u00e3o (Foto: Reprodu\u00e7\u00e3o)"},{"@type":"BreadcrumbList","@id":"https:\/\/www.gaveanews.com\/index.php\/2025\/06\/18\/tostao-avalia-estreia-dos-brasileiros-na-copa-do-mundo-de-clubes\/#breadcrumb","itemListElement":[{"@type":"ListItem","position":1,"name":"Home","item":"https:\/\/www.gaveanews.com\/"},{"@type":"ListItem","position":2,"name":"Tost\u00e3o avalia estreia dos brasileiros na Copa do Mundo de Clubes"}]},{"@type":"WebSite","@id":"https:\/\/www.gaveanews.com\/#website","url":"https:\/\/www.gaveanews.com\/","name":"G\u00e1vea News","description":"Veja todas as not\u00edcias sobre o Flamengo: Contrata\u00e7\u00f5es, categorias de base, resultados das partidas, tabela de classifica\u00e7\u00e3o, pr\u00f3ximos jogos!","potentialAction":[{"@type":"SearchAction","target":{"@type":"EntryPoint","urlTemplate":"https:\/\/www.gaveanews.com\/?s={search_term_string}"},"query-input":{"@type":"PropertyValueSpecification","valueRequired":true,"valueName":"search_term_string"}}],"inLanguage":"pt-BR"},{"@type":"Person","@id":"https:\/\/www.gaveanews.com\/#\/schema\/person\/49ac99b6823a2b8d5087a6ce3aaaa128","name":"Matheus Leal","image":{"@type":"ImageObject","inLanguage":"pt-BR","@id":"https:\/\/www.gaveanews.com\/#\/schema\/person\/image\/","url":"https:\/\/secure.gravatar.com\/avatar\/21c52300d1234416f9c886f6dadd7452d8b035ac505314a51e4f56731e90c481?s=96&d=mm&r=g","contentUrl":"https:\/\/secure.gravatar.com\/avatar\/21c52300d1234416f9c886f6dadd7452d8b035ac505314a51e4f56731e90c481?s=96&d=mm&r=g","caption":"Matheus Leal"}}]}},"_links":{"self":[{"href":"https:\/\/www.gaveanews.com\/index.php\/wp-json\/wp\/v2\/posts\/271117","targetHints":{"allow":["GET"]}}],"collection":[{"href":"https:\/\/www.gaveanews.com\/index.php\/wp-json\/wp\/v2\/posts"}],"about":[{"href":"https:\/\/www.gaveanews.com\/index.php\/wp-json\/wp\/v2\/types\/post"}],"author":[{"embeddable":true,"href":"https:\/\/www.gaveanews.com\/index.php\/wp-json\/wp\/v2\/users\/32"}],"replies":[{"embeddable":true,"href":"https:\/\/www.gaveanews.com\/index.php\/wp-json\/wp\/v2\/comments?post=271117"}],"version-history":[{"count":1,"href":"https:\/\/www.gaveanews.com\/index.php\/wp-json\/wp\/v2\/posts\/271117\/revisions"}],"predecessor-version":[{"id":271118,"href":"https:\/\/www.gaveanews.com\/index.php\/wp-json\/wp\/v2\/posts\/271117\/revisions\/271118"}],"wp:featuredmedia":[{"embeddable":true,"href":"https:\/\/www.gaveanews.com\/index.php\/wp-json\/wp\/v2\/media\/216473"}],"wp:attachment":[{"href":"https:\/\/www.gaveanews.com\/index.php\/wp-json\/wp\/v2\/media?parent=271117"}],"wp:term":[{"taxonomy":"category","embeddable":true,"href":"https:\/\/www.gaveanews.com\/index.php\/wp-json\/wp\/v2\/categories?post=271117"},{"taxonomy":"post_tag","embeddable":true,"href":"https:\/\/www.gaveanews.com\/index.php\/wp-json\/wp\/v2\/tags?post=271117"}],"curies":[{"name":"wp","href":"https:\/\/api.w.org\/{rel}","templated":true}]}}