{"id":271121,"date":"2025-06-19T10:30:19","date_gmt":"2025-06-19T13:30:19","guid":{"rendered":"https:\/\/www.gaveanews.com\/?p=271121"},"modified":"2025-06-19T10:23:29","modified_gmt":"2025-06-19T13:23:29","slug":"a-declaracao-de-rizek-sobre-john-arias-e-o-fluminense-na-copa-do-mundo-de-clubes","status":"publish","type":"post","link":"https:\/\/www.gaveanews.com\/index.php\/2025\/06\/19\/a-declaracao-de-rizek-sobre-john-arias-e-o-fluminense-na-copa-do-mundo-de-clubes\/","title":{"rendered":"A declara\u00e7\u00e3o de Rizek sobre John Arias e o Fluminense na Copa do Mundo de Clubes"},"content":{"rendered":"\n<p>Jhon Arias brilhou na estreia do Fluminense contra o Borussia Dortmund, no Mundial de Clubes, nessa ter\u00e7a-feira (17), em Nova Jersey, e arrancou elogios fervorosos do jornalista Andr\u00e9 Rizek. Eleito o \u2018craque do jogo\u2019, o colombiano foi exaltado em postagem de Rizek no \u201cX\u201d, ao responder a um debate levantado pelo perfil \u2018Ol\u00e9 do Brasil\u2019 sobre ser ou n\u00e3o o melhor jogador atuando no pa\u00eds hoje.<\/p>\n\n\n\n<p>Com convic\u00e7\u00e3o, o apresentador da Globo n\u00e3o hesitou em colocar Arias no topo, destacando a intensidade e o estilo de jogo do meia-atacante que, segundo ele, carrega uma rara sofistica\u00e7\u00e3o europeia em solo brasileiro.<\/p>\n\n\n\n<p>\u201cNem um pouco (exagero dizer que Arias \u00e9 o melhor jogador em atividade no Brasil). E vou al\u00e9m. Um dos poucos que jogam com intensidade de futebol europeu, da elite, em toda a Am\u00e9rica do Sul\u201d, disse Rizek.<\/p>\n\n\n\n<figure class=\"wp-block-embed is-type-rich is-provider-twitter wp-block-embed-twitter\"><div class=\"wp-block-embed__wrapper\">\n<blockquote class=\"twitter-tweet\" data-width=\"550\" data-dnt=\"true\"><p lang=\"pt\" dir=\"ltr\">Nem um pouco. E vou al\u00e9m. Um dos poucos que jogam com intensidade de futebol europeu, da elite, em toda a Am\u00e9rica do Sul. <a href=\"https:\/\/t.co\/r26HAG2P2Q\">https:\/\/t.co\/r26HAG2P2Q<\/a><\/p>&mdash; Andr\u00e9 Rizek (@andrizek) <a href=\"https:\/\/twitter.com\/andrizek\/status\/1935065981929332872?ref_src=twsrc%5Etfw\">June 17, 2025<\/a><\/blockquote><script async src=\"https:\/\/platform.twitter.com\/widgets.js\" charset=\"utf-8\"><\/script>\n<\/div><\/figure>\n\n\n\n<p>Em sua estreia, o Fluminense ficou no empate sem gols contra o Borussia Dortmund e a atua\u00e7\u00e3o do Tricolor chamou aten\u00e7\u00e3o. Isso porque a equipe comandada por Renato Ga\u00facho dominou o jogo do in\u00edcio ao fim e desperdi\u00e7ou grandes oportunidades de sair com os tr\u00eas pontos.<\/p>\n\n\n\n<p>\u201c\u00c9 impressionante que tudo o que\u00a0Renato Ga\u00facho projetou para a partida, aconteceu. Muito gente desconfiou sobre a promessa dele que o Fluminense n\u00e3o teria medo de jogar, e enfrentaria um time de quartas de final da Champions, de igual para igual. \u00c9 um pecado esse empate. Diante dessa superioridade, eu digo que foi a melhor atua\u00e7\u00e3o de um brasileiro na primeira rodada\u201d, avaliou o apresentador.<\/p>\n\n\n\n<p>O Fluminense agora volta a campo no s\u00e1bado (21) contra o Ulsan HD, da Coreia do Sul. A partida ser\u00e1 realizada \u00e0s 19h (de Bras\u00edlia). Na estreia, o time sul-coreano foi derrotado pelo Mamelodi Sundowns por 1&#215;0. Os sul-africanos lideram o grupo com tr\u00eas pontos e v\u00e3o encarar o Borussia Dormtund, tamb\u00e9m no s\u00e1bado, \u00e0s 13h (de Bras\u00edlia).<\/p>\n","protected":false},"excerpt":{"rendered":"<p>Jhon Arias brilhou na estreia do Fluminense contra o Borussia Dortmund, no Mundial de Clubes, nessa ter\u00e7a-feira (17), em Nova Jersey, e arrancou elogios fervorosos do jornalista Andr\u00e9 Rizek. Eleito o \u2018craque do jogo\u2019, o colombiano foi exaltado em postagem de Rizek no \u201cX\u201d, ao responder a um debate levantado pelo perfil \u2018Ol\u00e9 do Brasil\u2019 [&hellip;]<\/p>\n","protected":false},"author":32,"featured_media":259607,"comment_status":"open","ping_status":"closed","sticky":false,"template":"","format":"standard","meta":{"footnotes":""},"categories":[133,145],"tags":[],"class_list":["post-271121","post","type-post","status-publish","format-standard","has-post-thumbnail","hentry","category-brasileirao","category-fluminense"],"yoast_head":"<!-- This site is optimized with the Yoast SEO Premium plugin v24.2 (Yoast SEO v26.9) - https:\/\/yoast.com\/product\/yoast-seo-premium-wordpress\/ -->\n<title>A declara\u00e7\u00e3o de Rizek sobre John Arias e o Fluminense na Copa do Mundo de Clubes<\/title>\n<meta name=\"robots\" content=\"index, follow, max-snippet:-1, max-image-preview:large, max-video-preview:-1\" \/>\n<link rel=\"canonical\" href=\"https:\/\/www.gaveanews.com\/index.php\/2025\/06\/19\/a-declaracao-de-rizek-sobre-john-arias-e-o-fluminense-na-copa-do-mundo-de-clubes\/\" \/>\n<meta property=\"og:locale\" content=\"pt_BR\" \/>\n<meta property=\"og:type\" content=\"article\" \/>\n<meta property=\"og:title\" content=\"A declara\u00e7\u00e3o de Rizek sobre John Arias e o Fluminense na Copa do Mundo de Clubes\" \/>\n<meta property=\"og:description\" content=\"Jhon Arias brilhou na estreia do Fluminense contra o Borussia Dortmund, no Mundial de Clubes, nessa ter\u00e7a-feira (17), em Nova Jersey, e arrancou elogios fervorosos do jornalista Andr\u00e9 Rizek. Eleito o \u2018craque do jogo\u2019, o colombiano foi exaltado em postagem de Rizek no \u201cX\u201d, ao responder a um debate levantado pelo perfil \u2018Ol\u00e9 do Brasil\u2019 [&hellip;]\" \/>\n<meta property=\"og:url\" content=\"https:\/\/www.gaveanews.com\/index.php\/2025\/06\/19\/a-declaracao-de-rizek-sobre-john-arias-e-o-fluminense-na-copa-do-mundo-de-clubes\/\" \/>\n<meta property=\"og:site_name\" content=\"G\u00e1vea News\" \/>\n<meta property=\"article:publisher\" content=\"https:\/\/facebook.com\/gaveaNews\/\" \/>\n<meta property=\"article:published_time\" content=\"2025-06-19T13:30:19+00:00\" \/>\n<meta property=\"og:image\" content=\"https:\/\/www.gaveanews.com\/wp-content\/uploads\/Jhon-Arias.webp\" \/>\n\t<meta property=\"og:image:width\" content=\"1200\" \/>\n\t<meta property=\"og:image:height\" content=\"900\" \/>\n\t<meta property=\"og:image:type\" content=\"image\/webp\" \/>\n<meta name=\"author\" content=\"Matheus Leal\" \/>\n<meta name=\"twitter:card\" content=\"summary_large_image\" \/>\n<meta name=\"twitter:label1\" content=\"Escrito por\" \/>\n\t<meta name=\"twitter:data1\" content=\"Matheus Leal\" \/>\n\t<meta name=\"twitter:label2\" content=\"Est. tempo de leitura\" \/>\n\t<meta name=\"twitter:data2\" content=\"2 minutos\" \/>\n<script type=\"application\/ld+json\" class=\"yoast-schema-graph\">{\"@context\":\"https:\/\/schema.org\",\"@graph\":[{\"@type\":\"NewsArticle\",\"@id\":\"https:\/\/www.gaveanews.com\/index.php\/2025\/06\/19\/a-declaracao-de-rizek-sobre-john-arias-e-o-fluminense-na-copa-do-mundo-de-clubes\/#article\",\"isPartOf\":{\"@id\":\"https:\/\/www.gaveanews.com\/index.php\/2025\/06\/19\/a-declaracao-de-rizek-sobre-john-arias-e-o-fluminense-na-copa-do-mundo-de-clubes\/\"},\"author\":{\"name\":\"Matheus Leal\",\"@id\":\"https:\/\/www.gaveanews.com\/#\/schema\/person\/49ac99b6823a2b8d5087a6ce3aaaa128\"},\"headline\":\"A declara\u00e7\u00e3o de Rizek sobre John Arias e o Fluminense na Copa do Mundo de Clubes\",\"datePublished\":\"2025-06-19T13:30:19+00:00\",\"mainEntityOfPage\":{\"@id\":\"https:\/\/www.gaveanews.com\/index.php\/2025\/06\/19\/a-declaracao-de-rizek-sobre-john-arias-e-o-fluminense-na-copa-do-mundo-de-clubes\/\"},\"wordCount\":349,\"commentCount\":0,\"image\":{\"@id\":\"https:\/\/www.gaveanews.com\/index.php\/2025\/06\/19\/a-declaracao-de-rizek-sobre-john-arias-e-o-fluminense-na-copa-do-mundo-de-clubes\/#primaryimage\"},\"thumbnailUrl\":\"https:\/\/www.gaveanews.com\/wp-content\/uploads\/Jhon-Arias.webp\",\"articleSection\":[\"Brasileir\u00e3o\",\"Fluminense\"],\"inLanguage\":\"pt-BR\",\"potentialAction\":[{\"@type\":\"CommentAction\",\"name\":\"Comment\",\"target\":[\"https:\/\/www.gaveanews.com\/index.php\/2025\/06\/19\/a-declaracao-de-rizek-sobre-john-arias-e-o-fluminense-na-copa-do-mundo-de-clubes\/#respond\"]}],\"copyrightYear\":\"2025\",\"copyrightHolder\":{\"@id\":\"https:\/\/www.gaveanews.com\/#organization\"}},{\"@type\":\"WebPage\",\"@id\":\"https:\/\/www.gaveanews.com\/index.php\/2025\/06\/19\/a-declaracao-de-rizek-sobre-john-arias-e-o-fluminense-na-copa-do-mundo-de-clubes\/\",\"url\":\"https:\/\/www.gaveanews.com\/index.php\/2025\/06\/19\/a-declaracao-de-rizek-sobre-john-arias-e-o-fluminense-na-copa-do-mundo-de-clubes\/\",\"name\":\"A declara\u00e7\u00e3o de Rizek sobre John Arias e o Fluminense na Copa do Mundo de Clubes\",\"isPartOf\":{\"@id\":\"https:\/\/www.gaveanews.com\/#website\"},\"primaryImageOfPage\":{\"@id\":\"https:\/\/www.gaveanews.com\/index.php\/2025\/06\/19\/a-declaracao-de-rizek-sobre-john-arias-e-o-fluminense-na-copa-do-mundo-de-clubes\/#primaryimage\"},\"image\":{\"@id\":\"https:\/\/www.gaveanews.com\/index.php\/2025\/06\/19\/a-declaracao-de-rizek-sobre-john-arias-e-o-fluminense-na-copa-do-mundo-de-clubes\/#primaryimage\"},\"thumbnailUrl\":\"https:\/\/www.gaveanews.com\/wp-content\/uploads\/Jhon-Arias.webp\",\"datePublished\":\"2025-06-19T13:30:19+00:00\",\"author\":{\"@id\":\"https:\/\/www.gaveanews.com\/#\/schema\/person\/49ac99b6823a2b8d5087a6ce3aaaa128\"},\"breadcrumb\":{\"@id\":\"https:\/\/www.gaveanews.com\/index.php\/2025\/06\/19\/a-declaracao-de-rizek-sobre-john-arias-e-o-fluminense-na-copa-do-mundo-de-clubes\/#breadcrumb\"},\"inLanguage\":\"pt-BR\",\"potentialAction\":[{\"@type\":\"ReadAction\",\"target\":[\"https:\/\/www.gaveanews.com\/index.php\/2025\/06\/19\/a-declaracao-de-rizek-sobre-john-arias-e-o-fluminense-na-copa-do-mundo-de-clubes\/\"]}]},{\"@type\":\"ImageObject\",\"inLanguage\":\"pt-BR\",\"@id\":\"https:\/\/www.gaveanews.com\/index.php\/2025\/06\/19\/a-declaracao-de-rizek-sobre-john-arias-e-o-fluminense-na-copa-do-mundo-de-clubes\/#primaryimage\",\"url\":\"https:\/\/www.gaveanews.com\/wp-content\/uploads\/Jhon-Arias.webp\",\"contentUrl\":\"https:\/\/www.gaveanews.com\/wp-content\/uploads\/Jhon-Arias.webp\",\"width\":1200,\"height\":900,\"caption\":\"Jhon Arias (FOTO: LUCAS MER\u00c7ON \/ FLUMINENSE F.C.)\"},{\"@type\":\"BreadcrumbList\",\"@id\":\"https:\/\/www.gaveanews.com\/index.php\/2025\/06\/19\/a-declaracao-de-rizek-sobre-john-arias-e-o-fluminense-na-copa-do-mundo-de-clubes\/#breadcrumb\",\"itemListElement\":[{\"@type\":\"ListItem\",\"position\":1,\"name\":\"Home\",\"item\":\"https:\/\/www.gaveanews.com\/\"},{\"@type\":\"ListItem\",\"position\":2,\"name\":\"A declara\u00e7\u00e3o de Rizek sobre John Arias e o Fluminense na Copa do Mundo de Clubes\"}]},{\"@type\":\"WebSite\",\"@id\":\"https:\/\/www.gaveanews.com\/#website\",\"url\":\"https:\/\/www.gaveanews.com\/\",\"name\":\"G\u00e1vea News\",\"description\":\"Veja todas as not\u00edcias sobre o Flamengo: Contrata\u00e7\u00f5es, categorias de base, resultados das partidas, tabela de classifica\u00e7\u00e3o, pr\u00f3ximos jogos!\",\"potentialAction\":[{\"@type\":\"SearchAction\",\"target\":{\"@type\":\"EntryPoint\",\"urlTemplate\":\"https:\/\/www.gaveanews.com\/?s={search_term_string}\"},\"query-input\":{\"@type\":\"PropertyValueSpecification\",\"valueRequired\":true,\"valueName\":\"search_term_string\"}}],\"inLanguage\":\"pt-BR\"},{\"@type\":\"Person\",\"@id\":\"https:\/\/www.gaveanews.com\/#\/schema\/person\/49ac99b6823a2b8d5087a6ce3aaaa128\",\"name\":\"Matheus Leal\",\"image\":{\"@type\":\"ImageObject\",\"inLanguage\":\"pt-BR\",\"@id\":\"https:\/\/www.gaveanews.com\/#\/schema\/person\/image\/\",\"url\":\"https:\/\/secure.gravatar.com\/avatar\/21c52300d1234416f9c886f6dadd7452d8b035ac505314a51e4f56731e90c481?s=96&d=mm&r=g\",\"contentUrl\":\"https:\/\/secure.gravatar.com\/avatar\/21c52300d1234416f9c886f6dadd7452d8b035ac505314a51e4f56731e90c481?s=96&d=mm&r=g\",\"caption\":\"Matheus Leal\"}}]}<\/script>\n<!-- \/ Yoast SEO Premium plugin. -->","yoast_head_json":{"title":"A declara\u00e7\u00e3o de Rizek sobre John Arias e o Fluminense na Copa do Mundo de Clubes","robots":{"index":"index","follow":"follow","max-snippet":"max-snippet:-1","max-image-preview":"max-image-preview:large","max-video-preview":"max-video-preview:-1"},"canonical":"https:\/\/www.gaveanews.com\/index.php\/2025\/06\/19\/a-declaracao-de-rizek-sobre-john-arias-e-o-fluminense-na-copa-do-mundo-de-clubes\/","og_locale":"pt_BR","og_type":"article","og_title":"A declara\u00e7\u00e3o de Rizek sobre John Arias e o Fluminense na Copa do Mundo de Clubes","og_description":"Jhon Arias brilhou na estreia do Fluminense contra o Borussia Dortmund, no Mundial de Clubes, nessa ter\u00e7a-feira (17), em Nova Jersey, e arrancou elogios fervorosos do jornalista Andr\u00e9 Rizek. Eleito o \u2018craque do jogo\u2019, o colombiano foi exaltado em postagem de Rizek no \u201cX\u201d, ao responder a um debate levantado pelo perfil \u2018Ol\u00e9 do Brasil\u2019 [&hellip;]","og_url":"https:\/\/www.gaveanews.com\/index.php\/2025\/06\/19\/a-declaracao-de-rizek-sobre-john-arias-e-o-fluminense-na-copa-do-mundo-de-clubes\/","og_site_name":"G\u00e1vea News","article_publisher":"https:\/\/facebook.com\/gaveaNews\/","article_published_time":"2025-06-19T13:30:19+00:00","og_image":[{"width":1200,"height":900,"url":"https:\/\/www.gaveanews.com\/wp-content\/uploads\/Jhon-Arias.webp","type":"image\/webp"}],"author":"Matheus Leal","twitter_card":"summary_large_image","twitter_misc":{"Escrito por":"Matheus Leal","Est. tempo de leitura":"2 minutos"},"schema":{"@context":"https:\/\/schema.org","@graph":[{"@type":"NewsArticle","@id":"https:\/\/www.gaveanews.com\/index.php\/2025\/06\/19\/a-declaracao-de-rizek-sobre-john-arias-e-o-fluminense-na-copa-do-mundo-de-clubes\/#article","isPartOf":{"@id":"https:\/\/www.gaveanews.com\/index.php\/2025\/06\/19\/a-declaracao-de-rizek-sobre-john-arias-e-o-fluminense-na-copa-do-mundo-de-clubes\/"},"author":{"name":"Matheus Leal","@id":"https:\/\/www.gaveanews.com\/#\/schema\/person\/49ac99b6823a2b8d5087a6ce3aaaa128"},"headline":"A declara\u00e7\u00e3o de Rizek sobre John Arias e o Fluminense na Copa do Mundo de Clubes","datePublished":"2025-06-19T13:30:19+00:00","mainEntityOfPage":{"@id":"https:\/\/www.gaveanews.com\/index.php\/2025\/06\/19\/a-declaracao-de-rizek-sobre-john-arias-e-o-fluminense-na-copa-do-mundo-de-clubes\/"},"wordCount":349,"commentCount":0,"image":{"@id":"https:\/\/www.gaveanews.com\/index.php\/2025\/06\/19\/a-declaracao-de-rizek-sobre-john-arias-e-o-fluminense-na-copa-do-mundo-de-clubes\/#primaryimage"},"thumbnailUrl":"https:\/\/www.gaveanews.com\/wp-content\/uploads\/Jhon-Arias.webp","articleSection":["Brasileir\u00e3o","Fluminense"],"inLanguage":"pt-BR","potentialAction":[{"@type":"CommentAction","name":"Comment","target":["https:\/\/www.gaveanews.com\/index.php\/2025\/06\/19\/a-declaracao-de-rizek-sobre-john-arias-e-o-fluminense-na-copa-do-mundo-de-clubes\/#respond"]}],"copyrightYear":"2025","copyrightHolder":{"@id":"https:\/\/www.gaveanews.com\/#organization"}},{"@type":"WebPage","@id":"https:\/\/www.gaveanews.com\/index.php\/2025\/06\/19\/a-declaracao-de-rizek-sobre-john-arias-e-o-fluminense-na-copa-do-mundo-de-clubes\/","url":"https:\/\/www.gaveanews.com\/index.php\/2025\/06\/19\/a-declaracao-de-rizek-sobre-john-arias-e-o-fluminense-na-copa-do-mundo-de-clubes\/","name":"A declara\u00e7\u00e3o de Rizek sobre John Arias e o Fluminense na Copa do Mundo de Clubes","isPartOf":{"@id":"https:\/\/www.gaveanews.com\/#website"},"primaryImageOfPage":{"@id":"https:\/\/www.gaveanews.com\/index.php\/2025\/06\/19\/a-declaracao-de-rizek-sobre-john-arias-e-o-fluminense-na-copa-do-mundo-de-clubes\/#primaryimage"},"image":{"@id":"https:\/\/www.gaveanews.com\/index.php\/2025\/06\/19\/a-declaracao-de-rizek-sobre-john-arias-e-o-fluminense-na-copa-do-mundo-de-clubes\/#primaryimage"},"thumbnailUrl":"https:\/\/www.gaveanews.com\/wp-content\/uploads\/Jhon-Arias.webp","datePublished":"2025-06-19T13:30:19+00:00","author":{"@id":"https:\/\/www.gaveanews.com\/#\/schema\/person\/49ac99b6823a2b8d5087a6ce3aaaa128"},"breadcrumb":{"@id":"https:\/\/www.gaveanews.com\/index.php\/2025\/06\/19\/a-declaracao-de-rizek-sobre-john-arias-e-o-fluminense-na-copa-do-mundo-de-clubes\/#breadcrumb"},"inLanguage":"pt-BR","potentialAction":[{"@type":"ReadAction","target":["https:\/\/www.gaveanews.com\/index.php\/2025\/06\/19\/a-declaracao-de-rizek-sobre-john-arias-e-o-fluminense-na-copa-do-mundo-de-clubes\/"]}]},{"@type":"ImageObject","inLanguage":"pt-BR","@id":"https:\/\/www.gaveanews.com\/index.php\/2025\/06\/19\/a-declaracao-de-rizek-sobre-john-arias-e-o-fluminense-na-copa-do-mundo-de-clubes\/#primaryimage","url":"https:\/\/www.gaveanews.com\/wp-content\/uploads\/Jhon-Arias.webp","contentUrl":"https:\/\/www.gaveanews.com\/wp-content\/uploads\/Jhon-Arias.webp","width":1200,"height":900,"caption":"Jhon Arias (FOTO: LUCAS MER\u00c7ON \/ FLUMINENSE F.C.)"},{"@type":"BreadcrumbList","@id":"https:\/\/www.gaveanews.com\/index.php\/2025\/06\/19\/a-declaracao-de-rizek-sobre-john-arias-e-o-fluminense-na-copa-do-mundo-de-clubes\/#breadcrumb","itemListElement":[{"@type":"ListItem","position":1,"name":"Home","item":"https:\/\/www.gaveanews.com\/"},{"@type":"ListItem","position":2,"name":"A declara\u00e7\u00e3o de Rizek sobre John Arias e o Fluminense na Copa do Mundo de Clubes"}]},{"@type":"WebSite","@id":"https:\/\/www.gaveanews.com\/#website","url":"https:\/\/www.gaveanews.com\/","name":"G\u00e1vea News","description":"Veja todas as not\u00edcias sobre o Flamengo: Contrata\u00e7\u00f5es, categorias de base, resultados das partidas, tabela de classifica\u00e7\u00e3o, pr\u00f3ximos jogos!","potentialAction":[{"@type":"SearchAction","target":{"@type":"EntryPoint","urlTemplate":"https:\/\/www.gaveanews.com\/?s={search_term_string}"},"query-input":{"@type":"PropertyValueSpecification","valueRequired":true,"valueName":"search_term_string"}}],"inLanguage":"pt-BR"},{"@type":"Person","@id":"https:\/\/www.gaveanews.com\/#\/schema\/person\/49ac99b6823a2b8d5087a6ce3aaaa128","name":"Matheus Leal","image":{"@type":"ImageObject","inLanguage":"pt-BR","@id":"https:\/\/www.gaveanews.com\/#\/schema\/person\/image\/","url":"https:\/\/secure.gravatar.com\/avatar\/21c52300d1234416f9c886f6dadd7452d8b035ac505314a51e4f56731e90c481?s=96&d=mm&r=g","contentUrl":"https:\/\/secure.gravatar.com\/avatar\/21c52300d1234416f9c886f6dadd7452d8b035ac505314a51e4f56731e90c481?s=96&d=mm&r=g","caption":"Matheus Leal"}}]}},"_links":{"self":[{"href":"https:\/\/www.gaveanews.com\/index.php\/wp-json\/wp\/v2\/posts\/271121","targetHints":{"allow":["GET"]}}],"collection":[{"href":"https:\/\/www.gaveanews.com\/index.php\/wp-json\/wp\/v2\/posts"}],"about":[{"href":"https:\/\/www.gaveanews.com\/index.php\/wp-json\/wp\/v2\/types\/post"}],"author":[{"embeddable":true,"href":"https:\/\/www.gaveanews.com\/index.php\/wp-json\/wp\/v2\/users\/32"}],"replies":[{"embeddable":true,"href":"https:\/\/www.gaveanews.com\/index.php\/wp-json\/wp\/v2\/comments?post=271121"}],"version-history":[{"count":1,"href":"https:\/\/www.gaveanews.com\/index.php\/wp-json\/wp\/v2\/posts\/271121\/revisions"}],"predecessor-version":[{"id":271122,"href":"https:\/\/www.gaveanews.com\/index.php\/wp-json\/wp\/v2\/posts\/271121\/revisions\/271122"}],"wp:featuredmedia":[{"embeddable":true,"href":"https:\/\/www.gaveanews.com\/index.php\/wp-json\/wp\/v2\/media\/259607"}],"wp:attachment":[{"href":"https:\/\/www.gaveanews.com\/index.php\/wp-json\/wp\/v2\/media?parent=271121"}],"wp:term":[{"taxonomy":"category","embeddable":true,"href":"https:\/\/www.gaveanews.com\/index.php\/wp-json\/wp\/v2\/categories?post=271121"},{"taxonomy":"post_tag","embeddable":true,"href":"https:\/\/www.gaveanews.com\/index.php\/wp-json\/wp\/v2\/tags?post=271121"}],"curies":[{"name":"wp","href":"https:\/\/api.w.org\/{rel}","templated":true}]}}