{"id":271139,"date":"2025-06-19T12:17:04","date_gmt":"2025-06-19T15:17:04","guid":{"rendered":"https:\/\/www.gaveanews.com\/?p=271139"},"modified":"2025-06-19T12:17:07","modified_gmt":"2025-06-19T15:17:07","slug":"novo-reforco-do-flamengo-deve-ser-anunciado-nos-proximos-dias","status":"publish","type":"post","link":"https:\/\/www.gaveanews.com\/index.php\/2025\/06\/19\/novo-reforco-do-flamengo-deve-ser-anunciado-nos-proximos-dias\/","title":{"rendered":"Novo refor\u00e7o do Flamengo deve ser anunciado nos pr\u00f3ximos dias"},"content":{"rendered":"\n<p>O Flamengo est\u00e1 muito pr\u00f3ximo de oficializar a chegada do colombiano Jorge Carrascal. O meia-atacante, de 27 anos, foi adquirido junto ao D\u00ednamo Moscou por um valor superior a R$ 75 milh\u00f5es. O atleta, que anteriormente vestiu as camisas de River Plate e CSKA Moscou, dever\u00e1 assinar contrato v\u00e1lido por quatro temporadas com o clube carioca.<\/p>\n\n\n\n<p>Carrascal chega com status de refor\u00e7o de peso e sal\u00e1rio elevado, estimado em cerca de R$ 1 milh\u00e3o mensais. Conforme informa\u00e7\u00f5es divulgadas, o jogador foi uma escolha respaldada pelo dirigente Jos\u00e9 Boto, que v\u00ea no colombiano uma pe\u00e7a capaz de aumentar o leque de op\u00e7\u00f5es do elenco. Afinal, o atleta pode atuar como meia central, segundo atacante e at\u00e9 aberto pelas pontas.<\/p>\n\n\n\n<figure class=\"wp-block-image size-full\"><img loading=\"lazy\" decoding=\"async\" width=\"860\" height=\"484\" src=\"http:\/\/www.gaveanews.com\/wp-content\/uploads\/Jorge-Carrascal-em-acao-pelo-Dinamo-Moscou.webp\" alt=\"Jorge Carrascal em a\u00e7\u00e3o pelo Dinamo Moscou (Foto: Divulga\u00e7\u00e3o\/Dinamo Moscou)\" class=\"wp-image-270669\" srcset=\"https:\/\/www.gaveanews.com\/wp-content\/uploads\/Jorge-Carrascal-em-acao-pelo-Dinamo-Moscou.webp 860w, https:\/\/www.gaveanews.com\/wp-content\/uploads\/Jorge-Carrascal-em-acao-pelo-Dinamo-Moscou-300x169.webp 300w, https:\/\/www.gaveanews.com\/wp-content\/uploads\/Jorge-Carrascal-em-acao-pelo-Dinamo-Moscou-768x432.webp 768w, https:\/\/www.gaveanews.com\/wp-content\/uploads\/Jorge-Carrascal-em-acao-pelo-Dinamo-Moscou-746x420.webp 746w, https:\/\/www.gaveanews.com\/wp-content\/uploads\/Jorge-Carrascal-em-acao-pelo-Dinamo-Moscou-640x360.webp 640w, https:\/\/www.gaveanews.com\/wp-content\/uploads\/Jorge-Carrascal-em-acao-pelo-Dinamo-Moscou-681x383.webp 681w, https:\/\/www.gaveanews.com\/wp-content\/uploads\/Jorge-Carrascal-em-acao-pelo-Dinamo-Moscou-100x56.webp 100w\" sizes=\"auto, (max-width: 860px) 100vw, 860px\" \/><figcaption class=\"wp-element-caption\">Jorge Carrascal em a\u00e7\u00e3o pelo Dinamo Moscou (Foto: Divulga\u00e7\u00e3o\/Dinamo Moscou)<\/figcaption><\/figure>\n\n\n\n<p>Enquanto a diretoria evita confirma\u00e7\u00f5es p\u00fablicas, a fim de manter o elenco concentrado na disputa do Mundial de Clubes, os detalhes da negocia\u00e7\u00e3o j\u00e1 circulam nos bastidores. A oficializa\u00e7\u00e3o da contrata\u00e7\u00e3o deve ocorrer nos pr\u00f3ximos dias, t\u00e3o logo o Flamengo finalize seu compromisso contra o Chelsea.<\/p>\n\n\n\n<p>O confronto diante dos ingleses est\u00e1 marcado para sexta-feira (20 de junho), \u00e0s 15 horas (hor\u00e1rio de Bras\u00edlia), e vale a lideran\u00e7a do grupo no torneio. Ambas as equipes venceram na estreia e agora se enfrentam em busca da primeira coloca\u00e7\u00e3o, que pode facilitar o caminho at\u00e9 a final.<\/p>\n\n\n\n<p>A prepara\u00e7\u00e3o rubro-negra conta com poss\u00edveis retornos ao time titular. Alex Sandro, que ficou de fora do jogo anterior por controle de carga f\u00edsica, e Wesley, que iniciou no banco, podem ser op\u00e7\u00f5es para o t\u00e9cnico Filipe Lu\u00eds. A escala\u00e7\u00e3o ser\u00e1 definida conforme o departamento m\u00e9dico e a comiss\u00e3o t\u00e9cnica avaliem as condi\u00e7\u00f5es f\u00edsicas dos atletas.<\/p>\n\n\n\n<p>A FIFA j\u00e1 definiu que o \u00e1rbitro Iv\u00e1n Barton comandar\u00e1 a partida. Com isso, a entidade garante um nome de experi\u00eancia internacional para um duelo que promete grande equil\u00edbrio t\u00e9cnico e t\u00e1tico. O Flamengo, mesmo reconhecendo o favoritismo ingl\u00eas, tenta demonstrar sua for\u00e7a continental em cen\u00e1rio global.<\/p>\n","protected":false},"excerpt":{"rendered":"<p>O Flamengo est\u00e1 muito pr\u00f3ximo de oficializar a chegada do colombiano Jorge Carrascal. O meia-atacante, de 27 anos, foi adquirido junto ao D\u00ednamo Moscou por um valor superior a R$ 75 milh\u00f5es. O atleta, que anteriormente vestiu as camisas de River Plate e CSKA Moscou, dever\u00e1 assinar contrato v\u00e1lido por quatro temporadas com o clube [&hellip;]<\/p>\n","protected":false},"author":27,"featured_media":124684,"comment_status":"open","ping_status":"closed","sticky":false,"template":"","format":"standard","meta":{"footnotes":""},"categories":[1],"tags":[],"class_list":["post-271139","post","type-post","status-publish","format-standard","has-post-thumbnail","hentry","category-flamengo"],"yoast_head":"<!-- This site is optimized with the Yoast SEO Premium plugin v24.2 (Yoast SEO v26.9) - https:\/\/yoast.com\/product\/yoast-seo-premium-wordpress\/ -->\n<title>Novo refor\u00e7o do Flamengo deve ser anunciado nos pr\u00f3ximos dias<\/title>\n<meta name=\"robots\" content=\"index, follow, max-snippet:-1, max-image-preview:large, max-video-preview:-1\" \/>\n<link rel=\"canonical\" href=\"https:\/\/www.gaveanews.com\/index.php\/2025\/06\/19\/novo-reforco-do-flamengo-deve-ser-anunciado-nos-proximos-dias\/\" \/>\n<meta property=\"og:locale\" content=\"pt_BR\" \/>\n<meta property=\"og:type\" content=\"article\" \/>\n<meta property=\"og:title\" content=\"Novo refor\u00e7o do Flamengo deve ser anunciado nos pr\u00f3ximos dias\" \/>\n<meta property=\"og:description\" content=\"O Flamengo est\u00e1 muito pr\u00f3ximo de oficializar a chegada do colombiano Jorge Carrascal. O meia-atacante, de 27 anos, foi adquirido junto ao D\u00ednamo Moscou por um valor superior a R$ 75 milh\u00f5es. O atleta, que anteriormente vestiu as camisas de River Plate e CSKA Moscou, dever\u00e1 assinar contrato v\u00e1lido por quatro temporadas com o clube [&hellip;]\" \/>\n<meta property=\"og:url\" content=\"https:\/\/www.gaveanews.com\/index.php\/2025\/06\/19\/novo-reforco-do-flamengo-deve-ser-anunciado-nos-proximos-dias\/\" \/>\n<meta property=\"og:site_name\" content=\"G\u00e1vea News\" \/>\n<meta property=\"article:publisher\" content=\"https:\/\/facebook.com\/gaveaNews\/\" \/>\n<meta property=\"article:published_time\" content=\"2025-06-19T15:17:04+00:00\" \/>\n<meta property=\"article:modified_time\" content=\"2025-06-19T15:17:07+00:00\" \/>\n<meta property=\"og:image\" content=\"http:\/\/www.gaveanews.com\/wp-content\/uploads\/escudoDoFlamengo.webp\" \/>\n\t<meta property=\"og:image:width\" content=\"1095\" \/>\n\t<meta property=\"og:image:height\" content=\"730\" \/>\n\t<meta property=\"og:image:type\" content=\"image\/webp\" \/>\n<meta name=\"author\" content=\"Matheus Felipe\" \/>\n<meta name=\"twitter:card\" content=\"summary_large_image\" \/>\n<meta name=\"twitter:label1\" content=\"Escrito por\" \/>\n\t<meta name=\"twitter:data1\" content=\"Matheus Felipe\" \/>\n\t<meta name=\"twitter:label2\" content=\"Est. tempo de leitura\" \/>\n\t<meta name=\"twitter:data2\" content=\"3 minutos\" \/>\n<script type=\"application\/ld+json\" class=\"yoast-schema-graph\">{\"@context\":\"https:\/\/schema.org\",\"@graph\":[{\"@type\":\"NewsArticle\",\"@id\":\"https:\/\/www.gaveanews.com\/index.php\/2025\/06\/19\/novo-reforco-do-flamengo-deve-ser-anunciado-nos-proximos-dias\/#article\",\"isPartOf\":{\"@id\":\"https:\/\/www.gaveanews.com\/index.php\/2025\/06\/19\/novo-reforco-do-flamengo-deve-ser-anunciado-nos-proximos-dias\/\"},\"author\":{\"name\":\"Matheus Felipe\",\"@id\":\"https:\/\/www.gaveanews.com\/#\/schema\/person\/8207cd4627f56151707418bfc835b2fb\"},\"headline\":\"Novo refor\u00e7o do Flamengo deve ser anunciado nos pr\u00f3ximos dias\",\"datePublished\":\"2025-06-19T15:17:04+00:00\",\"dateModified\":\"2025-06-19T15:17:07+00:00\",\"mainEntityOfPage\":{\"@id\":\"https:\/\/www.gaveanews.com\/index.php\/2025\/06\/19\/novo-reforco-do-flamengo-deve-ser-anunciado-nos-proximos-dias\/\"},\"wordCount\":377,\"commentCount\":0,\"image\":{\"@id\":\"https:\/\/www.gaveanews.com\/index.php\/2025\/06\/19\/novo-reforco-do-flamengo-deve-ser-anunciado-nos-proximos-dias\/#primaryimage\"},\"thumbnailUrl\":\"https:\/\/www.gaveanews.com\/wp-content\/uploads\/escudoDoFlamengo.webp\",\"articleSection\":[\"Flamengo\"],\"inLanguage\":\"pt-BR\",\"potentialAction\":[{\"@type\":\"CommentAction\",\"name\":\"Comment\",\"target\":[\"https:\/\/www.gaveanews.com\/index.php\/2025\/06\/19\/novo-reforco-do-flamengo-deve-ser-anunciado-nos-proximos-dias\/#respond\"]}],\"copyrightYear\":\"2025\",\"copyrightHolder\":{\"@id\":\"https:\/\/www.gaveanews.com\/#organization\"}},{\"@type\":\"WebPage\",\"@id\":\"https:\/\/www.gaveanews.com\/index.php\/2025\/06\/19\/novo-reforco-do-flamengo-deve-ser-anunciado-nos-proximos-dias\/\",\"url\":\"https:\/\/www.gaveanews.com\/index.php\/2025\/06\/19\/novo-reforco-do-flamengo-deve-ser-anunciado-nos-proximos-dias\/\",\"name\":\"Novo refor\u00e7o do Flamengo deve ser anunciado nos pr\u00f3ximos dias\",\"isPartOf\":{\"@id\":\"https:\/\/www.gaveanews.com\/#website\"},\"primaryImageOfPage\":{\"@id\":\"https:\/\/www.gaveanews.com\/index.php\/2025\/06\/19\/novo-reforco-do-flamengo-deve-ser-anunciado-nos-proximos-dias\/#primaryimage\"},\"image\":{\"@id\":\"https:\/\/www.gaveanews.com\/index.php\/2025\/06\/19\/novo-reforco-do-flamengo-deve-ser-anunciado-nos-proximos-dias\/#primaryimage\"},\"thumbnailUrl\":\"https:\/\/www.gaveanews.com\/wp-content\/uploads\/escudoDoFlamengo.webp\",\"datePublished\":\"2025-06-19T15:17:04+00:00\",\"dateModified\":\"2025-06-19T15:17:07+00:00\",\"author\":{\"@id\":\"https:\/\/www.gaveanews.com\/#\/schema\/person\/8207cd4627f56151707418bfc835b2fb\"},\"breadcrumb\":{\"@id\":\"https:\/\/www.gaveanews.com\/index.php\/2025\/06\/19\/novo-reforco-do-flamengo-deve-ser-anunciado-nos-proximos-dias\/#breadcrumb\"},\"inLanguage\":\"pt-BR\",\"potentialAction\":[{\"@type\":\"ReadAction\",\"target\":[\"https:\/\/www.gaveanews.com\/index.php\/2025\/06\/19\/novo-reforco-do-flamengo-deve-ser-anunciado-nos-proximos-dias\/\"]}]},{\"@type\":\"ImageObject\",\"inLanguage\":\"pt-BR\",\"@id\":\"https:\/\/www.gaveanews.com\/index.php\/2025\/06\/19\/novo-reforco-do-flamengo-deve-ser-anunciado-nos-proximos-dias\/#primaryimage\",\"url\":\"https:\/\/www.gaveanews.com\/wp-content\/uploads\/escudoDoFlamengo.webp\",\"contentUrl\":\"https:\/\/www.gaveanews.com\/wp-content\/uploads\/escudoDoFlamengo.webp\",\"width\":1095,\"height\":730,\"caption\":\"Centro de treinamento do Flamengo (Foto: Reprodu\u00e7\u00e3o)\"},{\"@type\":\"BreadcrumbList\",\"@id\":\"https:\/\/www.gaveanews.com\/index.php\/2025\/06\/19\/novo-reforco-do-flamengo-deve-ser-anunciado-nos-proximos-dias\/#breadcrumb\",\"itemListElement\":[{\"@type\":\"ListItem\",\"position\":1,\"name\":\"Home\",\"item\":\"https:\/\/www.gaveanews.com\/\"},{\"@type\":\"ListItem\",\"position\":2,\"name\":\"Novo refor\u00e7o do Flamengo deve ser anunciado nos pr\u00f3ximos dias\"}]},{\"@type\":\"WebSite\",\"@id\":\"https:\/\/www.gaveanews.com\/#website\",\"url\":\"https:\/\/www.gaveanews.com\/\",\"name\":\"G\u00e1vea News\",\"description\":\"Veja todas as not\u00edcias sobre o Flamengo: Contrata\u00e7\u00f5es, categorias de base, resultados das partidas, tabela de classifica\u00e7\u00e3o, pr\u00f3ximos jogos!\",\"potentialAction\":[{\"@type\":\"SearchAction\",\"target\":{\"@type\":\"EntryPoint\",\"urlTemplate\":\"https:\/\/www.gaveanews.com\/?s={search_term_string}\"},\"query-input\":{\"@type\":\"PropertyValueSpecification\",\"valueRequired\":true,\"valueName\":\"search_term_string\"}}],\"inLanguage\":\"pt-BR\"},{\"@type\":\"Person\",\"@id\":\"https:\/\/www.gaveanews.com\/#\/schema\/person\/8207cd4627f56151707418bfc835b2fb\",\"name\":\"Matheus Felipe\",\"image\":{\"@type\":\"ImageObject\",\"inLanguage\":\"pt-BR\",\"@id\":\"https:\/\/www.gaveanews.com\/#\/schema\/person\/image\/\",\"url\":\"https:\/\/secure.gravatar.com\/avatar\/a452ffbed9130f726358b298bb3a99ce4bd3c5338411f8440e87e14d74c7c087?s=96&d=mm&r=g\",\"contentUrl\":\"https:\/\/secure.gravatar.com\/avatar\/a452ffbed9130f726358b298bb3a99ce4bd3c5338411f8440e87e14d74c7c087?s=96&d=mm&r=g\",\"caption\":\"Matheus Felipe\"}}]}<\/script>\n<!-- \/ Yoast SEO Premium plugin. -->","yoast_head_json":{"title":"Novo refor\u00e7o do Flamengo deve ser anunciado nos pr\u00f3ximos dias","robots":{"index":"index","follow":"follow","max-snippet":"max-snippet:-1","max-image-preview":"max-image-preview:large","max-video-preview":"max-video-preview:-1"},"canonical":"https:\/\/www.gaveanews.com\/index.php\/2025\/06\/19\/novo-reforco-do-flamengo-deve-ser-anunciado-nos-proximos-dias\/","og_locale":"pt_BR","og_type":"article","og_title":"Novo refor\u00e7o do Flamengo deve ser anunciado nos pr\u00f3ximos dias","og_description":"O Flamengo est\u00e1 muito pr\u00f3ximo de oficializar a chegada do colombiano Jorge Carrascal. O meia-atacante, de 27 anos, foi adquirido junto ao D\u00ednamo Moscou por um valor superior a R$ 75 milh\u00f5es. O atleta, que anteriormente vestiu as camisas de River Plate e CSKA Moscou, dever\u00e1 assinar contrato v\u00e1lido por quatro temporadas com o clube [&hellip;]","og_url":"https:\/\/www.gaveanews.com\/index.php\/2025\/06\/19\/novo-reforco-do-flamengo-deve-ser-anunciado-nos-proximos-dias\/","og_site_name":"G\u00e1vea News","article_publisher":"https:\/\/facebook.com\/gaveaNews\/","article_published_time":"2025-06-19T15:17:04+00:00","article_modified_time":"2025-06-19T15:17:07+00:00","og_image":[{"width":1095,"height":730,"url":"http:\/\/www.gaveanews.com\/wp-content\/uploads\/escudoDoFlamengo.webp","type":"image\/webp"}],"author":"Matheus Felipe","twitter_card":"summary_large_image","twitter_misc":{"Escrito por":"Matheus Felipe","Est. tempo de leitura":"3 minutos"},"schema":{"@context":"https:\/\/schema.org","@graph":[{"@type":"NewsArticle","@id":"https:\/\/www.gaveanews.com\/index.php\/2025\/06\/19\/novo-reforco-do-flamengo-deve-ser-anunciado-nos-proximos-dias\/#article","isPartOf":{"@id":"https:\/\/www.gaveanews.com\/index.php\/2025\/06\/19\/novo-reforco-do-flamengo-deve-ser-anunciado-nos-proximos-dias\/"},"author":{"name":"Matheus Felipe","@id":"https:\/\/www.gaveanews.com\/#\/schema\/person\/8207cd4627f56151707418bfc835b2fb"},"headline":"Novo refor\u00e7o do Flamengo deve ser anunciado nos pr\u00f3ximos dias","datePublished":"2025-06-19T15:17:04+00:00","dateModified":"2025-06-19T15:17:07+00:00","mainEntityOfPage":{"@id":"https:\/\/www.gaveanews.com\/index.php\/2025\/06\/19\/novo-reforco-do-flamengo-deve-ser-anunciado-nos-proximos-dias\/"},"wordCount":377,"commentCount":0,"image":{"@id":"https:\/\/www.gaveanews.com\/index.php\/2025\/06\/19\/novo-reforco-do-flamengo-deve-ser-anunciado-nos-proximos-dias\/#primaryimage"},"thumbnailUrl":"https:\/\/www.gaveanews.com\/wp-content\/uploads\/escudoDoFlamengo.webp","articleSection":["Flamengo"],"inLanguage":"pt-BR","potentialAction":[{"@type":"CommentAction","name":"Comment","target":["https:\/\/www.gaveanews.com\/index.php\/2025\/06\/19\/novo-reforco-do-flamengo-deve-ser-anunciado-nos-proximos-dias\/#respond"]}],"copyrightYear":"2025","copyrightHolder":{"@id":"https:\/\/www.gaveanews.com\/#organization"}},{"@type":"WebPage","@id":"https:\/\/www.gaveanews.com\/index.php\/2025\/06\/19\/novo-reforco-do-flamengo-deve-ser-anunciado-nos-proximos-dias\/","url":"https:\/\/www.gaveanews.com\/index.php\/2025\/06\/19\/novo-reforco-do-flamengo-deve-ser-anunciado-nos-proximos-dias\/","name":"Novo refor\u00e7o do Flamengo deve ser anunciado nos pr\u00f3ximos dias","isPartOf":{"@id":"https:\/\/www.gaveanews.com\/#website"},"primaryImageOfPage":{"@id":"https:\/\/www.gaveanews.com\/index.php\/2025\/06\/19\/novo-reforco-do-flamengo-deve-ser-anunciado-nos-proximos-dias\/#primaryimage"},"image":{"@id":"https:\/\/www.gaveanews.com\/index.php\/2025\/06\/19\/novo-reforco-do-flamengo-deve-ser-anunciado-nos-proximos-dias\/#primaryimage"},"thumbnailUrl":"https:\/\/www.gaveanews.com\/wp-content\/uploads\/escudoDoFlamengo.webp","datePublished":"2025-06-19T15:17:04+00:00","dateModified":"2025-06-19T15:17:07+00:00","author":{"@id":"https:\/\/www.gaveanews.com\/#\/schema\/person\/8207cd4627f56151707418bfc835b2fb"},"breadcrumb":{"@id":"https:\/\/www.gaveanews.com\/index.php\/2025\/06\/19\/novo-reforco-do-flamengo-deve-ser-anunciado-nos-proximos-dias\/#breadcrumb"},"inLanguage":"pt-BR","potentialAction":[{"@type":"ReadAction","target":["https:\/\/www.gaveanews.com\/index.php\/2025\/06\/19\/novo-reforco-do-flamengo-deve-ser-anunciado-nos-proximos-dias\/"]}]},{"@type":"ImageObject","inLanguage":"pt-BR","@id":"https:\/\/www.gaveanews.com\/index.php\/2025\/06\/19\/novo-reforco-do-flamengo-deve-ser-anunciado-nos-proximos-dias\/#primaryimage","url":"https:\/\/www.gaveanews.com\/wp-content\/uploads\/escudoDoFlamengo.webp","contentUrl":"https:\/\/www.gaveanews.com\/wp-content\/uploads\/escudoDoFlamengo.webp","width":1095,"height":730,"caption":"Centro de treinamento do Flamengo (Foto: Reprodu\u00e7\u00e3o)"},{"@type":"BreadcrumbList","@id":"https:\/\/www.gaveanews.com\/index.php\/2025\/06\/19\/novo-reforco-do-flamengo-deve-ser-anunciado-nos-proximos-dias\/#breadcrumb","itemListElement":[{"@type":"ListItem","position":1,"name":"Home","item":"https:\/\/www.gaveanews.com\/"},{"@type":"ListItem","position":2,"name":"Novo refor\u00e7o do Flamengo deve ser anunciado nos pr\u00f3ximos dias"}]},{"@type":"WebSite","@id":"https:\/\/www.gaveanews.com\/#website","url":"https:\/\/www.gaveanews.com\/","name":"G\u00e1vea News","description":"Veja todas as not\u00edcias sobre o Flamengo: Contrata\u00e7\u00f5es, categorias de base, resultados das partidas, tabela de classifica\u00e7\u00e3o, pr\u00f3ximos jogos!","potentialAction":[{"@type":"SearchAction","target":{"@type":"EntryPoint","urlTemplate":"https:\/\/www.gaveanews.com\/?s={search_term_string}"},"query-input":{"@type":"PropertyValueSpecification","valueRequired":true,"valueName":"search_term_string"}}],"inLanguage":"pt-BR"},{"@type":"Person","@id":"https:\/\/www.gaveanews.com\/#\/schema\/person\/8207cd4627f56151707418bfc835b2fb","name":"Matheus Felipe","image":{"@type":"ImageObject","inLanguage":"pt-BR","@id":"https:\/\/www.gaveanews.com\/#\/schema\/person\/image\/","url":"https:\/\/secure.gravatar.com\/avatar\/a452ffbed9130f726358b298bb3a99ce4bd3c5338411f8440e87e14d74c7c087?s=96&d=mm&r=g","contentUrl":"https:\/\/secure.gravatar.com\/avatar\/a452ffbed9130f726358b298bb3a99ce4bd3c5338411f8440e87e14d74c7c087?s=96&d=mm&r=g","caption":"Matheus Felipe"}}]}},"_links":{"self":[{"href":"https:\/\/www.gaveanews.com\/index.php\/wp-json\/wp\/v2\/posts\/271139","targetHints":{"allow":["GET"]}}],"collection":[{"href":"https:\/\/www.gaveanews.com\/index.php\/wp-json\/wp\/v2\/posts"}],"about":[{"href":"https:\/\/www.gaveanews.com\/index.php\/wp-json\/wp\/v2\/types\/post"}],"author":[{"embeddable":true,"href":"https:\/\/www.gaveanews.com\/index.php\/wp-json\/wp\/v2\/users\/27"}],"replies":[{"embeddable":true,"href":"https:\/\/www.gaveanews.com\/index.php\/wp-json\/wp\/v2\/comments?post=271139"}],"version-history":[{"count":1,"href":"https:\/\/www.gaveanews.com\/index.php\/wp-json\/wp\/v2\/posts\/271139\/revisions"}],"predecessor-version":[{"id":271140,"href":"https:\/\/www.gaveanews.com\/index.php\/wp-json\/wp\/v2\/posts\/271139\/revisions\/271140"}],"wp:featuredmedia":[{"embeddable":true,"href":"https:\/\/www.gaveanews.com\/index.php\/wp-json\/wp\/v2\/media\/124684"}],"wp:attachment":[{"href":"https:\/\/www.gaveanews.com\/index.php\/wp-json\/wp\/v2\/media?parent=271139"}],"wp:term":[{"taxonomy":"category","embeddable":true,"href":"https:\/\/www.gaveanews.com\/index.php\/wp-json\/wp\/v2\/categories?post=271139"},{"taxonomy":"post_tag","embeddable":true,"href":"https:\/\/www.gaveanews.com\/index.php\/wp-json\/wp\/v2\/tags?post=271139"}],"curies":[{"name":"wp","href":"https:\/\/api.w.org\/{rel}","templated":true}]}}