{"id":271141,"date":"2025-06-19T12:45:00","date_gmt":"2025-06-19T15:45:00","guid":{"rendered":"https:\/\/www.gaveanews.com\/?p=271141"},"modified":"2025-06-19T12:21:57","modified_gmt":"2025-06-19T15:21:57","slug":"wesley-do-flamengo-ja-foi-procurado-por-mais-de-10-clubes-da-europa","status":"publish","type":"post","link":"https:\/\/www.gaveanews.com\/index.php\/2025\/06\/19\/wesley-do-flamengo-ja-foi-procurado-por-mais-de-10-clubes-da-europa\/","title":{"rendered":"Wesley, do Flamengo, j\u00e1 foi procurado por mais de 10 clubes da Europa"},"content":{"rendered":"\n<p>A movimenta\u00e7\u00e3o em torno do lateral-direito Wesley segue intensa nos bastidores do futebol europeu. Revelado pelas categorias de base do Flamengo, o jogador de 21 anos se tornou um dos nomes mais visados do elenco rubro-negro. Atualmente, ele est\u00e1 no radar de clubes tradicionais da Europa, com destaque para a Juventus, que iniciou conversas formais durante a Copa do Mundo de Clubes de 2025, disputada nos Estados Unidos.<\/p>\n\n\n\n<p>O clube italiano demonstrou interesse concreto e pretende formalizar uma proposta de \u20ac20 milh\u00f5es ao t\u00e9rmino da participa\u00e7\u00e3o do Flamengo no torneio internacional. Conforme informa\u00e7\u00f5es apuradas, Damien Commoli, dirigente da equipe de Turim, aproveitou a presen\u00e7a simult\u00e2nea das delega\u00e7\u00f5es para dar in\u00edcio \u00e0s tratativas com os representantes cariocas. A quantia \u00e9 compat\u00edvel com a pedida estipulada pelo Flamengo, que gira em torno de R$ 126 milh\u00f5es.<\/p>\n\n\n\n<figure class=\"wp-block-image size-full is-resized\"><img loading=\"lazy\" decoding=\"async\" width=\"512\" height=\"341\" src=\"http:\/\/www.gaveanews.com\/wp-content\/uploads\/Wesley-durante-jogo-contra-o-Bolivar-pela-Libertadores-no-Maracana.webp\" alt=\"\" class=\"wp-image-158934\" style=\"width:713px;height:auto\" srcset=\"https:\/\/www.gaveanews.com\/wp-content\/uploads\/Wesley-durante-jogo-contra-o-Bolivar-pela-Libertadores-no-Maracana.webp 512w, https:\/\/www.gaveanews.com\/wp-content\/uploads\/Wesley-durante-jogo-contra-o-Bolivar-pela-Libertadores-no-Maracana-300x200.webp 300w, https:\/\/www.gaveanews.com\/wp-content\/uploads\/Wesley-durante-jogo-contra-o-Bolivar-pela-Libertadores-no-Maracana-100x67.webp 100w\" sizes=\"auto, (max-width: 512px) 100vw, 512px\" \/><figcaption class=\"wp-element-caption\">Wesley durante jogo contra o Bol\u00edvar, pela Libertadores, no Maracan\u00e3 (Foto: Gilvan de Souza\/Flamengo)<\/figcaption><\/figure>\n\n\n\n<p>Igor Tudor, t\u00e9cnico da Juventus, v\u00ea Wesley como pe\u00e7a estrat\u00e9gica para o esquema 3-4-2-1 utilizado pela equipe. O croata planeja utiliz\u00e1-lo como ala, posi\u00e7\u00e3o que oferece maior liberdade ofensiva e exig\u00eancia defensiva mais equilibrada. Esse encaixe t\u00e1tico \u00e9 um dos motivos que impulsionam o interesse da equipe italiana, que busca refor\u00e7os pontuais visando a temporada 2025\/26.<\/p>\n\n\n\n<p>Enquanto isso, Wesley mant\u00e9m sua regularidade no Flamengo. Ap\u00f3s um in\u00edcio inst\u00e1vel, o jogador se firmou como titular a partir do segundo semestre de 2024. Em 2025, soma 23 partidas, com um gol e duas assist\u00eancias, al\u00e9m de convoca\u00e7\u00f5es frequentes para a Sele\u00e7\u00e3o Brasileira principal. Apesar de n\u00e3o ter sido utilizado na estreia do clube contra o Esp\u00e9rance, da Tun\u00edsia, no Mundial, ele segue sendo considerado pe\u00e7a importante dentro do elenco.<\/p>\n\n\n\n<p>Ali\u00e1s, a Juventus n\u00e3o \u00e9 a \u00fanica interessada no jogador. Outros clubes europeus tamb\u00e9m manifestaram interesse. Entre eles est\u00e3o o Zenit, da R\u00fassia, que chegou a oferecer \u20ac25 milh\u00f5es em fevereiro de 2025, e a Atalanta, da It\u00e1lia, que teve uma negocia\u00e7\u00e3o avan\u00e7ada abortada por quest\u00f5es burocr\u00e1ticas. Do futebol ingl\u00eas, Aston Villa e Bournemouth tiveram propostas recusadas anteriormente. Manchester United e Manchester City tamb\u00e9m monitoram o atleta, sendo que os Red Devils avaliam apresentar uma proposta ap\u00f3s o Mundial.<\/p>\n\n\n\n<p>Portanto, o futuro de Wesley ser\u00e1 tema central no Flamengo ap\u00f3s o encerramento da competi\u00e7\u00e3o internacional. A janela de transfer\u00eancias do meio do ano promete ser decisiva para a continuidade ou n\u00e3o do jovem defensor no futebol brasileiro. Afinal, o mercado europeu est\u00e1 atento ao seu desempenho, e uma eventual negocia\u00e7\u00e3o poder\u00e1 representar uma das maiores vendas recentes do clube da G\u00e1vea.<\/p>\n","protected":false},"excerpt":{"rendered":"<p>A movimenta\u00e7\u00e3o em torno do lateral-direito Wesley segue intensa nos bastidores do futebol europeu. Revelado pelas categorias de base do Flamengo, o jogador de 21 anos se tornou um dos nomes mais visados do elenco rubro-negro. Atualmente, ele est\u00e1 no radar de clubes tradicionais da Europa, com destaque para a Juventus, que iniciou conversas formais [&hellip;]<\/p>\n","protected":false},"author":27,"featured_media":207524,"comment_status":"open","ping_status":"closed","sticky":false,"template":"","format":"standard","meta":{"footnotes":""},"categories":[1],"tags":[],"class_list":["post-271141","post","type-post","status-publish","format-standard","has-post-thumbnail","hentry","category-flamengo"],"yoast_head":"<!-- This site is optimized with the Yoast SEO Premium plugin v24.2 (Yoast SEO v26.9) - https:\/\/yoast.com\/product\/yoast-seo-premium-wordpress\/ -->\n<title>Wesley, do Flamengo, j\u00e1 foi procurado por mais de 10 clubes da Europa<\/title>\n<meta name=\"robots\" content=\"index, follow, max-snippet:-1, max-image-preview:large, max-video-preview:-1\" \/>\n<link rel=\"canonical\" href=\"https:\/\/www.gaveanews.com\/index.php\/2025\/06\/19\/wesley-do-flamengo-ja-foi-procurado-por-mais-de-10-clubes-da-europa\/\" \/>\n<meta property=\"og:locale\" content=\"pt_BR\" \/>\n<meta property=\"og:type\" content=\"article\" \/>\n<meta property=\"og:title\" content=\"Wesley, do Flamengo, j\u00e1 foi procurado por mais de 10 clubes da Europa\" \/>\n<meta property=\"og:description\" content=\"A movimenta\u00e7\u00e3o em torno do lateral-direito Wesley segue intensa nos bastidores do futebol europeu. Revelado pelas categorias de base do Flamengo, o jogador de 21 anos se tornou um dos nomes mais visados do elenco rubro-negro. Atualmente, ele est\u00e1 no radar de clubes tradicionais da Europa, com destaque para a Juventus, que iniciou conversas formais [&hellip;]\" \/>\n<meta property=\"og:url\" content=\"https:\/\/www.gaveanews.com\/index.php\/2025\/06\/19\/wesley-do-flamengo-ja-foi-procurado-por-mais-de-10-clubes-da-europa\/\" \/>\n<meta property=\"og:site_name\" content=\"G\u00e1vea News\" \/>\n<meta property=\"article:publisher\" content=\"https:\/\/facebook.com\/gaveaNews\/\" \/>\n<meta property=\"article:published_time\" content=\"2025-06-19T15:45:00+00:00\" \/>\n<meta property=\"og:image\" content=\"https:\/\/www.gaveanews.com\/wp-content\/uploads\/GgZnA0yXYAAykTp.webp\" \/>\n\t<meta property=\"og:image:width\" content=\"1920\" \/>\n\t<meta property=\"og:image:height\" content=\"1080\" \/>\n\t<meta property=\"og:image:type\" content=\"image\/jpeg\" \/>\n<meta name=\"author\" content=\"Matheus Felipe\" \/>\n<meta name=\"twitter:card\" content=\"summary_large_image\" \/>\n<meta name=\"twitter:label1\" content=\"Escrito por\" \/>\n\t<meta name=\"twitter:data1\" content=\"Matheus Felipe\" \/>\n\t<meta name=\"twitter:label2\" content=\"Est. tempo de leitura\" \/>\n\t<meta name=\"twitter:data2\" content=\"3 minutos\" \/>\n<script type=\"application\/ld+json\" class=\"yoast-schema-graph\">{\"@context\":\"https:\/\/schema.org\",\"@graph\":[{\"@type\":\"NewsArticle\",\"@id\":\"https:\/\/www.gaveanews.com\/index.php\/2025\/06\/19\/wesley-do-flamengo-ja-foi-procurado-por-mais-de-10-clubes-da-europa\/#article\",\"isPartOf\":{\"@id\":\"https:\/\/www.gaveanews.com\/index.php\/2025\/06\/19\/wesley-do-flamengo-ja-foi-procurado-por-mais-de-10-clubes-da-europa\/\"},\"author\":{\"name\":\"Matheus Felipe\",\"@id\":\"https:\/\/www.gaveanews.com\/#\/schema\/person\/8207cd4627f56151707418bfc835b2fb\"},\"headline\":\"Wesley, do Flamengo, j\u00e1 foi procurado por mais de 10 clubes da Europa\",\"datePublished\":\"2025-06-19T15:45:00+00:00\",\"mainEntityOfPage\":{\"@id\":\"https:\/\/www.gaveanews.com\/index.php\/2025\/06\/19\/wesley-do-flamengo-ja-foi-procurado-por-mais-de-10-clubes-da-europa\/\"},\"wordCount\":470,\"commentCount\":0,\"image\":{\"@id\":\"https:\/\/www.gaveanews.com\/index.php\/2025\/06\/19\/wesley-do-flamengo-ja-foi-procurado-por-mais-de-10-clubes-da-europa\/#primaryimage\"},\"thumbnailUrl\":\"https:\/\/www.gaveanews.com\/wp-content\/uploads\/GgZnA0yXYAAykTp.webp\",\"articleSection\":[\"Flamengo\"],\"inLanguage\":\"pt-BR\",\"potentialAction\":[{\"@type\":\"CommentAction\",\"name\":\"Comment\",\"target\":[\"https:\/\/www.gaveanews.com\/index.php\/2025\/06\/19\/wesley-do-flamengo-ja-foi-procurado-por-mais-de-10-clubes-da-europa\/#respond\"]}],\"copyrightYear\":\"2025\",\"copyrightHolder\":{\"@id\":\"https:\/\/www.gaveanews.com\/#organization\"}},{\"@type\":\"WebPage\",\"@id\":\"https:\/\/www.gaveanews.com\/index.php\/2025\/06\/19\/wesley-do-flamengo-ja-foi-procurado-por-mais-de-10-clubes-da-europa\/\",\"url\":\"https:\/\/www.gaveanews.com\/index.php\/2025\/06\/19\/wesley-do-flamengo-ja-foi-procurado-por-mais-de-10-clubes-da-europa\/\",\"name\":\"Wesley, do Flamengo, j\u00e1 foi procurado por mais de 10 clubes da Europa\",\"isPartOf\":{\"@id\":\"https:\/\/www.gaveanews.com\/#website\"},\"primaryImageOfPage\":{\"@id\":\"https:\/\/www.gaveanews.com\/index.php\/2025\/06\/19\/wesley-do-flamengo-ja-foi-procurado-por-mais-de-10-clubes-da-europa\/#primaryimage\"},\"image\":{\"@id\":\"https:\/\/www.gaveanews.com\/index.php\/2025\/06\/19\/wesley-do-flamengo-ja-foi-procurado-por-mais-de-10-clubes-da-europa\/#primaryimage\"},\"thumbnailUrl\":\"https:\/\/www.gaveanews.com\/wp-content\/uploads\/GgZnA0yXYAAykTp.webp\",\"datePublished\":\"2025-06-19T15:45:00+00:00\",\"author\":{\"@id\":\"https:\/\/www.gaveanews.com\/#\/schema\/person\/8207cd4627f56151707418bfc835b2fb\"},\"breadcrumb\":{\"@id\":\"https:\/\/www.gaveanews.com\/index.php\/2025\/06\/19\/wesley-do-flamengo-ja-foi-procurado-por-mais-de-10-clubes-da-europa\/#breadcrumb\"},\"inLanguage\":\"pt-BR\",\"potentialAction\":[{\"@type\":\"ReadAction\",\"target\":[\"https:\/\/www.gaveanews.com\/index.php\/2025\/06\/19\/wesley-do-flamengo-ja-foi-procurado-por-mais-de-10-clubes-da-europa\/\"]}]},{\"@type\":\"ImageObject\",\"inLanguage\":\"pt-BR\",\"@id\":\"https:\/\/www.gaveanews.com\/index.php\/2025\/06\/19\/wesley-do-flamengo-ja-foi-procurado-por-mais-de-10-clubes-da-europa\/#primaryimage\",\"url\":\"https:\/\/www.gaveanews.com\/wp-content\/uploads\/GgZnA0yXYAAykTp.webp\",\"contentUrl\":\"https:\/\/www.gaveanews.com\/wp-content\/uploads\/GgZnA0yXYAAykTp.webp\",\"width\":1920,\"height\":1080,\"caption\":\"Lateral Wesley, do Flamengo (Foto: Divulga\u00e7\u00e3o)\"},{\"@type\":\"BreadcrumbList\",\"@id\":\"https:\/\/www.gaveanews.com\/index.php\/2025\/06\/19\/wesley-do-flamengo-ja-foi-procurado-por-mais-de-10-clubes-da-europa\/#breadcrumb\",\"itemListElement\":[{\"@type\":\"ListItem\",\"position\":1,\"name\":\"Home\",\"item\":\"https:\/\/www.gaveanews.com\/\"},{\"@type\":\"ListItem\",\"position\":2,\"name\":\"Wesley, do Flamengo, j\u00e1 foi procurado por mais de 10 clubes da Europa\"}]},{\"@type\":\"WebSite\",\"@id\":\"https:\/\/www.gaveanews.com\/#website\",\"url\":\"https:\/\/www.gaveanews.com\/\",\"name\":\"G\u00e1vea News\",\"description\":\"Veja todas as not\u00edcias sobre o Flamengo: Contrata\u00e7\u00f5es, categorias de base, resultados das partidas, tabela de classifica\u00e7\u00e3o, pr\u00f3ximos jogos!\",\"potentialAction\":[{\"@type\":\"SearchAction\",\"target\":{\"@type\":\"EntryPoint\",\"urlTemplate\":\"https:\/\/www.gaveanews.com\/?s={search_term_string}\"},\"query-input\":{\"@type\":\"PropertyValueSpecification\",\"valueRequired\":true,\"valueName\":\"search_term_string\"}}],\"inLanguage\":\"pt-BR\"},{\"@type\":\"Person\",\"@id\":\"https:\/\/www.gaveanews.com\/#\/schema\/person\/8207cd4627f56151707418bfc835b2fb\",\"name\":\"Matheus Felipe\",\"image\":{\"@type\":\"ImageObject\",\"inLanguage\":\"pt-BR\",\"@id\":\"https:\/\/www.gaveanews.com\/#\/schema\/person\/image\/\",\"url\":\"https:\/\/secure.gravatar.com\/avatar\/a452ffbed9130f726358b298bb3a99ce4bd3c5338411f8440e87e14d74c7c087?s=96&d=mm&r=g\",\"contentUrl\":\"https:\/\/secure.gravatar.com\/avatar\/a452ffbed9130f726358b298bb3a99ce4bd3c5338411f8440e87e14d74c7c087?s=96&d=mm&r=g\",\"caption\":\"Matheus Felipe\"}}]}<\/script>\n<!-- \/ Yoast SEO Premium plugin. -->","yoast_head_json":{"title":"Wesley, do Flamengo, j\u00e1 foi procurado por mais de 10 clubes da Europa","robots":{"index":"index","follow":"follow","max-snippet":"max-snippet:-1","max-image-preview":"max-image-preview:large","max-video-preview":"max-video-preview:-1"},"canonical":"https:\/\/www.gaveanews.com\/index.php\/2025\/06\/19\/wesley-do-flamengo-ja-foi-procurado-por-mais-de-10-clubes-da-europa\/","og_locale":"pt_BR","og_type":"article","og_title":"Wesley, do Flamengo, j\u00e1 foi procurado por mais de 10 clubes da Europa","og_description":"A movimenta\u00e7\u00e3o em torno do lateral-direito Wesley segue intensa nos bastidores do futebol europeu. Revelado pelas categorias de base do Flamengo, o jogador de 21 anos se tornou um dos nomes mais visados do elenco rubro-negro. Atualmente, ele est\u00e1 no radar de clubes tradicionais da Europa, com destaque para a Juventus, que iniciou conversas formais [&hellip;]","og_url":"https:\/\/www.gaveanews.com\/index.php\/2025\/06\/19\/wesley-do-flamengo-ja-foi-procurado-por-mais-de-10-clubes-da-europa\/","og_site_name":"G\u00e1vea News","article_publisher":"https:\/\/facebook.com\/gaveaNews\/","article_published_time":"2025-06-19T15:45:00+00:00","og_image":[{"width":1920,"height":1080,"url":"https:\/\/www.gaveanews.com\/wp-content\/uploads\/GgZnA0yXYAAykTp.webp","type":"image\/jpeg"}],"author":"Matheus Felipe","twitter_card":"summary_large_image","twitter_misc":{"Escrito por":"Matheus Felipe","Est. tempo de leitura":"3 minutos"},"schema":{"@context":"https:\/\/schema.org","@graph":[{"@type":"NewsArticle","@id":"https:\/\/www.gaveanews.com\/index.php\/2025\/06\/19\/wesley-do-flamengo-ja-foi-procurado-por-mais-de-10-clubes-da-europa\/#article","isPartOf":{"@id":"https:\/\/www.gaveanews.com\/index.php\/2025\/06\/19\/wesley-do-flamengo-ja-foi-procurado-por-mais-de-10-clubes-da-europa\/"},"author":{"name":"Matheus Felipe","@id":"https:\/\/www.gaveanews.com\/#\/schema\/person\/8207cd4627f56151707418bfc835b2fb"},"headline":"Wesley, do Flamengo, j\u00e1 foi procurado por mais de 10 clubes da Europa","datePublished":"2025-06-19T15:45:00+00:00","mainEntityOfPage":{"@id":"https:\/\/www.gaveanews.com\/index.php\/2025\/06\/19\/wesley-do-flamengo-ja-foi-procurado-por-mais-de-10-clubes-da-europa\/"},"wordCount":470,"commentCount":0,"image":{"@id":"https:\/\/www.gaveanews.com\/index.php\/2025\/06\/19\/wesley-do-flamengo-ja-foi-procurado-por-mais-de-10-clubes-da-europa\/#primaryimage"},"thumbnailUrl":"https:\/\/www.gaveanews.com\/wp-content\/uploads\/GgZnA0yXYAAykTp.webp","articleSection":["Flamengo"],"inLanguage":"pt-BR","potentialAction":[{"@type":"CommentAction","name":"Comment","target":["https:\/\/www.gaveanews.com\/index.php\/2025\/06\/19\/wesley-do-flamengo-ja-foi-procurado-por-mais-de-10-clubes-da-europa\/#respond"]}],"copyrightYear":"2025","copyrightHolder":{"@id":"https:\/\/www.gaveanews.com\/#organization"}},{"@type":"WebPage","@id":"https:\/\/www.gaveanews.com\/index.php\/2025\/06\/19\/wesley-do-flamengo-ja-foi-procurado-por-mais-de-10-clubes-da-europa\/","url":"https:\/\/www.gaveanews.com\/index.php\/2025\/06\/19\/wesley-do-flamengo-ja-foi-procurado-por-mais-de-10-clubes-da-europa\/","name":"Wesley, do Flamengo, j\u00e1 foi procurado por mais de 10 clubes da Europa","isPartOf":{"@id":"https:\/\/www.gaveanews.com\/#website"},"primaryImageOfPage":{"@id":"https:\/\/www.gaveanews.com\/index.php\/2025\/06\/19\/wesley-do-flamengo-ja-foi-procurado-por-mais-de-10-clubes-da-europa\/#primaryimage"},"image":{"@id":"https:\/\/www.gaveanews.com\/index.php\/2025\/06\/19\/wesley-do-flamengo-ja-foi-procurado-por-mais-de-10-clubes-da-europa\/#primaryimage"},"thumbnailUrl":"https:\/\/www.gaveanews.com\/wp-content\/uploads\/GgZnA0yXYAAykTp.webp","datePublished":"2025-06-19T15:45:00+00:00","author":{"@id":"https:\/\/www.gaveanews.com\/#\/schema\/person\/8207cd4627f56151707418bfc835b2fb"},"breadcrumb":{"@id":"https:\/\/www.gaveanews.com\/index.php\/2025\/06\/19\/wesley-do-flamengo-ja-foi-procurado-por-mais-de-10-clubes-da-europa\/#breadcrumb"},"inLanguage":"pt-BR","potentialAction":[{"@type":"ReadAction","target":["https:\/\/www.gaveanews.com\/index.php\/2025\/06\/19\/wesley-do-flamengo-ja-foi-procurado-por-mais-de-10-clubes-da-europa\/"]}]},{"@type":"ImageObject","inLanguage":"pt-BR","@id":"https:\/\/www.gaveanews.com\/index.php\/2025\/06\/19\/wesley-do-flamengo-ja-foi-procurado-por-mais-de-10-clubes-da-europa\/#primaryimage","url":"https:\/\/www.gaveanews.com\/wp-content\/uploads\/GgZnA0yXYAAykTp.webp","contentUrl":"https:\/\/www.gaveanews.com\/wp-content\/uploads\/GgZnA0yXYAAykTp.webp","width":1920,"height":1080,"caption":"Lateral Wesley, do Flamengo (Foto: Divulga\u00e7\u00e3o)"},{"@type":"BreadcrumbList","@id":"https:\/\/www.gaveanews.com\/index.php\/2025\/06\/19\/wesley-do-flamengo-ja-foi-procurado-por-mais-de-10-clubes-da-europa\/#breadcrumb","itemListElement":[{"@type":"ListItem","position":1,"name":"Home","item":"https:\/\/www.gaveanews.com\/"},{"@type":"ListItem","position":2,"name":"Wesley, do Flamengo, j\u00e1 foi procurado por mais de 10 clubes da Europa"}]},{"@type":"WebSite","@id":"https:\/\/www.gaveanews.com\/#website","url":"https:\/\/www.gaveanews.com\/","name":"G\u00e1vea News","description":"Veja todas as not\u00edcias sobre o Flamengo: Contrata\u00e7\u00f5es, categorias de base, resultados das partidas, tabela de classifica\u00e7\u00e3o, pr\u00f3ximos jogos!","potentialAction":[{"@type":"SearchAction","target":{"@type":"EntryPoint","urlTemplate":"https:\/\/www.gaveanews.com\/?s={search_term_string}"},"query-input":{"@type":"PropertyValueSpecification","valueRequired":true,"valueName":"search_term_string"}}],"inLanguage":"pt-BR"},{"@type":"Person","@id":"https:\/\/www.gaveanews.com\/#\/schema\/person\/8207cd4627f56151707418bfc835b2fb","name":"Matheus Felipe","image":{"@type":"ImageObject","inLanguage":"pt-BR","@id":"https:\/\/www.gaveanews.com\/#\/schema\/person\/image\/","url":"https:\/\/secure.gravatar.com\/avatar\/a452ffbed9130f726358b298bb3a99ce4bd3c5338411f8440e87e14d74c7c087?s=96&d=mm&r=g","contentUrl":"https:\/\/secure.gravatar.com\/avatar\/a452ffbed9130f726358b298bb3a99ce4bd3c5338411f8440e87e14d74c7c087?s=96&d=mm&r=g","caption":"Matheus Felipe"}}]}},"_links":{"self":[{"href":"https:\/\/www.gaveanews.com\/index.php\/wp-json\/wp\/v2\/posts\/271141","targetHints":{"allow":["GET"]}}],"collection":[{"href":"https:\/\/www.gaveanews.com\/index.php\/wp-json\/wp\/v2\/posts"}],"about":[{"href":"https:\/\/www.gaveanews.com\/index.php\/wp-json\/wp\/v2\/types\/post"}],"author":[{"embeddable":true,"href":"https:\/\/www.gaveanews.com\/index.php\/wp-json\/wp\/v2\/users\/27"}],"replies":[{"embeddable":true,"href":"https:\/\/www.gaveanews.com\/index.php\/wp-json\/wp\/v2\/comments?post=271141"}],"version-history":[{"count":1,"href":"https:\/\/www.gaveanews.com\/index.php\/wp-json\/wp\/v2\/posts\/271141\/revisions"}],"predecessor-version":[{"id":271142,"href":"https:\/\/www.gaveanews.com\/index.php\/wp-json\/wp\/v2\/posts\/271141\/revisions\/271142"}],"wp:featuredmedia":[{"embeddable":true,"href":"https:\/\/www.gaveanews.com\/index.php\/wp-json\/wp\/v2\/media\/207524"}],"wp:attachment":[{"href":"https:\/\/www.gaveanews.com\/index.php\/wp-json\/wp\/v2\/media?parent=271141"}],"wp:term":[{"taxonomy":"category","embeddable":true,"href":"https:\/\/www.gaveanews.com\/index.php\/wp-json\/wp\/v2\/categories?post=271141"},{"taxonomy":"post_tag","embeddable":true,"href":"https:\/\/www.gaveanews.com\/index.php\/wp-json\/wp\/v2\/tags?post=271141"}],"curies":[{"name":"wp","href":"https:\/\/api.w.org\/{rel}","templated":true}]}}