{"id":271143,"date":"2025-06-19T13:15:00","date_gmt":"2025-06-19T16:15:00","guid":{"rendered":"https:\/\/www.gaveanews.com\/?p=271143"},"modified":"2025-06-19T12:25:58","modified_gmt":"2025-06-19T15:25:58","slug":"jose-mourinho-quer-levar-titular-do-flamengo-para-europa","status":"publish","type":"post","link":"https:\/\/www.gaveanews.com\/index.php\/2025\/06\/19\/jose-mourinho-quer-levar-titular-do-flamengo-para-europa\/","title":{"rendered":"Jos\u00e9 Mourinho quer levar titular do Flamengo para Europa"},"content":{"rendered":"\n<p>Jos\u00e9 Mourinho, atualmente \u00e0 frente do Fenerbah\u00e7e, voltou suas aten\u00e7\u00f5es para o futebol brasileiro. O t\u00e9cnico portugu\u00eas demonstrou interesse na contrata\u00e7\u00e3o de Alex Sandro, lateral-esquerdo do Flamengo, segundo revelou o jornalista Jorge Nicola. O jogador, que vive bom momento sob o comando de Filipe Lu\u00eds, tornou-se uma das prioridades do treinador para refor\u00e7ar o clube turco na pr\u00f3xima temporada.<\/p>\n\n\n\n<p>A movimenta\u00e7\u00e3o ocorre \u00e0s v\u00e9speras do confronto decisivo entre Flamengo e Chelsea, marcado para sexta-feira (20), \u00e0s 15h (hor\u00e1rio de Bras\u00edlia), v\u00e1lido pelo Super Mundial de Clubes. A equipe rubro-negra est\u00e1 focada no torneio, mas, ainda assim, o mercado de transfer\u00eancias segue movimentando os bastidores do clube. Ali\u00e1s, a proposta do Fenerbah\u00e7e j\u00e1 teria sido formalizada diretamente ao atleta.<\/p>\n\n\n\n<figure class=\"wp-block-image size-full\"><img loading=\"lazy\" decoding=\"async\" width=\"570\" height=\"450\" src=\"http:\/\/www.gaveanews.com\/wp-content\/uploads\/Alex-Sandro-pelo-FLAMENGO.webp\" alt=\"\" class=\"wp-image-222148\"\/><\/figure>\n\n\n\n<p>De acordo com Nicola, o Fenerbah\u00e7e apresentou uma oferta com sal\u00e1rio dobrado e b\u00f4nus por metas alcan\u00e7adas, visando convencer o jogador a se transferir para o futebol turco. \u201c\u00c9 uma das exig\u00eancias do Mourinho para desbancar o Galatasaray no campeonato nacional\u201d, destacou o jornalista. Caso Alex Sandro aceite as condi\u00e7\u00f5es, o pr\u00f3ximo passo ser\u00e1 uma negocia\u00e7\u00e3o oficial com o Flamengo.<\/p>\n\n\n\n<p>N\u00e3o \u00e9 a primeira vez que Mourinho tenta contar com o lateral brasileiro. Enquanto comandava a Roma, o t\u00e9cnico j\u00e1 havia sinalizado interesse em contar com Alex Sandro, por\u00e9m, \u00e0 \u00e9poca, a contrata\u00e7\u00e3o n\u00e3o se concretizou. Agora, a presen\u00e7a do jogador na lista de convocados de Carlo Ancelotti para a sele\u00e7\u00e3o brasileira refor\u00e7a sua valoriza\u00e7\u00e3o no cen\u00e1rio internacional.<\/p>\n\n\n\n<p>Alex Sandro chegou ao Flamengo em agosto de 2024. Desde ent\u00e3o, soma 33 partidas com a camisa rubro-negra, al\u00e9m de um gol marcado e uma assist\u00eancia. O defensor participou das conquistas da Copa do Brasil de 2024, da Supercopa do Brasil de 2025 e do Campeonato Carioca do mesmo ano. Atualmente, \u00e9 pe\u00e7a importante no sistema defensivo da equipe de Filipe Lu\u00eds.<\/p>\n\n\n\n<p>Enquanto a diretoria do Flamengo evita comentar oficialmente sobre poss\u00edveis negocia\u00e7\u00f5es, o nome de Alex Sandro vai ganhando espa\u00e7o entre os alvos internacionais. A poss\u00edvel sa\u00edda, contudo, depender\u00e1 do pr\u00f3prio jogador e da estrat\u00e9gia do clube carioca diante da janela de transfer\u00eancias do meio do ano, que pode mudar os rumos do elenco ainda em plena disputa de t\u00edtulos.<\/p>\n","protected":false},"excerpt":{"rendered":"<p>Jos\u00e9 Mourinho, atualmente \u00e0 frente do Fenerbah\u00e7e, voltou suas aten\u00e7\u00f5es para o futebol brasileiro. O t\u00e9cnico portugu\u00eas demonstrou interesse na contrata\u00e7\u00e3o de Alex Sandro, lateral-esquerdo do Flamengo, segundo revelou o jornalista Jorge Nicola. O jogador, que vive bom momento sob o comando de Filipe Lu\u00eds, tornou-se uma das prioridades do treinador para refor\u00e7ar o clube [&hellip;]<\/p>\n","protected":false},"author":27,"featured_media":260872,"comment_status":"open","ping_status":"closed","sticky":false,"template":"","format":"standard","meta":{"footnotes":""},"categories":[1],"tags":[],"class_list":["post-271143","post","type-post","status-publish","format-standard","has-post-thumbnail","hentry","category-flamengo"],"yoast_head":"<!-- This site is optimized with the Yoast SEO Premium plugin v24.2 (Yoast SEO v26.9) - https:\/\/yoast.com\/product\/yoast-seo-premium-wordpress\/ -->\n<title>Jos\u00e9 Mourinho quer levar titular do Flamengo para Europa<\/title>\n<meta name=\"robots\" content=\"index, follow, max-snippet:-1, max-image-preview:large, max-video-preview:-1\" \/>\n<link rel=\"canonical\" href=\"https:\/\/www.gaveanews.com\/index.php\/2025\/06\/19\/jose-mourinho-quer-levar-titular-do-flamengo-para-europa\/\" \/>\n<meta property=\"og:locale\" content=\"pt_BR\" \/>\n<meta property=\"og:type\" content=\"article\" \/>\n<meta property=\"og:title\" content=\"Jos\u00e9 Mourinho quer levar titular do Flamengo para Europa\" \/>\n<meta property=\"og:description\" content=\"Jos\u00e9 Mourinho, atualmente \u00e0 frente do Fenerbah\u00e7e, voltou suas aten\u00e7\u00f5es para o futebol brasileiro. O t\u00e9cnico portugu\u00eas demonstrou interesse na contrata\u00e7\u00e3o de Alex Sandro, lateral-esquerdo do Flamengo, segundo revelou o jornalista Jorge Nicola. O jogador, que vive bom momento sob o comando de Filipe Lu\u00eds, tornou-se uma das prioridades do treinador para refor\u00e7ar o clube [&hellip;]\" \/>\n<meta property=\"og:url\" content=\"https:\/\/www.gaveanews.com\/index.php\/2025\/06\/19\/jose-mourinho-quer-levar-titular-do-flamengo-para-europa\/\" \/>\n<meta property=\"og:site_name\" content=\"G\u00e1vea News\" \/>\n<meta property=\"article:publisher\" content=\"https:\/\/facebook.com\/gaveaNews\/\" \/>\n<meta property=\"article:published_time\" content=\"2025-06-19T16:15:00+00:00\" \/>\n<meta property=\"og:image\" content=\"https:\/\/www.gaveanews.com\/wp-content\/uploads\/Mourinho-no-Fenerbahce.webp\" \/>\n\t<meta property=\"og:image:width\" content=\"1200\" \/>\n\t<meta property=\"og:image:height\" content=\"900\" \/>\n\t<meta property=\"og:image:type\" content=\"image\/webp\" \/>\n<meta name=\"author\" content=\"Matheus Felipe\" \/>\n<meta name=\"twitter:card\" content=\"summary_large_image\" \/>\n<meta name=\"twitter:label1\" content=\"Escrito por\" \/>\n\t<meta name=\"twitter:data1\" content=\"Matheus Felipe\" \/>\n\t<meta name=\"twitter:label2\" content=\"Est. tempo de leitura\" \/>\n\t<meta name=\"twitter:data2\" content=\"3 minutos\" \/>\n<script type=\"application\/ld+json\" class=\"yoast-schema-graph\">{\"@context\":\"https:\/\/schema.org\",\"@graph\":[{\"@type\":\"NewsArticle\",\"@id\":\"https:\/\/www.gaveanews.com\/index.php\/2025\/06\/19\/jose-mourinho-quer-levar-titular-do-flamengo-para-europa\/#article\",\"isPartOf\":{\"@id\":\"https:\/\/www.gaveanews.com\/index.php\/2025\/06\/19\/jose-mourinho-quer-levar-titular-do-flamengo-para-europa\/\"},\"author\":{\"name\":\"Matheus Felipe\",\"@id\":\"https:\/\/www.gaveanews.com\/#\/schema\/person\/8207cd4627f56151707418bfc835b2fb\"},\"headline\":\"Jos\u00e9 Mourinho quer levar titular do Flamengo para Europa\",\"datePublished\":\"2025-06-19T16:15:00+00:00\",\"mainEntityOfPage\":{\"@id\":\"https:\/\/www.gaveanews.com\/index.php\/2025\/06\/19\/jose-mourinho-quer-levar-titular-do-flamengo-para-europa\/\"},\"wordCount\":404,\"commentCount\":0,\"image\":{\"@id\":\"https:\/\/www.gaveanews.com\/index.php\/2025\/06\/19\/jose-mourinho-quer-levar-titular-do-flamengo-para-europa\/#primaryimage\"},\"thumbnailUrl\":\"https:\/\/www.gaveanews.com\/wp-content\/uploads\/Mourinho-no-Fenerbahce.webp\",\"articleSection\":[\"Flamengo\"],\"inLanguage\":\"pt-BR\",\"potentialAction\":[{\"@type\":\"CommentAction\",\"name\":\"Comment\",\"target\":[\"https:\/\/www.gaveanews.com\/index.php\/2025\/06\/19\/jose-mourinho-quer-levar-titular-do-flamengo-para-europa\/#respond\"]}],\"copyrightYear\":\"2025\",\"copyrightHolder\":{\"@id\":\"https:\/\/www.gaveanews.com\/#organization\"}},{\"@type\":\"WebPage\",\"@id\":\"https:\/\/www.gaveanews.com\/index.php\/2025\/06\/19\/jose-mourinho-quer-levar-titular-do-flamengo-para-europa\/\",\"url\":\"https:\/\/www.gaveanews.com\/index.php\/2025\/06\/19\/jose-mourinho-quer-levar-titular-do-flamengo-para-europa\/\",\"name\":\"Jos\u00e9 Mourinho quer levar titular do Flamengo para Europa\",\"isPartOf\":{\"@id\":\"https:\/\/www.gaveanews.com\/#website\"},\"primaryImageOfPage\":{\"@id\":\"https:\/\/www.gaveanews.com\/index.php\/2025\/06\/19\/jose-mourinho-quer-levar-titular-do-flamengo-para-europa\/#primaryimage\"},\"image\":{\"@id\":\"https:\/\/www.gaveanews.com\/index.php\/2025\/06\/19\/jose-mourinho-quer-levar-titular-do-flamengo-para-europa\/#primaryimage\"},\"thumbnailUrl\":\"https:\/\/www.gaveanews.com\/wp-content\/uploads\/Mourinho-no-Fenerbahce.webp\",\"datePublished\":\"2025-06-19T16:15:00+00:00\",\"author\":{\"@id\":\"https:\/\/www.gaveanews.com\/#\/schema\/person\/8207cd4627f56151707418bfc835b2fb\"},\"breadcrumb\":{\"@id\":\"https:\/\/www.gaveanews.com\/index.php\/2025\/06\/19\/jose-mourinho-quer-levar-titular-do-flamengo-para-europa\/#breadcrumb\"},\"inLanguage\":\"pt-BR\",\"potentialAction\":[{\"@type\":\"ReadAction\",\"target\":[\"https:\/\/www.gaveanews.com\/index.php\/2025\/06\/19\/jose-mourinho-quer-levar-titular-do-flamengo-para-europa\/\"]}]},{\"@type\":\"ImageObject\",\"inLanguage\":\"pt-BR\",\"@id\":\"https:\/\/www.gaveanews.com\/index.php\/2025\/06\/19\/jose-mourinho-quer-levar-titular-do-flamengo-para-europa\/#primaryimage\",\"url\":\"https:\/\/www.gaveanews.com\/wp-content\/uploads\/Mourinho-no-Fenerbahce.webp\",\"contentUrl\":\"https:\/\/www.gaveanews.com\/wp-content\/uploads\/Mourinho-no-Fenerbahce.webp\",\"width\":1200,\"height\":900,\"caption\":\"Mourinho no Fenerbah\u00e7e (Foto: Reprodu\u00e7\u00e3o\/Fenerbah\u00e7e)\"},{\"@type\":\"BreadcrumbList\",\"@id\":\"https:\/\/www.gaveanews.com\/index.php\/2025\/06\/19\/jose-mourinho-quer-levar-titular-do-flamengo-para-europa\/#breadcrumb\",\"itemListElement\":[{\"@type\":\"ListItem\",\"position\":1,\"name\":\"Home\",\"item\":\"https:\/\/www.gaveanews.com\/\"},{\"@type\":\"ListItem\",\"position\":2,\"name\":\"Jos\u00e9 Mourinho quer levar titular do Flamengo para Europa\"}]},{\"@type\":\"WebSite\",\"@id\":\"https:\/\/www.gaveanews.com\/#website\",\"url\":\"https:\/\/www.gaveanews.com\/\",\"name\":\"G\u00e1vea News\",\"description\":\"Veja todas as not\u00edcias sobre o Flamengo: Contrata\u00e7\u00f5es, categorias de base, resultados das partidas, tabela de classifica\u00e7\u00e3o, pr\u00f3ximos jogos!\",\"potentialAction\":[{\"@type\":\"SearchAction\",\"target\":{\"@type\":\"EntryPoint\",\"urlTemplate\":\"https:\/\/www.gaveanews.com\/?s={search_term_string}\"},\"query-input\":{\"@type\":\"PropertyValueSpecification\",\"valueRequired\":true,\"valueName\":\"search_term_string\"}}],\"inLanguage\":\"pt-BR\"},{\"@type\":\"Person\",\"@id\":\"https:\/\/www.gaveanews.com\/#\/schema\/person\/8207cd4627f56151707418bfc835b2fb\",\"name\":\"Matheus Felipe\",\"image\":{\"@type\":\"ImageObject\",\"inLanguage\":\"pt-BR\",\"@id\":\"https:\/\/www.gaveanews.com\/#\/schema\/person\/image\/\",\"url\":\"https:\/\/secure.gravatar.com\/avatar\/a452ffbed9130f726358b298bb3a99ce4bd3c5338411f8440e87e14d74c7c087?s=96&d=mm&r=g\",\"contentUrl\":\"https:\/\/secure.gravatar.com\/avatar\/a452ffbed9130f726358b298bb3a99ce4bd3c5338411f8440e87e14d74c7c087?s=96&d=mm&r=g\",\"caption\":\"Matheus Felipe\"}}]}<\/script>\n<!-- \/ Yoast SEO Premium plugin. -->","yoast_head_json":{"title":"Jos\u00e9 Mourinho quer levar titular do Flamengo para Europa","robots":{"index":"index","follow":"follow","max-snippet":"max-snippet:-1","max-image-preview":"max-image-preview:large","max-video-preview":"max-video-preview:-1"},"canonical":"https:\/\/www.gaveanews.com\/index.php\/2025\/06\/19\/jose-mourinho-quer-levar-titular-do-flamengo-para-europa\/","og_locale":"pt_BR","og_type":"article","og_title":"Jos\u00e9 Mourinho quer levar titular do Flamengo para Europa","og_description":"Jos\u00e9 Mourinho, atualmente \u00e0 frente do Fenerbah\u00e7e, voltou suas aten\u00e7\u00f5es para o futebol brasileiro. O t\u00e9cnico portugu\u00eas demonstrou interesse na contrata\u00e7\u00e3o de Alex Sandro, lateral-esquerdo do Flamengo, segundo revelou o jornalista Jorge Nicola. O jogador, que vive bom momento sob o comando de Filipe Lu\u00eds, tornou-se uma das prioridades do treinador para refor\u00e7ar o clube [&hellip;]","og_url":"https:\/\/www.gaveanews.com\/index.php\/2025\/06\/19\/jose-mourinho-quer-levar-titular-do-flamengo-para-europa\/","og_site_name":"G\u00e1vea News","article_publisher":"https:\/\/facebook.com\/gaveaNews\/","article_published_time":"2025-06-19T16:15:00+00:00","og_image":[{"width":1200,"height":900,"url":"https:\/\/www.gaveanews.com\/wp-content\/uploads\/Mourinho-no-Fenerbahce.webp","type":"image\/webp"}],"author":"Matheus Felipe","twitter_card":"summary_large_image","twitter_misc":{"Escrito por":"Matheus Felipe","Est. tempo de leitura":"3 minutos"},"schema":{"@context":"https:\/\/schema.org","@graph":[{"@type":"NewsArticle","@id":"https:\/\/www.gaveanews.com\/index.php\/2025\/06\/19\/jose-mourinho-quer-levar-titular-do-flamengo-para-europa\/#article","isPartOf":{"@id":"https:\/\/www.gaveanews.com\/index.php\/2025\/06\/19\/jose-mourinho-quer-levar-titular-do-flamengo-para-europa\/"},"author":{"name":"Matheus Felipe","@id":"https:\/\/www.gaveanews.com\/#\/schema\/person\/8207cd4627f56151707418bfc835b2fb"},"headline":"Jos\u00e9 Mourinho quer levar titular do Flamengo para Europa","datePublished":"2025-06-19T16:15:00+00:00","mainEntityOfPage":{"@id":"https:\/\/www.gaveanews.com\/index.php\/2025\/06\/19\/jose-mourinho-quer-levar-titular-do-flamengo-para-europa\/"},"wordCount":404,"commentCount":0,"image":{"@id":"https:\/\/www.gaveanews.com\/index.php\/2025\/06\/19\/jose-mourinho-quer-levar-titular-do-flamengo-para-europa\/#primaryimage"},"thumbnailUrl":"https:\/\/www.gaveanews.com\/wp-content\/uploads\/Mourinho-no-Fenerbahce.webp","articleSection":["Flamengo"],"inLanguage":"pt-BR","potentialAction":[{"@type":"CommentAction","name":"Comment","target":["https:\/\/www.gaveanews.com\/index.php\/2025\/06\/19\/jose-mourinho-quer-levar-titular-do-flamengo-para-europa\/#respond"]}],"copyrightYear":"2025","copyrightHolder":{"@id":"https:\/\/www.gaveanews.com\/#organization"}},{"@type":"WebPage","@id":"https:\/\/www.gaveanews.com\/index.php\/2025\/06\/19\/jose-mourinho-quer-levar-titular-do-flamengo-para-europa\/","url":"https:\/\/www.gaveanews.com\/index.php\/2025\/06\/19\/jose-mourinho-quer-levar-titular-do-flamengo-para-europa\/","name":"Jos\u00e9 Mourinho quer levar titular do Flamengo para Europa","isPartOf":{"@id":"https:\/\/www.gaveanews.com\/#website"},"primaryImageOfPage":{"@id":"https:\/\/www.gaveanews.com\/index.php\/2025\/06\/19\/jose-mourinho-quer-levar-titular-do-flamengo-para-europa\/#primaryimage"},"image":{"@id":"https:\/\/www.gaveanews.com\/index.php\/2025\/06\/19\/jose-mourinho-quer-levar-titular-do-flamengo-para-europa\/#primaryimage"},"thumbnailUrl":"https:\/\/www.gaveanews.com\/wp-content\/uploads\/Mourinho-no-Fenerbahce.webp","datePublished":"2025-06-19T16:15:00+00:00","author":{"@id":"https:\/\/www.gaveanews.com\/#\/schema\/person\/8207cd4627f56151707418bfc835b2fb"},"breadcrumb":{"@id":"https:\/\/www.gaveanews.com\/index.php\/2025\/06\/19\/jose-mourinho-quer-levar-titular-do-flamengo-para-europa\/#breadcrumb"},"inLanguage":"pt-BR","potentialAction":[{"@type":"ReadAction","target":["https:\/\/www.gaveanews.com\/index.php\/2025\/06\/19\/jose-mourinho-quer-levar-titular-do-flamengo-para-europa\/"]}]},{"@type":"ImageObject","inLanguage":"pt-BR","@id":"https:\/\/www.gaveanews.com\/index.php\/2025\/06\/19\/jose-mourinho-quer-levar-titular-do-flamengo-para-europa\/#primaryimage","url":"https:\/\/www.gaveanews.com\/wp-content\/uploads\/Mourinho-no-Fenerbahce.webp","contentUrl":"https:\/\/www.gaveanews.com\/wp-content\/uploads\/Mourinho-no-Fenerbahce.webp","width":1200,"height":900,"caption":"Mourinho no Fenerbah\u00e7e (Foto: Reprodu\u00e7\u00e3o\/Fenerbah\u00e7e)"},{"@type":"BreadcrumbList","@id":"https:\/\/www.gaveanews.com\/index.php\/2025\/06\/19\/jose-mourinho-quer-levar-titular-do-flamengo-para-europa\/#breadcrumb","itemListElement":[{"@type":"ListItem","position":1,"name":"Home","item":"https:\/\/www.gaveanews.com\/"},{"@type":"ListItem","position":2,"name":"Jos\u00e9 Mourinho quer levar titular do Flamengo para Europa"}]},{"@type":"WebSite","@id":"https:\/\/www.gaveanews.com\/#website","url":"https:\/\/www.gaveanews.com\/","name":"G\u00e1vea News","description":"Veja todas as not\u00edcias sobre o Flamengo: Contrata\u00e7\u00f5es, categorias de base, resultados das partidas, tabela de classifica\u00e7\u00e3o, pr\u00f3ximos jogos!","potentialAction":[{"@type":"SearchAction","target":{"@type":"EntryPoint","urlTemplate":"https:\/\/www.gaveanews.com\/?s={search_term_string}"},"query-input":{"@type":"PropertyValueSpecification","valueRequired":true,"valueName":"search_term_string"}}],"inLanguage":"pt-BR"},{"@type":"Person","@id":"https:\/\/www.gaveanews.com\/#\/schema\/person\/8207cd4627f56151707418bfc835b2fb","name":"Matheus Felipe","image":{"@type":"ImageObject","inLanguage":"pt-BR","@id":"https:\/\/www.gaveanews.com\/#\/schema\/person\/image\/","url":"https:\/\/secure.gravatar.com\/avatar\/a452ffbed9130f726358b298bb3a99ce4bd3c5338411f8440e87e14d74c7c087?s=96&d=mm&r=g","contentUrl":"https:\/\/secure.gravatar.com\/avatar\/a452ffbed9130f726358b298bb3a99ce4bd3c5338411f8440e87e14d74c7c087?s=96&d=mm&r=g","caption":"Matheus Felipe"}}]}},"_links":{"self":[{"href":"https:\/\/www.gaveanews.com\/index.php\/wp-json\/wp\/v2\/posts\/271143","targetHints":{"allow":["GET"]}}],"collection":[{"href":"https:\/\/www.gaveanews.com\/index.php\/wp-json\/wp\/v2\/posts"}],"about":[{"href":"https:\/\/www.gaveanews.com\/index.php\/wp-json\/wp\/v2\/types\/post"}],"author":[{"embeddable":true,"href":"https:\/\/www.gaveanews.com\/index.php\/wp-json\/wp\/v2\/users\/27"}],"replies":[{"embeddable":true,"href":"https:\/\/www.gaveanews.com\/index.php\/wp-json\/wp\/v2\/comments?post=271143"}],"version-history":[{"count":1,"href":"https:\/\/www.gaveanews.com\/index.php\/wp-json\/wp\/v2\/posts\/271143\/revisions"}],"predecessor-version":[{"id":271144,"href":"https:\/\/www.gaveanews.com\/index.php\/wp-json\/wp\/v2\/posts\/271143\/revisions\/271144"}],"wp:featuredmedia":[{"embeddable":true,"href":"https:\/\/www.gaveanews.com\/index.php\/wp-json\/wp\/v2\/media\/260872"}],"wp:attachment":[{"href":"https:\/\/www.gaveanews.com\/index.php\/wp-json\/wp\/v2\/media?parent=271143"}],"wp:term":[{"taxonomy":"category","embeddable":true,"href":"https:\/\/www.gaveanews.com\/index.php\/wp-json\/wp\/v2\/categories?post=271143"},{"taxonomy":"post_tag","embeddable":true,"href":"https:\/\/www.gaveanews.com\/index.php\/wp-json\/wp\/v2\/tags?post=271143"}],"curies":[{"name":"wp","href":"https:\/\/api.w.org\/{rel}","templated":true}]}}