{"id":271705,"date":"2025-06-30T19:00:45","date_gmt":"2025-06-30T22:00:45","guid":{"rendered":"https:\/\/www.gaveanews.com\/?p=271705"},"modified":"2025-06-30T19:00:50","modified_gmt":"2025-06-30T22:00:50","slug":"juventus-pode-tirar-dois-titulares-do-flamengo-nos-proximos-dias","status":"publish","type":"post","link":"https:\/\/www.gaveanews.com\/index.php\/2025\/06\/30\/juventus-pode-tirar-dois-titulares-do-flamengo-nos-proximos-dias\/","title":{"rendered":"Juventus pode tirar dois titulares do Flamengo nos pr\u00f3ximos dias"},"content":{"rendered":"\n<p>Dois nomes do elenco rubro-negro est\u00e3o no centro das aten\u00e7\u00f5es da Juventus. Ap\u00f3s boas atua\u00e7\u00f5es no Mundial de Clubes, o clube italiano estuda propostas por L\u00e9o Ortiz e Wesley. Ambos os jogadores se destacaram na campanha da equipe carioca nos Estados Unidos e despertaram o interesse da tradicional agremia\u00e7\u00e3o de Turim. <\/p>\n\n\n\n<p>A janela de transfer\u00eancias do meio do ano ser\u00e1 aberta oficialmente em <strong>quarta-feira (10 de julho)<\/strong>.<\/p>\n\n\n\n<p>Conforme revelou o jornalista italiano Mirko Di Natale, a Juventus est\u00e1 disposta a investir <strong>15 milh\u00f5es de euros (cerca de R$ 96,3 milh\u00f5es)<\/strong> pela contrata\u00e7\u00e3o de Ortiz. O valor, no entanto, est\u00e1 distante da multa rescis\u00f3ria estipulada em contrato com o Flamengo, que \u00e9 de <strong>80 milh\u00f5es de euros (R$ 514 milh\u00f5es)<\/strong>. <\/p>\n\n\n\n<p>O defensor chegou ao clube carioca em <strong>mar\u00e7o de 2024<\/strong>, ap\u00f3s ser adquirido junto ao Bragantino por <strong>7 milh\u00f5es de euros<\/strong>. O v\u00ednculo atual vai at\u00e9 <strong>dezembro de 2028<\/strong>.<\/p>\n\n\n\n<p>Apesar do alto interesse, a diretoria flamenguista mant\u00e9m postura cautelosa. Internamente, h\u00e1 o entendimento de que a negocia\u00e7\u00e3o s\u00f3 ser\u00e1 iniciada caso a proposta italiana atinja valores mais pr\u00f3ximos da cl\u00e1usula contratual. <\/p>\n\n\n\n<p>\u201cA Juventus sabe que precisar\u00e1 chegar perto da multa se quiser contrat\u00e1-lo\u201d, destacou um dirigente envolvido nas tratativas.<\/p>\n\n\n\n<h4 class=\"wp-block-heading\" id=\"h-wesley-admite-propostas-mas-prega-foco-no-torneio\">Wesley admite propostas, mas prega foco no torneio<\/h4>\n\n\n\n<p>Al\u00e9m de L\u00e9o Ortiz, o lateral-direito Wesley tamb\u00e9m est\u00e1 na mira do mercado europeu. O jogador revelou, em entrevista \u00e0 <em>Gazzetta Dello Sport<\/em>, que Juventus e Roma demonstraram interesse em sua contrata\u00e7\u00e3o. Apesar disso, ele garantiu que sua prioridade segue no Flamengo. <\/p>\n\n\n\n<p>\u201cEstamos vivendo o Mundial de Clubes, que est\u00e1 sendo uma experi\u00eancia maravilhosa e queremos ir o mais longe poss\u00edvel. Sabemos bem qual \u00e9 a nossa prioridade\u201d, declarou.<\/p>\n\n\n\n<p>Aos 20 anos, Wesley \u00e9 um dos destaques da equipe de Filipe Lu\u00eds. Segundo o pr\u00f3prio atleta, conselhos de companheiros mais experientes como Danilo, Alex Sandro e Jorginho \u2014 todos com passagem pela S\u00e9rie A italiana \u2014 influenciam em seu desejo de atuar no futebol europeu. <\/p>\n\n\n\n<p>\u201cMeu sonho \u00e9 jogar na Europa pelo menos uma vez na carreira\u201d, afirmou o jovem defensor.<\/p>\n\n\n\n<p>Ainda que demonstre interesse em uma transfer\u00eancia futura, Wesley n\u00e3o cogita sair imediatamente. \u201cN\u00e3o \u00e9 hora de pensar no futuro. Estou feliz no Brasil e focado no Flamengo\u201d, completou, refor\u00e7ando seu comprometimento com o atual projeto no clube da G\u00e1vea.<\/p>\n\n\n\n<h4 class=\"wp-block-heading\" id=\"h-expectativa-para-julho\">Expectativa para julho<\/h4>\n\n\n\n<p>A movimenta\u00e7\u00e3o da Juventus sobre os atletas rubro-negros est\u00e1 condicionada ao t\u00e9rmino do Mundial de Clubes e \u00e0 abertura oficial do mercado internacional. A partir da <strong>quarta-feira (10 de julho)<\/strong>, novas conversas devem ocorrer. A dire\u00e7\u00e3o do time italiano, que realiza uma reformula\u00e7\u00e3o no setor defensivo, v\u00ea em L\u00e9o Ortiz um nome experiente e capaz de contribuir j\u00e1 na pr\u00f3xima temporada.<\/p>\n\n\n\n<p>Enquanto isso, Wesley aguarda defini\u00e7\u00f5es. O Flamengo, por sua vez, observa o cen\u00e1rio com aten\u00e7\u00e3o e j\u00e1 prepara o lateral uruguaio Varela para assumir a titularidade em caso de sa\u00edda do jovem revelado pelas categorias de base do clube.<\/p>\n","protected":false},"excerpt":{"rendered":"<p>Dois nomes do elenco rubro-negro est\u00e3o no centro das aten\u00e7\u00f5es da Juventus. Ap\u00f3s boas atua\u00e7\u00f5es no Mundial de Clubes, o clube italiano estuda propostas por L\u00e9o Ortiz e Wesley. Ambos os jogadores se destacaram na campanha da equipe carioca nos Estados Unidos e despertaram o interesse da tradicional agremia\u00e7\u00e3o de Turim. A janela de transfer\u00eancias [&hellip;]<\/p>\n","protected":false},"author":30,"featured_media":124710,"comment_status":"open","ping_status":"closed","sticky":false,"template":"","format":"standard","meta":{"footnotes":""},"categories":[1,78,108,105],"tags":[],"class_list":["post-271705","post","type-post","status-publish","format-standard","has-post-thumbnail","hentry","category-flamengo","category-futebol-internacional","category-juventus","category-serie-a"],"yoast_head":"<!-- This site is optimized with the Yoast SEO Premium plugin v24.2 (Yoast SEO v26.9) - https:\/\/yoast.com\/product\/yoast-seo-premium-wordpress\/ -->\n<title>Juventus pode tirar dois titulares do Flamengo nos pr\u00f3ximos dias<\/title>\n<meta name=\"robots\" content=\"index, follow, max-snippet:-1, max-image-preview:large, max-video-preview:-1\" \/>\n<link rel=\"canonical\" href=\"https:\/\/www.gaveanews.com\/index.php\/2025\/06\/30\/juventus-pode-tirar-dois-titulares-do-flamengo-nos-proximos-dias\/\" \/>\n<meta property=\"og:locale\" content=\"pt_BR\" \/>\n<meta property=\"og:type\" content=\"article\" \/>\n<meta property=\"og:title\" content=\"Juventus pode tirar dois titulares do Flamengo nos pr\u00f3ximos dias\" \/>\n<meta property=\"og:description\" content=\"Dois nomes do elenco rubro-negro est\u00e3o no centro das aten\u00e7\u00f5es da Juventus. Ap\u00f3s boas atua\u00e7\u00f5es no Mundial de Clubes, o clube italiano estuda propostas por L\u00e9o Ortiz e Wesley. Ambos os jogadores se destacaram na campanha da equipe carioca nos Estados Unidos e despertaram o interesse da tradicional agremia\u00e7\u00e3o de Turim. A janela de transfer\u00eancias [&hellip;]\" \/>\n<meta property=\"og:url\" content=\"https:\/\/www.gaveanews.com\/index.php\/2025\/06\/30\/juventus-pode-tirar-dois-titulares-do-flamengo-nos-proximos-dias\/\" \/>\n<meta property=\"og:site_name\" content=\"G\u00e1vea News\" \/>\n<meta property=\"article:publisher\" content=\"https:\/\/facebook.com\/gaveaNews\/\" \/>\n<meta property=\"article:published_time\" content=\"2025-06-30T22:00:45+00:00\" \/>\n<meta property=\"article:modified_time\" content=\"2025-06-30T22:00:50+00:00\" \/>\n<meta property=\"og:image\" content=\"http:\/\/www.gaveanews.com\/wp-content\/uploads\/juventus.webp\" \/>\n\t<meta property=\"og:image:width\" content=\"1080\" \/>\n\t<meta property=\"og:image:height\" content=\"720\" \/>\n\t<meta property=\"og:image:type\" content=\"image\/webp\" \/>\n<meta name=\"author\" content=\"Ana Teixeira\" \/>\n<meta name=\"twitter:card\" content=\"summary_large_image\" \/>\n<meta name=\"twitter:label1\" content=\"Escrito por\" \/>\n\t<meta name=\"twitter:data1\" content=\"Ana Teixeira\" \/>\n\t<meta name=\"twitter:label2\" content=\"Est. tempo de leitura\" \/>\n\t<meta name=\"twitter:data2\" content=\"3 minutos\" \/>\n<script type=\"application\/ld+json\" class=\"yoast-schema-graph\">{\"@context\":\"https:\/\/schema.org\",\"@graph\":[{\"@type\":\"NewsArticle\",\"@id\":\"https:\/\/www.gaveanews.com\/index.php\/2025\/06\/30\/juventus-pode-tirar-dois-titulares-do-flamengo-nos-proximos-dias\/#article\",\"isPartOf\":{\"@id\":\"https:\/\/www.gaveanews.com\/index.php\/2025\/06\/30\/juventus-pode-tirar-dois-titulares-do-flamengo-nos-proximos-dias\/\"},\"author\":{\"name\":\"Ana Teixeira\",\"@id\":\"https:\/\/www.gaveanews.com\/#\/schema\/person\/3b19f7288b0ce20372991275e4f2e6c2\"},\"headline\":\"Juventus pode tirar dois titulares do Flamengo nos pr\u00f3ximos dias\",\"datePublished\":\"2025-06-30T22:00:45+00:00\",\"dateModified\":\"2025-06-30T22:00:50+00:00\",\"mainEntityOfPage\":{\"@id\":\"https:\/\/www.gaveanews.com\/index.php\/2025\/06\/30\/juventus-pode-tirar-dois-titulares-do-flamengo-nos-proximos-dias\/\"},\"wordCount\":518,\"commentCount\":0,\"image\":{\"@id\":\"https:\/\/www.gaveanews.com\/index.php\/2025\/06\/30\/juventus-pode-tirar-dois-titulares-do-flamengo-nos-proximos-dias\/#primaryimage\"},\"thumbnailUrl\":\"https:\/\/www.gaveanews.com\/wp-content\/uploads\/juventus.webp\",\"articleSection\":[\"Flamengo\",\"Futebol Internacional\",\"Juventus\",\"S\u00e9rie A\"],\"inLanguage\":\"pt-BR\",\"potentialAction\":[{\"@type\":\"CommentAction\",\"name\":\"Comment\",\"target\":[\"https:\/\/www.gaveanews.com\/index.php\/2025\/06\/30\/juventus-pode-tirar-dois-titulares-do-flamengo-nos-proximos-dias\/#respond\"]}],\"copyrightYear\":\"2025\",\"copyrightHolder\":{\"@id\":\"https:\/\/www.gaveanews.com\/#organization\"}},{\"@type\":\"WebPage\",\"@id\":\"https:\/\/www.gaveanews.com\/index.php\/2025\/06\/30\/juventus-pode-tirar-dois-titulares-do-flamengo-nos-proximos-dias\/\",\"url\":\"https:\/\/www.gaveanews.com\/index.php\/2025\/06\/30\/juventus-pode-tirar-dois-titulares-do-flamengo-nos-proximos-dias\/\",\"name\":\"Juventus pode tirar dois titulares do Flamengo nos pr\u00f3ximos dias\",\"isPartOf\":{\"@id\":\"https:\/\/www.gaveanews.com\/#website\"},\"primaryImageOfPage\":{\"@id\":\"https:\/\/www.gaveanews.com\/index.php\/2025\/06\/30\/juventus-pode-tirar-dois-titulares-do-flamengo-nos-proximos-dias\/#primaryimage\"},\"image\":{\"@id\":\"https:\/\/www.gaveanews.com\/index.php\/2025\/06\/30\/juventus-pode-tirar-dois-titulares-do-flamengo-nos-proximos-dias\/#primaryimage\"},\"thumbnailUrl\":\"https:\/\/www.gaveanews.com\/wp-content\/uploads\/juventus.webp\",\"datePublished\":\"2025-06-30T22:00:45+00:00\",\"dateModified\":\"2025-06-30T22:00:50+00:00\",\"author\":{\"@id\":\"https:\/\/www.gaveanews.com\/#\/schema\/person\/3b19f7288b0ce20372991275e4f2e6c2\"},\"breadcrumb\":{\"@id\":\"https:\/\/www.gaveanews.com\/index.php\/2025\/06\/30\/juventus-pode-tirar-dois-titulares-do-flamengo-nos-proximos-dias\/#breadcrumb\"},\"inLanguage\":\"pt-BR\",\"potentialAction\":[{\"@type\":\"ReadAction\",\"target\":[\"https:\/\/www.gaveanews.com\/index.php\/2025\/06\/30\/juventus-pode-tirar-dois-titulares-do-flamengo-nos-proximos-dias\/\"]}]},{\"@type\":\"ImageObject\",\"inLanguage\":\"pt-BR\",\"@id\":\"https:\/\/www.gaveanews.com\/index.php\/2025\/06\/30\/juventus-pode-tirar-dois-titulares-do-flamengo-nos-proximos-dias\/#primaryimage\",\"url\":\"https:\/\/www.gaveanews.com\/wp-content\/uploads\/juventus.webp\",\"contentUrl\":\"https:\/\/www.gaveanews.com\/wp-content\/uploads\/juventus.webp\",\"width\":1080,\"height\":720,\"caption\":\"Escudo da Juventus (Foto: Reprodu\u00e7\u00e3o)\"},{\"@type\":\"BreadcrumbList\",\"@id\":\"https:\/\/www.gaveanews.com\/index.php\/2025\/06\/30\/juventus-pode-tirar-dois-titulares-do-flamengo-nos-proximos-dias\/#breadcrumb\",\"itemListElement\":[{\"@type\":\"ListItem\",\"position\":1,\"name\":\"Home\",\"item\":\"https:\/\/www.gaveanews.com\/\"},{\"@type\":\"ListItem\",\"position\":2,\"name\":\"Juventus pode tirar dois titulares do Flamengo nos pr\u00f3ximos dias\"}]},{\"@type\":\"WebSite\",\"@id\":\"https:\/\/www.gaveanews.com\/#website\",\"url\":\"https:\/\/www.gaveanews.com\/\",\"name\":\"G\u00e1vea News\",\"description\":\"Veja todas as not\u00edcias sobre o Flamengo: Contrata\u00e7\u00f5es, categorias de base, resultados das partidas, tabela de classifica\u00e7\u00e3o, pr\u00f3ximos jogos!\",\"potentialAction\":[{\"@type\":\"SearchAction\",\"target\":{\"@type\":\"EntryPoint\",\"urlTemplate\":\"https:\/\/www.gaveanews.com\/?s={search_term_string}\"},\"query-input\":{\"@type\":\"PropertyValueSpecification\",\"valueRequired\":true,\"valueName\":\"search_term_string\"}}],\"inLanguage\":\"pt-BR\"},{\"@type\":\"Person\",\"@id\":\"https:\/\/www.gaveanews.com\/#\/schema\/person\/3b19f7288b0ce20372991275e4f2e6c2\",\"name\":\"Ana Teixeira\",\"image\":{\"@type\":\"ImageObject\",\"inLanguage\":\"pt-BR\",\"@id\":\"https:\/\/www.gaveanews.com\/#\/schema\/person\/image\/\",\"url\":\"https:\/\/secure.gravatar.com\/avatar\/0a73f5a5258f3fed37fc2fa641892f3f7a4748456d4d4792f9bc550e6c19e06c?s=96&d=mm&r=g\",\"contentUrl\":\"https:\/\/secure.gravatar.com\/avatar\/0a73f5a5258f3fed37fc2fa641892f3f7a4748456d4d4792f9bc550e6c19e06c?s=96&d=mm&r=g\",\"caption\":\"Ana Teixeira\"}}]}<\/script>\n<!-- \/ Yoast SEO Premium plugin. -->","yoast_head_json":{"title":"Juventus pode tirar dois titulares do Flamengo nos pr\u00f3ximos dias","robots":{"index":"index","follow":"follow","max-snippet":"max-snippet:-1","max-image-preview":"max-image-preview:large","max-video-preview":"max-video-preview:-1"},"canonical":"https:\/\/www.gaveanews.com\/index.php\/2025\/06\/30\/juventus-pode-tirar-dois-titulares-do-flamengo-nos-proximos-dias\/","og_locale":"pt_BR","og_type":"article","og_title":"Juventus pode tirar dois titulares do Flamengo nos pr\u00f3ximos dias","og_description":"Dois nomes do elenco rubro-negro est\u00e3o no centro das aten\u00e7\u00f5es da Juventus. Ap\u00f3s boas atua\u00e7\u00f5es no Mundial de Clubes, o clube italiano estuda propostas por L\u00e9o Ortiz e Wesley. Ambos os jogadores se destacaram na campanha da equipe carioca nos Estados Unidos e despertaram o interesse da tradicional agremia\u00e7\u00e3o de Turim. A janela de transfer\u00eancias [&hellip;]","og_url":"https:\/\/www.gaveanews.com\/index.php\/2025\/06\/30\/juventus-pode-tirar-dois-titulares-do-flamengo-nos-proximos-dias\/","og_site_name":"G\u00e1vea News","article_publisher":"https:\/\/facebook.com\/gaveaNews\/","article_published_time":"2025-06-30T22:00:45+00:00","article_modified_time":"2025-06-30T22:00:50+00:00","og_image":[{"width":1080,"height":720,"url":"http:\/\/www.gaveanews.com\/wp-content\/uploads\/juventus.webp","type":"image\/webp"}],"author":"Ana Teixeira","twitter_card":"summary_large_image","twitter_misc":{"Escrito por":"Ana Teixeira","Est. tempo de leitura":"3 minutos"},"schema":{"@context":"https:\/\/schema.org","@graph":[{"@type":"NewsArticle","@id":"https:\/\/www.gaveanews.com\/index.php\/2025\/06\/30\/juventus-pode-tirar-dois-titulares-do-flamengo-nos-proximos-dias\/#article","isPartOf":{"@id":"https:\/\/www.gaveanews.com\/index.php\/2025\/06\/30\/juventus-pode-tirar-dois-titulares-do-flamengo-nos-proximos-dias\/"},"author":{"name":"Ana Teixeira","@id":"https:\/\/www.gaveanews.com\/#\/schema\/person\/3b19f7288b0ce20372991275e4f2e6c2"},"headline":"Juventus pode tirar dois titulares do Flamengo nos pr\u00f3ximos dias","datePublished":"2025-06-30T22:00:45+00:00","dateModified":"2025-06-30T22:00:50+00:00","mainEntityOfPage":{"@id":"https:\/\/www.gaveanews.com\/index.php\/2025\/06\/30\/juventus-pode-tirar-dois-titulares-do-flamengo-nos-proximos-dias\/"},"wordCount":518,"commentCount":0,"image":{"@id":"https:\/\/www.gaveanews.com\/index.php\/2025\/06\/30\/juventus-pode-tirar-dois-titulares-do-flamengo-nos-proximos-dias\/#primaryimage"},"thumbnailUrl":"https:\/\/www.gaveanews.com\/wp-content\/uploads\/juventus.webp","articleSection":["Flamengo","Futebol Internacional","Juventus","S\u00e9rie A"],"inLanguage":"pt-BR","potentialAction":[{"@type":"CommentAction","name":"Comment","target":["https:\/\/www.gaveanews.com\/index.php\/2025\/06\/30\/juventus-pode-tirar-dois-titulares-do-flamengo-nos-proximos-dias\/#respond"]}],"copyrightYear":"2025","copyrightHolder":{"@id":"https:\/\/www.gaveanews.com\/#organization"}},{"@type":"WebPage","@id":"https:\/\/www.gaveanews.com\/index.php\/2025\/06\/30\/juventus-pode-tirar-dois-titulares-do-flamengo-nos-proximos-dias\/","url":"https:\/\/www.gaveanews.com\/index.php\/2025\/06\/30\/juventus-pode-tirar-dois-titulares-do-flamengo-nos-proximos-dias\/","name":"Juventus pode tirar dois titulares do Flamengo nos pr\u00f3ximos dias","isPartOf":{"@id":"https:\/\/www.gaveanews.com\/#website"},"primaryImageOfPage":{"@id":"https:\/\/www.gaveanews.com\/index.php\/2025\/06\/30\/juventus-pode-tirar-dois-titulares-do-flamengo-nos-proximos-dias\/#primaryimage"},"image":{"@id":"https:\/\/www.gaveanews.com\/index.php\/2025\/06\/30\/juventus-pode-tirar-dois-titulares-do-flamengo-nos-proximos-dias\/#primaryimage"},"thumbnailUrl":"https:\/\/www.gaveanews.com\/wp-content\/uploads\/juventus.webp","datePublished":"2025-06-30T22:00:45+00:00","dateModified":"2025-06-30T22:00:50+00:00","author":{"@id":"https:\/\/www.gaveanews.com\/#\/schema\/person\/3b19f7288b0ce20372991275e4f2e6c2"},"breadcrumb":{"@id":"https:\/\/www.gaveanews.com\/index.php\/2025\/06\/30\/juventus-pode-tirar-dois-titulares-do-flamengo-nos-proximos-dias\/#breadcrumb"},"inLanguage":"pt-BR","potentialAction":[{"@type":"ReadAction","target":["https:\/\/www.gaveanews.com\/index.php\/2025\/06\/30\/juventus-pode-tirar-dois-titulares-do-flamengo-nos-proximos-dias\/"]}]},{"@type":"ImageObject","inLanguage":"pt-BR","@id":"https:\/\/www.gaveanews.com\/index.php\/2025\/06\/30\/juventus-pode-tirar-dois-titulares-do-flamengo-nos-proximos-dias\/#primaryimage","url":"https:\/\/www.gaveanews.com\/wp-content\/uploads\/juventus.webp","contentUrl":"https:\/\/www.gaveanews.com\/wp-content\/uploads\/juventus.webp","width":1080,"height":720,"caption":"Escudo da Juventus (Foto: Reprodu\u00e7\u00e3o)"},{"@type":"BreadcrumbList","@id":"https:\/\/www.gaveanews.com\/index.php\/2025\/06\/30\/juventus-pode-tirar-dois-titulares-do-flamengo-nos-proximos-dias\/#breadcrumb","itemListElement":[{"@type":"ListItem","position":1,"name":"Home","item":"https:\/\/www.gaveanews.com\/"},{"@type":"ListItem","position":2,"name":"Juventus pode tirar dois titulares do Flamengo nos pr\u00f3ximos dias"}]},{"@type":"WebSite","@id":"https:\/\/www.gaveanews.com\/#website","url":"https:\/\/www.gaveanews.com\/","name":"G\u00e1vea News","description":"Veja todas as not\u00edcias sobre o Flamengo: Contrata\u00e7\u00f5es, categorias de base, resultados das partidas, tabela de classifica\u00e7\u00e3o, pr\u00f3ximos jogos!","potentialAction":[{"@type":"SearchAction","target":{"@type":"EntryPoint","urlTemplate":"https:\/\/www.gaveanews.com\/?s={search_term_string}"},"query-input":{"@type":"PropertyValueSpecification","valueRequired":true,"valueName":"search_term_string"}}],"inLanguage":"pt-BR"},{"@type":"Person","@id":"https:\/\/www.gaveanews.com\/#\/schema\/person\/3b19f7288b0ce20372991275e4f2e6c2","name":"Ana Teixeira","image":{"@type":"ImageObject","inLanguage":"pt-BR","@id":"https:\/\/www.gaveanews.com\/#\/schema\/person\/image\/","url":"https:\/\/secure.gravatar.com\/avatar\/0a73f5a5258f3fed37fc2fa641892f3f7a4748456d4d4792f9bc550e6c19e06c?s=96&d=mm&r=g","contentUrl":"https:\/\/secure.gravatar.com\/avatar\/0a73f5a5258f3fed37fc2fa641892f3f7a4748456d4d4792f9bc550e6c19e06c?s=96&d=mm&r=g","caption":"Ana Teixeira"}}]}},"_links":{"self":[{"href":"https:\/\/www.gaveanews.com\/index.php\/wp-json\/wp\/v2\/posts\/271705","targetHints":{"allow":["GET"]}}],"collection":[{"href":"https:\/\/www.gaveanews.com\/index.php\/wp-json\/wp\/v2\/posts"}],"about":[{"href":"https:\/\/www.gaveanews.com\/index.php\/wp-json\/wp\/v2\/types\/post"}],"author":[{"embeddable":true,"href":"https:\/\/www.gaveanews.com\/index.php\/wp-json\/wp\/v2\/users\/30"}],"replies":[{"embeddable":true,"href":"https:\/\/www.gaveanews.com\/index.php\/wp-json\/wp\/v2\/comments?post=271705"}],"version-history":[{"count":1,"href":"https:\/\/www.gaveanews.com\/index.php\/wp-json\/wp\/v2\/posts\/271705\/revisions"}],"predecessor-version":[{"id":271706,"href":"https:\/\/www.gaveanews.com\/index.php\/wp-json\/wp\/v2\/posts\/271705\/revisions\/271706"}],"wp:featuredmedia":[{"embeddable":true,"href":"https:\/\/www.gaveanews.com\/index.php\/wp-json\/wp\/v2\/media\/124710"}],"wp:attachment":[{"href":"https:\/\/www.gaveanews.com\/index.php\/wp-json\/wp\/v2\/media?parent=271705"}],"wp:term":[{"taxonomy":"category","embeddable":true,"href":"https:\/\/www.gaveanews.com\/index.php\/wp-json\/wp\/v2\/categories?post=271705"},{"taxonomy":"post_tag","embeddable":true,"href":"https:\/\/www.gaveanews.com\/index.php\/wp-json\/wp\/v2\/tags?post=271705"}],"curies":[{"name":"wp","href":"https:\/\/api.w.org\/{rel}","templated":true}]}}