{"id":272272,"date":"2025-07-10T12:30:00","date_gmt":"2025-07-10T15:30:00","guid":{"rendered":"https:\/\/www.gaveanews.com\/?p=272272"},"modified":"2025-07-10T10:24:03","modified_gmt":"2025-07-10T13:24:03","slug":"atacante-do-flamengo-e-procurado-por-clube-da-serie-b","status":"publish","type":"post","link":"https:\/\/www.gaveanews.com\/index.php\/2025\/07\/10\/atacante-do-flamengo-e-procurado-por-clube-da-serie-b\/","title":{"rendered":"Atacante do Flamengo \u00e9 procurado por clube da S\u00e9rie B"},"content":{"rendered":"\n<p>A janela de transfer\u00eancias abriu oficialmente nesta quinta-feira (10) e, como era esperado, o mercado come\u00e7ou a se agitar, inclusive nas categorias de base. Um dos nomes que chamou aten\u00e7\u00e3o foi o do atacante nigeriano Shola, destaque do Flamengo Sub-20, que recebeu proposta do Volta Redonda, atual vice-lanterna da S\u00e9rie B do Brasileir\u00e3o. A diretoria rubro-negra, no entanto, recusou abrir negocia\u00e7\u00f5es. Isso porque o clube conta com o jovem talento para o Mundial de Clubes Sub-20, que ser\u00e1 disputado em agosto, no Maracan\u00e3.<\/p>\n\n\n\n<h2 class=\"wp-block-heading\" id=\"h-mundial-a-vista-e-prioridade-mantida\">Mundial \u00e0 vista e prioridade mantida<\/h2>\n\n\n\n<p>Apesar de reconhecer a import\u00e2ncia de Shola ganhar minutos em um time profissional, o Flamengo optou por manter o atleta no elenco de base, priorizando o desempenho na competi\u00e7\u00e3o internacional. Vale destacar que no dia 23 de agosto, o Rubro-Negro enfrenta o Barcelona, da Espanha, na estreia do torneio mundial. Por isso, liberar o atacante agora n\u00e3o \u00e9 uma op\u00e7\u00e3o considerada vi\u00e1vel internamente.<\/p>\n\n\n\n<p>A informa\u00e7\u00e3o sobre o interesse do Volta Redonda foi divulgada pelo \u2018BTS Sports\u2019. Cabe ressaltar que o clube da S\u00e9rie B vive situa\u00e7\u00e3o delicada: est\u00e1 na zona de rebaixamento, com apenas 14 pontos em 15 jogos. Dessa maneira, a chegada de Shola seria vista como um refor\u00e7o estrat\u00e9gico para tentar reverter a m\u00e1 fase.<\/p>\n\n\n\n<h2 class=\"wp-block-heading\" id=\"h-experiencia-no-profissional-e-futuro-promissor\">Experi\u00eancia no profissional e futuro promissor<\/h2>\n\n\n\n<p>Com um t\u00edtulo mundial e duas Libertadores Sub-20 no curr\u00edculo, Shola j\u00e1 soma cinco partidas no time profissional do Flamengo. Quatro delas foram em 2025, durante o Campeonato Carioca, quando o clube usou um elenco alternativo. Al\u00e9m disso, sua estreia na equipe principal aconteceu no ano passado, diante do Atl\u00e9tico-MG, pelo Brasileir\u00e3o.<\/p>\n\n\n\n<p>Sendo assim, o atacante acumula experi\u00eancias importantes para sua idade e tem contrato com o Flamengo at\u00e9 o fim de 2027. Com isso, o clube acredita que ele pode contribuir significativamente no Mundial Sub-20 antes de um poss\u00edvel empr\u00e9stimo futuro.<\/p>\n\n\n\n<h2 class=\"wp-block-heading\" id=\"h-proximo-desafio-no-sub-20-sera-sob-novo-comando\">Pr\u00f3ximo desafio no Sub-20 ser\u00e1 sob novo comando<\/h2>\n\n\n\n<p>Desse jeito, Shola deve estar em campo ainda nesta quinta-feira (10), quando o Flamengo encara o Botafogo, \u00e0s 18h (de Bras\u00edlia), no Est\u00e1dio Luso-Brasileiro. A partida marca a estreia do t\u00e9cnico Bruno Pivetti e ter\u00e1 refor\u00e7os vindos do profissional, como Matheus Gon\u00e7alves, Lorran e Joshua. Portanto, os olhos estar\u00e3o voltados novamente para o jovem nigeriano, que segue sendo pe\u00e7a-chave na base rubro-negra.<\/p>\n","protected":false},"excerpt":{"rendered":"<p>A janela de transfer\u00eancias abriu oficialmente nesta quinta-feira (10) e, como era esperado, o mercado come\u00e7ou a se agitar, inclusive nas categorias de base. Um dos nomes que chamou aten\u00e7\u00e3o foi o do atacante nigeriano Shola, destaque do Flamengo Sub-20, que recebeu proposta do Volta Redonda, atual vice-lanterna da S\u00e9rie B do Brasileir\u00e3o. A diretoria [&hellip;]<\/p>\n","protected":false},"author":24,"featured_media":124518,"comment_status":"open","ping_status":"closed","sticky":false,"template":"","format":"standard","meta":{"footnotes":""},"categories":[1],"tags":[],"class_list":["post-272272","post","type-post","status-publish","format-standard","has-post-thumbnail","hentry","category-flamengo"],"yoast_head":"<!-- This site is optimized with the Yoast SEO Premium plugin v24.2 (Yoast SEO v26.9) - https:\/\/yoast.com\/product\/yoast-seo-premium-wordpress\/ -->\n<title>Atacante do Flamengo \u00e9 procurado por clube da S\u00e9rie B<\/title>\n<meta name=\"robots\" content=\"index, follow, max-snippet:-1, max-image-preview:large, max-video-preview:-1\" \/>\n<link rel=\"canonical\" href=\"https:\/\/www.gaveanews.com\/index.php\/2025\/07\/10\/atacante-do-flamengo-e-procurado-por-clube-da-serie-b\/\" \/>\n<meta property=\"og:locale\" content=\"pt_BR\" \/>\n<meta property=\"og:type\" content=\"article\" \/>\n<meta property=\"og:title\" content=\"Atacante do Flamengo \u00e9 procurado por clube da S\u00e9rie B\" \/>\n<meta property=\"og:description\" content=\"A janela de transfer\u00eancias abriu oficialmente nesta quinta-feira (10) e, como era esperado, o mercado come\u00e7ou a se agitar, inclusive nas categorias de base. Um dos nomes que chamou aten\u00e7\u00e3o foi o do atacante nigeriano Shola, destaque do Flamengo Sub-20, que recebeu proposta do Volta Redonda, atual vice-lanterna da S\u00e9rie B do Brasileir\u00e3o. A diretoria [&hellip;]\" \/>\n<meta property=\"og:url\" content=\"https:\/\/www.gaveanews.com\/index.php\/2025\/07\/10\/atacante-do-flamengo-e-procurado-por-clube-da-serie-b\/\" \/>\n<meta property=\"og:site_name\" content=\"G\u00e1vea News\" \/>\n<meta property=\"article:publisher\" content=\"https:\/\/facebook.com\/gaveaNews\/\" \/>\n<meta property=\"article:published_time\" content=\"2025-07-10T15:30:00+00:00\" \/>\n<meta property=\"og:image\" content=\"https:\/\/www.gaveanews.com\/wp-content\/uploads\/Centro-de-Treinamento-Ninho-do-Urubu.webp\" \/>\n\t<meta property=\"og:image:width\" content=\"1200\" \/>\n\t<meta property=\"og:image:height\" content=\"799\" \/>\n\t<meta property=\"og:image:type\" content=\"image\/jpeg\" \/>\n<meta name=\"author\" content=\"Leandro Cardoso\" \/>\n<meta name=\"twitter:card\" content=\"summary_large_image\" \/>\n<meta name=\"twitter:label1\" content=\"Escrito por\" \/>\n\t<meta name=\"twitter:data1\" content=\"Leandro Cardoso\" \/>\n\t<meta name=\"twitter:label2\" content=\"Est. tempo de leitura\" \/>\n\t<meta name=\"twitter:data2\" content=\"3 minutos\" \/>\n<script type=\"application\/ld+json\" class=\"yoast-schema-graph\">{\"@context\":\"https:\/\/schema.org\",\"@graph\":[{\"@type\":\"NewsArticle\",\"@id\":\"https:\/\/www.gaveanews.com\/index.php\/2025\/07\/10\/atacante-do-flamengo-e-procurado-por-clube-da-serie-b\/#article\",\"isPartOf\":{\"@id\":\"https:\/\/www.gaveanews.com\/index.php\/2025\/07\/10\/atacante-do-flamengo-e-procurado-por-clube-da-serie-b\/\"},\"author\":{\"name\":\"Leandro Cardoso\",\"@id\":\"https:\/\/www.gaveanews.com\/#\/schema\/person\/2424ec6409bc3f068411fc5e4e9b6168\"},\"headline\":\"Atacante do Flamengo \u00e9 procurado por clube da S\u00e9rie B\",\"datePublished\":\"2025-07-10T15:30:00+00:00\",\"mainEntityOfPage\":{\"@id\":\"https:\/\/www.gaveanews.com\/index.php\/2025\/07\/10\/atacante-do-flamengo-e-procurado-por-clube-da-serie-b\/\"},\"wordCount\":408,\"commentCount\":0,\"image\":{\"@id\":\"https:\/\/www.gaveanews.com\/index.php\/2025\/07\/10\/atacante-do-flamengo-e-procurado-por-clube-da-serie-b\/#primaryimage\"},\"thumbnailUrl\":\"https:\/\/www.gaveanews.com\/wp-content\/uploads\/Centro-de-Treinamento-Ninho-do-Urubu.webp\",\"articleSection\":[\"Flamengo\"],\"inLanguage\":\"pt-BR\",\"potentialAction\":[{\"@type\":\"CommentAction\",\"name\":\"Comment\",\"target\":[\"https:\/\/www.gaveanews.com\/index.php\/2025\/07\/10\/atacante-do-flamengo-e-procurado-por-clube-da-serie-b\/#respond\"]}],\"copyrightYear\":\"2025\",\"copyrightHolder\":{\"@id\":\"https:\/\/www.gaveanews.com\/#organization\"}},{\"@type\":\"WebPage\",\"@id\":\"https:\/\/www.gaveanews.com\/index.php\/2025\/07\/10\/atacante-do-flamengo-e-procurado-por-clube-da-serie-b\/\",\"url\":\"https:\/\/www.gaveanews.com\/index.php\/2025\/07\/10\/atacante-do-flamengo-e-procurado-por-clube-da-serie-b\/\",\"name\":\"Atacante do Flamengo \u00e9 procurado por clube da S\u00e9rie B\",\"isPartOf\":{\"@id\":\"https:\/\/www.gaveanews.com\/#website\"},\"primaryImageOfPage\":{\"@id\":\"https:\/\/www.gaveanews.com\/index.php\/2025\/07\/10\/atacante-do-flamengo-e-procurado-por-clube-da-serie-b\/#primaryimage\"},\"image\":{\"@id\":\"https:\/\/www.gaveanews.com\/index.php\/2025\/07\/10\/atacante-do-flamengo-e-procurado-por-clube-da-serie-b\/#primaryimage\"},\"thumbnailUrl\":\"https:\/\/www.gaveanews.com\/wp-content\/uploads\/Centro-de-Treinamento-Ninho-do-Urubu.webp\",\"datePublished\":\"2025-07-10T15:30:00+00:00\",\"author\":{\"@id\":\"https:\/\/www.gaveanews.com\/#\/schema\/person\/2424ec6409bc3f068411fc5e4e9b6168\"},\"breadcrumb\":{\"@id\":\"https:\/\/www.gaveanews.com\/index.php\/2025\/07\/10\/atacante-do-flamengo-e-procurado-por-clube-da-serie-b\/#breadcrumb\"},\"inLanguage\":\"pt-BR\",\"potentialAction\":[{\"@type\":\"ReadAction\",\"target\":[\"https:\/\/www.gaveanews.com\/index.php\/2025\/07\/10\/atacante-do-flamengo-e-procurado-por-clube-da-serie-b\/\"]}]},{\"@type\":\"ImageObject\",\"inLanguage\":\"pt-BR\",\"@id\":\"https:\/\/www.gaveanews.com\/index.php\/2025\/07\/10\/atacante-do-flamengo-e-procurado-por-clube-da-serie-b\/#primaryimage\",\"url\":\"https:\/\/www.gaveanews.com\/wp-content\/uploads\/Centro-de-Treinamento-Ninho-do-Urubu.webp\",\"contentUrl\":\"https:\/\/www.gaveanews.com\/wp-content\/uploads\/Centro-de-Treinamento-Ninho-do-Urubu.webp\",\"width\":1200,\"height\":799,\"caption\":\"Centro de Treinamento Ninho do Urubu - Foto: divulga\u00e7\u00e3o\"},{\"@type\":\"BreadcrumbList\",\"@id\":\"https:\/\/www.gaveanews.com\/index.php\/2025\/07\/10\/atacante-do-flamengo-e-procurado-por-clube-da-serie-b\/#breadcrumb\",\"itemListElement\":[{\"@type\":\"ListItem\",\"position\":1,\"name\":\"Home\",\"item\":\"https:\/\/www.gaveanews.com\/\"},{\"@type\":\"ListItem\",\"position\":2,\"name\":\"Atacante do Flamengo \u00e9 procurado por clube da S\u00e9rie B\"}]},{\"@type\":\"WebSite\",\"@id\":\"https:\/\/www.gaveanews.com\/#website\",\"url\":\"https:\/\/www.gaveanews.com\/\",\"name\":\"G\u00e1vea News\",\"description\":\"Veja todas as not\u00edcias sobre o Flamengo: Contrata\u00e7\u00f5es, categorias de base, resultados das partidas, tabela de classifica\u00e7\u00e3o, pr\u00f3ximos jogos!\",\"potentialAction\":[{\"@type\":\"SearchAction\",\"target\":{\"@type\":\"EntryPoint\",\"urlTemplate\":\"https:\/\/www.gaveanews.com\/?s={search_term_string}\"},\"query-input\":{\"@type\":\"PropertyValueSpecification\",\"valueRequired\":true,\"valueName\":\"search_term_string\"}}],\"inLanguage\":\"pt-BR\"},{\"@type\":\"Person\",\"@id\":\"https:\/\/www.gaveanews.com\/#\/schema\/person\/2424ec6409bc3f068411fc5e4e9b6168\",\"name\":\"Leandro Cardoso\",\"image\":{\"@type\":\"ImageObject\",\"inLanguage\":\"pt-BR\",\"@id\":\"https:\/\/www.gaveanews.com\/#\/schema\/person\/image\/\",\"url\":\"https:\/\/secure.gravatar.com\/avatar\/8ca179f9b55eefe9f376f5493ef25475bfa59fbc28ce937f6076ce20e523098f?s=96&d=mm&r=g\",\"contentUrl\":\"https:\/\/secure.gravatar.com\/avatar\/8ca179f9b55eefe9f376f5493ef25475bfa59fbc28ce937f6076ce20e523098f?s=96&d=mm&r=g\",\"caption\":\"Leandro Cardoso\"}}]}<\/script>\n<!-- \/ Yoast SEO Premium plugin. -->","yoast_head_json":{"title":"Atacante do Flamengo \u00e9 procurado por clube da S\u00e9rie B","robots":{"index":"index","follow":"follow","max-snippet":"max-snippet:-1","max-image-preview":"max-image-preview:large","max-video-preview":"max-video-preview:-1"},"canonical":"https:\/\/www.gaveanews.com\/index.php\/2025\/07\/10\/atacante-do-flamengo-e-procurado-por-clube-da-serie-b\/","og_locale":"pt_BR","og_type":"article","og_title":"Atacante do Flamengo \u00e9 procurado por clube da S\u00e9rie B","og_description":"A janela de transfer\u00eancias abriu oficialmente nesta quinta-feira (10) e, como era esperado, o mercado come\u00e7ou a se agitar, inclusive nas categorias de base. Um dos nomes que chamou aten\u00e7\u00e3o foi o do atacante nigeriano Shola, destaque do Flamengo Sub-20, que recebeu proposta do Volta Redonda, atual vice-lanterna da S\u00e9rie B do Brasileir\u00e3o. A diretoria [&hellip;]","og_url":"https:\/\/www.gaveanews.com\/index.php\/2025\/07\/10\/atacante-do-flamengo-e-procurado-por-clube-da-serie-b\/","og_site_name":"G\u00e1vea News","article_publisher":"https:\/\/facebook.com\/gaveaNews\/","article_published_time":"2025-07-10T15:30:00+00:00","og_image":[{"width":1200,"height":799,"url":"https:\/\/www.gaveanews.com\/wp-content\/uploads\/Centro-de-Treinamento-Ninho-do-Urubu.webp","type":"image\/jpeg"}],"author":"Leandro Cardoso","twitter_card":"summary_large_image","twitter_misc":{"Escrito por":"Leandro Cardoso","Est. tempo de leitura":"3 minutos"},"schema":{"@context":"https:\/\/schema.org","@graph":[{"@type":"NewsArticle","@id":"https:\/\/www.gaveanews.com\/index.php\/2025\/07\/10\/atacante-do-flamengo-e-procurado-por-clube-da-serie-b\/#article","isPartOf":{"@id":"https:\/\/www.gaveanews.com\/index.php\/2025\/07\/10\/atacante-do-flamengo-e-procurado-por-clube-da-serie-b\/"},"author":{"name":"Leandro Cardoso","@id":"https:\/\/www.gaveanews.com\/#\/schema\/person\/2424ec6409bc3f068411fc5e4e9b6168"},"headline":"Atacante do Flamengo \u00e9 procurado por clube da S\u00e9rie B","datePublished":"2025-07-10T15:30:00+00:00","mainEntityOfPage":{"@id":"https:\/\/www.gaveanews.com\/index.php\/2025\/07\/10\/atacante-do-flamengo-e-procurado-por-clube-da-serie-b\/"},"wordCount":408,"commentCount":0,"image":{"@id":"https:\/\/www.gaveanews.com\/index.php\/2025\/07\/10\/atacante-do-flamengo-e-procurado-por-clube-da-serie-b\/#primaryimage"},"thumbnailUrl":"https:\/\/www.gaveanews.com\/wp-content\/uploads\/Centro-de-Treinamento-Ninho-do-Urubu.webp","articleSection":["Flamengo"],"inLanguage":"pt-BR","potentialAction":[{"@type":"CommentAction","name":"Comment","target":["https:\/\/www.gaveanews.com\/index.php\/2025\/07\/10\/atacante-do-flamengo-e-procurado-por-clube-da-serie-b\/#respond"]}],"copyrightYear":"2025","copyrightHolder":{"@id":"https:\/\/www.gaveanews.com\/#organization"}},{"@type":"WebPage","@id":"https:\/\/www.gaveanews.com\/index.php\/2025\/07\/10\/atacante-do-flamengo-e-procurado-por-clube-da-serie-b\/","url":"https:\/\/www.gaveanews.com\/index.php\/2025\/07\/10\/atacante-do-flamengo-e-procurado-por-clube-da-serie-b\/","name":"Atacante do Flamengo \u00e9 procurado por clube da S\u00e9rie B","isPartOf":{"@id":"https:\/\/www.gaveanews.com\/#website"},"primaryImageOfPage":{"@id":"https:\/\/www.gaveanews.com\/index.php\/2025\/07\/10\/atacante-do-flamengo-e-procurado-por-clube-da-serie-b\/#primaryimage"},"image":{"@id":"https:\/\/www.gaveanews.com\/index.php\/2025\/07\/10\/atacante-do-flamengo-e-procurado-por-clube-da-serie-b\/#primaryimage"},"thumbnailUrl":"https:\/\/www.gaveanews.com\/wp-content\/uploads\/Centro-de-Treinamento-Ninho-do-Urubu.webp","datePublished":"2025-07-10T15:30:00+00:00","author":{"@id":"https:\/\/www.gaveanews.com\/#\/schema\/person\/2424ec6409bc3f068411fc5e4e9b6168"},"breadcrumb":{"@id":"https:\/\/www.gaveanews.com\/index.php\/2025\/07\/10\/atacante-do-flamengo-e-procurado-por-clube-da-serie-b\/#breadcrumb"},"inLanguage":"pt-BR","potentialAction":[{"@type":"ReadAction","target":["https:\/\/www.gaveanews.com\/index.php\/2025\/07\/10\/atacante-do-flamengo-e-procurado-por-clube-da-serie-b\/"]}]},{"@type":"ImageObject","inLanguage":"pt-BR","@id":"https:\/\/www.gaveanews.com\/index.php\/2025\/07\/10\/atacante-do-flamengo-e-procurado-por-clube-da-serie-b\/#primaryimage","url":"https:\/\/www.gaveanews.com\/wp-content\/uploads\/Centro-de-Treinamento-Ninho-do-Urubu.webp","contentUrl":"https:\/\/www.gaveanews.com\/wp-content\/uploads\/Centro-de-Treinamento-Ninho-do-Urubu.webp","width":1200,"height":799,"caption":"Centro de Treinamento Ninho do Urubu - Foto: divulga\u00e7\u00e3o"},{"@type":"BreadcrumbList","@id":"https:\/\/www.gaveanews.com\/index.php\/2025\/07\/10\/atacante-do-flamengo-e-procurado-por-clube-da-serie-b\/#breadcrumb","itemListElement":[{"@type":"ListItem","position":1,"name":"Home","item":"https:\/\/www.gaveanews.com\/"},{"@type":"ListItem","position":2,"name":"Atacante do Flamengo \u00e9 procurado por clube da S\u00e9rie B"}]},{"@type":"WebSite","@id":"https:\/\/www.gaveanews.com\/#website","url":"https:\/\/www.gaveanews.com\/","name":"G\u00e1vea News","description":"Veja todas as not\u00edcias sobre o Flamengo: Contrata\u00e7\u00f5es, categorias de base, resultados das partidas, tabela de classifica\u00e7\u00e3o, pr\u00f3ximos jogos!","potentialAction":[{"@type":"SearchAction","target":{"@type":"EntryPoint","urlTemplate":"https:\/\/www.gaveanews.com\/?s={search_term_string}"},"query-input":{"@type":"PropertyValueSpecification","valueRequired":true,"valueName":"search_term_string"}}],"inLanguage":"pt-BR"},{"@type":"Person","@id":"https:\/\/www.gaveanews.com\/#\/schema\/person\/2424ec6409bc3f068411fc5e4e9b6168","name":"Leandro Cardoso","image":{"@type":"ImageObject","inLanguage":"pt-BR","@id":"https:\/\/www.gaveanews.com\/#\/schema\/person\/image\/","url":"https:\/\/secure.gravatar.com\/avatar\/8ca179f9b55eefe9f376f5493ef25475bfa59fbc28ce937f6076ce20e523098f?s=96&d=mm&r=g","contentUrl":"https:\/\/secure.gravatar.com\/avatar\/8ca179f9b55eefe9f376f5493ef25475bfa59fbc28ce937f6076ce20e523098f?s=96&d=mm&r=g","caption":"Leandro Cardoso"}}]}},"_links":{"self":[{"href":"https:\/\/www.gaveanews.com\/index.php\/wp-json\/wp\/v2\/posts\/272272","targetHints":{"allow":["GET"]}}],"collection":[{"href":"https:\/\/www.gaveanews.com\/index.php\/wp-json\/wp\/v2\/posts"}],"about":[{"href":"https:\/\/www.gaveanews.com\/index.php\/wp-json\/wp\/v2\/types\/post"}],"author":[{"embeddable":true,"href":"https:\/\/www.gaveanews.com\/index.php\/wp-json\/wp\/v2\/users\/24"}],"replies":[{"embeddable":true,"href":"https:\/\/www.gaveanews.com\/index.php\/wp-json\/wp\/v2\/comments?post=272272"}],"version-history":[{"count":1,"href":"https:\/\/www.gaveanews.com\/index.php\/wp-json\/wp\/v2\/posts\/272272\/revisions"}],"predecessor-version":[{"id":272275,"href":"https:\/\/www.gaveanews.com\/index.php\/wp-json\/wp\/v2\/posts\/272272\/revisions\/272275"}],"wp:featuredmedia":[{"embeddable":true,"href":"https:\/\/www.gaveanews.com\/index.php\/wp-json\/wp\/v2\/media\/124518"}],"wp:attachment":[{"href":"https:\/\/www.gaveanews.com\/index.php\/wp-json\/wp\/v2\/media?parent=272272"}],"wp:term":[{"taxonomy":"category","embeddable":true,"href":"https:\/\/www.gaveanews.com\/index.php\/wp-json\/wp\/v2\/categories?post=272272"},{"taxonomy":"post_tag","embeddable":true,"href":"https:\/\/www.gaveanews.com\/index.php\/wp-json\/wp\/v2\/tags?post=272272"}],"curies":[{"name":"wp","href":"https:\/\/api.w.org\/{rel}","templated":true}]}}