{"id":272279,"date":"2025-07-10T13:30:00","date_gmt":"2025-07-10T16:30:00","guid":{"rendered":"https:\/\/www.gaveanews.com\/?p=272279"},"modified":"2025-07-10T10:30:31","modified_gmt":"2025-07-10T13:30:31","slug":"ex-flamengo-entra-na-justica-contra-o-clube","status":"publish","type":"post","link":"https:\/\/www.gaveanews.com\/index.php\/2025\/07\/10\/ex-flamengo-entra-na-justica-contra-o-clube\/","title":{"rendered":"Ex-Flamengo entra na Justi\u00e7a contra o clube"},"content":{"rendered":"\n<p>O Flamengo, que \u00e9 sin\u00f4nimo de paix\u00e3o e sucesso dentro das quadras, agora enfrenta um desafio fora delas. Gustavo de Conti, t\u00e9cnico que liderou o time de basquete por sete anos, acionou a Justi\u00e7a do Rio de Janeiro em busca de mais de R$ 700 mil por conta de uma rescis\u00e3o contratual que considera abrupta e injusta.&nbsp;<\/p>\n\n\n\n<p>O processo revela uma disputa que vai al\u00e9m do esporte, envolvendo cl\u00e1usulas contratuais pol\u00eamicas e questionamentos jur\u00eddicos que podem impactar a imagem do clube.<\/p>\n\n\n\n<p>Al\u00e9m disso, a reclama\u00e7\u00e3o de Conti gira em torno de um contrato que ele classifica como \u201cdesequilibrado\u201d, pois imp\u00f5e multa apenas ao treinador em caso de pedido de rescis\u00e3o, mas n\u00e3o penaliza o clube em caso de desligamento unilateral.&nbsp;<\/p>\n\n\n\n<p>Sendo assim, a defesa do ex-t\u00e9cnico argumenta que essa condi\u00e7\u00e3o fere o princ\u00edpio da boa-f\u00e9 contratual, fundamental nas rela\u00e7\u00f5es profissionais.<\/p>\n\n\n\n<h2 class=\"wp-block-heading\" id=\"h-clausulas-sob-analise\">Cl\u00e1usulas sob an\u00e1lise<\/h2>\n\n\n\n<p>Vale destacar que a a\u00e7\u00e3o judicial cita normas do C\u00f3digo Civil, da Lei Geral do Esporte e precedentes do Superior Tribunal de Justi\u00e7a (STJ), apontando que o contrato firmado n\u00e3o respeita esses par\u00e2metros legais. Dessa maneira, o embate jur\u00eddico entre as partes se intensifica, e a Justi\u00e7a ainda vai analisar se as cl\u00e1usulas aplicadas pelo Flamengo s\u00e3o leg\u00edtimas.<\/p>\n\n\n\n<p>At\u00e9 o momento, o clube n\u00e3o se pronunciou oficialmente sobre o caso, que segue em tramita\u00e7\u00e3o na esfera c\u00edvel.<\/p>\n\n\n\n<h2 class=\"wp-block-heading\" id=\"h-uma-trajetoria-vitoriosa-que-termina-em-controversia\">Uma trajet\u00f3ria vitoriosa que termina em controv\u00e9rsia<\/h2>\n\n\n\n<p>Cabe ressaltar que Gustavo de Conti marcou \u00e9poca no Flamengo, conquistando t\u00edtulos importantes como seis Campeonatos Cariocas, quatro Copas Super 8, dois NBBs, uma Champions League das Am\u00e9ricas e o t\u00edtulo mundial em 2022. Entretanto, o desempenho da equipe caiu nas \u00faltimas temporadas, o que levou \u00e0 sua demiss\u00e3o em fevereiro de 2025.<\/p>\n\n\n\n<p>Por isso, o clube optou por contratar Sergio Hern\u00e1ndez, t\u00e9cnico argentino, com a miss\u00e3o de retomar o caminho das vit\u00f3rias.<\/p>\n","protected":false},"excerpt":{"rendered":"<p>O Flamengo, que \u00e9 sin\u00f4nimo de paix\u00e3o e sucesso dentro das quadras, agora enfrenta um desafio fora delas. Gustavo de Conti, t\u00e9cnico que liderou o time de basquete por sete anos, acionou a Justi\u00e7a do Rio de Janeiro em busca de mais de R$ 700 mil por conta de uma rescis\u00e3o contratual que considera abrupta [&hellip;]<\/p>\n","protected":false},"author":25,"featured_media":126591,"comment_status":"open","ping_status":"closed","sticky":false,"template":"","format":"standard","meta":{"footnotes":""},"categories":[1],"tags":[],"class_list":["post-272279","post","type-post","status-publish","format-standard","has-post-thumbnail","hentry","category-flamengo"],"yoast_head":"<!-- This site is optimized with the Yoast SEO Premium plugin v24.2 (Yoast SEO v26.9) - https:\/\/yoast.com\/product\/yoast-seo-premium-wordpress\/ -->\n<title>Ex-Flamengo entra na Justi\u00e7a contra o clube<\/title>\n<meta name=\"robots\" content=\"index, follow, max-snippet:-1, max-image-preview:large, max-video-preview:-1\" \/>\n<link rel=\"canonical\" href=\"https:\/\/www.gaveanews.com\/index.php\/2025\/07\/10\/ex-flamengo-entra-na-justica-contra-o-clube\/\" \/>\n<meta property=\"og:locale\" content=\"pt_BR\" \/>\n<meta property=\"og:type\" content=\"article\" \/>\n<meta property=\"og:title\" content=\"Ex-Flamengo entra na Justi\u00e7a contra o clube\" \/>\n<meta property=\"og:description\" content=\"O Flamengo, que \u00e9 sin\u00f4nimo de paix\u00e3o e sucesso dentro das quadras, agora enfrenta um desafio fora delas. Gustavo de Conti, t\u00e9cnico que liderou o time de basquete por sete anos, acionou a Justi\u00e7a do Rio de Janeiro em busca de mais de R$ 700 mil por conta de uma rescis\u00e3o contratual que considera abrupta [&hellip;]\" \/>\n<meta property=\"og:url\" content=\"https:\/\/www.gaveanews.com\/index.php\/2025\/07\/10\/ex-flamengo-entra-na-justica-contra-o-clube\/\" \/>\n<meta property=\"og:site_name\" content=\"G\u00e1vea News\" \/>\n<meta property=\"article:publisher\" content=\"https:\/\/facebook.com\/gaveaNews\/\" \/>\n<meta property=\"article:published_time\" content=\"2025-07-10T16:30:00+00:00\" \/>\n<meta property=\"og:image\" content=\"https:\/\/www.gaveanews.com\/wp-content\/uploads\/escudoDoFlamengo.webp\" \/>\n\t<meta property=\"og:image:width\" content=\"1000\" \/>\n\t<meta property=\"og:image:height\" content=\"667\" \/>\n\t<meta property=\"og:image:type\" content=\"image\/jpeg\" \/>\n<meta name=\"author\" content=\"Rafaela Ladeira\" \/>\n<meta name=\"twitter:card\" content=\"summary_large_image\" \/>\n<meta name=\"twitter:label1\" content=\"Escrito por\" \/>\n\t<meta name=\"twitter:data1\" content=\"Rafaela Ladeira\" \/>\n\t<meta name=\"twitter:label2\" content=\"Est. tempo de leitura\" \/>\n\t<meta name=\"twitter:data2\" content=\"2 minutos\" \/>\n<script type=\"application\/ld+json\" class=\"yoast-schema-graph\">{\"@context\":\"https:\/\/schema.org\",\"@graph\":[{\"@type\":\"NewsArticle\",\"@id\":\"https:\/\/www.gaveanews.com\/index.php\/2025\/07\/10\/ex-flamengo-entra-na-justica-contra-o-clube\/#article\",\"isPartOf\":{\"@id\":\"https:\/\/www.gaveanews.com\/index.php\/2025\/07\/10\/ex-flamengo-entra-na-justica-contra-o-clube\/\"},\"author\":{\"name\":\"Rafaela Ladeira\",\"@id\":\"https:\/\/www.gaveanews.com\/#\/schema\/person\/0eb3e3fe1754f0205218538adbe8f5ed\"},\"headline\":\"Ex-Flamengo entra na Justi\u00e7a contra o clube\",\"datePublished\":\"2025-07-10T16:30:00+00:00\",\"mainEntityOfPage\":{\"@id\":\"https:\/\/www.gaveanews.com\/index.php\/2025\/07\/10\/ex-flamengo-entra-na-justica-contra-o-clube\/\"},\"wordCount\":347,\"commentCount\":0,\"image\":{\"@id\":\"https:\/\/www.gaveanews.com\/index.php\/2025\/07\/10\/ex-flamengo-entra-na-justica-contra-o-clube\/#primaryimage\"},\"thumbnailUrl\":\"https:\/\/www.gaveanews.com\/wp-content\/uploads\/escudoDoFlamengo.webp\",\"articleSection\":[\"Flamengo\"],\"inLanguage\":\"pt-BR\",\"potentialAction\":[{\"@type\":\"CommentAction\",\"name\":\"Comment\",\"target\":[\"https:\/\/www.gaveanews.com\/index.php\/2025\/07\/10\/ex-flamengo-entra-na-justica-contra-o-clube\/#respond\"]}],\"copyrightYear\":\"2025\",\"copyrightHolder\":{\"@id\":\"https:\/\/www.gaveanews.com\/#organization\"}},{\"@type\":\"WebPage\",\"@id\":\"https:\/\/www.gaveanews.com\/index.php\/2025\/07\/10\/ex-flamengo-entra-na-justica-contra-o-clube\/\",\"url\":\"https:\/\/www.gaveanews.com\/index.php\/2025\/07\/10\/ex-flamengo-entra-na-justica-contra-o-clube\/\",\"name\":\"Ex-Flamengo entra na Justi\u00e7a contra o clube\",\"isPartOf\":{\"@id\":\"https:\/\/www.gaveanews.com\/#website\"},\"primaryImageOfPage\":{\"@id\":\"https:\/\/www.gaveanews.com\/index.php\/2025\/07\/10\/ex-flamengo-entra-na-justica-contra-o-clube\/#primaryimage\"},\"image\":{\"@id\":\"https:\/\/www.gaveanews.com\/index.php\/2025\/07\/10\/ex-flamengo-entra-na-justica-contra-o-clube\/#primaryimage\"},\"thumbnailUrl\":\"https:\/\/www.gaveanews.com\/wp-content\/uploads\/escudoDoFlamengo.webp\",\"datePublished\":\"2025-07-10T16:30:00+00:00\",\"author\":{\"@id\":\"https:\/\/www.gaveanews.com\/#\/schema\/person\/0eb3e3fe1754f0205218538adbe8f5ed\"},\"breadcrumb\":{\"@id\":\"https:\/\/www.gaveanews.com\/index.php\/2025\/07\/10\/ex-flamengo-entra-na-justica-contra-o-clube\/#breadcrumb\"},\"inLanguage\":\"pt-BR\",\"potentialAction\":[{\"@type\":\"ReadAction\",\"target\":[\"https:\/\/www.gaveanews.com\/index.php\/2025\/07\/10\/ex-flamengo-entra-na-justica-contra-o-clube\/\"]}]},{\"@type\":\"ImageObject\",\"inLanguage\":\"pt-BR\",\"@id\":\"https:\/\/www.gaveanews.com\/index.php\/2025\/07\/10\/ex-flamengo-entra-na-justica-contra-o-clube\/#primaryimage\",\"url\":\"https:\/\/www.gaveanews.com\/wp-content\/uploads\/escudoDoFlamengo.webp\",\"contentUrl\":\"https:\/\/www.gaveanews.com\/wp-content\/uploads\/escudoDoFlamengo.webp\",\"width\":1000,\"height\":667,\"caption\":\"Escudo do Flamengo (Foto: Reprodu\u00e7\u00e3o)\"},{\"@type\":\"BreadcrumbList\",\"@id\":\"https:\/\/www.gaveanews.com\/index.php\/2025\/07\/10\/ex-flamengo-entra-na-justica-contra-o-clube\/#breadcrumb\",\"itemListElement\":[{\"@type\":\"ListItem\",\"position\":1,\"name\":\"Home\",\"item\":\"https:\/\/www.gaveanews.com\/\"},{\"@type\":\"ListItem\",\"position\":2,\"name\":\"Ex-Flamengo entra na Justi\u00e7a contra o clube\"}]},{\"@type\":\"WebSite\",\"@id\":\"https:\/\/www.gaveanews.com\/#website\",\"url\":\"https:\/\/www.gaveanews.com\/\",\"name\":\"G\u00e1vea News\",\"description\":\"Veja todas as not\u00edcias sobre o Flamengo: Contrata\u00e7\u00f5es, categorias de base, resultados das partidas, tabela de classifica\u00e7\u00e3o, pr\u00f3ximos jogos!\",\"potentialAction\":[{\"@type\":\"SearchAction\",\"target\":{\"@type\":\"EntryPoint\",\"urlTemplate\":\"https:\/\/www.gaveanews.com\/?s={search_term_string}\"},\"query-input\":{\"@type\":\"PropertyValueSpecification\",\"valueRequired\":true,\"valueName\":\"search_term_string\"}}],\"inLanguage\":\"pt-BR\"},{\"@type\":\"Person\",\"@id\":\"https:\/\/www.gaveanews.com\/#\/schema\/person\/0eb3e3fe1754f0205218538adbe8f5ed\",\"name\":\"Rafaela Ladeira\",\"image\":{\"@type\":\"ImageObject\",\"inLanguage\":\"pt-BR\",\"@id\":\"https:\/\/www.gaveanews.com\/#\/schema\/person\/image\/\",\"url\":\"https:\/\/secure.gravatar.com\/avatar\/c31f513acffd85eacab5730cbdfdbbf59f21ba5aeada8cd890acea879fbb2455?s=96&d=mm&r=g\",\"contentUrl\":\"https:\/\/secure.gravatar.com\/avatar\/c31f513acffd85eacab5730cbdfdbbf59f21ba5aeada8cd890acea879fbb2455?s=96&d=mm&r=g\",\"caption\":\"Rafaela Ladeira\"}}]}<\/script>\n<!-- \/ Yoast SEO Premium plugin. -->","yoast_head_json":{"title":"Ex-Flamengo entra na Justi\u00e7a contra o clube","robots":{"index":"index","follow":"follow","max-snippet":"max-snippet:-1","max-image-preview":"max-image-preview:large","max-video-preview":"max-video-preview:-1"},"canonical":"https:\/\/www.gaveanews.com\/index.php\/2025\/07\/10\/ex-flamengo-entra-na-justica-contra-o-clube\/","og_locale":"pt_BR","og_type":"article","og_title":"Ex-Flamengo entra na Justi\u00e7a contra o clube","og_description":"O Flamengo, que \u00e9 sin\u00f4nimo de paix\u00e3o e sucesso dentro das quadras, agora enfrenta um desafio fora delas. Gustavo de Conti, t\u00e9cnico que liderou o time de basquete por sete anos, acionou a Justi\u00e7a do Rio de Janeiro em busca de mais de R$ 700 mil por conta de uma rescis\u00e3o contratual que considera abrupta [&hellip;]","og_url":"https:\/\/www.gaveanews.com\/index.php\/2025\/07\/10\/ex-flamengo-entra-na-justica-contra-o-clube\/","og_site_name":"G\u00e1vea News","article_publisher":"https:\/\/facebook.com\/gaveaNews\/","article_published_time":"2025-07-10T16:30:00+00:00","og_image":[{"width":1000,"height":667,"url":"https:\/\/www.gaveanews.com\/wp-content\/uploads\/escudoDoFlamengo.webp","type":"image\/jpeg"}],"author":"Rafaela Ladeira","twitter_card":"summary_large_image","twitter_misc":{"Escrito por":"Rafaela Ladeira","Est. tempo de leitura":"2 minutos"},"schema":{"@context":"https:\/\/schema.org","@graph":[{"@type":"NewsArticle","@id":"https:\/\/www.gaveanews.com\/index.php\/2025\/07\/10\/ex-flamengo-entra-na-justica-contra-o-clube\/#article","isPartOf":{"@id":"https:\/\/www.gaveanews.com\/index.php\/2025\/07\/10\/ex-flamengo-entra-na-justica-contra-o-clube\/"},"author":{"name":"Rafaela Ladeira","@id":"https:\/\/www.gaveanews.com\/#\/schema\/person\/0eb3e3fe1754f0205218538adbe8f5ed"},"headline":"Ex-Flamengo entra na Justi\u00e7a contra o clube","datePublished":"2025-07-10T16:30:00+00:00","mainEntityOfPage":{"@id":"https:\/\/www.gaveanews.com\/index.php\/2025\/07\/10\/ex-flamengo-entra-na-justica-contra-o-clube\/"},"wordCount":347,"commentCount":0,"image":{"@id":"https:\/\/www.gaveanews.com\/index.php\/2025\/07\/10\/ex-flamengo-entra-na-justica-contra-o-clube\/#primaryimage"},"thumbnailUrl":"https:\/\/www.gaveanews.com\/wp-content\/uploads\/escudoDoFlamengo.webp","articleSection":["Flamengo"],"inLanguage":"pt-BR","potentialAction":[{"@type":"CommentAction","name":"Comment","target":["https:\/\/www.gaveanews.com\/index.php\/2025\/07\/10\/ex-flamengo-entra-na-justica-contra-o-clube\/#respond"]}],"copyrightYear":"2025","copyrightHolder":{"@id":"https:\/\/www.gaveanews.com\/#organization"}},{"@type":"WebPage","@id":"https:\/\/www.gaveanews.com\/index.php\/2025\/07\/10\/ex-flamengo-entra-na-justica-contra-o-clube\/","url":"https:\/\/www.gaveanews.com\/index.php\/2025\/07\/10\/ex-flamengo-entra-na-justica-contra-o-clube\/","name":"Ex-Flamengo entra na Justi\u00e7a contra o clube","isPartOf":{"@id":"https:\/\/www.gaveanews.com\/#website"},"primaryImageOfPage":{"@id":"https:\/\/www.gaveanews.com\/index.php\/2025\/07\/10\/ex-flamengo-entra-na-justica-contra-o-clube\/#primaryimage"},"image":{"@id":"https:\/\/www.gaveanews.com\/index.php\/2025\/07\/10\/ex-flamengo-entra-na-justica-contra-o-clube\/#primaryimage"},"thumbnailUrl":"https:\/\/www.gaveanews.com\/wp-content\/uploads\/escudoDoFlamengo.webp","datePublished":"2025-07-10T16:30:00+00:00","author":{"@id":"https:\/\/www.gaveanews.com\/#\/schema\/person\/0eb3e3fe1754f0205218538adbe8f5ed"},"breadcrumb":{"@id":"https:\/\/www.gaveanews.com\/index.php\/2025\/07\/10\/ex-flamengo-entra-na-justica-contra-o-clube\/#breadcrumb"},"inLanguage":"pt-BR","potentialAction":[{"@type":"ReadAction","target":["https:\/\/www.gaveanews.com\/index.php\/2025\/07\/10\/ex-flamengo-entra-na-justica-contra-o-clube\/"]}]},{"@type":"ImageObject","inLanguage":"pt-BR","@id":"https:\/\/www.gaveanews.com\/index.php\/2025\/07\/10\/ex-flamengo-entra-na-justica-contra-o-clube\/#primaryimage","url":"https:\/\/www.gaveanews.com\/wp-content\/uploads\/escudoDoFlamengo.webp","contentUrl":"https:\/\/www.gaveanews.com\/wp-content\/uploads\/escudoDoFlamengo.webp","width":1000,"height":667,"caption":"Escudo do Flamengo (Foto: Reprodu\u00e7\u00e3o)"},{"@type":"BreadcrumbList","@id":"https:\/\/www.gaveanews.com\/index.php\/2025\/07\/10\/ex-flamengo-entra-na-justica-contra-o-clube\/#breadcrumb","itemListElement":[{"@type":"ListItem","position":1,"name":"Home","item":"https:\/\/www.gaveanews.com\/"},{"@type":"ListItem","position":2,"name":"Ex-Flamengo entra na Justi\u00e7a contra o clube"}]},{"@type":"WebSite","@id":"https:\/\/www.gaveanews.com\/#website","url":"https:\/\/www.gaveanews.com\/","name":"G\u00e1vea News","description":"Veja todas as not\u00edcias sobre o Flamengo: Contrata\u00e7\u00f5es, categorias de base, resultados das partidas, tabela de classifica\u00e7\u00e3o, pr\u00f3ximos jogos!","potentialAction":[{"@type":"SearchAction","target":{"@type":"EntryPoint","urlTemplate":"https:\/\/www.gaveanews.com\/?s={search_term_string}"},"query-input":{"@type":"PropertyValueSpecification","valueRequired":true,"valueName":"search_term_string"}}],"inLanguage":"pt-BR"},{"@type":"Person","@id":"https:\/\/www.gaveanews.com\/#\/schema\/person\/0eb3e3fe1754f0205218538adbe8f5ed","name":"Rafaela Ladeira","image":{"@type":"ImageObject","inLanguage":"pt-BR","@id":"https:\/\/www.gaveanews.com\/#\/schema\/person\/image\/","url":"https:\/\/secure.gravatar.com\/avatar\/c31f513acffd85eacab5730cbdfdbbf59f21ba5aeada8cd890acea879fbb2455?s=96&d=mm&r=g","contentUrl":"https:\/\/secure.gravatar.com\/avatar\/c31f513acffd85eacab5730cbdfdbbf59f21ba5aeada8cd890acea879fbb2455?s=96&d=mm&r=g","caption":"Rafaela Ladeira"}}]}},"_links":{"self":[{"href":"https:\/\/www.gaveanews.com\/index.php\/wp-json\/wp\/v2\/posts\/272279","targetHints":{"allow":["GET"]}}],"collection":[{"href":"https:\/\/www.gaveanews.com\/index.php\/wp-json\/wp\/v2\/posts"}],"about":[{"href":"https:\/\/www.gaveanews.com\/index.php\/wp-json\/wp\/v2\/types\/post"}],"author":[{"embeddable":true,"href":"https:\/\/www.gaveanews.com\/index.php\/wp-json\/wp\/v2\/users\/25"}],"replies":[{"embeddable":true,"href":"https:\/\/www.gaveanews.com\/index.php\/wp-json\/wp\/v2\/comments?post=272279"}],"version-history":[{"count":1,"href":"https:\/\/www.gaveanews.com\/index.php\/wp-json\/wp\/v2\/posts\/272279\/revisions"}],"predecessor-version":[{"id":272280,"href":"https:\/\/www.gaveanews.com\/index.php\/wp-json\/wp\/v2\/posts\/272279\/revisions\/272280"}],"wp:featuredmedia":[{"embeddable":true,"href":"https:\/\/www.gaveanews.com\/index.php\/wp-json\/wp\/v2\/media\/126591"}],"wp:attachment":[{"href":"https:\/\/www.gaveanews.com\/index.php\/wp-json\/wp\/v2\/media?parent=272279"}],"wp:term":[{"taxonomy":"category","embeddable":true,"href":"https:\/\/www.gaveanews.com\/index.php\/wp-json\/wp\/v2\/categories?post=272279"},{"taxonomy":"post_tag","embeddable":true,"href":"https:\/\/www.gaveanews.com\/index.php\/wp-json\/wp\/v2\/tags?post=272279"}],"curies":[{"name":"wp","href":"https:\/\/api.w.org\/{rel}","templated":true}]}}