{"id":272288,"date":"2025-07-10T14:30:00","date_gmt":"2025-07-10T17:30:00","guid":{"rendered":"https:\/\/www.gaveanews.com\/?p=272288"},"modified":"2025-07-10T13:51:59","modified_gmt":"2025-07-10T16:51:59","slug":"inocente-julgamento-de-paqueta-tem-virada-de-bastidor-inesperada","status":"publish","type":"post","link":"https:\/\/www.gaveanews.com\/index.php\/2025\/07\/10\/inocente-julgamento-de-paqueta-tem-virada-de-bastidor-inesperada\/","title":{"rendered":"Inocente? Julgamento de Paquet\u00e1 tem virada de bastidor inesperada"},"content":{"rendered":"\n<p>A situa\u00e7\u00e3o de Lucas Paquet\u00e1, que vive um dos momentos mais delicados da carreira, pode estar prestes a mudar, e para melhor. Se voc\u00ea tem acompanhado o drama envolvendo o meia do West Ham, acusado de envolvimento com apostas esportivas, h\u00e1 agora uma reviravolta importante.&nbsp;<\/p>\n\n\n\n<p>Um especialista influente do futebol ingl\u00eas acredita que o jogador deve ser inocentado. E a justificativa vem com cr\u00edticas duras \u00e0 Federa\u00e7\u00e3o Inglesa (FA).&nbsp;<\/p>\n\n\n\n<h2 class=\"wp-block-heading\" id=\"h-declaracao-de-especialista-gera-nova-perspectiva\">Declara\u00e7\u00e3o de especialista gera nova perspectiva<\/h2>\n\n\n\n<p>Em entrevista ao podcast Inside Track da Football Insider, Keith Wyness, ex-diretor do Everton e hoje consultor de clubes na Inglaterra, exp\u00f4s bastidores surpreendentes sobre o julgamento.&nbsp;<\/p>\n\n\n\n<p>\u201cMinhas fontes me disseram que estava tudo decidido e que ele seria considerado inocente. Por que esse atraso, a menos que alguma nova evid\u00eancia tenha surgido no \u00faltimo minuto?\u201d, questionou.&nbsp;<\/p>\n\n\n\n<p>Com isso, levantou-se a suspeita de que o processo est\u00e1 sendo conduzido de forma problem\u00e1tica.<\/p>\n\n\n\n<h2 class=\"wp-block-heading\" id=\"h-prejuizo-esportivo-e-financeiro-para-clubes\">Preju\u00edzo esportivo e financeiro para clubes<\/h2>\n\n\n\n<p>Wyness foi direto ao apontar o impacto da indefini\u00e7\u00e3o na carreira de Paquet\u00e1: \u201cPara mim, parece que o processo est\u00e1 se tornando t\u00e3o oneroso e falho que est\u00e1 afetando o West Ham em termos do que eles far\u00e3o com ele na pr\u00f3xima temporada\u201d.<\/p>\n\n\n\n<p>&nbsp;Isso porque havia interesse do Manchester City e at\u00e9 clubes da Ar\u00e1bia Saudita, mas nenhuma negocia\u00e7\u00e3o pode avan\u00e7ar por isso.<\/p>\n\n\n\n<p>Vale destacar que o julgamento terminou no fim de maio, mas at\u00e9 agora a FA n\u00e3o divulgou nenhum resultado. Dessa maneira, o desgaste emocional tem sido evidente no jogador, que chegou a chorar em campo ap\u00f3s receber cart\u00e3o amarelo. Sendo assim, ele tamb\u00e9m perdeu espa\u00e7o na Sele\u00e7\u00e3o Brasileira.<\/p>\n\n\n\n<h2 class=\"wp-block-heading\" id=\"h-flamengo-sonha-com-retorno-do-cria-da-gavea\">Flamengo sonha com retorno do cria da G\u00e1vea<\/h2>\n\n\n\n<p>Enquanto a situa\u00e7\u00e3o se define, o Flamengo observa de perto. Paquet\u00e1 j\u00e1 expressou o desejo de \u201cvoltar para casa\u201d e reencontrar a torcida que o revelou.&nbsp;<\/p>\n\n\n\n<p>Cabe ressaltar que, apesar do interesse, o retorno depende diretamente da libera\u00e7\u00e3o do atleta da puni\u00e7\u00e3o. Desse jeito, o Rubro-Negro alimenta a esperan\u00e7a de ter seu craque novamente no elenco.<\/p>\n\n\n\n<p>O desfecho desse processo ser\u00e1 marcante para a rela\u00e7\u00e3o entre jogadores e a FA. Portanto, o que est\u00e1 em jogo n\u00e3o \u00e9 apenas o futuro de Paquet\u00e1, mas tamb\u00e9m a credibilidade das institui\u00e7\u00f5es esportivas inglesas.<\/p>\n","protected":false},"excerpt":{"rendered":"<p>A situa\u00e7\u00e3o de Lucas Paquet\u00e1, que vive um dos momentos mais delicados da carreira, pode estar prestes a mudar, e para melhor. Se voc\u00ea tem acompanhado o drama envolvendo o meia do West Ham, acusado de envolvimento com apostas esportivas, h\u00e1 agora uma reviravolta importante.&nbsp; Um especialista influente do futebol ingl\u00eas acredita que o jogador [&hellip;]<\/p>\n","protected":false},"author":25,"featured_media":108216,"comment_status":"open","ping_status":"closed","sticky":false,"template":"","format":"standard","meta":{"footnotes":""},"categories":[462],"tags":[],"class_list":["post-272288","post","type-post","status-publish","format-standard","has-post-thumbnail","hentry","category-west-ham"],"yoast_head":"<!-- This site is optimized with the Yoast SEO Premium plugin v24.2 (Yoast SEO v26.9) - https:\/\/yoast.com\/product\/yoast-seo-premium-wordpress\/ -->\n<title>Inocente? Julgamento de Paquet\u00e1 tem virada de bastidor inesperada<\/title>\n<meta name=\"robots\" content=\"index, follow, max-snippet:-1, max-image-preview:large, max-video-preview:-1\" \/>\n<link rel=\"canonical\" href=\"https:\/\/www.gaveanews.com\/index.php\/2025\/07\/10\/inocente-julgamento-de-paqueta-tem-virada-de-bastidor-inesperada\/\" \/>\n<meta property=\"og:locale\" content=\"pt_BR\" \/>\n<meta property=\"og:type\" content=\"article\" \/>\n<meta property=\"og:title\" content=\"Inocente? Julgamento de Paquet\u00e1 tem virada de bastidor inesperada\" \/>\n<meta property=\"og:description\" content=\"A situa\u00e7\u00e3o de Lucas Paquet\u00e1, que vive um dos momentos mais delicados da carreira, pode estar prestes a mudar, e para melhor. Se voc\u00ea tem acompanhado o drama envolvendo o meia do West Ham, acusado de envolvimento com apostas esportivas, h\u00e1 agora uma reviravolta importante.&nbsp; Um especialista influente do futebol ingl\u00eas acredita que o jogador [&hellip;]\" \/>\n<meta property=\"og:url\" content=\"https:\/\/www.gaveanews.com\/index.php\/2025\/07\/10\/inocente-julgamento-de-paqueta-tem-virada-de-bastidor-inesperada\/\" \/>\n<meta property=\"og:site_name\" content=\"G\u00e1vea News\" \/>\n<meta property=\"article:publisher\" content=\"https:\/\/facebook.com\/gaveaNews\/\" \/>\n<meta property=\"article:published_time\" content=\"2025-07-10T17:30:00+00:00\" \/>\n<meta property=\"og:image\" content=\"https:\/\/www.gaveanews.com\/wp-content\/uploads\/Lucas-Paqueta-recebe-o-carinho-de-Pep-Guardiola.webp\" \/>\n\t<meta property=\"og:image:width\" content=\"984\" \/>\n\t<meta property=\"og:image:height\" content=\"659\" \/>\n\t<meta property=\"og:image:type\" content=\"image\/webp\" \/>\n<meta name=\"author\" content=\"Rafaela Ladeira\" \/>\n<meta name=\"twitter:card\" content=\"summary_large_image\" \/>\n<meta name=\"twitter:label1\" content=\"Escrito por\" \/>\n\t<meta name=\"twitter:data1\" content=\"Rafaela Ladeira\" \/>\n\t<meta name=\"twitter:label2\" content=\"Est. tempo de leitura\" \/>\n\t<meta name=\"twitter:data2\" content=\"3 minutos\" \/>\n<script type=\"application\/ld+json\" class=\"yoast-schema-graph\">{\"@context\":\"https:\/\/schema.org\",\"@graph\":[{\"@type\":\"NewsArticle\",\"@id\":\"https:\/\/www.gaveanews.com\/index.php\/2025\/07\/10\/inocente-julgamento-de-paqueta-tem-virada-de-bastidor-inesperada\/#article\",\"isPartOf\":{\"@id\":\"https:\/\/www.gaveanews.com\/index.php\/2025\/07\/10\/inocente-julgamento-de-paqueta-tem-virada-de-bastidor-inesperada\/\"},\"author\":{\"name\":\"Rafaela Ladeira\",\"@id\":\"https:\/\/www.gaveanews.com\/#\/schema\/person\/0eb3e3fe1754f0205218538adbe8f5ed\"},\"headline\":\"Inocente? Julgamento de Paquet\u00e1 tem virada de bastidor inesperada\",\"datePublished\":\"2025-07-10T17:30:00+00:00\",\"mainEntityOfPage\":{\"@id\":\"https:\/\/www.gaveanews.com\/index.php\/2025\/07\/10\/inocente-julgamento-de-paqueta-tem-virada-de-bastidor-inesperada\/\"},\"wordCount\":407,\"commentCount\":0,\"image\":{\"@id\":\"https:\/\/www.gaveanews.com\/index.php\/2025\/07\/10\/inocente-julgamento-de-paqueta-tem-virada-de-bastidor-inesperada\/#primaryimage\"},\"thumbnailUrl\":\"https:\/\/www.gaveanews.com\/wp-content\/uploads\/Lucas-Paqueta-recebe-o-carinho-de-Pep-Guardiola.webp\",\"articleSection\":[\"West Ham\"],\"inLanguage\":\"pt-BR\",\"potentialAction\":[{\"@type\":\"CommentAction\",\"name\":\"Comment\",\"target\":[\"https:\/\/www.gaveanews.com\/index.php\/2025\/07\/10\/inocente-julgamento-de-paqueta-tem-virada-de-bastidor-inesperada\/#respond\"]}],\"copyrightYear\":\"2025\",\"copyrightHolder\":{\"@id\":\"https:\/\/www.gaveanews.com\/#organization\"}},{\"@type\":\"WebPage\",\"@id\":\"https:\/\/www.gaveanews.com\/index.php\/2025\/07\/10\/inocente-julgamento-de-paqueta-tem-virada-de-bastidor-inesperada\/\",\"url\":\"https:\/\/www.gaveanews.com\/index.php\/2025\/07\/10\/inocente-julgamento-de-paqueta-tem-virada-de-bastidor-inesperada\/\",\"name\":\"Inocente? Julgamento de Paquet\u00e1 tem virada de bastidor inesperada\",\"isPartOf\":{\"@id\":\"https:\/\/www.gaveanews.com\/#website\"},\"primaryImageOfPage\":{\"@id\":\"https:\/\/www.gaveanews.com\/index.php\/2025\/07\/10\/inocente-julgamento-de-paqueta-tem-virada-de-bastidor-inesperada\/#primaryimage\"},\"image\":{\"@id\":\"https:\/\/www.gaveanews.com\/index.php\/2025\/07\/10\/inocente-julgamento-de-paqueta-tem-virada-de-bastidor-inesperada\/#primaryimage\"},\"thumbnailUrl\":\"https:\/\/www.gaveanews.com\/wp-content\/uploads\/Lucas-Paqueta-recebe-o-carinho-de-Pep-Guardiola.webp\",\"datePublished\":\"2025-07-10T17:30:00+00:00\",\"author\":{\"@id\":\"https:\/\/www.gaveanews.com\/#\/schema\/person\/0eb3e3fe1754f0205218538adbe8f5ed\"},\"breadcrumb\":{\"@id\":\"https:\/\/www.gaveanews.com\/index.php\/2025\/07\/10\/inocente-julgamento-de-paqueta-tem-virada-de-bastidor-inesperada\/#breadcrumb\"},\"inLanguage\":\"pt-BR\",\"potentialAction\":[{\"@type\":\"ReadAction\",\"target\":[\"https:\/\/www.gaveanews.com\/index.php\/2025\/07\/10\/inocente-julgamento-de-paqueta-tem-virada-de-bastidor-inesperada\/\"]}]},{\"@type\":\"ImageObject\",\"inLanguage\":\"pt-BR\",\"@id\":\"https:\/\/www.gaveanews.com\/index.php\/2025\/07\/10\/inocente-julgamento-de-paqueta-tem-virada-de-bastidor-inesperada\/#primaryimage\",\"url\":\"https:\/\/www.gaveanews.com\/wp-content\/uploads\/Lucas-Paqueta-recebe-o-carinho-de-Pep-Guardiola.webp\",\"contentUrl\":\"https:\/\/www.gaveanews.com\/wp-content\/uploads\/Lucas-Paqueta-recebe-o-carinho-de-Pep-Guardiola.webp\",\"width\":984,\"height\":659},{\"@type\":\"BreadcrumbList\",\"@id\":\"https:\/\/www.gaveanews.com\/index.php\/2025\/07\/10\/inocente-julgamento-de-paqueta-tem-virada-de-bastidor-inesperada\/#breadcrumb\",\"itemListElement\":[{\"@type\":\"ListItem\",\"position\":1,\"name\":\"Home\",\"item\":\"https:\/\/www.gaveanews.com\/\"},{\"@type\":\"ListItem\",\"position\":2,\"name\":\"Inocente? Julgamento de Paquet\u00e1 tem virada de bastidor inesperada\"}]},{\"@type\":\"WebSite\",\"@id\":\"https:\/\/www.gaveanews.com\/#website\",\"url\":\"https:\/\/www.gaveanews.com\/\",\"name\":\"G\u00e1vea News\",\"description\":\"Veja todas as not\u00edcias sobre o Flamengo: Contrata\u00e7\u00f5es, categorias de base, resultados das partidas, tabela de classifica\u00e7\u00e3o, pr\u00f3ximos jogos!\",\"potentialAction\":[{\"@type\":\"SearchAction\",\"target\":{\"@type\":\"EntryPoint\",\"urlTemplate\":\"https:\/\/www.gaveanews.com\/?s={search_term_string}\"},\"query-input\":{\"@type\":\"PropertyValueSpecification\",\"valueRequired\":true,\"valueName\":\"search_term_string\"}}],\"inLanguage\":\"pt-BR\"},{\"@type\":\"Person\",\"@id\":\"https:\/\/www.gaveanews.com\/#\/schema\/person\/0eb3e3fe1754f0205218538adbe8f5ed\",\"name\":\"Rafaela Ladeira\",\"image\":{\"@type\":\"ImageObject\",\"inLanguage\":\"pt-BR\",\"@id\":\"https:\/\/www.gaveanews.com\/#\/schema\/person\/image\/\",\"url\":\"https:\/\/secure.gravatar.com\/avatar\/c31f513acffd85eacab5730cbdfdbbf59f21ba5aeada8cd890acea879fbb2455?s=96&d=mm&r=g\",\"contentUrl\":\"https:\/\/secure.gravatar.com\/avatar\/c31f513acffd85eacab5730cbdfdbbf59f21ba5aeada8cd890acea879fbb2455?s=96&d=mm&r=g\",\"caption\":\"Rafaela Ladeira\"}}]}<\/script>\n<!-- \/ Yoast SEO Premium plugin. -->","yoast_head_json":{"title":"Inocente? Julgamento de Paquet\u00e1 tem virada de bastidor inesperada","robots":{"index":"index","follow":"follow","max-snippet":"max-snippet:-1","max-image-preview":"max-image-preview:large","max-video-preview":"max-video-preview:-1"},"canonical":"https:\/\/www.gaveanews.com\/index.php\/2025\/07\/10\/inocente-julgamento-de-paqueta-tem-virada-de-bastidor-inesperada\/","og_locale":"pt_BR","og_type":"article","og_title":"Inocente? Julgamento de Paquet\u00e1 tem virada de bastidor inesperada","og_description":"A situa\u00e7\u00e3o de Lucas Paquet\u00e1, que vive um dos momentos mais delicados da carreira, pode estar prestes a mudar, e para melhor. Se voc\u00ea tem acompanhado o drama envolvendo o meia do West Ham, acusado de envolvimento com apostas esportivas, h\u00e1 agora uma reviravolta importante.&nbsp; Um especialista influente do futebol ingl\u00eas acredita que o jogador [&hellip;]","og_url":"https:\/\/www.gaveanews.com\/index.php\/2025\/07\/10\/inocente-julgamento-de-paqueta-tem-virada-de-bastidor-inesperada\/","og_site_name":"G\u00e1vea News","article_publisher":"https:\/\/facebook.com\/gaveaNews\/","article_published_time":"2025-07-10T17:30:00+00:00","og_image":[{"width":984,"height":659,"url":"https:\/\/www.gaveanews.com\/wp-content\/uploads\/Lucas-Paqueta-recebe-o-carinho-de-Pep-Guardiola.webp","type":"image\/webp"}],"author":"Rafaela Ladeira","twitter_card":"summary_large_image","twitter_misc":{"Escrito por":"Rafaela Ladeira","Est. tempo de leitura":"3 minutos"},"schema":{"@context":"https:\/\/schema.org","@graph":[{"@type":"NewsArticle","@id":"https:\/\/www.gaveanews.com\/index.php\/2025\/07\/10\/inocente-julgamento-de-paqueta-tem-virada-de-bastidor-inesperada\/#article","isPartOf":{"@id":"https:\/\/www.gaveanews.com\/index.php\/2025\/07\/10\/inocente-julgamento-de-paqueta-tem-virada-de-bastidor-inesperada\/"},"author":{"name":"Rafaela Ladeira","@id":"https:\/\/www.gaveanews.com\/#\/schema\/person\/0eb3e3fe1754f0205218538adbe8f5ed"},"headline":"Inocente? Julgamento de Paquet\u00e1 tem virada de bastidor inesperada","datePublished":"2025-07-10T17:30:00+00:00","mainEntityOfPage":{"@id":"https:\/\/www.gaveanews.com\/index.php\/2025\/07\/10\/inocente-julgamento-de-paqueta-tem-virada-de-bastidor-inesperada\/"},"wordCount":407,"commentCount":0,"image":{"@id":"https:\/\/www.gaveanews.com\/index.php\/2025\/07\/10\/inocente-julgamento-de-paqueta-tem-virada-de-bastidor-inesperada\/#primaryimage"},"thumbnailUrl":"https:\/\/www.gaveanews.com\/wp-content\/uploads\/Lucas-Paqueta-recebe-o-carinho-de-Pep-Guardiola.webp","articleSection":["West Ham"],"inLanguage":"pt-BR","potentialAction":[{"@type":"CommentAction","name":"Comment","target":["https:\/\/www.gaveanews.com\/index.php\/2025\/07\/10\/inocente-julgamento-de-paqueta-tem-virada-de-bastidor-inesperada\/#respond"]}],"copyrightYear":"2025","copyrightHolder":{"@id":"https:\/\/www.gaveanews.com\/#organization"}},{"@type":"WebPage","@id":"https:\/\/www.gaveanews.com\/index.php\/2025\/07\/10\/inocente-julgamento-de-paqueta-tem-virada-de-bastidor-inesperada\/","url":"https:\/\/www.gaveanews.com\/index.php\/2025\/07\/10\/inocente-julgamento-de-paqueta-tem-virada-de-bastidor-inesperada\/","name":"Inocente? Julgamento de Paquet\u00e1 tem virada de bastidor inesperada","isPartOf":{"@id":"https:\/\/www.gaveanews.com\/#website"},"primaryImageOfPage":{"@id":"https:\/\/www.gaveanews.com\/index.php\/2025\/07\/10\/inocente-julgamento-de-paqueta-tem-virada-de-bastidor-inesperada\/#primaryimage"},"image":{"@id":"https:\/\/www.gaveanews.com\/index.php\/2025\/07\/10\/inocente-julgamento-de-paqueta-tem-virada-de-bastidor-inesperada\/#primaryimage"},"thumbnailUrl":"https:\/\/www.gaveanews.com\/wp-content\/uploads\/Lucas-Paqueta-recebe-o-carinho-de-Pep-Guardiola.webp","datePublished":"2025-07-10T17:30:00+00:00","author":{"@id":"https:\/\/www.gaveanews.com\/#\/schema\/person\/0eb3e3fe1754f0205218538adbe8f5ed"},"breadcrumb":{"@id":"https:\/\/www.gaveanews.com\/index.php\/2025\/07\/10\/inocente-julgamento-de-paqueta-tem-virada-de-bastidor-inesperada\/#breadcrumb"},"inLanguage":"pt-BR","potentialAction":[{"@type":"ReadAction","target":["https:\/\/www.gaveanews.com\/index.php\/2025\/07\/10\/inocente-julgamento-de-paqueta-tem-virada-de-bastidor-inesperada\/"]}]},{"@type":"ImageObject","inLanguage":"pt-BR","@id":"https:\/\/www.gaveanews.com\/index.php\/2025\/07\/10\/inocente-julgamento-de-paqueta-tem-virada-de-bastidor-inesperada\/#primaryimage","url":"https:\/\/www.gaveanews.com\/wp-content\/uploads\/Lucas-Paqueta-recebe-o-carinho-de-Pep-Guardiola.webp","contentUrl":"https:\/\/www.gaveanews.com\/wp-content\/uploads\/Lucas-Paqueta-recebe-o-carinho-de-Pep-Guardiola.webp","width":984,"height":659},{"@type":"BreadcrumbList","@id":"https:\/\/www.gaveanews.com\/index.php\/2025\/07\/10\/inocente-julgamento-de-paqueta-tem-virada-de-bastidor-inesperada\/#breadcrumb","itemListElement":[{"@type":"ListItem","position":1,"name":"Home","item":"https:\/\/www.gaveanews.com\/"},{"@type":"ListItem","position":2,"name":"Inocente? Julgamento de Paquet\u00e1 tem virada de bastidor inesperada"}]},{"@type":"WebSite","@id":"https:\/\/www.gaveanews.com\/#website","url":"https:\/\/www.gaveanews.com\/","name":"G\u00e1vea News","description":"Veja todas as not\u00edcias sobre o Flamengo: Contrata\u00e7\u00f5es, categorias de base, resultados das partidas, tabela de classifica\u00e7\u00e3o, pr\u00f3ximos jogos!","potentialAction":[{"@type":"SearchAction","target":{"@type":"EntryPoint","urlTemplate":"https:\/\/www.gaveanews.com\/?s={search_term_string}"},"query-input":{"@type":"PropertyValueSpecification","valueRequired":true,"valueName":"search_term_string"}}],"inLanguage":"pt-BR"},{"@type":"Person","@id":"https:\/\/www.gaveanews.com\/#\/schema\/person\/0eb3e3fe1754f0205218538adbe8f5ed","name":"Rafaela Ladeira","image":{"@type":"ImageObject","inLanguage":"pt-BR","@id":"https:\/\/www.gaveanews.com\/#\/schema\/person\/image\/","url":"https:\/\/secure.gravatar.com\/avatar\/c31f513acffd85eacab5730cbdfdbbf59f21ba5aeada8cd890acea879fbb2455?s=96&d=mm&r=g","contentUrl":"https:\/\/secure.gravatar.com\/avatar\/c31f513acffd85eacab5730cbdfdbbf59f21ba5aeada8cd890acea879fbb2455?s=96&d=mm&r=g","caption":"Rafaela Ladeira"}}]}},"_links":{"self":[{"href":"https:\/\/www.gaveanews.com\/index.php\/wp-json\/wp\/v2\/posts\/272288","targetHints":{"allow":["GET"]}}],"collection":[{"href":"https:\/\/www.gaveanews.com\/index.php\/wp-json\/wp\/v2\/posts"}],"about":[{"href":"https:\/\/www.gaveanews.com\/index.php\/wp-json\/wp\/v2\/types\/post"}],"author":[{"embeddable":true,"href":"https:\/\/www.gaveanews.com\/index.php\/wp-json\/wp\/v2\/users\/25"}],"replies":[{"embeddable":true,"href":"https:\/\/www.gaveanews.com\/index.php\/wp-json\/wp\/v2\/comments?post=272288"}],"version-history":[{"count":1,"href":"https:\/\/www.gaveanews.com\/index.php\/wp-json\/wp\/v2\/posts\/272288\/revisions"}],"predecessor-version":[{"id":272289,"href":"https:\/\/www.gaveanews.com\/index.php\/wp-json\/wp\/v2\/posts\/272288\/revisions\/272289"}],"wp:featuredmedia":[{"embeddable":true,"href":"https:\/\/www.gaveanews.com\/index.php\/wp-json\/wp\/v2\/media\/108216"}],"wp:attachment":[{"href":"https:\/\/www.gaveanews.com\/index.php\/wp-json\/wp\/v2\/media?parent=272288"}],"wp:term":[{"taxonomy":"category","embeddable":true,"href":"https:\/\/www.gaveanews.com\/index.php\/wp-json\/wp\/v2\/categories?post=272288"},{"taxonomy":"post_tag","embeddable":true,"href":"https:\/\/www.gaveanews.com\/index.php\/wp-json\/wp\/v2\/tags?post=272288"}],"curies":[{"name":"wp","href":"https:\/\/api.w.org\/{rel}","templated":true}]}}