{"id":272299,"date":"2025-07-10T15:02:32","date_gmt":"2025-07-10T18:02:32","guid":{"rendered":"https:\/\/www.gaveanews.com\/?p=272299"},"modified":"2025-07-10T15:02:38","modified_gmt":"2025-07-10T18:02:38","slug":"carrascal-vlahovic-mikey-johnston-gerson-as-movimentacoes-do-flamengo-na-janela-de-transferencias","status":"publish","type":"post","link":"https:\/\/www.gaveanews.com\/index.php\/2025\/07\/10\/carrascal-vlahovic-mikey-johnston-gerson-as-movimentacoes-do-flamengo-na-janela-de-transferencias\/","title":{"rendered":"Carrascal, Vlahovic, Mikey Johnston, Gerson: as movimenta\u00e7\u00f5es do Flamengo na janela de transfer\u00eancias"},"content":{"rendered":"\n<p>Enquanto diversos clubes ainda planejam refor\u00e7ar seus elencos, o Flamengo reativou as conversas para contratar o meia colombiano Jorge Carrascal, atualmente no D\u00ednamo Moscou. A retomada das negocia\u00e7\u00f5es ocorre no momento em que a segunda janela de transfer\u00eancias da temporada se inicia, com prazo para registro at\u00e9 segunda-feira (02 de setembro).<\/p>\n\n\n\n<p>Anteriormente, as tratativas com o jogador haviam sido suspensas por diverg\u00eancias internas na diretoria rubro-negra. O impasse foi provocado pelo inc\u00f4modo de Jos\u00e9 Boto, diretor de futebol, ap\u00f3s a desist\u00eancia na contrata\u00e7\u00e3o do atacante Mikey Johnston. O epis\u00f3dio gerou tens\u00e3o nos bastidores e chegou a colocar em d\u00favida sua perman\u00eancia no clube. Contudo, ap\u00f3s uma reuni\u00e3o entre os dirigentes, a situa\u00e7\u00e3o foi contornada e as tratativas com o clube russo voltaram a avan\u00e7ar.<\/p>\n\n\n\n<figure class=\"wp-block-image size-large\"><img loading=\"lazy\" decoding=\"async\" width=\"1024\" height=\"683\" src=\"http:\/\/www.gaveanews.com\/wp-content\/uploads\/GgyxYg8WwAEB4mn-1024x683.webp\" alt=\"\" class=\"wp-image-209662\" srcset=\"https:\/\/www.gaveanews.com\/wp-content\/uploads\/GgyxYg8WwAEB4mn-1024x683.webp 1024w, https:\/\/www.gaveanews.com\/wp-content\/uploads\/GgyxYg8WwAEB4mn-300x200.webp 300w, https:\/\/www.gaveanews.com\/wp-content\/uploads\/GgyxYg8WwAEB4mn-768x512.webp 768w, https:\/\/www.gaveanews.com\/wp-content\/uploads\/GgyxYg8WwAEB4mn-1536x1024.webp 1536w, https:\/\/www.gaveanews.com\/wp-content\/uploads\/GgyxYg8WwAEB4mn-2048x1365.webp 2048w, https:\/\/www.gaveanews.com\/wp-content\/uploads\/GgyxYg8WwAEB4mn-630x420.webp 630w, https:\/\/www.gaveanews.com\/wp-content\/uploads\/GgyxYg8WwAEB4mn-1260x840.webp 1260w, https:\/\/www.gaveanews.com\/wp-content\/uploads\/GgyxYg8WwAEB4mn-640x427.webp 640w, https:\/\/www.gaveanews.com\/wp-content\/uploads\/GgyxYg8WwAEB4mn-1280x853.webp 1280w, https:\/\/www.gaveanews.com\/wp-content\/uploads\/GgyxYg8WwAEB4mn-681x454.webp 681w, https:\/\/www.gaveanews.com\/wp-content\/uploads\/GgyxYg8WwAEB4mn-1362x908.webp 1362w, https:\/\/www.gaveanews.com\/wp-content\/uploads\/GgyxYg8WwAEB4mn-100x67.webp 100w\" sizes=\"auto, (max-width: 1024px) 100vw, 1024px\" \/><figcaption class=\"wp-element-caption\">Jos\u00e9 Boto em coletiva pelo Flamengo (Gilvan de Souza \/CRF)<\/figcaption><\/figure>\n\n\n\n<p>Segundo apurado, o acerto com Carrascal est\u00e1 bem encaminhado. O Flamengo j\u00e1 definiu as bases salariais com o atleta e apresentou proposta de 12 milh\u00f5es de euros (cerca de R$ 76 milh\u00f5es), valor aceito pelo D\u00ednamo Moscou. Ainda restam pend\u00eancias ligadas \u00e0s garantias banc\u00e1rias, o que impede o an\u00fancio oficial at\u00e9 o momento.<\/p>\n\n\n\n<p>Com 27 anos, o meio-campista \u00e9 visto internamente como pe\u00e7a estrat\u00e9gica para a recomposi\u00e7\u00e3o do setor, sobretudo ap\u00f3s a sa\u00edda de Gerson. Assim sendo, o t\u00e9cnico Filipe Lu\u00eds aguarda a chegada do refor\u00e7o visando manter a competitividade do elenco na sequ\u00eancia da temporada. A eventual contrata\u00e7\u00e3o tamb\u00e9m ganha peso pelo contexto atual da equipe, que ainda n\u00e3o anunciou nenhum novo nome desde a reabertura da janela.<\/p>\n\n\n\n<p>No cen\u00e1rio geral do mercado, o Flamengo integra o grupo de clubes que seguem sem refor\u00e7os oficializados at\u00e9 esta quinta-feira (10 de julho). Al\u00e9m do rubro-negro, Atl\u00e9tico-MG, Bahia, Corinthians, Cruzeiro e Gr\u00eamio tamb\u00e9m permanecem inativos em termos de contrata\u00e7\u00f5es.<\/p>\n\n\n\n<p>Enquanto isso, o Palmeiras foi protagonista da movimenta\u00e7\u00e3o mais cara at\u00e9 aqui. A equipe paulista desembolsou 12,5 milh\u00f5es de euros (cerca de R$ 80,3 milh\u00f5es) para contratar o atacante Ram\u00f3n Sosa, ex-Nottingham Forest. Por sua vez, Santos e Fortaleza tamb\u00e9m se destacaram pela quantidade de chegadas, buscando refor\u00e7ar elencos em meio a campanhas irregulares.<\/p>\n\n\n\n<p>A pr\u00f3xima partida do Flamengo ser\u00e1 no s\u00e1bado (12 de julho), \u00e0s 16h30 (hor\u00e1rio de Bras\u00edlia), contra o S\u00e3o Paulo, no Maracan\u00e3. A equipe carioca tentar\u00e1 manter a boa sequ\u00eancia no Campeonato Brasileiro, enquanto as movimenta\u00e7\u00f5es nos bastidores seguem em ritmo acelerado.<\/p>\n","protected":false},"excerpt":{"rendered":"<p>Enquanto diversos clubes ainda planejam refor\u00e7ar seus elencos, o Flamengo reativou as conversas para contratar o meia colombiano Jorge Carrascal, atualmente no D\u00ednamo Moscou. A retomada das negocia\u00e7\u00f5es ocorre no momento em que a segunda janela de transfer\u00eancias da temporada se inicia, com prazo para registro at\u00e9 segunda-feira (02 de setembro). Anteriormente, as tratativas com [&hellip;]<\/p>\n","protected":false},"author":27,"featured_media":270669,"comment_status":"open","ping_status":"closed","sticky":false,"template":"","format":"standard","meta":{"footnotes":""},"categories":[1],"tags":[],"class_list":["post-272299","post","type-post","status-publish","format-standard","has-post-thumbnail","hentry","category-flamengo"],"yoast_head":"<!-- This site is optimized with the Yoast SEO Premium plugin v24.2 (Yoast SEO v26.9) - https:\/\/yoast.com\/product\/yoast-seo-premium-wordpress\/ -->\n<title>Carrascal, Vlahovic, Mikey Johnston, Gerson: as movimenta\u00e7\u00f5es do Flamengo na janela de transfer\u00eancias<\/title>\n<meta name=\"robots\" content=\"index, follow, max-snippet:-1, max-image-preview:large, max-video-preview:-1\" \/>\n<link rel=\"canonical\" href=\"https:\/\/www.gaveanews.com\/index.php\/2025\/07\/10\/carrascal-vlahovic-mikey-johnston-gerson-as-movimentacoes-do-flamengo-na-janela-de-transferencias\/\" \/>\n<meta property=\"og:locale\" content=\"pt_BR\" \/>\n<meta property=\"og:type\" content=\"article\" \/>\n<meta property=\"og:title\" content=\"Carrascal, Vlahovic, Mikey Johnston, Gerson: as movimenta\u00e7\u00f5es do Flamengo na janela de transfer\u00eancias\" \/>\n<meta property=\"og:description\" content=\"Enquanto diversos clubes ainda planejam refor\u00e7ar seus elencos, o Flamengo reativou as conversas para contratar o meia colombiano Jorge Carrascal, atualmente no D\u00ednamo Moscou. A retomada das negocia\u00e7\u00f5es ocorre no momento em que a segunda janela de transfer\u00eancias da temporada se inicia, com prazo para registro at\u00e9 segunda-feira (02 de setembro). Anteriormente, as tratativas com [&hellip;]\" \/>\n<meta property=\"og:url\" content=\"https:\/\/www.gaveanews.com\/index.php\/2025\/07\/10\/carrascal-vlahovic-mikey-johnston-gerson-as-movimentacoes-do-flamengo-na-janela-de-transferencias\/\" \/>\n<meta property=\"og:site_name\" content=\"G\u00e1vea News\" \/>\n<meta property=\"article:publisher\" content=\"https:\/\/facebook.com\/gaveaNews\/\" \/>\n<meta property=\"article:published_time\" content=\"2025-07-10T18:02:32+00:00\" \/>\n<meta property=\"article:modified_time\" content=\"2025-07-10T18:02:38+00:00\" \/>\n<meta property=\"og:image\" content=\"http:\/\/www.gaveanews.com\/wp-content\/uploads\/Jorge-Carrascal-em-acao-pelo-Dinamo-Moscou.webp\" \/>\n\t<meta property=\"og:image:width\" content=\"860\" \/>\n\t<meta property=\"og:image:height\" content=\"484\" \/>\n\t<meta property=\"og:image:type\" content=\"image\/webp\" \/>\n<meta name=\"author\" content=\"Matheus Felipe\" \/>\n<meta name=\"twitter:card\" content=\"summary_large_image\" \/>\n<meta name=\"twitter:label1\" content=\"Escrito por\" \/>\n\t<meta name=\"twitter:data1\" content=\"Matheus Felipe\" \/>\n\t<meta name=\"twitter:label2\" content=\"Est. tempo de leitura\" \/>\n\t<meta name=\"twitter:data2\" content=\"3 minutos\" \/>\n<script type=\"application\/ld+json\" class=\"yoast-schema-graph\">{\"@context\":\"https:\/\/schema.org\",\"@graph\":[{\"@type\":\"NewsArticle\",\"@id\":\"https:\/\/www.gaveanews.com\/index.php\/2025\/07\/10\/carrascal-vlahovic-mikey-johnston-gerson-as-movimentacoes-do-flamengo-na-janela-de-transferencias\/#article\",\"isPartOf\":{\"@id\":\"https:\/\/www.gaveanews.com\/index.php\/2025\/07\/10\/carrascal-vlahovic-mikey-johnston-gerson-as-movimentacoes-do-flamengo-na-janela-de-transferencias\/\"},\"author\":{\"name\":\"Matheus Felipe\",\"@id\":\"https:\/\/www.gaveanews.com\/#\/schema\/person\/8207cd4627f56151707418bfc835b2fb\"},\"headline\":\"Carrascal, Vlahovic, Mikey Johnston, Gerson: as movimenta\u00e7\u00f5es do Flamengo na janela de transfer\u00eancias\",\"datePublished\":\"2025-07-10T18:02:32+00:00\",\"dateModified\":\"2025-07-10T18:02:38+00:00\",\"mainEntityOfPage\":{\"@id\":\"https:\/\/www.gaveanews.com\/index.php\/2025\/07\/10\/carrascal-vlahovic-mikey-johnston-gerson-as-movimentacoes-do-flamengo-na-janela-de-transferencias\/\"},\"wordCount\":449,\"commentCount\":0,\"image\":{\"@id\":\"https:\/\/www.gaveanews.com\/index.php\/2025\/07\/10\/carrascal-vlahovic-mikey-johnston-gerson-as-movimentacoes-do-flamengo-na-janela-de-transferencias\/#primaryimage\"},\"thumbnailUrl\":\"https:\/\/www.gaveanews.com\/wp-content\/uploads\/Jorge-Carrascal-em-acao-pelo-Dinamo-Moscou.webp\",\"articleSection\":[\"Flamengo\"],\"inLanguage\":\"pt-BR\",\"potentialAction\":[{\"@type\":\"CommentAction\",\"name\":\"Comment\",\"target\":[\"https:\/\/www.gaveanews.com\/index.php\/2025\/07\/10\/carrascal-vlahovic-mikey-johnston-gerson-as-movimentacoes-do-flamengo-na-janela-de-transferencias\/#respond\"]}],\"copyrightYear\":\"2025\",\"copyrightHolder\":{\"@id\":\"https:\/\/www.gaveanews.com\/#organization\"}},{\"@type\":\"WebPage\",\"@id\":\"https:\/\/www.gaveanews.com\/index.php\/2025\/07\/10\/carrascal-vlahovic-mikey-johnston-gerson-as-movimentacoes-do-flamengo-na-janela-de-transferencias\/\",\"url\":\"https:\/\/www.gaveanews.com\/index.php\/2025\/07\/10\/carrascal-vlahovic-mikey-johnston-gerson-as-movimentacoes-do-flamengo-na-janela-de-transferencias\/\",\"name\":\"Carrascal, Vlahovic, Mikey Johnston, Gerson: as movimenta\u00e7\u00f5es do Flamengo na janela de transfer\u00eancias\",\"isPartOf\":{\"@id\":\"https:\/\/www.gaveanews.com\/#website\"},\"primaryImageOfPage\":{\"@id\":\"https:\/\/www.gaveanews.com\/index.php\/2025\/07\/10\/carrascal-vlahovic-mikey-johnston-gerson-as-movimentacoes-do-flamengo-na-janela-de-transferencias\/#primaryimage\"},\"image\":{\"@id\":\"https:\/\/www.gaveanews.com\/index.php\/2025\/07\/10\/carrascal-vlahovic-mikey-johnston-gerson-as-movimentacoes-do-flamengo-na-janela-de-transferencias\/#primaryimage\"},\"thumbnailUrl\":\"https:\/\/www.gaveanews.com\/wp-content\/uploads\/Jorge-Carrascal-em-acao-pelo-Dinamo-Moscou.webp\",\"datePublished\":\"2025-07-10T18:02:32+00:00\",\"dateModified\":\"2025-07-10T18:02:38+00:00\",\"author\":{\"@id\":\"https:\/\/www.gaveanews.com\/#\/schema\/person\/8207cd4627f56151707418bfc835b2fb\"},\"breadcrumb\":{\"@id\":\"https:\/\/www.gaveanews.com\/index.php\/2025\/07\/10\/carrascal-vlahovic-mikey-johnston-gerson-as-movimentacoes-do-flamengo-na-janela-de-transferencias\/#breadcrumb\"},\"inLanguage\":\"pt-BR\",\"potentialAction\":[{\"@type\":\"ReadAction\",\"target\":[\"https:\/\/www.gaveanews.com\/index.php\/2025\/07\/10\/carrascal-vlahovic-mikey-johnston-gerson-as-movimentacoes-do-flamengo-na-janela-de-transferencias\/\"]}]},{\"@type\":\"ImageObject\",\"inLanguage\":\"pt-BR\",\"@id\":\"https:\/\/www.gaveanews.com\/index.php\/2025\/07\/10\/carrascal-vlahovic-mikey-johnston-gerson-as-movimentacoes-do-flamengo-na-janela-de-transferencias\/#primaryimage\",\"url\":\"https:\/\/www.gaveanews.com\/wp-content\/uploads\/Jorge-Carrascal-em-acao-pelo-Dinamo-Moscou.webp\",\"contentUrl\":\"https:\/\/www.gaveanews.com\/wp-content\/uploads\/Jorge-Carrascal-em-acao-pelo-Dinamo-Moscou.webp\",\"width\":860,\"height\":484,\"caption\":\"Jorge Carrascal em a\u00e7\u00e3o pelo Dinamo Moscou (Foto: Divulga\u00e7\u00e3o\/Dinamo Moscou)\"},{\"@type\":\"BreadcrumbList\",\"@id\":\"https:\/\/www.gaveanews.com\/index.php\/2025\/07\/10\/carrascal-vlahovic-mikey-johnston-gerson-as-movimentacoes-do-flamengo-na-janela-de-transferencias\/#breadcrumb\",\"itemListElement\":[{\"@type\":\"ListItem\",\"position\":1,\"name\":\"Home\",\"item\":\"https:\/\/www.gaveanews.com\/\"},{\"@type\":\"ListItem\",\"position\":2,\"name\":\"Carrascal, Vlahovic, Mikey Johnston, Gerson: as movimenta\u00e7\u00f5es do Flamengo na janela de transfer\u00eancias\"}]},{\"@type\":\"WebSite\",\"@id\":\"https:\/\/www.gaveanews.com\/#website\",\"url\":\"https:\/\/www.gaveanews.com\/\",\"name\":\"G\u00e1vea News\",\"description\":\"Veja todas as not\u00edcias sobre o Flamengo: Contrata\u00e7\u00f5es, categorias de base, resultados das partidas, tabela de classifica\u00e7\u00e3o, pr\u00f3ximos jogos!\",\"potentialAction\":[{\"@type\":\"SearchAction\",\"target\":{\"@type\":\"EntryPoint\",\"urlTemplate\":\"https:\/\/www.gaveanews.com\/?s={search_term_string}\"},\"query-input\":{\"@type\":\"PropertyValueSpecification\",\"valueRequired\":true,\"valueName\":\"search_term_string\"}}],\"inLanguage\":\"pt-BR\"},{\"@type\":\"Person\",\"@id\":\"https:\/\/www.gaveanews.com\/#\/schema\/person\/8207cd4627f56151707418bfc835b2fb\",\"name\":\"Matheus Felipe\",\"image\":{\"@type\":\"ImageObject\",\"inLanguage\":\"pt-BR\",\"@id\":\"https:\/\/www.gaveanews.com\/#\/schema\/person\/image\/\",\"url\":\"https:\/\/secure.gravatar.com\/avatar\/a452ffbed9130f726358b298bb3a99ce4bd3c5338411f8440e87e14d74c7c087?s=96&d=mm&r=g\",\"contentUrl\":\"https:\/\/secure.gravatar.com\/avatar\/a452ffbed9130f726358b298bb3a99ce4bd3c5338411f8440e87e14d74c7c087?s=96&d=mm&r=g\",\"caption\":\"Matheus Felipe\"}}]}<\/script>\n<!-- \/ Yoast SEO Premium plugin. -->","yoast_head_json":{"title":"Carrascal, Vlahovic, Mikey Johnston, Gerson: as movimenta\u00e7\u00f5es do Flamengo na janela de transfer\u00eancias","robots":{"index":"index","follow":"follow","max-snippet":"max-snippet:-1","max-image-preview":"max-image-preview:large","max-video-preview":"max-video-preview:-1"},"canonical":"https:\/\/www.gaveanews.com\/index.php\/2025\/07\/10\/carrascal-vlahovic-mikey-johnston-gerson-as-movimentacoes-do-flamengo-na-janela-de-transferencias\/","og_locale":"pt_BR","og_type":"article","og_title":"Carrascal, Vlahovic, Mikey Johnston, Gerson: as movimenta\u00e7\u00f5es do Flamengo na janela de transfer\u00eancias","og_description":"Enquanto diversos clubes ainda planejam refor\u00e7ar seus elencos, o Flamengo reativou as conversas para contratar o meia colombiano Jorge Carrascal, atualmente no D\u00ednamo Moscou. A retomada das negocia\u00e7\u00f5es ocorre no momento em que a segunda janela de transfer\u00eancias da temporada se inicia, com prazo para registro at\u00e9 segunda-feira (02 de setembro). Anteriormente, as tratativas com [&hellip;]","og_url":"https:\/\/www.gaveanews.com\/index.php\/2025\/07\/10\/carrascal-vlahovic-mikey-johnston-gerson-as-movimentacoes-do-flamengo-na-janela-de-transferencias\/","og_site_name":"G\u00e1vea News","article_publisher":"https:\/\/facebook.com\/gaveaNews\/","article_published_time":"2025-07-10T18:02:32+00:00","article_modified_time":"2025-07-10T18:02:38+00:00","og_image":[{"width":860,"height":484,"url":"http:\/\/www.gaveanews.com\/wp-content\/uploads\/Jorge-Carrascal-em-acao-pelo-Dinamo-Moscou.webp","type":"image\/webp"}],"author":"Matheus Felipe","twitter_card":"summary_large_image","twitter_misc":{"Escrito por":"Matheus Felipe","Est. tempo de leitura":"3 minutos"},"schema":{"@context":"https:\/\/schema.org","@graph":[{"@type":"NewsArticle","@id":"https:\/\/www.gaveanews.com\/index.php\/2025\/07\/10\/carrascal-vlahovic-mikey-johnston-gerson-as-movimentacoes-do-flamengo-na-janela-de-transferencias\/#article","isPartOf":{"@id":"https:\/\/www.gaveanews.com\/index.php\/2025\/07\/10\/carrascal-vlahovic-mikey-johnston-gerson-as-movimentacoes-do-flamengo-na-janela-de-transferencias\/"},"author":{"name":"Matheus Felipe","@id":"https:\/\/www.gaveanews.com\/#\/schema\/person\/8207cd4627f56151707418bfc835b2fb"},"headline":"Carrascal, Vlahovic, Mikey Johnston, Gerson: as movimenta\u00e7\u00f5es do Flamengo na janela de transfer\u00eancias","datePublished":"2025-07-10T18:02:32+00:00","dateModified":"2025-07-10T18:02:38+00:00","mainEntityOfPage":{"@id":"https:\/\/www.gaveanews.com\/index.php\/2025\/07\/10\/carrascal-vlahovic-mikey-johnston-gerson-as-movimentacoes-do-flamengo-na-janela-de-transferencias\/"},"wordCount":449,"commentCount":0,"image":{"@id":"https:\/\/www.gaveanews.com\/index.php\/2025\/07\/10\/carrascal-vlahovic-mikey-johnston-gerson-as-movimentacoes-do-flamengo-na-janela-de-transferencias\/#primaryimage"},"thumbnailUrl":"https:\/\/www.gaveanews.com\/wp-content\/uploads\/Jorge-Carrascal-em-acao-pelo-Dinamo-Moscou.webp","articleSection":["Flamengo"],"inLanguage":"pt-BR","potentialAction":[{"@type":"CommentAction","name":"Comment","target":["https:\/\/www.gaveanews.com\/index.php\/2025\/07\/10\/carrascal-vlahovic-mikey-johnston-gerson-as-movimentacoes-do-flamengo-na-janela-de-transferencias\/#respond"]}],"copyrightYear":"2025","copyrightHolder":{"@id":"https:\/\/www.gaveanews.com\/#organization"}},{"@type":"WebPage","@id":"https:\/\/www.gaveanews.com\/index.php\/2025\/07\/10\/carrascal-vlahovic-mikey-johnston-gerson-as-movimentacoes-do-flamengo-na-janela-de-transferencias\/","url":"https:\/\/www.gaveanews.com\/index.php\/2025\/07\/10\/carrascal-vlahovic-mikey-johnston-gerson-as-movimentacoes-do-flamengo-na-janela-de-transferencias\/","name":"Carrascal, Vlahovic, Mikey Johnston, Gerson: as movimenta\u00e7\u00f5es do Flamengo na janela de transfer\u00eancias","isPartOf":{"@id":"https:\/\/www.gaveanews.com\/#website"},"primaryImageOfPage":{"@id":"https:\/\/www.gaveanews.com\/index.php\/2025\/07\/10\/carrascal-vlahovic-mikey-johnston-gerson-as-movimentacoes-do-flamengo-na-janela-de-transferencias\/#primaryimage"},"image":{"@id":"https:\/\/www.gaveanews.com\/index.php\/2025\/07\/10\/carrascal-vlahovic-mikey-johnston-gerson-as-movimentacoes-do-flamengo-na-janela-de-transferencias\/#primaryimage"},"thumbnailUrl":"https:\/\/www.gaveanews.com\/wp-content\/uploads\/Jorge-Carrascal-em-acao-pelo-Dinamo-Moscou.webp","datePublished":"2025-07-10T18:02:32+00:00","dateModified":"2025-07-10T18:02:38+00:00","author":{"@id":"https:\/\/www.gaveanews.com\/#\/schema\/person\/8207cd4627f56151707418bfc835b2fb"},"breadcrumb":{"@id":"https:\/\/www.gaveanews.com\/index.php\/2025\/07\/10\/carrascal-vlahovic-mikey-johnston-gerson-as-movimentacoes-do-flamengo-na-janela-de-transferencias\/#breadcrumb"},"inLanguage":"pt-BR","potentialAction":[{"@type":"ReadAction","target":["https:\/\/www.gaveanews.com\/index.php\/2025\/07\/10\/carrascal-vlahovic-mikey-johnston-gerson-as-movimentacoes-do-flamengo-na-janela-de-transferencias\/"]}]},{"@type":"ImageObject","inLanguage":"pt-BR","@id":"https:\/\/www.gaveanews.com\/index.php\/2025\/07\/10\/carrascal-vlahovic-mikey-johnston-gerson-as-movimentacoes-do-flamengo-na-janela-de-transferencias\/#primaryimage","url":"https:\/\/www.gaveanews.com\/wp-content\/uploads\/Jorge-Carrascal-em-acao-pelo-Dinamo-Moscou.webp","contentUrl":"https:\/\/www.gaveanews.com\/wp-content\/uploads\/Jorge-Carrascal-em-acao-pelo-Dinamo-Moscou.webp","width":860,"height":484,"caption":"Jorge Carrascal em a\u00e7\u00e3o pelo Dinamo Moscou (Foto: Divulga\u00e7\u00e3o\/Dinamo Moscou)"},{"@type":"BreadcrumbList","@id":"https:\/\/www.gaveanews.com\/index.php\/2025\/07\/10\/carrascal-vlahovic-mikey-johnston-gerson-as-movimentacoes-do-flamengo-na-janela-de-transferencias\/#breadcrumb","itemListElement":[{"@type":"ListItem","position":1,"name":"Home","item":"https:\/\/www.gaveanews.com\/"},{"@type":"ListItem","position":2,"name":"Carrascal, Vlahovic, Mikey Johnston, Gerson: as movimenta\u00e7\u00f5es do Flamengo na janela de transfer\u00eancias"}]},{"@type":"WebSite","@id":"https:\/\/www.gaveanews.com\/#website","url":"https:\/\/www.gaveanews.com\/","name":"G\u00e1vea News","description":"Veja todas as not\u00edcias sobre o Flamengo: Contrata\u00e7\u00f5es, categorias de base, resultados das partidas, tabela de classifica\u00e7\u00e3o, pr\u00f3ximos jogos!","potentialAction":[{"@type":"SearchAction","target":{"@type":"EntryPoint","urlTemplate":"https:\/\/www.gaveanews.com\/?s={search_term_string}"},"query-input":{"@type":"PropertyValueSpecification","valueRequired":true,"valueName":"search_term_string"}}],"inLanguage":"pt-BR"},{"@type":"Person","@id":"https:\/\/www.gaveanews.com\/#\/schema\/person\/8207cd4627f56151707418bfc835b2fb","name":"Matheus Felipe","image":{"@type":"ImageObject","inLanguage":"pt-BR","@id":"https:\/\/www.gaveanews.com\/#\/schema\/person\/image\/","url":"https:\/\/secure.gravatar.com\/avatar\/a452ffbed9130f726358b298bb3a99ce4bd3c5338411f8440e87e14d74c7c087?s=96&d=mm&r=g","contentUrl":"https:\/\/secure.gravatar.com\/avatar\/a452ffbed9130f726358b298bb3a99ce4bd3c5338411f8440e87e14d74c7c087?s=96&d=mm&r=g","caption":"Matheus Felipe"}}]}},"_links":{"self":[{"href":"https:\/\/www.gaveanews.com\/index.php\/wp-json\/wp\/v2\/posts\/272299","targetHints":{"allow":["GET"]}}],"collection":[{"href":"https:\/\/www.gaveanews.com\/index.php\/wp-json\/wp\/v2\/posts"}],"about":[{"href":"https:\/\/www.gaveanews.com\/index.php\/wp-json\/wp\/v2\/types\/post"}],"author":[{"embeddable":true,"href":"https:\/\/www.gaveanews.com\/index.php\/wp-json\/wp\/v2\/users\/27"}],"replies":[{"embeddable":true,"href":"https:\/\/www.gaveanews.com\/index.php\/wp-json\/wp\/v2\/comments?post=272299"}],"version-history":[{"count":1,"href":"https:\/\/www.gaveanews.com\/index.php\/wp-json\/wp\/v2\/posts\/272299\/revisions"}],"predecessor-version":[{"id":272300,"href":"https:\/\/www.gaveanews.com\/index.php\/wp-json\/wp\/v2\/posts\/272299\/revisions\/272300"}],"wp:featuredmedia":[{"embeddable":true,"href":"https:\/\/www.gaveanews.com\/index.php\/wp-json\/wp\/v2\/media\/270669"}],"wp:attachment":[{"href":"https:\/\/www.gaveanews.com\/index.php\/wp-json\/wp\/v2\/media?parent=272299"}],"wp:term":[{"taxonomy":"category","embeddable":true,"href":"https:\/\/www.gaveanews.com\/index.php\/wp-json\/wp\/v2\/categories?post=272299"},{"taxonomy":"post_tag","embeddable":true,"href":"https:\/\/www.gaveanews.com\/index.php\/wp-json\/wp\/v2\/tags?post=272299"}],"curies":[{"name":"wp","href":"https:\/\/api.w.org\/{rel}","templated":true}]}}