{"id":272308,"date":"2025-07-10T19:00:18","date_gmt":"2025-07-10T22:00:18","guid":{"rendered":"https:\/\/www.gaveanews.com\/?p=272308"},"modified":"2025-07-10T16:52:18","modified_gmt":"2025-07-10T19:52:18","slug":"flamengo-tem-novo-alvo-definido-para-o-ataque","status":"publish","type":"post","link":"https:\/\/www.gaveanews.com\/index.php\/2025\/07\/10\/flamengo-tem-novo-alvo-definido-para-o-ataque\/","title":{"rendered":"Flamengo tem novo alvo definido para o ataque"},"content":{"rendered":"\n<p>O Flamengo colocou o meia Esequiel Barco, do Spartak Moscou, na mira. Segundo o jornalista Matheus Leal, a diretoria rubro-negra prepara uma proposta de 15 milh\u00f5es de euros (cerca de R$ 97,3 milh\u00f5es) para trazer o argentino, que pode atuar centralizado e tamb\u00e9m aberto pela esquerda.<\/p>\n\n\n\n<p>Com a janela oficialmente aberta nesta quinta-feira (10), o clube carioca definiu duas metas: contratar um meia para dividir responsabilidades com Arrascaeta (Carrascal) e um ponta capaz de desmontar defesas advers\u00e1rias, definido como &#8220;abridor de latas&#8221; por Jos\u00e9 Boto. Barco, de 26 anos, encaixa-se no perfil por atuar tanto centralizado quanto aberto, embora o drible n\u00e3o seja uma caracter\u00edstica.<\/p>\n\n\n\n<p>A negocia\u00e7\u00e3o, por\u00e9m, n\u00e3o \u00e9 simples. O Flamengo enfrenta dificuldades em transa\u00e7\u00f5es com clubes russos, agravadas por embargos pol\u00edticos. Barco, contratado pelo Spartak Moscou em 2024, custou 14 milh\u00f5es de euros e s\u00f3 seria liberado por 20 milh\u00f5es de euros, conforme informaram os jornalistas Ra\u00edsa Simplicio e Seb\u00e1stian Srur. <\/p>\n\n\n\n<p><strong>Barco e Carrascal juntos?<\/strong> <\/p>\n\n\n\n<p>O interesse em Barco n\u00e3o freia as negocia\u00e7\u00f5es por Jorge Carrascal, do D\u00ednamo Moscou. O colombiano \u00e9 tratado como refor\u00e7o praticamente certo, mas quest\u00f5es banc\u00e1rias, tamb\u00e9m ligadas aos embargos russos, atrasam o desfecho. O Flamengo planeja desembolsar 12 milh\u00f5es de euros (R$ 77,7 milh\u00f5es) pelo meia, conhecido pelo drible e pela capacidade de \u201cabrir defesas\u201d, caracter\u00edstica priorizada pelo diretor Jos\u00e9 Boto.<\/p>\n\n\n\n<p>Tanto Carrascal quanto Barco dariam profundidade ao elenco num setor que o Flamengo enfrenta dificuldades desde 2019. H\u00e1 seis anos o clube est\u00e1 no mercado em busca de um &#8220;reserva para Arrascaeta&#8221;. A situa\u00e7\u00e3o foi ainda mais acentuada com a sa\u00edda de Everton Ribeiro.<\/p>\n\n\n\n<p>Hoje, o Flamengo conta com sete estrangeiros e Carrascal e Barco completariam o limite imposto do Brasileir\u00e3o de nove estrangeiros relacionados para a mesma partida. O clube adota paci\u00eancia, tendo em vista que a janela vai at\u00e9 o dia 2 de setembro.<\/p>\n","protected":false},"excerpt":{"rendered":"<p>O Flamengo colocou o meia Esequiel Barco, do Spartak Moscou, na mira. Segundo o jornalista Matheus Leal, a diretoria rubro-negra prepara uma proposta de 15 milh\u00f5es de euros (cerca de R$ 97,3 milh\u00f5es) para trazer o argentino, que pode atuar centralizado e tamb\u00e9m aberto pela esquerda. Com a janela oficialmente aberta nesta quinta-feira (10), o [&hellip;]<\/p>\n","protected":false},"author":32,"featured_media":74980,"comment_status":"open","ping_status":"closed","sticky":false,"template":"","format":"standard","meta":{"footnotes":""},"categories":[1],"tags":[],"class_list":["post-272308","post","type-post","status-publish","format-standard","has-post-thumbnail","hentry","category-flamengo"],"yoast_head":"<!-- This site is optimized with the Yoast SEO Premium plugin v24.2 (Yoast SEO v26.9) - https:\/\/yoast.com\/product\/yoast-seo-premium-wordpress\/ -->\n<title>Flamengo tem novo alvo definido para o ataque<\/title>\n<meta name=\"robots\" content=\"index, follow, max-snippet:-1, max-image-preview:large, max-video-preview:-1\" \/>\n<link rel=\"canonical\" href=\"https:\/\/www.gaveanews.com\/index.php\/2025\/07\/10\/flamengo-tem-novo-alvo-definido-para-o-ataque\/\" \/>\n<meta property=\"og:locale\" content=\"pt_BR\" \/>\n<meta property=\"og:type\" content=\"article\" \/>\n<meta property=\"og:title\" content=\"Flamengo tem novo alvo definido para o ataque\" \/>\n<meta property=\"og:description\" content=\"O Flamengo colocou o meia Esequiel Barco, do Spartak Moscou, na mira. Segundo o jornalista Matheus Leal, a diretoria rubro-negra prepara uma proposta de 15 milh\u00f5es de euros (cerca de R$ 97,3 milh\u00f5es) para trazer o argentino, que pode atuar centralizado e tamb\u00e9m aberto pela esquerda. Com a janela oficialmente aberta nesta quinta-feira (10), o [&hellip;]\" \/>\n<meta property=\"og:url\" content=\"https:\/\/www.gaveanews.com\/index.php\/2025\/07\/10\/flamengo-tem-novo-alvo-definido-para-o-ataque\/\" \/>\n<meta property=\"og:site_name\" content=\"G\u00e1vea News\" \/>\n<meta property=\"article:publisher\" content=\"https:\/\/facebook.com\/gaveaNews\/\" \/>\n<meta property=\"article:published_time\" content=\"2025-07-10T22:00:18+00:00\" \/>\n<meta property=\"og:image\" content=\"https:\/\/www.gaveanews.com\/wp-content\/uploads\/Ezequiel-Barco-em-acao-pelo-Atlanta-United.webp\" \/>\n\t<meta property=\"og:image:width\" content=\"1002\" \/>\n\t<meta property=\"og:image:height\" content=\"560\" \/>\n\t<meta property=\"og:image:type\" content=\"image\/jpeg\" \/>\n<meta name=\"author\" content=\"Matheus Leal\" \/>\n<meta name=\"twitter:card\" content=\"summary_large_image\" \/>\n<meta name=\"twitter:label1\" content=\"Escrito por\" \/>\n\t<meta name=\"twitter:data1\" content=\"Matheus Leal\" \/>\n\t<meta name=\"twitter:label2\" content=\"Est. tempo de leitura\" \/>\n\t<meta name=\"twitter:data2\" content=\"2 minutos\" \/>\n<script type=\"application\/ld+json\" class=\"yoast-schema-graph\">{\"@context\":\"https:\/\/schema.org\",\"@graph\":[{\"@type\":\"NewsArticle\",\"@id\":\"https:\/\/www.gaveanews.com\/index.php\/2025\/07\/10\/flamengo-tem-novo-alvo-definido-para-o-ataque\/#article\",\"isPartOf\":{\"@id\":\"https:\/\/www.gaveanews.com\/index.php\/2025\/07\/10\/flamengo-tem-novo-alvo-definido-para-o-ataque\/\"},\"author\":{\"name\":\"Matheus Leal\",\"@id\":\"https:\/\/www.gaveanews.com\/#\/schema\/person\/49ac99b6823a2b8d5087a6ce3aaaa128\"},\"headline\":\"Flamengo tem novo alvo definido para o ataque\",\"datePublished\":\"2025-07-10T22:00:18+00:00\",\"mainEntityOfPage\":{\"@id\":\"https:\/\/www.gaveanews.com\/index.php\/2025\/07\/10\/flamengo-tem-novo-alvo-definido-para-o-ataque\/\"},\"wordCount\":329,\"commentCount\":0,\"image\":{\"@id\":\"https:\/\/www.gaveanews.com\/index.php\/2025\/07\/10\/flamengo-tem-novo-alvo-definido-para-o-ataque\/#primaryimage\"},\"thumbnailUrl\":\"https:\/\/www.gaveanews.com\/wp-content\/uploads\/Ezequiel-Barco-em-acao-pelo-Atlanta-United.webp\",\"articleSection\":[\"Flamengo\"],\"inLanguage\":\"pt-BR\",\"potentialAction\":[{\"@type\":\"CommentAction\",\"name\":\"Comment\",\"target\":[\"https:\/\/www.gaveanews.com\/index.php\/2025\/07\/10\/flamengo-tem-novo-alvo-definido-para-o-ataque\/#respond\"]}],\"copyrightYear\":\"2025\",\"copyrightHolder\":{\"@id\":\"https:\/\/www.gaveanews.com\/#organization\"}},{\"@type\":\"WebPage\",\"@id\":\"https:\/\/www.gaveanews.com\/index.php\/2025\/07\/10\/flamengo-tem-novo-alvo-definido-para-o-ataque\/\",\"url\":\"https:\/\/www.gaveanews.com\/index.php\/2025\/07\/10\/flamengo-tem-novo-alvo-definido-para-o-ataque\/\",\"name\":\"Flamengo tem novo alvo definido para o ataque\",\"isPartOf\":{\"@id\":\"https:\/\/www.gaveanews.com\/#website\"},\"primaryImageOfPage\":{\"@id\":\"https:\/\/www.gaveanews.com\/index.php\/2025\/07\/10\/flamengo-tem-novo-alvo-definido-para-o-ataque\/#primaryimage\"},\"image\":{\"@id\":\"https:\/\/www.gaveanews.com\/index.php\/2025\/07\/10\/flamengo-tem-novo-alvo-definido-para-o-ataque\/#primaryimage\"},\"thumbnailUrl\":\"https:\/\/www.gaveanews.com\/wp-content\/uploads\/Ezequiel-Barco-em-acao-pelo-Atlanta-United.webp\",\"datePublished\":\"2025-07-10T22:00:18+00:00\",\"author\":{\"@id\":\"https:\/\/www.gaveanews.com\/#\/schema\/person\/49ac99b6823a2b8d5087a6ce3aaaa128\"},\"breadcrumb\":{\"@id\":\"https:\/\/www.gaveanews.com\/index.php\/2025\/07\/10\/flamengo-tem-novo-alvo-definido-para-o-ataque\/#breadcrumb\"},\"inLanguage\":\"pt-BR\",\"potentialAction\":[{\"@type\":\"ReadAction\",\"target\":[\"https:\/\/www.gaveanews.com\/index.php\/2025\/07\/10\/flamengo-tem-novo-alvo-definido-para-o-ataque\/\"]}]},{\"@type\":\"ImageObject\",\"inLanguage\":\"pt-BR\",\"@id\":\"https:\/\/www.gaveanews.com\/index.php\/2025\/07\/10\/flamengo-tem-novo-alvo-definido-para-o-ataque\/#primaryimage\",\"url\":\"https:\/\/www.gaveanews.com\/wp-content\/uploads\/Ezequiel-Barco-em-acao-pelo-Atlanta-United.webp\",\"contentUrl\":\"https:\/\/www.gaveanews.com\/wp-content\/uploads\/Ezequiel-Barco-em-acao-pelo-Atlanta-United.webp\",\"width\":1002,\"height\":560,\"caption\":\"Ezequiel Barco em a\u00e7\u00e3o pelo Atlanta United (Foto: Katie Gillen\/Atlanta United)\"},{\"@type\":\"BreadcrumbList\",\"@id\":\"https:\/\/www.gaveanews.com\/index.php\/2025\/07\/10\/flamengo-tem-novo-alvo-definido-para-o-ataque\/#breadcrumb\",\"itemListElement\":[{\"@type\":\"ListItem\",\"position\":1,\"name\":\"Home\",\"item\":\"https:\/\/www.gaveanews.com\/\"},{\"@type\":\"ListItem\",\"position\":2,\"name\":\"Flamengo tem novo alvo definido para o ataque\"}]},{\"@type\":\"WebSite\",\"@id\":\"https:\/\/www.gaveanews.com\/#website\",\"url\":\"https:\/\/www.gaveanews.com\/\",\"name\":\"G\u00e1vea News\",\"description\":\"Veja todas as not\u00edcias sobre o Flamengo: Contrata\u00e7\u00f5es, categorias de base, resultados das partidas, tabela de classifica\u00e7\u00e3o, pr\u00f3ximos jogos!\",\"potentialAction\":[{\"@type\":\"SearchAction\",\"target\":{\"@type\":\"EntryPoint\",\"urlTemplate\":\"https:\/\/www.gaveanews.com\/?s={search_term_string}\"},\"query-input\":{\"@type\":\"PropertyValueSpecification\",\"valueRequired\":true,\"valueName\":\"search_term_string\"}}],\"inLanguage\":\"pt-BR\"},{\"@type\":\"Person\",\"@id\":\"https:\/\/www.gaveanews.com\/#\/schema\/person\/49ac99b6823a2b8d5087a6ce3aaaa128\",\"name\":\"Matheus Leal\",\"image\":{\"@type\":\"ImageObject\",\"inLanguage\":\"pt-BR\",\"@id\":\"https:\/\/www.gaveanews.com\/#\/schema\/person\/image\/\",\"url\":\"https:\/\/secure.gravatar.com\/avatar\/21c52300d1234416f9c886f6dadd7452d8b035ac505314a51e4f56731e90c481?s=96&d=mm&r=g\",\"contentUrl\":\"https:\/\/secure.gravatar.com\/avatar\/21c52300d1234416f9c886f6dadd7452d8b035ac505314a51e4f56731e90c481?s=96&d=mm&r=g\",\"caption\":\"Matheus Leal\"}}]}<\/script>\n<!-- \/ Yoast SEO Premium plugin. -->","yoast_head_json":{"title":"Flamengo tem novo alvo definido para o ataque","robots":{"index":"index","follow":"follow","max-snippet":"max-snippet:-1","max-image-preview":"max-image-preview:large","max-video-preview":"max-video-preview:-1"},"canonical":"https:\/\/www.gaveanews.com\/index.php\/2025\/07\/10\/flamengo-tem-novo-alvo-definido-para-o-ataque\/","og_locale":"pt_BR","og_type":"article","og_title":"Flamengo tem novo alvo definido para o ataque","og_description":"O Flamengo colocou o meia Esequiel Barco, do Spartak Moscou, na mira. Segundo o jornalista Matheus Leal, a diretoria rubro-negra prepara uma proposta de 15 milh\u00f5es de euros (cerca de R$ 97,3 milh\u00f5es) para trazer o argentino, que pode atuar centralizado e tamb\u00e9m aberto pela esquerda. Com a janela oficialmente aberta nesta quinta-feira (10), o [&hellip;]","og_url":"https:\/\/www.gaveanews.com\/index.php\/2025\/07\/10\/flamengo-tem-novo-alvo-definido-para-o-ataque\/","og_site_name":"G\u00e1vea News","article_publisher":"https:\/\/facebook.com\/gaveaNews\/","article_published_time":"2025-07-10T22:00:18+00:00","og_image":[{"width":1002,"height":560,"url":"https:\/\/www.gaveanews.com\/wp-content\/uploads\/Ezequiel-Barco-em-acao-pelo-Atlanta-United.webp","type":"image\/jpeg"}],"author":"Matheus Leal","twitter_card":"summary_large_image","twitter_misc":{"Escrito por":"Matheus Leal","Est. tempo de leitura":"2 minutos"},"schema":{"@context":"https:\/\/schema.org","@graph":[{"@type":"NewsArticle","@id":"https:\/\/www.gaveanews.com\/index.php\/2025\/07\/10\/flamengo-tem-novo-alvo-definido-para-o-ataque\/#article","isPartOf":{"@id":"https:\/\/www.gaveanews.com\/index.php\/2025\/07\/10\/flamengo-tem-novo-alvo-definido-para-o-ataque\/"},"author":{"name":"Matheus Leal","@id":"https:\/\/www.gaveanews.com\/#\/schema\/person\/49ac99b6823a2b8d5087a6ce3aaaa128"},"headline":"Flamengo tem novo alvo definido para o ataque","datePublished":"2025-07-10T22:00:18+00:00","mainEntityOfPage":{"@id":"https:\/\/www.gaveanews.com\/index.php\/2025\/07\/10\/flamengo-tem-novo-alvo-definido-para-o-ataque\/"},"wordCount":329,"commentCount":0,"image":{"@id":"https:\/\/www.gaveanews.com\/index.php\/2025\/07\/10\/flamengo-tem-novo-alvo-definido-para-o-ataque\/#primaryimage"},"thumbnailUrl":"https:\/\/www.gaveanews.com\/wp-content\/uploads\/Ezequiel-Barco-em-acao-pelo-Atlanta-United.webp","articleSection":["Flamengo"],"inLanguage":"pt-BR","potentialAction":[{"@type":"CommentAction","name":"Comment","target":["https:\/\/www.gaveanews.com\/index.php\/2025\/07\/10\/flamengo-tem-novo-alvo-definido-para-o-ataque\/#respond"]}],"copyrightYear":"2025","copyrightHolder":{"@id":"https:\/\/www.gaveanews.com\/#organization"}},{"@type":"WebPage","@id":"https:\/\/www.gaveanews.com\/index.php\/2025\/07\/10\/flamengo-tem-novo-alvo-definido-para-o-ataque\/","url":"https:\/\/www.gaveanews.com\/index.php\/2025\/07\/10\/flamengo-tem-novo-alvo-definido-para-o-ataque\/","name":"Flamengo tem novo alvo definido para o ataque","isPartOf":{"@id":"https:\/\/www.gaveanews.com\/#website"},"primaryImageOfPage":{"@id":"https:\/\/www.gaveanews.com\/index.php\/2025\/07\/10\/flamengo-tem-novo-alvo-definido-para-o-ataque\/#primaryimage"},"image":{"@id":"https:\/\/www.gaveanews.com\/index.php\/2025\/07\/10\/flamengo-tem-novo-alvo-definido-para-o-ataque\/#primaryimage"},"thumbnailUrl":"https:\/\/www.gaveanews.com\/wp-content\/uploads\/Ezequiel-Barco-em-acao-pelo-Atlanta-United.webp","datePublished":"2025-07-10T22:00:18+00:00","author":{"@id":"https:\/\/www.gaveanews.com\/#\/schema\/person\/49ac99b6823a2b8d5087a6ce3aaaa128"},"breadcrumb":{"@id":"https:\/\/www.gaveanews.com\/index.php\/2025\/07\/10\/flamengo-tem-novo-alvo-definido-para-o-ataque\/#breadcrumb"},"inLanguage":"pt-BR","potentialAction":[{"@type":"ReadAction","target":["https:\/\/www.gaveanews.com\/index.php\/2025\/07\/10\/flamengo-tem-novo-alvo-definido-para-o-ataque\/"]}]},{"@type":"ImageObject","inLanguage":"pt-BR","@id":"https:\/\/www.gaveanews.com\/index.php\/2025\/07\/10\/flamengo-tem-novo-alvo-definido-para-o-ataque\/#primaryimage","url":"https:\/\/www.gaveanews.com\/wp-content\/uploads\/Ezequiel-Barco-em-acao-pelo-Atlanta-United.webp","contentUrl":"https:\/\/www.gaveanews.com\/wp-content\/uploads\/Ezequiel-Barco-em-acao-pelo-Atlanta-United.webp","width":1002,"height":560,"caption":"Ezequiel Barco em a\u00e7\u00e3o pelo Atlanta United (Foto: Katie Gillen\/Atlanta United)"},{"@type":"BreadcrumbList","@id":"https:\/\/www.gaveanews.com\/index.php\/2025\/07\/10\/flamengo-tem-novo-alvo-definido-para-o-ataque\/#breadcrumb","itemListElement":[{"@type":"ListItem","position":1,"name":"Home","item":"https:\/\/www.gaveanews.com\/"},{"@type":"ListItem","position":2,"name":"Flamengo tem novo alvo definido para o ataque"}]},{"@type":"WebSite","@id":"https:\/\/www.gaveanews.com\/#website","url":"https:\/\/www.gaveanews.com\/","name":"G\u00e1vea News","description":"Veja todas as not\u00edcias sobre o Flamengo: Contrata\u00e7\u00f5es, categorias de base, resultados das partidas, tabela de classifica\u00e7\u00e3o, pr\u00f3ximos jogos!","potentialAction":[{"@type":"SearchAction","target":{"@type":"EntryPoint","urlTemplate":"https:\/\/www.gaveanews.com\/?s={search_term_string}"},"query-input":{"@type":"PropertyValueSpecification","valueRequired":true,"valueName":"search_term_string"}}],"inLanguage":"pt-BR"},{"@type":"Person","@id":"https:\/\/www.gaveanews.com\/#\/schema\/person\/49ac99b6823a2b8d5087a6ce3aaaa128","name":"Matheus Leal","image":{"@type":"ImageObject","inLanguage":"pt-BR","@id":"https:\/\/www.gaveanews.com\/#\/schema\/person\/image\/","url":"https:\/\/secure.gravatar.com\/avatar\/21c52300d1234416f9c886f6dadd7452d8b035ac505314a51e4f56731e90c481?s=96&d=mm&r=g","contentUrl":"https:\/\/secure.gravatar.com\/avatar\/21c52300d1234416f9c886f6dadd7452d8b035ac505314a51e4f56731e90c481?s=96&d=mm&r=g","caption":"Matheus Leal"}}]}},"_links":{"self":[{"href":"https:\/\/www.gaveanews.com\/index.php\/wp-json\/wp\/v2\/posts\/272308","targetHints":{"allow":["GET"]}}],"collection":[{"href":"https:\/\/www.gaveanews.com\/index.php\/wp-json\/wp\/v2\/posts"}],"about":[{"href":"https:\/\/www.gaveanews.com\/index.php\/wp-json\/wp\/v2\/types\/post"}],"author":[{"embeddable":true,"href":"https:\/\/www.gaveanews.com\/index.php\/wp-json\/wp\/v2\/users\/32"}],"replies":[{"embeddable":true,"href":"https:\/\/www.gaveanews.com\/index.php\/wp-json\/wp\/v2\/comments?post=272308"}],"version-history":[{"count":1,"href":"https:\/\/www.gaveanews.com\/index.php\/wp-json\/wp\/v2\/posts\/272308\/revisions"}],"predecessor-version":[{"id":272309,"href":"https:\/\/www.gaveanews.com\/index.php\/wp-json\/wp\/v2\/posts\/272308\/revisions\/272309"}],"wp:featuredmedia":[{"embeddable":true,"href":"https:\/\/www.gaveanews.com\/index.php\/wp-json\/wp\/v2\/media\/74980"}],"wp:attachment":[{"href":"https:\/\/www.gaveanews.com\/index.php\/wp-json\/wp\/v2\/media?parent=272308"}],"wp:term":[{"taxonomy":"category","embeddable":true,"href":"https:\/\/www.gaveanews.com\/index.php\/wp-json\/wp\/v2\/categories?post=272308"},{"taxonomy":"post_tag","embeddable":true,"href":"https:\/\/www.gaveanews.com\/index.php\/wp-json\/wp\/v2\/tags?post=272308"}],"curies":[{"name":"wp","href":"https:\/\/api.w.org\/{rel}","templated":true}]}}