{"id":272310,"date":"2025-07-10T16:30:00","date_gmt":"2025-07-10T19:30:00","guid":{"rendered":"https:\/\/www.gaveanews.com\/?p=272310"},"modified":"2025-07-10T16:14:33","modified_gmt":"2025-07-10T19:14:33","slug":"ele-fica-flamengo-recusa-proposta-por-atacante","status":"publish","type":"post","link":"https:\/\/www.gaveanews.com\/index.php\/2025\/07\/10\/ele-fica-flamengo-recusa-proposta-por-atacante\/","title":{"rendered":"Ele fica! Flamengo recusa proposta por atacante"},"content":{"rendered":"\n<p>Com o in\u00edcio da janela de transfer\u00eancias, propostas e negocia\u00e7\u00f5es ganham f\u00f4lego no futebol brasileiro. No entanto, o Flamengo optou por manter seus planos em andamento e recusou uma proposta do Volta Redonda por Shola, uma das principais promessas da base rubro-negra.&nbsp;<\/p>\n\n\n\n<p>A decis\u00e3o refor\u00e7a a estrat\u00e9gia do clube de priorizar a forma\u00e7\u00e3o e o fortalecimento de seus jovens talentos, principalmente no time sub-20, onde o atacante \u00e9 pe\u00e7a fundamental.<\/p>\n\n\n\n<h2 class=\"wp-block-heading\" id=\"h-joia-da-base-e-prioridade-no-projeto-esportivo\">Joia da base \u00e9 prioridade no projeto esportivo<\/h2>\n\n\n\n<p>O Volta Redonda buscava Shola por empr\u00e9stimo at\u00e9 o fim da temporada 2025, por isso formalizou a proposta ao Flamengo. Cabe ressaltar que o clube da S\u00e9rie B enxerga no jogador um refor\u00e7o promissor para a competi\u00e7\u00e3o nacional.&nbsp;<\/p>\n\n\n\n<p>No entanto, a diretoria rubro-negra negou a libera\u00e7\u00e3o, apostando na continuidade do atacante na equipe sub-20, que disputa o Campeonato Brasileiro da categoria.<\/p>\n\n\n\n<p>Vale destacar que Shola coleciona conquistas relevantes, como dois t\u00edtulos da Libertadores Sub-20 e o recente trof\u00e9u do Mundial Sub-20. Isso porque seu desempenho em competi\u00e7\u00f5es internacionais tem chamado a aten\u00e7\u00e3o n\u00e3o s\u00f3 de clubes brasileiros, mas tamb\u00e9m de olheiros estrangeiros.&nbsp;<\/p>\n\n\n\n<p>O Flamengo, ciente desse potencial, investiu R$ 2 milh\u00f5es em 2024 para adquirir 70% dos direitos econ\u00f4micos do atleta, que tem contrato at\u00e9 dezembro de 2027.<\/p>\n\n\n\n<p>Sendo assim, a negativa \u00e0 proposta do Volta\u00e7o demonstra que o Flamengo est\u00e1 atento ao equil\u00edbrio entre vender, emprestar e desenvolver seus ativos. Com isso, Shola segue \u00e0 disposi\u00e7\u00e3o para seguir evoluindo no ambiente controlado da base rubro-negra, cen\u00e1rio considerado ideal pela comiss\u00e3o t\u00e9cnica.<\/p>\n\n\n\n<p>Al\u00e9m disso, enquanto segura suas joias, o clube continua atuante no mercado. A diretoria ainda trabalha para fechar a contrata\u00e7\u00e3o de Jorge Carrascal, meia-atacante do D\u00ednamo de Moscou, que j\u00e1 manifestou o desejo de defender o Flamengo. Por\u00e9m, as negocia\u00e7\u00f5es seguem travadas com os russos.<\/p>\n\n\n\n<p>Dessa maneira, a torcida rubro-negra pode esperar refor\u00e7os no time profissional, mas tamb\u00e9m pode comemorar a perman\u00eancia de um talento que pode brilhar em breve no elenco principal.<\/p>\n","protected":false},"excerpt":{"rendered":"<p>Com o in\u00edcio da janela de transfer\u00eancias, propostas e negocia\u00e7\u00f5es ganham f\u00f4lego no futebol brasileiro. No entanto, o Flamengo optou por manter seus planos em andamento e recusou uma proposta do Volta Redonda por Shola, uma das principais promessas da base rubro-negra.&nbsp; A decis\u00e3o refor\u00e7a a estrat\u00e9gia do clube de priorizar a forma\u00e7\u00e3o e o [&hellip;]<\/p>\n","protected":false},"author":25,"featured_media":205634,"comment_status":"open","ping_status":"closed","sticky":false,"template":"","format":"standard","meta":{"footnotes":""},"categories":[1],"tags":[],"class_list":["post-272310","post","type-post","status-publish","format-standard","has-post-thumbnail","hentry","category-flamengo"],"yoast_head":"<!-- This site is optimized with the Yoast SEO Premium plugin v24.2 (Yoast SEO v26.9) - https:\/\/yoast.com\/product\/yoast-seo-premium-wordpress\/ -->\n<title>Ele fica! Flamengo recusa proposta por atacante<\/title>\n<meta name=\"robots\" content=\"index, follow, max-snippet:-1, max-image-preview:large, max-video-preview:-1\" \/>\n<link rel=\"canonical\" href=\"https:\/\/www.gaveanews.com\/index.php\/2025\/07\/10\/ele-fica-flamengo-recusa-proposta-por-atacante\/\" \/>\n<meta property=\"og:locale\" content=\"pt_BR\" \/>\n<meta property=\"og:type\" content=\"article\" \/>\n<meta property=\"og:title\" content=\"Ele fica! Flamengo recusa proposta por atacante\" \/>\n<meta property=\"og:description\" content=\"Com o in\u00edcio da janela de transfer\u00eancias, propostas e negocia\u00e7\u00f5es ganham f\u00f4lego no futebol brasileiro. No entanto, o Flamengo optou por manter seus planos em andamento e recusou uma proposta do Volta Redonda por Shola, uma das principais promessas da base rubro-negra.&nbsp; A decis\u00e3o refor\u00e7a a estrat\u00e9gia do clube de priorizar a forma\u00e7\u00e3o e o [&hellip;]\" \/>\n<meta property=\"og:url\" content=\"https:\/\/www.gaveanews.com\/index.php\/2025\/07\/10\/ele-fica-flamengo-recusa-proposta-por-atacante\/\" \/>\n<meta property=\"og:site_name\" content=\"G\u00e1vea News\" \/>\n<meta property=\"article:publisher\" content=\"https:\/\/facebook.com\/gaveaNews\/\" \/>\n<meta property=\"article:published_time\" content=\"2025-07-10T19:30:00+00:00\" \/>\n<meta property=\"og:image\" content=\"https:\/\/www.gaveanews.com\/wp-content\/uploads\/Entrevista-coletiva-de-Jose-Boto-Foto_-Reproducao_FlaTV.webp\" \/>\n\t<meta property=\"og:image:width\" content=\"1214\" \/>\n\t<meta property=\"og:image:height\" content=\"668\" \/>\n\t<meta property=\"og:image:type\" content=\"image\/webp\" \/>\n<meta name=\"author\" content=\"Rafaela Ladeira\" \/>\n<meta name=\"twitter:card\" content=\"summary_large_image\" \/>\n<meta name=\"twitter:label1\" content=\"Escrito por\" \/>\n\t<meta name=\"twitter:data1\" content=\"Rafaela Ladeira\" \/>\n\t<meta name=\"twitter:label2\" content=\"Est. tempo de leitura\" \/>\n\t<meta name=\"twitter:data2\" content=\"2 minutos\" \/>\n<script type=\"application\/ld+json\" class=\"yoast-schema-graph\">{\"@context\":\"https:\/\/schema.org\",\"@graph\":[{\"@type\":\"NewsArticle\",\"@id\":\"https:\/\/www.gaveanews.com\/index.php\/2025\/07\/10\/ele-fica-flamengo-recusa-proposta-por-atacante\/#article\",\"isPartOf\":{\"@id\":\"https:\/\/www.gaveanews.com\/index.php\/2025\/07\/10\/ele-fica-flamengo-recusa-proposta-por-atacante\/\"},\"author\":{\"name\":\"Rafaela Ladeira\",\"@id\":\"https:\/\/www.gaveanews.com\/#\/schema\/person\/0eb3e3fe1754f0205218538adbe8f5ed\"},\"headline\":\"Ele fica! Flamengo recusa proposta por atacante\",\"datePublished\":\"2025-07-10T19:30:00+00:00\",\"mainEntityOfPage\":{\"@id\":\"https:\/\/www.gaveanews.com\/index.php\/2025\/07\/10\/ele-fica-flamengo-recusa-proposta-por-atacante\/\"},\"wordCount\":360,\"commentCount\":0,\"image\":{\"@id\":\"https:\/\/www.gaveanews.com\/index.php\/2025\/07\/10\/ele-fica-flamengo-recusa-proposta-por-atacante\/#primaryimage\"},\"thumbnailUrl\":\"https:\/\/www.gaveanews.com\/wp-content\/uploads\/Entrevista-coletiva-de-Jose-Boto-Foto_-Reproducao_FlaTV.webp\",\"articleSection\":[\"Flamengo\"],\"inLanguage\":\"pt-BR\",\"potentialAction\":[{\"@type\":\"CommentAction\",\"name\":\"Comment\",\"target\":[\"https:\/\/www.gaveanews.com\/index.php\/2025\/07\/10\/ele-fica-flamengo-recusa-proposta-por-atacante\/#respond\"]}],\"copyrightYear\":\"2025\",\"copyrightHolder\":{\"@id\":\"https:\/\/www.gaveanews.com\/#organization\"}},{\"@type\":\"WebPage\",\"@id\":\"https:\/\/www.gaveanews.com\/index.php\/2025\/07\/10\/ele-fica-flamengo-recusa-proposta-por-atacante\/\",\"url\":\"https:\/\/www.gaveanews.com\/index.php\/2025\/07\/10\/ele-fica-flamengo-recusa-proposta-por-atacante\/\",\"name\":\"Ele fica! Flamengo recusa proposta por atacante\",\"isPartOf\":{\"@id\":\"https:\/\/www.gaveanews.com\/#website\"},\"primaryImageOfPage\":{\"@id\":\"https:\/\/www.gaveanews.com\/index.php\/2025\/07\/10\/ele-fica-flamengo-recusa-proposta-por-atacante\/#primaryimage\"},\"image\":{\"@id\":\"https:\/\/www.gaveanews.com\/index.php\/2025\/07\/10\/ele-fica-flamengo-recusa-proposta-por-atacante\/#primaryimage\"},\"thumbnailUrl\":\"https:\/\/www.gaveanews.com\/wp-content\/uploads\/Entrevista-coletiva-de-Jose-Boto-Foto_-Reproducao_FlaTV.webp\",\"datePublished\":\"2025-07-10T19:30:00+00:00\",\"author\":{\"@id\":\"https:\/\/www.gaveanews.com\/#\/schema\/person\/0eb3e3fe1754f0205218538adbe8f5ed\"},\"breadcrumb\":{\"@id\":\"https:\/\/www.gaveanews.com\/index.php\/2025\/07\/10\/ele-fica-flamengo-recusa-proposta-por-atacante\/#breadcrumb\"},\"inLanguage\":\"pt-BR\",\"potentialAction\":[{\"@type\":\"ReadAction\",\"target\":[\"https:\/\/www.gaveanews.com\/index.php\/2025\/07\/10\/ele-fica-flamengo-recusa-proposta-por-atacante\/\"]}]},{\"@type\":\"ImageObject\",\"inLanguage\":\"pt-BR\",\"@id\":\"https:\/\/www.gaveanews.com\/index.php\/2025\/07\/10\/ele-fica-flamengo-recusa-proposta-por-atacante\/#primaryimage\",\"url\":\"https:\/\/www.gaveanews.com\/wp-content\/uploads\/Entrevista-coletiva-de-Jose-Boto-Foto_-Reproducao_FlaTV.webp\",\"contentUrl\":\"https:\/\/www.gaveanews.com\/wp-content\/uploads\/Entrevista-coletiva-de-Jose-Boto-Foto_-Reproducao_FlaTV.webp\",\"width\":1214,\"height\":668,\"caption\":\"Entrevista coletiva de Jos\u00e9 Boto (Foto: Reprodu\u00e7\u00e3o\/FlaTV)\"},{\"@type\":\"BreadcrumbList\",\"@id\":\"https:\/\/www.gaveanews.com\/index.php\/2025\/07\/10\/ele-fica-flamengo-recusa-proposta-por-atacante\/#breadcrumb\",\"itemListElement\":[{\"@type\":\"ListItem\",\"position\":1,\"name\":\"Home\",\"item\":\"https:\/\/www.gaveanews.com\/\"},{\"@type\":\"ListItem\",\"position\":2,\"name\":\"Ele fica! Flamengo recusa proposta por atacante\"}]},{\"@type\":\"WebSite\",\"@id\":\"https:\/\/www.gaveanews.com\/#website\",\"url\":\"https:\/\/www.gaveanews.com\/\",\"name\":\"G\u00e1vea News\",\"description\":\"Veja todas as not\u00edcias sobre o Flamengo: Contrata\u00e7\u00f5es, categorias de base, resultados das partidas, tabela de classifica\u00e7\u00e3o, pr\u00f3ximos jogos!\",\"potentialAction\":[{\"@type\":\"SearchAction\",\"target\":{\"@type\":\"EntryPoint\",\"urlTemplate\":\"https:\/\/www.gaveanews.com\/?s={search_term_string}\"},\"query-input\":{\"@type\":\"PropertyValueSpecification\",\"valueRequired\":true,\"valueName\":\"search_term_string\"}}],\"inLanguage\":\"pt-BR\"},{\"@type\":\"Person\",\"@id\":\"https:\/\/www.gaveanews.com\/#\/schema\/person\/0eb3e3fe1754f0205218538adbe8f5ed\",\"name\":\"Rafaela Ladeira\",\"image\":{\"@type\":\"ImageObject\",\"inLanguage\":\"pt-BR\",\"@id\":\"https:\/\/www.gaveanews.com\/#\/schema\/person\/image\/\",\"url\":\"https:\/\/secure.gravatar.com\/avatar\/c31f513acffd85eacab5730cbdfdbbf59f21ba5aeada8cd890acea879fbb2455?s=96&d=mm&r=g\",\"contentUrl\":\"https:\/\/secure.gravatar.com\/avatar\/c31f513acffd85eacab5730cbdfdbbf59f21ba5aeada8cd890acea879fbb2455?s=96&d=mm&r=g\",\"caption\":\"Rafaela Ladeira\"}}]}<\/script>\n<!-- \/ Yoast SEO Premium plugin. -->","yoast_head_json":{"title":"Ele fica! Flamengo recusa proposta por atacante","robots":{"index":"index","follow":"follow","max-snippet":"max-snippet:-1","max-image-preview":"max-image-preview:large","max-video-preview":"max-video-preview:-1"},"canonical":"https:\/\/www.gaveanews.com\/index.php\/2025\/07\/10\/ele-fica-flamengo-recusa-proposta-por-atacante\/","og_locale":"pt_BR","og_type":"article","og_title":"Ele fica! Flamengo recusa proposta por atacante","og_description":"Com o in\u00edcio da janela de transfer\u00eancias, propostas e negocia\u00e7\u00f5es ganham f\u00f4lego no futebol brasileiro. No entanto, o Flamengo optou por manter seus planos em andamento e recusou uma proposta do Volta Redonda por Shola, uma das principais promessas da base rubro-negra.&nbsp; A decis\u00e3o refor\u00e7a a estrat\u00e9gia do clube de priorizar a forma\u00e7\u00e3o e o [&hellip;]","og_url":"https:\/\/www.gaveanews.com\/index.php\/2025\/07\/10\/ele-fica-flamengo-recusa-proposta-por-atacante\/","og_site_name":"G\u00e1vea News","article_publisher":"https:\/\/facebook.com\/gaveaNews\/","article_published_time":"2025-07-10T19:30:00+00:00","og_image":[{"width":1214,"height":668,"url":"https:\/\/www.gaveanews.com\/wp-content\/uploads\/Entrevista-coletiva-de-Jose-Boto-Foto_-Reproducao_FlaTV.webp","type":"image\/webp"}],"author":"Rafaela Ladeira","twitter_card":"summary_large_image","twitter_misc":{"Escrito por":"Rafaela Ladeira","Est. tempo de leitura":"2 minutos"},"schema":{"@context":"https:\/\/schema.org","@graph":[{"@type":"NewsArticle","@id":"https:\/\/www.gaveanews.com\/index.php\/2025\/07\/10\/ele-fica-flamengo-recusa-proposta-por-atacante\/#article","isPartOf":{"@id":"https:\/\/www.gaveanews.com\/index.php\/2025\/07\/10\/ele-fica-flamengo-recusa-proposta-por-atacante\/"},"author":{"name":"Rafaela Ladeira","@id":"https:\/\/www.gaveanews.com\/#\/schema\/person\/0eb3e3fe1754f0205218538adbe8f5ed"},"headline":"Ele fica! Flamengo recusa proposta por atacante","datePublished":"2025-07-10T19:30:00+00:00","mainEntityOfPage":{"@id":"https:\/\/www.gaveanews.com\/index.php\/2025\/07\/10\/ele-fica-flamengo-recusa-proposta-por-atacante\/"},"wordCount":360,"commentCount":0,"image":{"@id":"https:\/\/www.gaveanews.com\/index.php\/2025\/07\/10\/ele-fica-flamengo-recusa-proposta-por-atacante\/#primaryimage"},"thumbnailUrl":"https:\/\/www.gaveanews.com\/wp-content\/uploads\/Entrevista-coletiva-de-Jose-Boto-Foto_-Reproducao_FlaTV.webp","articleSection":["Flamengo"],"inLanguage":"pt-BR","potentialAction":[{"@type":"CommentAction","name":"Comment","target":["https:\/\/www.gaveanews.com\/index.php\/2025\/07\/10\/ele-fica-flamengo-recusa-proposta-por-atacante\/#respond"]}],"copyrightYear":"2025","copyrightHolder":{"@id":"https:\/\/www.gaveanews.com\/#organization"}},{"@type":"WebPage","@id":"https:\/\/www.gaveanews.com\/index.php\/2025\/07\/10\/ele-fica-flamengo-recusa-proposta-por-atacante\/","url":"https:\/\/www.gaveanews.com\/index.php\/2025\/07\/10\/ele-fica-flamengo-recusa-proposta-por-atacante\/","name":"Ele fica! Flamengo recusa proposta por atacante","isPartOf":{"@id":"https:\/\/www.gaveanews.com\/#website"},"primaryImageOfPage":{"@id":"https:\/\/www.gaveanews.com\/index.php\/2025\/07\/10\/ele-fica-flamengo-recusa-proposta-por-atacante\/#primaryimage"},"image":{"@id":"https:\/\/www.gaveanews.com\/index.php\/2025\/07\/10\/ele-fica-flamengo-recusa-proposta-por-atacante\/#primaryimage"},"thumbnailUrl":"https:\/\/www.gaveanews.com\/wp-content\/uploads\/Entrevista-coletiva-de-Jose-Boto-Foto_-Reproducao_FlaTV.webp","datePublished":"2025-07-10T19:30:00+00:00","author":{"@id":"https:\/\/www.gaveanews.com\/#\/schema\/person\/0eb3e3fe1754f0205218538adbe8f5ed"},"breadcrumb":{"@id":"https:\/\/www.gaveanews.com\/index.php\/2025\/07\/10\/ele-fica-flamengo-recusa-proposta-por-atacante\/#breadcrumb"},"inLanguage":"pt-BR","potentialAction":[{"@type":"ReadAction","target":["https:\/\/www.gaveanews.com\/index.php\/2025\/07\/10\/ele-fica-flamengo-recusa-proposta-por-atacante\/"]}]},{"@type":"ImageObject","inLanguage":"pt-BR","@id":"https:\/\/www.gaveanews.com\/index.php\/2025\/07\/10\/ele-fica-flamengo-recusa-proposta-por-atacante\/#primaryimage","url":"https:\/\/www.gaveanews.com\/wp-content\/uploads\/Entrevista-coletiva-de-Jose-Boto-Foto_-Reproducao_FlaTV.webp","contentUrl":"https:\/\/www.gaveanews.com\/wp-content\/uploads\/Entrevista-coletiva-de-Jose-Boto-Foto_-Reproducao_FlaTV.webp","width":1214,"height":668,"caption":"Entrevista coletiva de Jos\u00e9 Boto (Foto: Reprodu\u00e7\u00e3o\/FlaTV)"},{"@type":"BreadcrumbList","@id":"https:\/\/www.gaveanews.com\/index.php\/2025\/07\/10\/ele-fica-flamengo-recusa-proposta-por-atacante\/#breadcrumb","itemListElement":[{"@type":"ListItem","position":1,"name":"Home","item":"https:\/\/www.gaveanews.com\/"},{"@type":"ListItem","position":2,"name":"Ele fica! Flamengo recusa proposta por atacante"}]},{"@type":"WebSite","@id":"https:\/\/www.gaveanews.com\/#website","url":"https:\/\/www.gaveanews.com\/","name":"G\u00e1vea News","description":"Veja todas as not\u00edcias sobre o Flamengo: Contrata\u00e7\u00f5es, categorias de base, resultados das partidas, tabela de classifica\u00e7\u00e3o, pr\u00f3ximos jogos!","potentialAction":[{"@type":"SearchAction","target":{"@type":"EntryPoint","urlTemplate":"https:\/\/www.gaveanews.com\/?s={search_term_string}"},"query-input":{"@type":"PropertyValueSpecification","valueRequired":true,"valueName":"search_term_string"}}],"inLanguage":"pt-BR"},{"@type":"Person","@id":"https:\/\/www.gaveanews.com\/#\/schema\/person\/0eb3e3fe1754f0205218538adbe8f5ed","name":"Rafaela Ladeira","image":{"@type":"ImageObject","inLanguage":"pt-BR","@id":"https:\/\/www.gaveanews.com\/#\/schema\/person\/image\/","url":"https:\/\/secure.gravatar.com\/avatar\/c31f513acffd85eacab5730cbdfdbbf59f21ba5aeada8cd890acea879fbb2455?s=96&d=mm&r=g","contentUrl":"https:\/\/secure.gravatar.com\/avatar\/c31f513acffd85eacab5730cbdfdbbf59f21ba5aeada8cd890acea879fbb2455?s=96&d=mm&r=g","caption":"Rafaela Ladeira"}}]}},"_links":{"self":[{"href":"https:\/\/www.gaveanews.com\/index.php\/wp-json\/wp\/v2\/posts\/272310","targetHints":{"allow":["GET"]}}],"collection":[{"href":"https:\/\/www.gaveanews.com\/index.php\/wp-json\/wp\/v2\/posts"}],"about":[{"href":"https:\/\/www.gaveanews.com\/index.php\/wp-json\/wp\/v2\/types\/post"}],"author":[{"embeddable":true,"href":"https:\/\/www.gaveanews.com\/index.php\/wp-json\/wp\/v2\/users\/25"}],"replies":[{"embeddable":true,"href":"https:\/\/www.gaveanews.com\/index.php\/wp-json\/wp\/v2\/comments?post=272310"}],"version-history":[{"count":1,"href":"https:\/\/www.gaveanews.com\/index.php\/wp-json\/wp\/v2\/posts\/272310\/revisions"}],"predecessor-version":[{"id":272311,"href":"https:\/\/www.gaveanews.com\/index.php\/wp-json\/wp\/v2\/posts\/272310\/revisions\/272311"}],"wp:featuredmedia":[{"embeddable":true,"href":"https:\/\/www.gaveanews.com\/index.php\/wp-json\/wp\/v2\/media\/205634"}],"wp:attachment":[{"href":"https:\/\/www.gaveanews.com\/index.php\/wp-json\/wp\/v2\/media?parent=272310"}],"wp:term":[{"taxonomy":"category","embeddable":true,"href":"https:\/\/www.gaveanews.com\/index.php\/wp-json\/wp\/v2\/categories?post=272310"},{"taxonomy":"post_tag","embeddable":true,"href":"https:\/\/www.gaveanews.com\/index.php\/wp-json\/wp\/v2\/tags?post=272310"}],"curies":[{"name":"wp","href":"https:\/\/api.w.org\/{rel}","templated":true}]}}