{"id":272316,"date":"2025-07-10T17:30:00","date_gmt":"2025-07-10T20:30:00","guid":{"rendered":"https:\/\/www.gaveanews.com\/?p=272316"},"modified":"2025-07-10T16:25:13","modified_gmt":"2025-07-10T19:25:13","slug":"flamengo-decide-o-futuro-da-camisa-8-deixada-por-gerson","status":"publish","type":"post","link":"https:\/\/www.gaveanews.com\/index.php\/2025\/07\/10\/flamengo-decide-o-futuro-da-camisa-8-deixada-por-gerson\/","title":{"rendered":"Flamengo decide o futuro da camisa 8 deixada por Gerson"},"content":{"rendered":"\n<p>A sa\u00edda de Gerson para o Zenit n\u00e3o gerou apenas uma mudan\u00e7a no setor ofensivo do Flamengo. Fora das quatro linhas, um novo dilema se imp\u00f4s: quem herdar\u00e1 a tradicional camisa 8?<\/p>\n\n\n\n<p>O n\u00famero, que j\u00e1 vestiu lendas da hist\u00f3ria rubro-negra, est\u00e1 momentaneamente sem dono. Por isso, o clube trata a escolha com aten\u00e7\u00e3o especial, enxergando a numera\u00e7\u00e3o como pe\u00e7a simb\u00f3lica e estrat\u00e9gica para o restante da temporada.<\/p>\n\n\n\n<h2 class=\"wp-block-heading\" id=\"h-flamengo-nao-quer-decisao-precipitada-sobre-o-novo-camisa-8\">Flamengo n\u00e3o quer decis\u00e3o precipitada sobre o novo camisa 8<\/h2>\n\n\n\n<p>Segundo apura\u00e7\u00e3o, o plano da diretoria \u00e9 aguardar os desdobramentos da janela de transfer\u00eancias antes de tomar qualquer decis\u00e3o. Vale destacar que nomes como Jorginho (21), De la Cruz (18), Allan (29) e Evertton Ara\u00fajo (52) s\u00e3o os principais ativos do meio-campo atualmente.&nbsp;<\/p>\n\n\n\n<p>Cabe ressaltar que nenhum deles deve assumir, ao menos por agora, a camisa que pertenceu ao \u201cCoringa\u201d.<\/p>\n\n\n\n<p>Al\u00e9m disso, o clube n\u00e3o considera Gerson como uma aus\u00eancia a ser preenchida com urg\u00eancia. Isso porque, sob o comando de Filipe Lu\u00eds, o jogador vinha sendo escalado como ponta pela direita e n\u00e3o como armador central. Dessa maneira, a prioridade no mercado segue voltada para refor\u00e7ar o setor ofensivo, especialmente com pontas que possam suprir essa car\u00eancia t\u00e1tica.<\/p>\n\n\n\n<h2 class=\"wp-block-heading\" id=\"h-peso-da-camisa-e-cautela-na-escolha\">Peso da camisa e cautela na escolha<\/h2>\n\n\n\n<p>Sendo assim, a camisa 8 continuar\u00e1 vaga at\u00e9 que surja um refor\u00e7o de peso que mere\u00e7a carregar seu simbolismo. No Flamengo, essa numera\u00e7\u00e3o j\u00e1 foi usada por \u00eddolos como Zizinho, G\u00e9rson (Canhotinha de Ouro), Ad\u00edlio e Uidemar, nomes que marcaram gera\u00e7\u00f5es.&nbsp;<\/p>\n\n\n\n<p>Com isso, o clube opta por preservar a representatividade do n\u00famero at\u00e9 encontrar um perfil \u00e0 altura.<\/p>\n\n\n\n<p>Portanto, o torcedor rubro-negro deve esperar por novidades apenas quando o clube identificar uma contrata\u00e7\u00e3o que una talento, lideran\u00e7a e identidade com o manto. Desse jeito, a camisa 8 poder\u00e1 voltar a ser um s\u00edmbolo de protagonismo no meio-campo flamenguista.<\/p>\n","protected":false},"excerpt":{"rendered":"<p>A sa\u00edda de Gerson para o Zenit n\u00e3o gerou apenas uma mudan\u00e7a no setor ofensivo do Flamengo. Fora das quatro linhas, um novo dilema se imp\u00f4s: quem herdar\u00e1 a tradicional camisa 8? O n\u00famero, que j\u00e1 vestiu lendas da hist\u00f3ria rubro-negra, est\u00e1 momentaneamente sem dono. Por isso, o clube trata a escolha com aten\u00e7\u00e3o especial, [&hellip;]<\/p>\n","protected":false},"author":25,"featured_media":161627,"comment_status":"open","ping_status":"closed","sticky":false,"template":"","format":"standard","meta":{"footnotes":""},"categories":[1],"tags":[],"class_list":["post-272316","post","type-post","status-publish","format-standard","has-post-thumbnail","hentry","category-flamengo"],"yoast_head":"<!-- This site is optimized with the Yoast SEO Premium plugin v24.2 (Yoast SEO v26.9) - https:\/\/yoast.com\/product\/yoast-seo-premium-wordpress\/ -->\n<title>Flamengo decide o futuro da camisa 8 deixada por Gerson<\/title>\n<meta name=\"robots\" content=\"index, follow, max-snippet:-1, max-image-preview:large, max-video-preview:-1\" \/>\n<link rel=\"canonical\" href=\"https:\/\/www.gaveanews.com\/index.php\/2025\/07\/10\/flamengo-decide-o-futuro-da-camisa-8-deixada-por-gerson\/\" \/>\n<meta property=\"og:locale\" content=\"pt_BR\" \/>\n<meta property=\"og:type\" content=\"article\" \/>\n<meta property=\"og:title\" content=\"Flamengo decide o futuro da camisa 8 deixada por Gerson\" \/>\n<meta property=\"og:description\" content=\"A sa\u00edda de Gerson para o Zenit n\u00e3o gerou apenas uma mudan\u00e7a no setor ofensivo do Flamengo. Fora das quatro linhas, um novo dilema se imp\u00f4s: quem herdar\u00e1 a tradicional camisa 8? O n\u00famero, que j\u00e1 vestiu lendas da hist\u00f3ria rubro-negra, est\u00e1 momentaneamente sem dono. Por isso, o clube trata a escolha com aten\u00e7\u00e3o especial, [&hellip;]\" \/>\n<meta property=\"og:url\" content=\"https:\/\/www.gaveanews.com\/index.php\/2025\/07\/10\/flamengo-decide-o-futuro-da-camisa-8-deixada-por-gerson\/\" \/>\n<meta property=\"og:site_name\" content=\"G\u00e1vea News\" \/>\n<meta property=\"article:publisher\" content=\"https:\/\/facebook.com\/gaveaNews\/\" \/>\n<meta property=\"article:published_time\" content=\"2025-07-10T20:30:00+00:00\" \/>\n<meta property=\"og:image\" content=\"https:\/\/www.gaveanews.com\/wp-content\/uploads\/gerson-everton-ribeiro-flamengo-2x1-bahia-campeonato-brasileiro-1024x709-1.webp\" \/>\n\t<meta property=\"og:image:width\" content=\"1024\" \/>\n\t<meta property=\"og:image:height\" content=\"709\" \/>\n\t<meta property=\"og:image:type\" content=\"image\/webp\" \/>\n<meta name=\"author\" content=\"Rafaela Ladeira\" \/>\n<meta name=\"twitter:card\" content=\"summary_large_image\" \/>\n<meta name=\"twitter:label1\" content=\"Escrito por\" \/>\n\t<meta name=\"twitter:data1\" content=\"Rafaela Ladeira\" \/>\n\t<meta name=\"twitter:label2\" content=\"Est. tempo de leitura\" \/>\n\t<meta name=\"twitter:data2\" content=\"2 minutos\" \/>\n<script type=\"application\/ld+json\" class=\"yoast-schema-graph\">{\"@context\":\"https:\/\/schema.org\",\"@graph\":[{\"@type\":\"NewsArticle\",\"@id\":\"https:\/\/www.gaveanews.com\/index.php\/2025\/07\/10\/flamengo-decide-o-futuro-da-camisa-8-deixada-por-gerson\/#article\",\"isPartOf\":{\"@id\":\"https:\/\/www.gaveanews.com\/index.php\/2025\/07\/10\/flamengo-decide-o-futuro-da-camisa-8-deixada-por-gerson\/\"},\"author\":{\"name\":\"Rafaela Ladeira\",\"@id\":\"https:\/\/www.gaveanews.com\/#\/schema\/person\/0eb3e3fe1754f0205218538adbe8f5ed\"},\"headline\":\"Flamengo decide o futuro da camisa 8 deixada por Gerson\",\"datePublished\":\"2025-07-10T20:30:00+00:00\",\"mainEntityOfPage\":{\"@id\":\"https:\/\/www.gaveanews.com\/index.php\/2025\/07\/10\/flamengo-decide-o-futuro-da-camisa-8-deixada-por-gerson\/\"},\"wordCount\":340,\"commentCount\":0,\"image\":{\"@id\":\"https:\/\/www.gaveanews.com\/index.php\/2025\/07\/10\/flamengo-decide-o-futuro-da-camisa-8-deixada-por-gerson\/#primaryimage\"},\"thumbnailUrl\":\"https:\/\/www.gaveanews.com\/wp-content\/uploads\/gerson-everton-ribeiro-flamengo-2x1-bahia-campeonato-brasileiro-1024x709-1.webp\",\"articleSection\":[\"Flamengo\"],\"inLanguage\":\"pt-BR\",\"potentialAction\":[{\"@type\":\"CommentAction\",\"name\":\"Comment\",\"target\":[\"https:\/\/www.gaveanews.com\/index.php\/2025\/07\/10\/flamengo-decide-o-futuro-da-camisa-8-deixada-por-gerson\/#respond\"]}],\"copyrightYear\":\"2025\",\"copyrightHolder\":{\"@id\":\"https:\/\/www.gaveanews.com\/#organization\"}},{\"@type\":\"WebPage\",\"@id\":\"https:\/\/www.gaveanews.com\/index.php\/2025\/07\/10\/flamengo-decide-o-futuro-da-camisa-8-deixada-por-gerson\/\",\"url\":\"https:\/\/www.gaveanews.com\/index.php\/2025\/07\/10\/flamengo-decide-o-futuro-da-camisa-8-deixada-por-gerson\/\",\"name\":\"Flamengo decide o futuro da camisa 8 deixada por Gerson\",\"isPartOf\":{\"@id\":\"https:\/\/www.gaveanews.com\/#website\"},\"primaryImageOfPage\":{\"@id\":\"https:\/\/www.gaveanews.com\/index.php\/2025\/07\/10\/flamengo-decide-o-futuro-da-camisa-8-deixada-por-gerson\/#primaryimage\"},\"image\":{\"@id\":\"https:\/\/www.gaveanews.com\/index.php\/2025\/07\/10\/flamengo-decide-o-futuro-da-camisa-8-deixada-por-gerson\/#primaryimage\"},\"thumbnailUrl\":\"https:\/\/www.gaveanews.com\/wp-content\/uploads\/gerson-everton-ribeiro-flamengo-2x1-bahia-campeonato-brasileiro-1024x709-1.webp\",\"datePublished\":\"2025-07-10T20:30:00+00:00\",\"author\":{\"@id\":\"https:\/\/www.gaveanews.com\/#\/schema\/person\/0eb3e3fe1754f0205218538adbe8f5ed\"},\"breadcrumb\":{\"@id\":\"https:\/\/www.gaveanews.com\/index.php\/2025\/07\/10\/flamengo-decide-o-futuro-da-camisa-8-deixada-por-gerson\/#breadcrumb\"},\"inLanguage\":\"pt-BR\",\"potentialAction\":[{\"@type\":\"ReadAction\",\"target\":[\"https:\/\/www.gaveanews.com\/index.php\/2025\/07\/10\/flamengo-decide-o-futuro-da-camisa-8-deixada-por-gerson\/\"]}]},{\"@type\":\"ImageObject\",\"inLanguage\":\"pt-BR\",\"@id\":\"https:\/\/www.gaveanews.com\/index.php\/2025\/07\/10\/flamengo-decide-o-futuro-da-camisa-8-deixada-por-gerson\/#primaryimage\",\"url\":\"https:\/\/www.gaveanews.com\/wp-content\/uploads\/gerson-everton-ribeiro-flamengo-2x1-bahia-campeonato-brasileiro-1024x709-1.webp\",\"contentUrl\":\"https:\/\/www.gaveanews.com\/wp-content\/uploads\/gerson-everton-ribeiro-flamengo-2x1-bahia-campeonato-brasileiro-1024x709-1.webp\",\"width\":1024,\"height\":709,\"caption\":\"Gerson pelo Flamengo - Foto: Paula Reis \/ Flamengo\"},{\"@type\":\"BreadcrumbList\",\"@id\":\"https:\/\/www.gaveanews.com\/index.php\/2025\/07\/10\/flamengo-decide-o-futuro-da-camisa-8-deixada-por-gerson\/#breadcrumb\",\"itemListElement\":[{\"@type\":\"ListItem\",\"position\":1,\"name\":\"Home\",\"item\":\"https:\/\/www.gaveanews.com\/\"},{\"@type\":\"ListItem\",\"position\":2,\"name\":\"Flamengo decide o futuro da camisa 8 deixada por Gerson\"}]},{\"@type\":\"WebSite\",\"@id\":\"https:\/\/www.gaveanews.com\/#website\",\"url\":\"https:\/\/www.gaveanews.com\/\",\"name\":\"G\u00e1vea News\",\"description\":\"Veja todas as not\u00edcias sobre o Flamengo: Contrata\u00e7\u00f5es, categorias de base, resultados das partidas, tabela de classifica\u00e7\u00e3o, pr\u00f3ximos jogos!\",\"potentialAction\":[{\"@type\":\"SearchAction\",\"target\":{\"@type\":\"EntryPoint\",\"urlTemplate\":\"https:\/\/www.gaveanews.com\/?s={search_term_string}\"},\"query-input\":{\"@type\":\"PropertyValueSpecification\",\"valueRequired\":true,\"valueName\":\"search_term_string\"}}],\"inLanguage\":\"pt-BR\"},{\"@type\":\"Person\",\"@id\":\"https:\/\/www.gaveanews.com\/#\/schema\/person\/0eb3e3fe1754f0205218538adbe8f5ed\",\"name\":\"Rafaela Ladeira\",\"image\":{\"@type\":\"ImageObject\",\"inLanguage\":\"pt-BR\",\"@id\":\"https:\/\/www.gaveanews.com\/#\/schema\/person\/image\/\",\"url\":\"https:\/\/secure.gravatar.com\/avatar\/c31f513acffd85eacab5730cbdfdbbf59f21ba5aeada8cd890acea879fbb2455?s=96&d=mm&r=g\",\"contentUrl\":\"https:\/\/secure.gravatar.com\/avatar\/c31f513acffd85eacab5730cbdfdbbf59f21ba5aeada8cd890acea879fbb2455?s=96&d=mm&r=g\",\"caption\":\"Rafaela Ladeira\"}}]}<\/script>\n<!-- \/ Yoast SEO Premium plugin. -->","yoast_head_json":{"title":"Flamengo decide o futuro da camisa 8 deixada por Gerson","robots":{"index":"index","follow":"follow","max-snippet":"max-snippet:-1","max-image-preview":"max-image-preview:large","max-video-preview":"max-video-preview:-1"},"canonical":"https:\/\/www.gaveanews.com\/index.php\/2025\/07\/10\/flamengo-decide-o-futuro-da-camisa-8-deixada-por-gerson\/","og_locale":"pt_BR","og_type":"article","og_title":"Flamengo decide o futuro da camisa 8 deixada por Gerson","og_description":"A sa\u00edda de Gerson para o Zenit n\u00e3o gerou apenas uma mudan\u00e7a no setor ofensivo do Flamengo. Fora das quatro linhas, um novo dilema se imp\u00f4s: quem herdar\u00e1 a tradicional camisa 8? O n\u00famero, que j\u00e1 vestiu lendas da hist\u00f3ria rubro-negra, est\u00e1 momentaneamente sem dono. Por isso, o clube trata a escolha com aten\u00e7\u00e3o especial, [&hellip;]","og_url":"https:\/\/www.gaveanews.com\/index.php\/2025\/07\/10\/flamengo-decide-o-futuro-da-camisa-8-deixada-por-gerson\/","og_site_name":"G\u00e1vea News","article_publisher":"https:\/\/facebook.com\/gaveaNews\/","article_published_time":"2025-07-10T20:30:00+00:00","og_image":[{"width":1024,"height":709,"url":"https:\/\/www.gaveanews.com\/wp-content\/uploads\/gerson-everton-ribeiro-flamengo-2x1-bahia-campeonato-brasileiro-1024x709-1.webp","type":"image\/webp"}],"author":"Rafaela Ladeira","twitter_card":"summary_large_image","twitter_misc":{"Escrito por":"Rafaela Ladeira","Est. tempo de leitura":"2 minutos"},"schema":{"@context":"https:\/\/schema.org","@graph":[{"@type":"NewsArticle","@id":"https:\/\/www.gaveanews.com\/index.php\/2025\/07\/10\/flamengo-decide-o-futuro-da-camisa-8-deixada-por-gerson\/#article","isPartOf":{"@id":"https:\/\/www.gaveanews.com\/index.php\/2025\/07\/10\/flamengo-decide-o-futuro-da-camisa-8-deixada-por-gerson\/"},"author":{"name":"Rafaela Ladeira","@id":"https:\/\/www.gaveanews.com\/#\/schema\/person\/0eb3e3fe1754f0205218538adbe8f5ed"},"headline":"Flamengo decide o futuro da camisa 8 deixada por Gerson","datePublished":"2025-07-10T20:30:00+00:00","mainEntityOfPage":{"@id":"https:\/\/www.gaveanews.com\/index.php\/2025\/07\/10\/flamengo-decide-o-futuro-da-camisa-8-deixada-por-gerson\/"},"wordCount":340,"commentCount":0,"image":{"@id":"https:\/\/www.gaveanews.com\/index.php\/2025\/07\/10\/flamengo-decide-o-futuro-da-camisa-8-deixada-por-gerson\/#primaryimage"},"thumbnailUrl":"https:\/\/www.gaveanews.com\/wp-content\/uploads\/gerson-everton-ribeiro-flamengo-2x1-bahia-campeonato-brasileiro-1024x709-1.webp","articleSection":["Flamengo"],"inLanguage":"pt-BR","potentialAction":[{"@type":"CommentAction","name":"Comment","target":["https:\/\/www.gaveanews.com\/index.php\/2025\/07\/10\/flamengo-decide-o-futuro-da-camisa-8-deixada-por-gerson\/#respond"]}],"copyrightYear":"2025","copyrightHolder":{"@id":"https:\/\/www.gaveanews.com\/#organization"}},{"@type":"WebPage","@id":"https:\/\/www.gaveanews.com\/index.php\/2025\/07\/10\/flamengo-decide-o-futuro-da-camisa-8-deixada-por-gerson\/","url":"https:\/\/www.gaveanews.com\/index.php\/2025\/07\/10\/flamengo-decide-o-futuro-da-camisa-8-deixada-por-gerson\/","name":"Flamengo decide o futuro da camisa 8 deixada por Gerson","isPartOf":{"@id":"https:\/\/www.gaveanews.com\/#website"},"primaryImageOfPage":{"@id":"https:\/\/www.gaveanews.com\/index.php\/2025\/07\/10\/flamengo-decide-o-futuro-da-camisa-8-deixada-por-gerson\/#primaryimage"},"image":{"@id":"https:\/\/www.gaveanews.com\/index.php\/2025\/07\/10\/flamengo-decide-o-futuro-da-camisa-8-deixada-por-gerson\/#primaryimage"},"thumbnailUrl":"https:\/\/www.gaveanews.com\/wp-content\/uploads\/gerson-everton-ribeiro-flamengo-2x1-bahia-campeonato-brasileiro-1024x709-1.webp","datePublished":"2025-07-10T20:30:00+00:00","author":{"@id":"https:\/\/www.gaveanews.com\/#\/schema\/person\/0eb3e3fe1754f0205218538adbe8f5ed"},"breadcrumb":{"@id":"https:\/\/www.gaveanews.com\/index.php\/2025\/07\/10\/flamengo-decide-o-futuro-da-camisa-8-deixada-por-gerson\/#breadcrumb"},"inLanguage":"pt-BR","potentialAction":[{"@type":"ReadAction","target":["https:\/\/www.gaveanews.com\/index.php\/2025\/07\/10\/flamengo-decide-o-futuro-da-camisa-8-deixada-por-gerson\/"]}]},{"@type":"ImageObject","inLanguage":"pt-BR","@id":"https:\/\/www.gaveanews.com\/index.php\/2025\/07\/10\/flamengo-decide-o-futuro-da-camisa-8-deixada-por-gerson\/#primaryimage","url":"https:\/\/www.gaveanews.com\/wp-content\/uploads\/gerson-everton-ribeiro-flamengo-2x1-bahia-campeonato-brasileiro-1024x709-1.webp","contentUrl":"https:\/\/www.gaveanews.com\/wp-content\/uploads\/gerson-everton-ribeiro-flamengo-2x1-bahia-campeonato-brasileiro-1024x709-1.webp","width":1024,"height":709,"caption":"Gerson pelo Flamengo - Foto: Paula Reis \/ Flamengo"},{"@type":"BreadcrumbList","@id":"https:\/\/www.gaveanews.com\/index.php\/2025\/07\/10\/flamengo-decide-o-futuro-da-camisa-8-deixada-por-gerson\/#breadcrumb","itemListElement":[{"@type":"ListItem","position":1,"name":"Home","item":"https:\/\/www.gaveanews.com\/"},{"@type":"ListItem","position":2,"name":"Flamengo decide o futuro da camisa 8 deixada por Gerson"}]},{"@type":"WebSite","@id":"https:\/\/www.gaveanews.com\/#website","url":"https:\/\/www.gaveanews.com\/","name":"G\u00e1vea News","description":"Veja todas as not\u00edcias sobre o Flamengo: Contrata\u00e7\u00f5es, categorias de base, resultados das partidas, tabela de classifica\u00e7\u00e3o, pr\u00f3ximos jogos!","potentialAction":[{"@type":"SearchAction","target":{"@type":"EntryPoint","urlTemplate":"https:\/\/www.gaveanews.com\/?s={search_term_string}"},"query-input":{"@type":"PropertyValueSpecification","valueRequired":true,"valueName":"search_term_string"}}],"inLanguage":"pt-BR"},{"@type":"Person","@id":"https:\/\/www.gaveanews.com\/#\/schema\/person\/0eb3e3fe1754f0205218538adbe8f5ed","name":"Rafaela Ladeira","image":{"@type":"ImageObject","inLanguage":"pt-BR","@id":"https:\/\/www.gaveanews.com\/#\/schema\/person\/image\/","url":"https:\/\/secure.gravatar.com\/avatar\/c31f513acffd85eacab5730cbdfdbbf59f21ba5aeada8cd890acea879fbb2455?s=96&d=mm&r=g","contentUrl":"https:\/\/secure.gravatar.com\/avatar\/c31f513acffd85eacab5730cbdfdbbf59f21ba5aeada8cd890acea879fbb2455?s=96&d=mm&r=g","caption":"Rafaela Ladeira"}}]}},"_links":{"self":[{"href":"https:\/\/www.gaveanews.com\/index.php\/wp-json\/wp\/v2\/posts\/272316","targetHints":{"allow":["GET"]}}],"collection":[{"href":"https:\/\/www.gaveanews.com\/index.php\/wp-json\/wp\/v2\/posts"}],"about":[{"href":"https:\/\/www.gaveanews.com\/index.php\/wp-json\/wp\/v2\/types\/post"}],"author":[{"embeddable":true,"href":"https:\/\/www.gaveanews.com\/index.php\/wp-json\/wp\/v2\/users\/25"}],"replies":[{"embeddable":true,"href":"https:\/\/www.gaveanews.com\/index.php\/wp-json\/wp\/v2\/comments?post=272316"}],"version-history":[{"count":1,"href":"https:\/\/www.gaveanews.com\/index.php\/wp-json\/wp\/v2\/posts\/272316\/revisions"}],"predecessor-version":[{"id":272317,"href":"https:\/\/www.gaveanews.com\/index.php\/wp-json\/wp\/v2\/posts\/272316\/revisions\/272317"}],"wp:featuredmedia":[{"embeddable":true,"href":"https:\/\/www.gaveanews.com\/index.php\/wp-json\/wp\/v2\/media\/161627"}],"wp:attachment":[{"href":"https:\/\/www.gaveanews.com\/index.php\/wp-json\/wp\/v2\/media?parent=272316"}],"wp:term":[{"taxonomy":"category","embeddable":true,"href":"https:\/\/www.gaveanews.com\/index.php\/wp-json\/wp\/v2\/categories?post=272316"},{"taxonomy":"post_tag","embeddable":true,"href":"https:\/\/www.gaveanews.com\/index.php\/wp-json\/wp\/v2\/tags?post=272316"}],"curies":[{"name":"wp","href":"https:\/\/api.w.org\/{rel}","templated":true}]}}