{"id":272323,"date":"2025-07-10T22:30:00","date_gmt":"2025-07-11T01:30:00","guid":{"rendered":"https:\/\/www.gaveanews.com\/?p=272323"},"modified":"2025-07-10T22:11:20","modified_gmt":"2025-07-11T01:11:20","slug":"dois-jogadores-do-flamengo-sao-convocados-2","status":"publish","type":"post","link":"https:\/\/www.gaveanews.com\/index.php\/2025\/07\/10\/dois-jogadores-do-flamengo-sao-convocados-2\/","title":{"rendered":"Dois jogadores do Flamengo s\u00e3o convocados"},"content":{"rendered":"\n<p>Dois jogadores do Flamengo foram convocados para defender a Sele\u00e7\u00e3o Brasileira na Solidarity Cup, torneio amistoso que ser\u00e1 disputado na China entre os dias 24 e 31 de julho. O ala-piv\u00f4 Kayo Gon\u00e7alves e o ala-armador Daniel Onwenu integram o grupo que representar\u00e1 o pa\u00eds na competi\u00e7\u00e3o, que serve como prepara\u00e7\u00e3o para o ciclo ol\u00edmpico at\u00e9 os Jogos de Los Angeles, em 2028.<\/p>\n\n\n\n<p>Revelado pelas categorias de base do pr\u00f3prio Flamengo, Kayo Gon\u00e7alves tem 26 anos e retornou ao clube na temporada passada. Na campanha 2024\/25, teve m\u00e9dias de 6,9 pontos e 4,1 rebotes por partida, contribuindo nas conquistas da BCLA e da Copa Super 8. O atleta teve o contrato renovado para seguir com o FlaBasquete em 2025\/26.<\/p>\n\n\n\n<p>J\u00e1 Onwenu, de 25 anos, \u00e9 uma das contrata\u00e7\u00f5es anunciadas recentemente pelo time rubro-negro. Com passagens por Paulistano, Corinthians e pela G-League \u2014 a liga de desenvolvimento da NBA \u2014, ele chega como refor\u00e7o para a rota\u00e7\u00e3o no per\u00edmetro. Sua convoca\u00e7\u00e3o veio poucos dias ap\u00f3s sua oficializa\u00e7\u00e3o como jogador do Flamengo.<\/p>\n\n\n\n<p>A Solidarity Cup ser\u00e1 disputada nas cidades chinesas de Dongguan e Shenzhen, reunindo sele\u00e7\u00f5es e clubes convidados. O Brasil enfrentar\u00e1 Nova Zel\u00e2ndia (duas vezes), Montenegro e Guangdong, al\u00e9m de um quinto advers\u00e1rio ainda indefinido. Os jogos est\u00e3o agendados para os dias 26, 27, 28, 30 e 31 de julho, sempre no in\u00edcio da manh\u00e3 pelo hor\u00e1rio de Bras\u00edlia.<\/p>\n\n\n\n<p>Sem a presen\u00e7a do t\u00e9cnico Aleksandar Petrovic, que ser\u00e1 poupado da viagem \u00e0 \u00c1sia, a Sele\u00e7\u00e3o ser\u00e1 comandada por Rodrigo Carlos da Silva durante a competi\u00e7\u00e3o. O objetivo \u00e9 testar jovens jogadores e ampliar o n\u00famero de op\u00e7\u00f5es dispon\u00edveis para os pr\u00f3ximos ciclos internacionais.<\/p>\n\n\n\n<p>O presidente da Confedera\u00e7\u00e3o Brasileira de Basquete, Marcelo Sousa, destacou a import\u00e2ncia da iniciativa como parte do planejamento de longo prazo da entidade: \u201cPara n\u00f3s \u00e9 fundamental esse interc\u00e2mbio e oportunidade para os atletas brasileiros e comiss\u00f5es t\u00e9cnicas, como faz\u00edamos numa Sele\u00e7\u00e3o de novos no passado. Estamos trabalhando forte em um projeto escalonado a m\u00e9dio e longo prazo\u201d.<\/p>\n\n\n\n<p>Enquanto isso, o Flamengo segue em prepara\u00e7\u00e3o para a pr\u00f3xima temporada do basquete nacional. O clube j\u00e1 confirmou sete renova\u00e7\u00f5es, incluindo a do t\u00e9cnico Sergio Hern\u00e1ndez, e anunciou refor\u00e7os como Franco Baralle, Markeith Cummings e Wesley Castro. A diretoria ainda busca um ala estrangeiro para fechar o elenco.<\/p>\n\n\n\n<p>A convoca\u00e7\u00e3o de Kayo e Onwenu refor\u00e7a o protagonismo do Flamengo no cen\u00e1rio do basquete brasileiro, fornecendo atletas em boa fase para a equipe nacional. A Solidarity Cup representa, portanto, uma vitrine internacional tanto para os jogadores quanto para o pr\u00f3prio clube.<\/p>\n","protected":false},"excerpt":{"rendered":"<p>Dois jogadores do Flamengo foram convocados para defender a Sele\u00e7\u00e3o Brasileira na Solidarity Cup, torneio amistoso que ser\u00e1 disputado na China entre os dias 24 e 31 de julho. O ala-piv\u00f4 Kayo Gon\u00e7alves e o ala-armador Daniel Onwenu integram o grupo que representar\u00e1 o pa\u00eds na competi\u00e7\u00e3o, que serve como prepara\u00e7\u00e3o para o ciclo ol\u00edmpico [&hellip;]<\/p>\n","protected":false},"author":18,"featured_media":213513,"comment_status":"open","ping_status":"closed","sticky":false,"template":"","format":"standard","meta":{"footnotes":""},"categories":[1],"tags":[],"class_list":["post-272323","post","type-post","status-publish","format-standard","has-post-thumbnail","hentry","category-flamengo"],"yoast_head":"<!-- This site is optimized with the Yoast SEO Premium plugin v24.2 (Yoast SEO v26.9) - https:\/\/yoast.com\/product\/yoast-seo-premium-wordpress\/ -->\n<title>Dois jogadores do Flamengo s\u00e3o convocados<\/title>\n<meta name=\"robots\" content=\"index, follow, max-snippet:-1, max-image-preview:large, max-video-preview:-1\" \/>\n<link rel=\"canonical\" href=\"https:\/\/www.gaveanews.com\/index.php\/2025\/07\/10\/dois-jogadores-do-flamengo-sao-convocados-2\/\" \/>\n<meta property=\"og:locale\" content=\"pt_BR\" \/>\n<meta property=\"og:type\" content=\"article\" \/>\n<meta property=\"og:title\" content=\"Dois jogadores do Flamengo s\u00e3o convocados\" \/>\n<meta property=\"og:description\" content=\"Dois jogadores do Flamengo foram convocados para defender a Sele\u00e7\u00e3o Brasileira na Solidarity Cup, torneio amistoso que ser\u00e1 disputado na China entre os dias 24 e 31 de julho. O ala-piv\u00f4 Kayo Gon\u00e7alves e o ala-armador Daniel Onwenu integram o grupo que representar\u00e1 o pa\u00eds na competi\u00e7\u00e3o, que serve como prepara\u00e7\u00e3o para o ciclo ol\u00edmpico [&hellip;]\" \/>\n<meta property=\"og:url\" content=\"https:\/\/www.gaveanews.com\/index.php\/2025\/07\/10\/dois-jogadores-do-flamengo-sao-convocados-2\/\" \/>\n<meta property=\"og:site_name\" content=\"G\u00e1vea News\" \/>\n<meta property=\"article:publisher\" content=\"https:\/\/facebook.com\/gaveaNews\/\" \/>\n<meta property=\"article:published_time\" content=\"2025-07-11T01:30:00+00:00\" \/>\n<meta property=\"og:image\" content=\"https:\/\/www.gaveanews.com\/wp-content\/uploads\/fachada-do-modulo-profissional-do-ninho-do-urubu-centro-de-treinamento-do-flamengo-1642444901774_v2_1x1.webp\" \/>\n\t<meta property=\"og:image:width\" content=\"1361\" \/>\n\t<meta property=\"og:image:height\" content=\"1363\" \/>\n\t<meta property=\"og:image:type\" content=\"image\/jpeg\" \/>\n<meta name=\"author\" content=\"Paula Silva\" \/>\n<meta name=\"twitter:card\" content=\"summary_large_image\" \/>\n<meta name=\"twitter:label1\" content=\"Escrito por\" \/>\n\t<meta name=\"twitter:data1\" content=\"Paula Silva\" \/>\n\t<meta name=\"twitter:label2\" content=\"Est. tempo de leitura\" \/>\n\t<meta name=\"twitter:data2\" content=\"3 minutos\" \/>\n<script type=\"application\/ld+json\" class=\"yoast-schema-graph\">{\"@context\":\"https:\/\/schema.org\",\"@graph\":[{\"@type\":\"NewsArticle\",\"@id\":\"https:\/\/www.gaveanews.com\/index.php\/2025\/07\/10\/dois-jogadores-do-flamengo-sao-convocados-2\/#article\",\"isPartOf\":{\"@id\":\"https:\/\/www.gaveanews.com\/index.php\/2025\/07\/10\/dois-jogadores-do-flamengo-sao-convocados-2\/\"},\"author\":{\"name\":\"Paula Silva\",\"@id\":\"https:\/\/www.gaveanews.com\/#\/schema\/person\/daf63eec72e1164eb13dc35096c2b8da\"},\"headline\":\"Dois jogadores do Flamengo s\u00e3o convocados\",\"datePublished\":\"2025-07-11T01:30:00+00:00\",\"mainEntityOfPage\":{\"@id\":\"https:\/\/www.gaveanews.com\/index.php\/2025\/07\/10\/dois-jogadores-do-flamengo-sao-convocados-2\/\"},\"wordCount\":457,\"commentCount\":0,\"image\":{\"@id\":\"https:\/\/www.gaveanews.com\/index.php\/2025\/07\/10\/dois-jogadores-do-flamengo-sao-convocados-2\/#primaryimage\"},\"thumbnailUrl\":\"https:\/\/www.gaveanews.com\/wp-content\/uploads\/fachada-do-modulo-profissional-do-ninho-do-urubu-centro-de-treinamento-do-flamengo-1642444901774_v2_1x1.webp\",\"articleSection\":[\"Flamengo\"],\"inLanguage\":\"pt-BR\",\"potentialAction\":[{\"@type\":\"CommentAction\",\"name\":\"Comment\",\"target\":[\"https:\/\/www.gaveanews.com\/index.php\/2025\/07\/10\/dois-jogadores-do-flamengo-sao-convocados-2\/#respond\"]}],\"copyrightYear\":\"2025\",\"copyrightHolder\":{\"@id\":\"https:\/\/www.gaveanews.com\/#organization\"}},{\"@type\":\"WebPage\",\"@id\":\"https:\/\/www.gaveanews.com\/index.php\/2025\/07\/10\/dois-jogadores-do-flamengo-sao-convocados-2\/\",\"url\":\"https:\/\/www.gaveanews.com\/index.php\/2025\/07\/10\/dois-jogadores-do-flamengo-sao-convocados-2\/\",\"name\":\"Dois jogadores do Flamengo s\u00e3o convocados\",\"isPartOf\":{\"@id\":\"https:\/\/www.gaveanews.com\/#website\"},\"primaryImageOfPage\":{\"@id\":\"https:\/\/www.gaveanews.com\/index.php\/2025\/07\/10\/dois-jogadores-do-flamengo-sao-convocados-2\/#primaryimage\"},\"image\":{\"@id\":\"https:\/\/www.gaveanews.com\/index.php\/2025\/07\/10\/dois-jogadores-do-flamengo-sao-convocados-2\/#primaryimage\"},\"thumbnailUrl\":\"https:\/\/www.gaveanews.com\/wp-content\/uploads\/fachada-do-modulo-profissional-do-ninho-do-urubu-centro-de-treinamento-do-flamengo-1642444901774_v2_1x1.webp\",\"datePublished\":\"2025-07-11T01:30:00+00:00\",\"author\":{\"@id\":\"https:\/\/www.gaveanews.com\/#\/schema\/person\/daf63eec72e1164eb13dc35096c2b8da\"},\"breadcrumb\":{\"@id\":\"https:\/\/www.gaveanews.com\/index.php\/2025\/07\/10\/dois-jogadores-do-flamengo-sao-convocados-2\/#breadcrumb\"},\"inLanguage\":\"pt-BR\",\"potentialAction\":[{\"@type\":\"ReadAction\",\"target\":[\"https:\/\/www.gaveanews.com\/index.php\/2025\/07\/10\/dois-jogadores-do-flamengo-sao-convocados-2\/\"]}]},{\"@type\":\"ImageObject\",\"inLanguage\":\"pt-BR\",\"@id\":\"https:\/\/www.gaveanews.com\/index.php\/2025\/07\/10\/dois-jogadores-do-flamengo-sao-convocados-2\/#primaryimage\",\"url\":\"https:\/\/www.gaveanews.com\/wp-content\/uploads\/fachada-do-modulo-profissional-do-ninho-do-urubu-centro-de-treinamento-do-flamengo-1642444901774_v2_1x1.webp\",\"contentUrl\":\"https:\/\/www.gaveanews.com\/wp-content\/uploads\/fachada-do-modulo-profissional-do-ninho-do-urubu-centro-de-treinamento-do-flamengo-1642444901774_v2_1x1.webp\",\"width\":1361,\"height\":1363,\"caption\":\"CT Ninho do Urubu (Foto: Divulga\u00e7\u00e3o Flamengo)\"},{\"@type\":\"BreadcrumbList\",\"@id\":\"https:\/\/www.gaveanews.com\/index.php\/2025\/07\/10\/dois-jogadores-do-flamengo-sao-convocados-2\/#breadcrumb\",\"itemListElement\":[{\"@type\":\"ListItem\",\"position\":1,\"name\":\"Home\",\"item\":\"https:\/\/www.gaveanews.com\/\"},{\"@type\":\"ListItem\",\"position\":2,\"name\":\"Dois jogadores do Flamengo s\u00e3o convocados\"}]},{\"@type\":\"WebSite\",\"@id\":\"https:\/\/www.gaveanews.com\/#website\",\"url\":\"https:\/\/www.gaveanews.com\/\",\"name\":\"G\u00e1vea News\",\"description\":\"Veja todas as not\u00edcias sobre o Flamengo: Contrata\u00e7\u00f5es, categorias de base, resultados das partidas, tabela de classifica\u00e7\u00e3o, pr\u00f3ximos jogos!\",\"potentialAction\":[{\"@type\":\"SearchAction\",\"target\":{\"@type\":\"EntryPoint\",\"urlTemplate\":\"https:\/\/www.gaveanews.com\/?s={search_term_string}\"},\"query-input\":{\"@type\":\"PropertyValueSpecification\",\"valueRequired\":true,\"valueName\":\"search_term_string\"}}],\"inLanguage\":\"pt-BR\"},{\"@type\":\"Person\",\"@id\":\"https:\/\/www.gaveanews.com\/#\/schema\/person\/daf63eec72e1164eb13dc35096c2b8da\",\"name\":\"Paula Silva\",\"image\":{\"@type\":\"ImageObject\",\"inLanguage\":\"pt-BR\",\"@id\":\"https:\/\/www.gaveanews.com\/#\/schema\/person\/image\/\",\"url\":\"https:\/\/secure.gravatar.com\/avatar\/eda381c845527cc5d64c13b901833cda29d97500ba040d3e6461f76f51d163bb?s=96&d=mm&r=g\",\"contentUrl\":\"https:\/\/secure.gravatar.com\/avatar\/eda381c845527cc5d64c13b901833cda29d97500ba040d3e6461f76f51d163bb?s=96&d=mm&r=g\",\"caption\":\"Paula Silva\"}}]}<\/script>\n<!-- \/ Yoast SEO Premium plugin. -->","yoast_head_json":{"title":"Dois jogadores do Flamengo s\u00e3o convocados","robots":{"index":"index","follow":"follow","max-snippet":"max-snippet:-1","max-image-preview":"max-image-preview:large","max-video-preview":"max-video-preview:-1"},"canonical":"https:\/\/www.gaveanews.com\/index.php\/2025\/07\/10\/dois-jogadores-do-flamengo-sao-convocados-2\/","og_locale":"pt_BR","og_type":"article","og_title":"Dois jogadores do Flamengo s\u00e3o convocados","og_description":"Dois jogadores do Flamengo foram convocados para defender a Sele\u00e7\u00e3o Brasileira na Solidarity Cup, torneio amistoso que ser\u00e1 disputado na China entre os dias 24 e 31 de julho. O ala-piv\u00f4 Kayo Gon\u00e7alves e o ala-armador Daniel Onwenu integram o grupo que representar\u00e1 o pa\u00eds na competi\u00e7\u00e3o, que serve como prepara\u00e7\u00e3o para o ciclo ol\u00edmpico [&hellip;]","og_url":"https:\/\/www.gaveanews.com\/index.php\/2025\/07\/10\/dois-jogadores-do-flamengo-sao-convocados-2\/","og_site_name":"G\u00e1vea News","article_publisher":"https:\/\/facebook.com\/gaveaNews\/","article_published_time":"2025-07-11T01:30:00+00:00","og_image":[{"width":1361,"height":1363,"url":"https:\/\/www.gaveanews.com\/wp-content\/uploads\/fachada-do-modulo-profissional-do-ninho-do-urubu-centro-de-treinamento-do-flamengo-1642444901774_v2_1x1.webp","type":"image\/jpeg"}],"author":"Paula Silva","twitter_card":"summary_large_image","twitter_misc":{"Escrito por":"Paula Silva","Est. tempo de leitura":"3 minutos"},"schema":{"@context":"https:\/\/schema.org","@graph":[{"@type":"NewsArticle","@id":"https:\/\/www.gaveanews.com\/index.php\/2025\/07\/10\/dois-jogadores-do-flamengo-sao-convocados-2\/#article","isPartOf":{"@id":"https:\/\/www.gaveanews.com\/index.php\/2025\/07\/10\/dois-jogadores-do-flamengo-sao-convocados-2\/"},"author":{"name":"Paula Silva","@id":"https:\/\/www.gaveanews.com\/#\/schema\/person\/daf63eec72e1164eb13dc35096c2b8da"},"headline":"Dois jogadores do Flamengo s\u00e3o convocados","datePublished":"2025-07-11T01:30:00+00:00","mainEntityOfPage":{"@id":"https:\/\/www.gaveanews.com\/index.php\/2025\/07\/10\/dois-jogadores-do-flamengo-sao-convocados-2\/"},"wordCount":457,"commentCount":0,"image":{"@id":"https:\/\/www.gaveanews.com\/index.php\/2025\/07\/10\/dois-jogadores-do-flamengo-sao-convocados-2\/#primaryimage"},"thumbnailUrl":"https:\/\/www.gaveanews.com\/wp-content\/uploads\/fachada-do-modulo-profissional-do-ninho-do-urubu-centro-de-treinamento-do-flamengo-1642444901774_v2_1x1.webp","articleSection":["Flamengo"],"inLanguage":"pt-BR","potentialAction":[{"@type":"CommentAction","name":"Comment","target":["https:\/\/www.gaveanews.com\/index.php\/2025\/07\/10\/dois-jogadores-do-flamengo-sao-convocados-2\/#respond"]}],"copyrightYear":"2025","copyrightHolder":{"@id":"https:\/\/www.gaveanews.com\/#organization"}},{"@type":"WebPage","@id":"https:\/\/www.gaveanews.com\/index.php\/2025\/07\/10\/dois-jogadores-do-flamengo-sao-convocados-2\/","url":"https:\/\/www.gaveanews.com\/index.php\/2025\/07\/10\/dois-jogadores-do-flamengo-sao-convocados-2\/","name":"Dois jogadores do Flamengo s\u00e3o convocados","isPartOf":{"@id":"https:\/\/www.gaveanews.com\/#website"},"primaryImageOfPage":{"@id":"https:\/\/www.gaveanews.com\/index.php\/2025\/07\/10\/dois-jogadores-do-flamengo-sao-convocados-2\/#primaryimage"},"image":{"@id":"https:\/\/www.gaveanews.com\/index.php\/2025\/07\/10\/dois-jogadores-do-flamengo-sao-convocados-2\/#primaryimage"},"thumbnailUrl":"https:\/\/www.gaveanews.com\/wp-content\/uploads\/fachada-do-modulo-profissional-do-ninho-do-urubu-centro-de-treinamento-do-flamengo-1642444901774_v2_1x1.webp","datePublished":"2025-07-11T01:30:00+00:00","author":{"@id":"https:\/\/www.gaveanews.com\/#\/schema\/person\/daf63eec72e1164eb13dc35096c2b8da"},"breadcrumb":{"@id":"https:\/\/www.gaveanews.com\/index.php\/2025\/07\/10\/dois-jogadores-do-flamengo-sao-convocados-2\/#breadcrumb"},"inLanguage":"pt-BR","potentialAction":[{"@type":"ReadAction","target":["https:\/\/www.gaveanews.com\/index.php\/2025\/07\/10\/dois-jogadores-do-flamengo-sao-convocados-2\/"]}]},{"@type":"ImageObject","inLanguage":"pt-BR","@id":"https:\/\/www.gaveanews.com\/index.php\/2025\/07\/10\/dois-jogadores-do-flamengo-sao-convocados-2\/#primaryimage","url":"https:\/\/www.gaveanews.com\/wp-content\/uploads\/fachada-do-modulo-profissional-do-ninho-do-urubu-centro-de-treinamento-do-flamengo-1642444901774_v2_1x1.webp","contentUrl":"https:\/\/www.gaveanews.com\/wp-content\/uploads\/fachada-do-modulo-profissional-do-ninho-do-urubu-centro-de-treinamento-do-flamengo-1642444901774_v2_1x1.webp","width":1361,"height":1363,"caption":"CT Ninho do Urubu (Foto: Divulga\u00e7\u00e3o Flamengo)"},{"@type":"BreadcrumbList","@id":"https:\/\/www.gaveanews.com\/index.php\/2025\/07\/10\/dois-jogadores-do-flamengo-sao-convocados-2\/#breadcrumb","itemListElement":[{"@type":"ListItem","position":1,"name":"Home","item":"https:\/\/www.gaveanews.com\/"},{"@type":"ListItem","position":2,"name":"Dois jogadores do Flamengo s\u00e3o convocados"}]},{"@type":"WebSite","@id":"https:\/\/www.gaveanews.com\/#website","url":"https:\/\/www.gaveanews.com\/","name":"G\u00e1vea News","description":"Veja todas as not\u00edcias sobre o Flamengo: Contrata\u00e7\u00f5es, categorias de base, resultados das partidas, tabela de classifica\u00e7\u00e3o, pr\u00f3ximos jogos!","potentialAction":[{"@type":"SearchAction","target":{"@type":"EntryPoint","urlTemplate":"https:\/\/www.gaveanews.com\/?s={search_term_string}"},"query-input":{"@type":"PropertyValueSpecification","valueRequired":true,"valueName":"search_term_string"}}],"inLanguage":"pt-BR"},{"@type":"Person","@id":"https:\/\/www.gaveanews.com\/#\/schema\/person\/daf63eec72e1164eb13dc35096c2b8da","name":"Paula Silva","image":{"@type":"ImageObject","inLanguage":"pt-BR","@id":"https:\/\/www.gaveanews.com\/#\/schema\/person\/image\/","url":"https:\/\/secure.gravatar.com\/avatar\/eda381c845527cc5d64c13b901833cda29d97500ba040d3e6461f76f51d163bb?s=96&d=mm&r=g","contentUrl":"https:\/\/secure.gravatar.com\/avatar\/eda381c845527cc5d64c13b901833cda29d97500ba040d3e6461f76f51d163bb?s=96&d=mm&r=g","caption":"Paula Silva"}}]}},"_links":{"self":[{"href":"https:\/\/www.gaveanews.com\/index.php\/wp-json\/wp\/v2\/posts\/272323","targetHints":{"allow":["GET"]}}],"collection":[{"href":"https:\/\/www.gaveanews.com\/index.php\/wp-json\/wp\/v2\/posts"}],"about":[{"href":"https:\/\/www.gaveanews.com\/index.php\/wp-json\/wp\/v2\/types\/post"}],"author":[{"embeddable":true,"href":"https:\/\/www.gaveanews.com\/index.php\/wp-json\/wp\/v2\/users\/18"}],"replies":[{"embeddable":true,"href":"https:\/\/www.gaveanews.com\/index.php\/wp-json\/wp\/v2\/comments?post=272323"}],"version-history":[{"count":2,"href":"https:\/\/www.gaveanews.com\/index.php\/wp-json\/wp\/v2\/posts\/272323\/revisions"}],"predecessor-version":[{"id":272327,"href":"https:\/\/www.gaveanews.com\/index.php\/wp-json\/wp\/v2\/posts\/272323\/revisions\/272327"}],"wp:featuredmedia":[{"embeddable":true,"href":"https:\/\/www.gaveanews.com\/index.php\/wp-json\/wp\/v2\/media\/213513"}],"wp:attachment":[{"href":"https:\/\/www.gaveanews.com\/index.php\/wp-json\/wp\/v2\/media?parent=272323"}],"wp:term":[{"taxonomy":"category","embeddable":true,"href":"https:\/\/www.gaveanews.com\/index.php\/wp-json\/wp\/v2\/categories?post=272323"},{"taxonomy":"post_tag","embeddable":true,"href":"https:\/\/www.gaveanews.com\/index.php\/wp-json\/wp\/v2\/tags?post=272323"}],"curies":[{"name":"wp","href":"https:\/\/api.w.org\/{rel}","templated":true}]}}