{"id":272537,"date":"2025-07-15T13:00:00","date_gmt":"2025-07-15T16:00:00","guid":{"rendered":"https:\/\/www.gaveanews.com\/?p=272537"},"modified":"2025-07-15T12:23:58","modified_gmt":"2025-07-15T15:23:58","slug":"atacante-internacional-aceita-jogar-no-flamengo","status":"publish","type":"post","link":"https:\/\/www.gaveanews.com\/index.php\/2025\/07\/15\/atacante-internacional-aceita-jogar-no-flamengo\/","title":{"rendered":"Atacante internacional aceita jogar no Flamengo"},"content":{"rendered":"\n<p>O torcedor rubro-negro pode come\u00e7ar a sonhar com mais um nome de peso no ataque. Isso porque o Flamengo est\u00e1 cada vez mais pr\u00f3ximo de anunciar a contrata\u00e7\u00e3o de Taty Castellanos, atacante da Lazio.&nbsp;<\/p>\n\n\n\n<p>Segundo o jornalista Ven\u00ea Casagrande, \u201co Flamengo negocia com a Lazio a compra de Taty Castellanos. Com o jogador est\u00e1 tudo acertado (base salarial e tempo de contrato). O jogador est\u00e1 muito animado em vestir a camisa do Fla. Conversas evolu\u00edram bem nas \u00faltimas horas, e a diretoria est\u00e1 bem confiante para conseguir a contrata\u00e7\u00e3o.\u201d&nbsp;<\/p>\n\n\n\n<p>A informa\u00e7\u00e3o agitou os bastidores e mostra o quanto o clube carioca segue forte no mercado da bola.<\/p>\n\n\n\n<h2 class=\"wp-block-heading\" id=\"h-otimismo-da-diretoria-embala-torcedor\">Otimismo da diretoria embala torcedor<\/h2>\n\n\n\n<p>O avan\u00e7o nas conversas entre Flamengo e Lazio sinaliza um desfecho positivo. Com isso, a diretoria demonstra otimismo e confian\u00e7a na concretiza\u00e7\u00e3o da negocia\u00e7\u00e3o. Vale destacar que, mesmo sendo um jogador internacional, Castellanos aceitou rapidamente os termos salariais e o tempo de contrato oferecidos pelo Rubro-Negro.&nbsp;<\/p>\n\n\n\n<p>Isso mostra n\u00e3o s\u00f3 a for\u00e7a do Flamengo no cen\u00e1rio sul-americano, mas tamb\u00e9m o desejo do atleta em vestir a camisa de um clube de grande express\u00e3o.<\/p>\n\n\n\n<blockquote class=\"twitter-tweet\"><p lang=\"pt\" dir=\"ltr\">O Flamengo negocia com a Lazio a compra de Taty Castellanos. Com o jogador est\u00e1 tudo acertado (base salarial e tempo de contrato). O jogador est\u00e1 muito animado em vestir a camisa do Fla. Conversas evolu\u00edram bem nas \u00faltimas horas, e a diretoria est\u00e1 bem confiante para conseguir a\u2026 <a href=\"https:\/\/t.co\/t6MfbTwQkK\">pic.twitter.com\/t6MfbTwQkK<\/a><\/p>&mdash; Ven\u00ea Casagrande (@venecasagrande) <a href=\"https:\/\/twitter.com\/venecasagrande\/status\/1945136728357929376?ref_src=twsrc%5Etfw\">July 15, 2025<\/a><\/blockquote> <script async src=\"https:\/\/platform.twitter.com\/widgets.js\" charset=\"utf-8\"><\/script>\n\n\n\n<h2 class=\"wp-block-heading\" id=\"h-por-que-castellanos-pode-encaixar-bem-no-elenco\">Por que Castellanos pode encaixar bem no elenco<\/h2>\n\n\n\n<p>O nome de Taty Castellanos \u00e9 bem visto internamente porque se trata de um atacante vers\u00e1til, com boa movimenta\u00e7\u00e3o, presen\u00e7a de \u00e1rea e experi\u00eancia no futebol europeu. Sendo assim, ele surge como uma pe\u00e7a importante para refor\u00e7ar o setor ofensivo comandado por Filipe Lu\u00eds.&nbsp;<\/p>\n\n\n\n<p>Al\u00e9m disso, a chegada de um atleta com esse perfil amplia as op\u00e7\u00f5es t\u00e1ticas da equipe, que disputa competi\u00e7\u00f5es de alto n\u00edvel no segundo semestre.<\/p>\n\n\n\n<h2 class=\"wp-block-heading\" id=\"h-expectativa-aumenta-nos-bastidores-do-ninho\">Expectativa aumenta nos bastidores do Ninho<\/h2>\n\n\n\n<p>Cabe ressaltar que, nos bastidores do Ninho do Urubu, a expectativa \u00e9 de que a negocia\u00e7\u00e3o possa ser finalizada nos pr\u00f3ximos dias. Isso porque as conversas com a Lazio est\u00e3o em est\u00e1gio avan\u00e7ado e n\u00e3o h\u00e1 grandes obst\u00e1culos pendentes. Dessa maneira, o desfecho positivo parece quest\u00e3o de tempo.<\/p>\n\n\n\n<p>Portanto, o torcedor deve ficar atento aos pr\u00f3ximos passos do Flamengo no mercado. Por isso, acompanhar cada atualiza\u00e7\u00e3o se torna essencial. Desse jeito, \u00e9 poss\u00edvel entender por que o nome de Castellanos j\u00e1 empolga a Na\u00e7\u00e3o Rubro-Negra.<\/p>\n","protected":false},"excerpt":{"rendered":"<p>O torcedor rubro-negro pode come\u00e7ar a sonhar com mais um nome de peso no ataque. Isso porque o Flamengo est\u00e1 cada vez mais pr\u00f3ximo de anunciar a contrata\u00e7\u00e3o de Taty Castellanos, atacante da Lazio.&nbsp; Segundo o jornalista Ven\u00ea Casagrande, \u201co Flamengo negocia com a Lazio a compra de Taty Castellanos. Com o jogador est\u00e1 tudo [&hellip;]<\/p>\n","protected":false},"author":25,"featured_media":205636,"comment_status":"open","ping_status":"closed","sticky":false,"template":"","format":"standard","meta":{"footnotes":""},"categories":[1],"tags":[],"class_list":["post-272537","post","type-post","status-publish","format-standard","has-post-thumbnail","hentry","category-flamengo"],"yoast_head":"<!-- This site is optimized with the Yoast SEO Premium plugin v24.2 (Yoast SEO v26.9) - https:\/\/yoast.com\/product\/yoast-seo-premium-wordpress\/ -->\n<title>Atacante internacional aceita jogar no Flamengo<\/title>\n<meta name=\"robots\" content=\"index, follow, max-snippet:-1, max-image-preview:large, max-video-preview:-1\" \/>\n<link rel=\"canonical\" href=\"https:\/\/www.gaveanews.com\/index.php\/2025\/07\/15\/atacante-internacional-aceita-jogar-no-flamengo\/\" \/>\n<meta property=\"og:locale\" content=\"pt_BR\" \/>\n<meta property=\"og:type\" content=\"article\" \/>\n<meta property=\"og:title\" content=\"Atacante internacional aceita jogar no Flamengo\" \/>\n<meta property=\"og:description\" content=\"O torcedor rubro-negro pode come\u00e7ar a sonhar com mais um nome de peso no ataque. Isso porque o Flamengo est\u00e1 cada vez mais pr\u00f3ximo de anunciar a contrata\u00e7\u00e3o de Taty Castellanos, atacante da Lazio.&nbsp; Segundo o jornalista Ven\u00ea Casagrande, \u201co Flamengo negocia com a Lazio a compra de Taty Castellanos. Com o jogador est\u00e1 tudo [&hellip;]\" \/>\n<meta property=\"og:url\" content=\"https:\/\/www.gaveanews.com\/index.php\/2025\/07\/15\/atacante-internacional-aceita-jogar-no-flamengo\/\" \/>\n<meta property=\"og:site_name\" content=\"G\u00e1vea News\" \/>\n<meta property=\"article:publisher\" content=\"https:\/\/facebook.com\/gaveaNews\/\" \/>\n<meta property=\"article:published_time\" content=\"2025-07-15T16:00:00+00:00\" \/>\n<meta property=\"og:image\" content=\"https:\/\/www.gaveanews.com\/wp-content\/uploads\/Apresentacao-de-Jose-Boto-no-Flamengo-Foto_-Marcelo-Cortes-_-CRF.webp\" \/>\n\t<meta property=\"og:image:width\" content=\"2048\" \/>\n\t<meta property=\"og:image:height\" content=\"1364\" \/>\n\t<meta property=\"og:image:type\" content=\"image\/webp\" \/>\n<meta name=\"author\" content=\"Rafaela Ladeira\" \/>\n<meta name=\"twitter:card\" content=\"summary_large_image\" \/>\n<meta name=\"twitter:label1\" content=\"Escrito por\" \/>\n\t<meta name=\"twitter:data1\" content=\"Rafaela Ladeira\" \/>\n\t<meta name=\"twitter:label2\" content=\"Est. tempo de leitura\" \/>\n\t<meta name=\"twitter:data2\" content=\"3 minutos\" \/>\n<script type=\"application\/ld+json\" class=\"yoast-schema-graph\">{\"@context\":\"https:\/\/schema.org\",\"@graph\":[{\"@type\":\"NewsArticle\",\"@id\":\"https:\/\/www.gaveanews.com\/index.php\/2025\/07\/15\/atacante-internacional-aceita-jogar-no-flamengo\/#article\",\"isPartOf\":{\"@id\":\"https:\/\/www.gaveanews.com\/index.php\/2025\/07\/15\/atacante-internacional-aceita-jogar-no-flamengo\/\"},\"author\":{\"name\":\"Rafaela Ladeira\",\"@id\":\"https:\/\/www.gaveanews.com\/#\/schema\/person\/0eb3e3fe1754f0205218538adbe8f5ed\"},\"headline\":\"Atacante internacional aceita jogar no Flamengo\",\"datePublished\":\"2025-07-15T16:00:00+00:00\",\"mainEntityOfPage\":{\"@id\":\"https:\/\/www.gaveanews.com\/index.php\/2025\/07\/15\/atacante-internacional-aceita-jogar-no-flamengo\/\"},\"wordCount\":459,\"commentCount\":0,\"image\":{\"@id\":\"https:\/\/www.gaveanews.com\/index.php\/2025\/07\/15\/atacante-internacional-aceita-jogar-no-flamengo\/#primaryimage\"},\"thumbnailUrl\":\"https:\/\/www.gaveanews.com\/wp-content\/uploads\/Apresentacao-de-Jose-Boto-no-Flamengo-Foto_-Marcelo-Cortes-_-CRF.webp\",\"articleSection\":[\"Flamengo\"],\"inLanguage\":\"pt-BR\",\"potentialAction\":[{\"@type\":\"CommentAction\",\"name\":\"Comment\",\"target\":[\"https:\/\/www.gaveanews.com\/index.php\/2025\/07\/15\/atacante-internacional-aceita-jogar-no-flamengo\/#respond\"]}],\"copyrightYear\":\"2025\",\"copyrightHolder\":{\"@id\":\"https:\/\/www.gaveanews.com\/#organization\"}},{\"@type\":\"WebPage\",\"@id\":\"https:\/\/www.gaveanews.com\/index.php\/2025\/07\/15\/atacante-internacional-aceita-jogar-no-flamengo\/\",\"url\":\"https:\/\/www.gaveanews.com\/index.php\/2025\/07\/15\/atacante-internacional-aceita-jogar-no-flamengo\/\",\"name\":\"Atacante internacional aceita jogar no Flamengo\",\"isPartOf\":{\"@id\":\"https:\/\/www.gaveanews.com\/#website\"},\"primaryImageOfPage\":{\"@id\":\"https:\/\/www.gaveanews.com\/index.php\/2025\/07\/15\/atacante-internacional-aceita-jogar-no-flamengo\/#primaryimage\"},\"image\":{\"@id\":\"https:\/\/www.gaveanews.com\/index.php\/2025\/07\/15\/atacante-internacional-aceita-jogar-no-flamengo\/#primaryimage\"},\"thumbnailUrl\":\"https:\/\/www.gaveanews.com\/wp-content\/uploads\/Apresentacao-de-Jose-Boto-no-Flamengo-Foto_-Marcelo-Cortes-_-CRF.webp\",\"datePublished\":\"2025-07-15T16:00:00+00:00\",\"author\":{\"@id\":\"https:\/\/www.gaveanews.com\/#\/schema\/person\/0eb3e3fe1754f0205218538adbe8f5ed\"},\"breadcrumb\":{\"@id\":\"https:\/\/www.gaveanews.com\/index.php\/2025\/07\/15\/atacante-internacional-aceita-jogar-no-flamengo\/#breadcrumb\"},\"inLanguage\":\"pt-BR\",\"potentialAction\":[{\"@type\":\"ReadAction\",\"target\":[\"https:\/\/www.gaveanews.com\/index.php\/2025\/07\/15\/atacante-internacional-aceita-jogar-no-flamengo\/\"]}]},{\"@type\":\"ImageObject\",\"inLanguage\":\"pt-BR\",\"@id\":\"https:\/\/www.gaveanews.com\/index.php\/2025\/07\/15\/atacante-internacional-aceita-jogar-no-flamengo\/#primaryimage\",\"url\":\"https:\/\/www.gaveanews.com\/wp-content\/uploads\/Apresentacao-de-Jose-Boto-no-Flamengo-Foto_-Marcelo-Cortes-_-CRF.webp\",\"contentUrl\":\"https:\/\/www.gaveanews.com\/wp-content\/uploads\/Apresentacao-de-Jose-Boto-no-Flamengo-Foto_-Marcelo-Cortes-_-CRF.webp\",\"width\":2048,\"height\":1364},{\"@type\":\"BreadcrumbList\",\"@id\":\"https:\/\/www.gaveanews.com\/index.php\/2025\/07\/15\/atacante-internacional-aceita-jogar-no-flamengo\/#breadcrumb\",\"itemListElement\":[{\"@type\":\"ListItem\",\"position\":1,\"name\":\"Home\",\"item\":\"https:\/\/www.gaveanews.com\/\"},{\"@type\":\"ListItem\",\"position\":2,\"name\":\"Atacante internacional aceita jogar no Flamengo\"}]},{\"@type\":\"WebSite\",\"@id\":\"https:\/\/www.gaveanews.com\/#website\",\"url\":\"https:\/\/www.gaveanews.com\/\",\"name\":\"G\u00e1vea News\",\"description\":\"Veja todas as not\u00edcias sobre o Flamengo: Contrata\u00e7\u00f5es, categorias de base, resultados das partidas, tabela de classifica\u00e7\u00e3o, pr\u00f3ximos jogos!\",\"potentialAction\":[{\"@type\":\"SearchAction\",\"target\":{\"@type\":\"EntryPoint\",\"urlTemplate\":\"https:\/\/www.gaveanews.com\/?s={search_term_string}\"},\"query-input\":{\"@type\":\"PropertyValueSpecification\",\"valueRequired\":true,\"valueName\":\"search_term_string\"}}],\"inLanguage\":\"pt-BR\"},{\"@type\":\"Person\",\"@id\":\"https:\/\/www.gaveanews.com\/#\/schema\/person\/0eb3e3fe1754f0205218538adbe8f5ed\",\"name\":\"Rafaela Ladeira\",\"image\":{\"@type\":\"ImageObject\",\"inLanguage\":\"pt-BR\",\"@id\":\"https:\/\/www.gaveanews.com\/#\/schema\/person\/image\/\",\"url\":\"https:\/\/secure.gravatar.com\/avatar\/c31f513acffd85eacab5730cbdfdbbf59f21ba5aeada8cd890acea879fbb2455?s=96&d=mm&r=g\",\"contentUrl\":\"https:\/\/secure.gravatar.com\/avatar\/c31f513acffd85eacab5730cbdfdbbf59f21ba5aeada8cd890acea879fbb2455?s=96&d=mm&r=g\",\"caption\":\"Rafaela Ladeira\"}}]}<\/script>\n<!-- \/ Yoast SEO Premium plugin. -->","yoast_head_json":{"title":"Atacante internacional aceita jogar no Flamengo","robots":{"index":"index","follow":"follow","max-snippet":"max-snippet:-1","max-image-preview":"max-image-preview:large","max-video-preview":"max-video-preview:-1"},"canonical":"https:\/\/www.gaveanews.com\/index.php\/2025\/07\/15\/atacante-internacional-aceita-jogar-no-flamengo\/","og_locale":"pt_BR","og_type":"article","og_title":"Atacante internacional aceita jogar no Flamengo","og_description":"O torcedor rubro-negro pode come\u00e7ar a sonhar com mais um nome de peso no ataque. Isso porque o Flamengo est\u00e1 cada vez mais pr\u00f3ximo de anunciar a contrata\u00e7\u00e3o de Taty Castellanos, atacante da Lazio.&nbsp; Segundo o jornalista Ven\u00ea Casagrande, \u201co Flamengo negocia com a Lazio a compra de Taty Castellanos. Com o jogador est\u00e1 tudo [&hellip;]","og_url":"https:\/\/www.gaveanews.com\/index.php\/2025\/07\/15\/atacante-internacional-aceita-jogar-no-flamengo\/","og_site_name":"G\u00e1vea News","article_publisher":"https:\/\/facebook.com\/gaveaNews\/","article_published_time":"2025-07-15T16:00:00+00:00","og_image":[{"width":2048,"height":1364,"url":"https:\/\/www.gaveanews.com\/wp-content\/uploads\/Apresentacao-de-Jose-Boto-no-Flamengo-Foto_-Marcelo-Cortes-_-CRF.webp","type":"image\/webp"}],"author":"Rafaela Ladeira","twitter_card":"summary_large_image","twitter_misc":{"Escrito por":"Rafaela Ladeira","Est. tempo de leitura":"3 minutos"},"schema":{"@context":"https:\/\/schema.org","@graph":[{"@type":"NewsArticle","@id":"https:\/\/www.gaveanews.com\/index.php\/2025\/07\/15\/atacante-internacional-aceita-jogar-no-flamengo\/#article","isPartOf":{"@id":"https:\/\/www.gaveanews.com\/index.php\/2025\/07\/15\/atacante-internacional-aceita-jogar-no-flamengo\/"},"author":{"name":"Rafaela Ladeira","@id":"https:\/\/www.gaveanews.com\/#\/schema\/person\/0eb3e3fe1754f0205218538adbe8f5ed"},"headline":"Atacante internacional aceita jogar no Flamengo","datePublished":"2025-07-15T16:00:00+00:00","mainEntityOfPage":{"@id":"https:\/\/www.gaveanews.com\/index.php\/2025\/07\/15\/atacante-internacional-aceita-jogar-no-flamengo\/"},"wordCount":459,"commentCount":0,"image":{"@id":"https:\/\/www.gaveanews.com\/index.php\/2025\/07\/15\/atacante-internacional-aceita-jogar-no-flamengo\/#primaryimage"},"thumbnailUrl":"https:\/\/www.gaveanews.com\/wp-content\/uploads\/Apresentacao-de-Jose-Boto-no-Flamengo-Foto_-Marcelo-Cortes-_-CRF.webp","articleSection":["Flamengo"],"inLanguage":"pt-BR","potentialAction":[{"@type":"CommentAction","name":"Comment","target":["https:\/\/www.gaveanews.com\/index.php\/2025\/07\/15\/atacante-internacional-aceita-jogar-no-flamengo\/#respond"]}],"copyrightYear":"2025","copyrightHolder":{"@id":"https:\/\/www.gaveanews.com\/#organization"}},{"@type":"WebPage","@id":"https:\/\/www.gaveanews.com\/index.php\/2025\/07\/15\/atacante-internacional-aceita-jogar-no-flamengo\/","url":"https:\/\/www.gaveanews.com\/index.php\/2025\/07\/15\/atacante-internacional-aceita-jogar-no-flamengo\/","name":"Atacante internacional aceita jogar no Flamengo","isPartOf":{"@id":"https:\/\/www.gaveanews.com\/#website"},"primaryImageOfPage":{"@id":"https:\/\/www.gaveanews.com\/index.php\/2025\/07\/15\/atacante-internacional-aceita-jogar-no-flamengo\/#primaryimage"},"image":{"@id":"https:\/\/www.gaveanews.com\/index.php\/2025\/07\/15\/atacante-internacional-aceita-jogar-no-flamengo\/#primaryimage"},"thumbnailUrl":"https:\/\/www.gaveanews.com\/wp-content\/uploads\/Apresentacao-de-Jose-Boto-no-Flamengo-Foto_-Marcelo-Cortes-_-CRF.webp","datePublished":"2025-07-15T16:00:00+00:00","author":{"@id":"https:\/\/www.gaveanews.com\/#\/schema\/person\/0eb3e3fe1754f0205218538adbe8f5ed"},"breadcrumb":{"@id":"https:\/\/www.gaveanews.com\/index.php\/2025\/07\/15\/atacante-internacional-aceita-jogar-no-flamengo\/#breadcrumb"},"inLanguage":"pt-BR","potentialAction":[{"@type":"ReadAction","target":["https:\/\/www.gaveanews.com\/index.php\/2025\/07\/15\/atacante-internacional-aceita-jogar-no-flamengo\/"]}]},{"@type":"ImageObject","inLanguage":"pt-BR","@id":"https:\/\/www.gaveanews.com\/index.php\/2025\/07\/15\/atacante-internacional-aceita-jogar-no-flamengo\/#primaryimage","url":"https:\/\/www.gaveanews.com\/wp-content\/uploads\/Apresentacao-de-Jose-Boto-no-Flamengo-Foto_-Marcelo-Cortes-_-CRF.webp","contentUrl":"https:\/\/www.gaveanews.com\/wp-content\/uploads\/Apresentacao-de-Jose-Boto-no-Flamengo-Foto_-Marcelo-Cortes-_-CRF.webp","width":2048,"height":1364},{"@type":"BreadcrumbList","@id":"https:\/\/www.gaveanews.com\/index.php\/2025\/07\/15\/atacante-internacional-aceita-jogar-no-flamengo\/#breadcrumb","itemListElement":[{"@type":"ListItem","position":1,"name":"Home","item":"https:\/\/www.gaveanews.com\/"},{"@type":"ListItem","position":2,"name":"Atacante internacional aceita jogar no Flamengo"}]},{"@type":"WebSite","@id":"https:\/\/www.gaveanews.com\/#website","url":"https:\/\/www.gaveanews.com\/","name":"G\u00e1vea News","description":"Veja todas as not\u00edcias sobre o Flamengo: Contrata\u00e7\u00f5es, categorias de base, resultados das partidas, tabela de classifica\u00e7\u00e3o, pr\u00f3ximos jogos!","potentialAction":[{"@type":"SearchAction","target":{"@type":"EntryPoint","urlTemplate":"https:\/\/www.gaveanews.com\/?s={search_term_string}"},"query-input":{"@type":"PropertyValueSpecification","valueRequired":true,"valueName":"search_term_string"}}],"inLanguage":"pt-BR"},{"@type":"Person","@id":"https:\/\/www.gaveanews.com\/#\/schema\/person\/0eb3e3fe1754f0205218538adbe8f5ed","name":"Rafaela Ladeira","image":{"@type":"ImageObject","inLanguage":"pt-BR","@id":"https:\/\/www.gaveanews.com\/#\/schema\/person\/image\/","url":"https:\/\/secure.gravatar.com\/avatar\/c31f513acffd85eacab5730cbdfdbbf59f21ba5aeada8cd890acea879fbb2455?s=96&d=mm&r=g","contentUrl":"https:\/\/secure.gravatar.com\/avatar\/c31f513acffd85eacab5730cbdfdbbf59f21ba5aeada8cd890acea879fbb2455?s=96&d=mm&r=g","caption":"Rafaela Ladeira"}}]}},"_links":{"self":[{"href":"https:\/\/www.gaveanews.com\/index.php\/wp-json\/wp\/v2\/posts\/272537","targetHints":{"allow":["GET"]}}],"collection":[{"href":"https:\/\/www.gaveanews.com\/index.php\/wp-json\/wp\/v2\/posts"}],"about":[{"href":"https:\/\/www.gaveanews.com\/index.php\/wp-json\/wp\/v2\/types\/post"}],"author":[{"embeddable":true,"href":"https:\/\/www.gaveanews.com\/index.php\/wp-json\/wp\/v2\/users\/25"}],"replies":[{"embeddable":true,"href":"https:\/\/www.gaveanews.com\/index.php\/wp-json\/wp\/v2\/comments?post=272537"}],"version-history":[{"count":1,"href":"https:\/\/www.gaveanews.com\/index.php\/wp-json\/wp\/v2\/posts\/272537\/revisions"}],"predecessor-version":[{"id":272538,"href":"https:\/\/www.gaveanews.com\/index.php\/wp-json\/wp\/v2\/posts\/272537\/revisions\/272538"}],"wp:featuredmedia":[{"embeddable":true,"href":"https:\/\/www.gaveanews.com\/index.php\/wp-json\/wp\/v2\/media\/205636"}],"wp:attachment":[{"href":"https:\/\/www.gaveanews.com\/index.php\/wp-json\/wp\/v2\/media?parent=272537"}],"wp:term":[{"taxonomy":"category","embeddable":true,"href":"https:\/\/www.gaveanews.com\/index.php\/wp-json\/wp\/v2\/categories?post=272537"},{"taxonomy":"post_tag","embeddable":true,"href":"https:\/\/www.gaveanews.com\/index.php\/wp-json\/wp\/v2\/tags?post=272537"}],"curies":[{"name":"wp","href":"https:\/\/api.w.org\/{rel}","templated":true}]}}