{"id":272539,"date":"2025-07-15T12:31:04","date_gmt":"2025-07-15T15:31:04","guid":{"rendered":"https:\/\/www.gaveanews.com\/?p=272539"},"modified":"2025-07-15T12:31:08","modified_gmt":"2025-07-15T15:31:08","slug":"flamengo-x-santos-filipe-luis-toma-decisao-sobre-pedro","status":"publish","type":"post","link":"https:\/\/www.gaveanews.com\/index.php\/2025\/07\/15\/flamengo-x-santos-filipe-luis-toma-decisao-sobre-pedro\/","title":{"rendered":"Flamengo x Santos: Filipe Lu\u00eds toma decis\u00e3o sobre Pedro"},"content":{"rendered":"\n<p>A partida entre Flamengo e Santos, marcada para esta quarta-feira (16), ganhou contornos de tens\u00e3o nos bastidores rubro-negros. Isso porque o atacante Pedro, uma das principais refer\u00eancias do elenco, novamente n\u00e3o foi relacionado pelo t\u00e9cnico Filipe Lu\u00eds.&nbsp;<\/p>\n\n\n\n<p>A aus\u00eancia acontece dias ap\u00f3s o jogador ter sido alvo de cr\u00edticas p\u00fablicas do treinador, o que acendeu o alerta no Ninho do Urubu.<\/p>\n\n\n\n<h2 class=\"wp-block-heading\" id=\"h-decisao-tecnica-e-bastidores-agitados\">Decis\u00e3o t\u00e9cnica e bastidores agitados<\/h2>\n\n\n\n<p>Pedro j\u00e1 havia ficado de fora da vit\u00f3ria contra o S\u00e3o Paulo na \u00faltima rodada. Ap\u00f3s o jogo, Filipe Lu\u00eds foi direto ao expressar sua insatisfa\u00e7\u00e3o com a postura do camisa 9 nos treinamentos. Sendo assim, o corte para o duelo contra o Santos refor\u00e7a que a situa\u00e7\u00e3o \u00e9 mais s\u00e9ria do que se imaginava.&nbsp;<\/p>\n\n\n\n<p>Vale destacar que, segundo apura\u00e7\u00e3o da CNN Brasil, o jogador se reuniu com o elenco nesta segunda-feira (14), mas n\u00e3o pediu desculpas. Ele apenas fez um pronunciamento, o que, segundo fontes internas, n\u00e3o agradou parte do grupo.<\/p>\n\n\n\n<blockquote class=\"twitter-tweet\"><p lang=\"pt\" dir=\"ltr\">Os relacionados do MENG\u00c3O para a partida contra o Santos pelo Brasileir\u00e3o!<a href=\"https:\/\/twitter.com\/hashtag\/Squad?src=hash&amp;ref_src=twsrc%5Etfw\">#Squad<\/a> <a href=\"https:\/\/t.co\/ZUhhic4CXY\">pic.twitter.com\/ZUhhic4CXY<\/a><\/p>&mdash; Flamengo (@Flamengo) <a href=\"https:\/\/twitter.com\/Flamengo\/status\/1945133283173413209?ref_src=twsrc%5Etfw\">July 15, 2025<\/a><\/blockquote> <script async src=\"https:\/\/platform.twitter.com\/widgets.js\" charset=\"utf-8\"><\/script>\n\n\n\n<h2 class=\"wp-block-heading\" id=\"h-pronunciamento-nas-redes-expoe-magoa\">Pronunciamento nas redes exp\u00f5e m\u00e1goa<\/h2>\n\n\n\n<p>Horas depois da reuni\u00e3o, Pedro foi \u00e0s redes sociais para explicar sua vers\u00e3o e demonstrar inc\u00f4modo com a condu\u00e7\u00e3o do caso. Em sua publica\u00e7\u00e3o, o atacante afirmou:<\/p>\n\n\n\n<p>\u201c\u00c9 ineg\u00e1vel que me senti desvalorizado e exposto, ap\u00f3s um membro do departamento de futebol do clube ter me colocado \u00e0 venda e descartado para a sequ\u00eancia da temporada (&#8230;). Esperava mais respeito.\u201d<\/p>\n\n\n\n<p>Com isso, o ambiente entre jogador e comiss\u00e3o t\u00e9cnica parece cada vez mais distante de uma reconcilia\u00e7\u00e3o imediata. Isso porque a fala p\u00fablica refor\u00e7a o desgaste entre as partes.<\/p>\n\n\n\n<h2 class=\"wp-block-heading\" id=\"h-o-impacto-da-ausencia-para-o-flamengo\">O impacto da aus\u00eancia para o Flamengo<\/h2>\n\n\n\n<p>Cabe ressaltar que a aus\u00eancia de Pedro pode afetar as op\u00e7\u00f5es ofensivas de Filipe Lu\u00eds. Por isso, o treinador deve buscar alternativas para manter o desempenho em alta.&nbsp;<\/p>\n\n\n\n<p>Al\u00e9m disso, a situa\u00e7\u00e3o serve de alerta para a diretoria, que precisar\u00e1 mediar o conflito se quiser preservar o ativo esportivo e financeiro que o atacante representa.<\/p>\n\n\n\n<p>Dessa maneira, a novela envolvendo Pedro ganha novos cap\u00edtulos, e o torcedor observa atento o desfecho de um dos epis\u00f3dios mais delicados do Flamengo nesta temporada.&nbsp;<\/p>\n\n\n\n<p>Portanto, o duelo contra o Santos ser\u00e1 tamb\u00e9m um teste de gest\u00e3o interna.<\/p>\n","protected":false},"excerpt":{"rendered":"<p>A partida entre Flamengo e Santos, marcada para esta quarta-feira (16), ganhou contornos de tens\u00e3o nos bastidores rubro-negros. Isso porque o atacante Pedro, uma das principais refer\u00eancias do elenco, novamente n\u00e3o foi relacionado pelo t\u00e9cnico Filipe Lu\u00eds.&nbsp; A aus\u00eancia acontece dias ap\u00f3s o jogador ter sido alvo de cr\u00edticas p\u00fablicas do treinador, o que acendeu [&hellip;]<\/p>\n","protected":false},"author":25,"featured_media":255013,"comment_status":"open","ping_status":"closed","sticky":false,"template":"","format":"standard","meta":{"footnotes":""},"categories":[1],"tags":[],"class_list":["post-272539","post","type-post","status-publish","format-standard","has-post-thumbnail","hentry","category-flamengo"],"yoast_head":"<!-- This site is optimized with the Yoast SEO Premium plugin v24.2 (Yoast SEO v26.9) - https:\/\/yoast.com\/product\/yoast-seo-premium-wordpress\/ -->\n<title>Flamengo x Santos: Filipe Lu\u00eds toma decis\u00e3o sobre Pedro<\/title>\n<meta name=\"robots\" content=\"index, follow, max-snippet:-1, max-image-preview:large, max-video-preview:-1\" \/>\n<link rel=\"canonical\" href=\"https:\/\/www.gaveanews.com\/index.php\/2025\/07\/15\/flamengo-x-santos-filipe-luis-toma-decisao-sobre-pedro\/\" \/>\n<meta property=\"og:locale\" content=\"pt_BR\" \/>\n<meta property=\"og:type\" content=\"article\" \/>\n<meta property=\"og:title\" content=\"Flamengo x Santos: Filipe Lu\u00eds toma decis\u00e3o sobre Pedro\" \/>\n<meta property=\"og:description\" content=\"A partida entre Flamengo e Santos, marcada para esta quarta-feira (16), ganhou contornos de tens\u00e3o nos bastidores rubro-negros. Isso porque o atacante Pedro, uma das principais refer\u00eancias do elenco, novamente n\u00e3o foi relacionado pelo t\u00e9cnico Filipe Lu\u00eds.&nbsp; A aus\u00eancia acontece dias ap\u00f3s o jogador ter sido alvo de cr\u00edticas p\u00fablicas do treinador, o que acendeu [&hellip;]\" \/>\n<meta property=\"og:url\" content=\"https:\/\/www.gaveanews.com\/index.php\/2025\/07\/15\/flamengo-x-santos-filipe-luis-toma-decisao-sobre-pedro\/\" \/>\n<meta property=\"og:site_name\" content=\"G\u00e1vea News\" \/>\n<meta property=\"article:publisher\" content=\"https:\/\/facebook.com\/gaveaNews\/\" \/>\n<meta property=\"article:published_time\" content=\"2025-07-15T15:31:04+00:00\" \/>\n<meta property=\"article:modified_time\" content=\"2025-07-15T15:31:08+00:00\" \/>\n<meta property=\"og:image\" content=\"http:\/\/www.gaveanews.com\/wp-content\/uploads\/Pedro-embarca-com-a-delegacao-do-Flamengo.webp\" \/>\n\t<meta property=\"og:image:width\" content=\"1200\" \/>\n\t<meta property=\"og:image:height\" content=\"800\" \/>\n\t<meta property=\"og:image:type\" content=\"image\/png\" \/>\n<meta name=\"author\" content=\"Rafaela Ladeira\" \/>\n<meta name=\"twitter:card\" content=\"summary_large_image\" \/>\n<meta name=\"twitter:label1\" content=\"Escrito por\" \/>\n\t<meta name=\"twitter:data1\" content=\"Rafaela Ladeira\" \/>\n\t<meta name=\"twitter:label2\" content=\"Est. tempo de leitura\" \/>\n\t<meta name=\"twitter:data2\" content=\"3 minutos\" \/>\n<script type=\"application\/ld+json\" class=\"yoast-schema-graph\">{\"@context\":\"https:\/\/schema.org\",\"@graph\":[{\"@type\":\"NewsArticle\",\"@id\":\"https:\/\/www.gaveanews.com\/index.php\/2025\/07\/15\/flamengo-x-santos-filipe-luis-toma-decisao-sobre-pedro\/#article\",\"isPartOf\":{\"@id\":\"https:\/\/www.gaveanews.com\/index.php\/2025\/07\/15\/flamengo-x-santos-filipe-luis-toma-decisao-sobre-pedro\/\"},\"author\":{\"name\":\"Rafaela Ladeira\",\"@id\":\"https:\/\/www.gaveanews.com\/#\/schema\/person\/0eb3e3fe1754f0205218538adbe8f5ed\"},\"headline\":\"Flamengo x Santos: Filipe Lu\u00eds toma decis\u00e3o sobre Pedro\",\"datePublished\":\"2025-07-15T15:31:04+00:00\",\"dateModified\":\"2025-07-15T15:31:08+00:00\",\"mainEntityOfPage\":{\"@id\":\"https:\/\/www.gaveanews.com\/index.php\/2025\/07\/15\/flamengo-x-santos-filipe-luis-toma-decisao-sobre-pedro\/\"},\"wordCount\":432,\"commentCount\":0,\"image\":{\"@id\":\"https:\/\/www.gaveanews.com\/index.php\/2025\/07\/15\/flamengo-x-santos-filipe-luis-toma-decisao-sobre-pedro\/#primaryimage\"},\"thumbnailUrl\":\"https:\/\/www.gaveanews.com\/wp-content\/uploads\/Pedro-embarca-com-a-delegacao-do-Flamengo.webp\",\"articleSection\":[\"Flamengo\"],\"inLanguage\":\"pt-BR\",\"potentialAction\":[{\"@type\":\"CommentAction\",\"name\":\"Comment\",\"target\":[\"https:\/\/www.gaveanews.com\/index.php\/2025\/07\/15\/flamengo-x-santos-filipe-luis-toma-decisao-sobre-pedro\/#respond\"]}],\"copyrightYear\":\"2025\",\"copyrightHolder\":{\"@id\":\"https:\/\/www.gaveanews.com\/#organization\"}},{\"@type\":\"WebPage\",\"@id\":\"https:\/\/www.gaveanews.com\/index.php\/2025\/07\/15\/flamengo-x-santos-filipe-luis-toma-decisao-sobre-pedro\/\",\"url\":\"https:\/\/www.gaveanews.com\/index.php\/2025\/07\/15\/flamengo-x-santos-filipe-luis-toma-decisao-sobre-pedro\/\",\"name\":\"Flamengo x Santos: Filipe Lu\u00eds toma decis\u00e3o sobre Pedro\",\"isPartOf\":{\"@id\":\"https:\/\/www.gaveanews.com\/#website\"},\"primaryImageOfPage\":{\"@id\":\"https:\/\/www.gaveanews.com\/index.php\/2025\/07\/15\/flamengo-x-santos-filipe-luis-toma-decisao-sobre-pedro\/#primaryimage\"},\"image\":{\"@id\":\"https:\/\/www.gaveanews.com\/index.php\/2025\/07\/15\/flamengo-x-santos-filipe-luis-toma-decisao-sobre-pedro\/#primaryimage\"},\"thumbnailUrl\":\"https:\/\/www.gaveanews.com\/wp-content\/uploads\/Pedro-embarca-com-a-delegacao-do-Flamengo.webp\",\"datePublished\":\"2025-07-15T15:31:04+00:00\",\"dateModified\":\"2025-07-15T15:31:08+00:00\",\"author\":{\"@id\":\"https:\/\/www.gaveanews.com\/#\/schema\/person\/0eb3e3fe1754f0205218538adbe8f5ed\"},\"breadcrumb\":{\"@id\":\"https:\/\/www.gaveanews.com\/index.php\/2025\/07\/15\/flamengo-x-santos-filipe-luis-toma-decisao-sobre-pedro\/#breadcrumb\"},\"inLanguage\":\"pt-BR\",\"potentialAction\":[{\"@type\":\"ReadAction\",\"target\":[\"https:\/\/www.gaveanews.com\/index.php\/2025\/07\/15\/flamengo-x-santos-filipe-luis-toma-decisao-sobre-pedro\/\"]}]},{\"@type\":\"ImageObject\",\"inLanguage\":\"pt-BR\",\"@id\":\"https:\/\/www.gaveanews.com\/index.php\/2025\/07\/15\/flamengo-x-santos-filipe-luis-toma-decisao-sobre-pedro\/#primaryimage\",\"url\":\"https:\/\/www.gaveanews.com\/wp-content\/uploads\/Pedro-embarca-com-a-delegacao-do-Flamengo.webp\",\"contentUrl\":\"https:\/\/www.gaveanews.com\/wp-content\/uploads\/Pedro-embarca-com-a-delegacao-do-Flamengo.webp\",\"width\":1200,\"height\":800,\"caption\":\"Pedro embarca com a delega\u00e7\u00e3o do Flamengo - Foto: Adriano Fontes\/Flamengo\"},{\"@type\":\"BreadcrumbList\",\"@id\":\"https:\/\/www.gaveanews.com\/index.php\/2025\/07\/15\/flamengo-x-santos-filipe-luis-toma-decisao-sobre-pedro\/#breadcrumb\",\"itemListElement\":[{\"@type\":\"ListItem\",\"position\":1,\"name\":\"Home\",\"item\":\"https:\/\/www.gaveanews.com\/\"},{\"@type\":\"ListItem\",\"position\":2,\"name\":\"Flamengo x Santos: Filipe Lu\u00eds toma decis\u00e3o sobre Pedro\"}]},{\"@type\":\"WebSite\",\"@id\":\"https:\/\/www.gaveanews.com\/#website\",\"url\":\"https:\/\/www.gaveanews.com\/\",\"name\":\"G\u00e1vea News\",\"description\":\"Veja todas as not\u00edcias sobre o Flamengo: Contrata\u00e7\u00f5es, categorias de base, resultados das partidas, tabela de classifica\u00e7\u00e3o, pr\u00f3ximos jogos!\",\"potentialAction\":[{\"@type\":\"SearchAction\",\"target\":{\"@type\":\"EntryPoint\",\"urlTemplate\":\"https:\/\/www.gaveanews.com\/?s={search_term_string}\"},\"query-input\":{\"@type\":\"PropertyValueSpecification\",\"valueRequired\":true,\"valueName\":\"search_term_string\"}}],\"inLanguage\":\"pt-BR\"},{\"@type\":\"Person\",\"@id\":\"https:\/\/www.gaveanews.com\/#\/schema\/person\/0eb3e3fe1754f0205218538adbe8f5ed\",\"name\":\"Rafaela Ladeira\",\"image\":{\"@type\":\"ImageObject\",\"inLanguage\":\"pt-BR\",\"@id\":\"https:\/\/www.gaveanews.com\/#\/schema\/person\/image\/\",\"url\":\"https:\/\/secure.gravatar.com\/avatar\/c31f513acffd85eacab5730cbdfdbbf59f21ba5aeada8cd890acea879fbb2455?s=96&d=mm&r=g\",\"contentUrl\":\"https:\/\/secure.gravatar.com\/avatar\/c31f513acffd85eacab5730cbdfdbbf59f21ba5aeada8cd890acea879fbb2455?s=96&d=mm&r=g\",\"caption\":\"Rafaela Ladeira\"}}]}<\/script>\n<!-- \/ Yoast SEO Premium plugin. -->","yoast_head_json":{"title":"Flamengo x Santos: Filipe Lu\u00eds toma decis\u00e3o sobre Pedro","robots":{"index":"index","follow":"follow","max-snippet":"max-snippet:-1","max-image-preview":"max-image-preview:large","max-video-preview":"max-video-preview:-1"},"canonical":"https:\/\/www.gaveanews.com\/index.php\/2025\/07\/15\/flamengo-x-santos-filipe-luis-toma-decisao-sobre-pedro\/","og_locale":"pt_BR","og_type":"article","og_title":"Flamengo x Santos: Filipe Lu\u00eds toma decis\u00e3o sobre Pedro","og_description":"A partida entre Flamengo e Santos, marcada para esta quarta-feira (16), ganhou contornos de tens\u00e3o nos bastidores rubro-negros. Isso porque o atacante Pedro, uma das principais refer\u00eancias do elenco, novamente n\u00e3o foi relacionado pelo t\u00e9cnico Filipe Lu\u00eds.&nbsp; A aus\u00eancia acontece dias ap\u00f3s o jogador ter sido alvo de cr\u00edticas p\u00fablicas do treinador, o que acendeu [&hellip;]","og_url":"https:\/\/www.gaveanews.com\/index.php\/2025\/07\/15\/flamengo-x-santos-filipe-luis-toma-decisao-sobre-pedro\/","og_site_name":"G\u00e1vea News","article_publisher":"https:\/\/facebook.com\/gaveaNews\/","article_published_time":"2025-07-15T15:31:04+00:00","article_modified_time":"2025-07-15T15:31:08+00:00","og_image":[{"width":1200,"height":800,"url":"http:\/\/www.gaveanews.com\/wp-content\/uploads\/Pedro-embarca-com-a-delegacao-do-Flamengo.webp","type":"image\/png"}],"author":"Rafaela Ladeira","twitter_card":"summary_large_image","twitter_misc":{"Escrito por":"Rafaela Ladeira","Est. tempo de leitura":"3 minutos"},"schema":{"@context":"https:\/\/schema.org","@graph":[{"@type":"NewsArticle","@id":"https:\/\/www.gaveanews.com\/index.php\/2025\/07\/15\/flamengo-x-santos-filipe-luis-toma-decisao-sobre-pedro\/#article","isPartOf":{"@id":"https:\/\/www.gaveanews.com\/index.php\/2025\/07\/15\/flamengo-x-santos-filipe-luis-toma-decisao-sobre-pedro\/"},"author":{"name":"Rafaela Ladeira","@id":"https:\/\/www.gaveanews.com\/#\/schema\/person\/0eb3e3fe1754f0205218538adbe8f5ed"},"headline":"Flamengo x Santos: Filipe Lu\u00eds toma decis\u00e3o sobre Pedro","datePublished":"2025-07-15T15:31:04+00:00","dateModified":"2025-07-15T15:31:08+00:00","mainEntityOfPage":{"@id":"https:\/\/www.gaveanews.com\/index.php\/2025\/07\/15\/flamengo-x-santos-filipe-luis-toma-decisao-sobre-pedro\/"},"wordCount":432,"commentCount":0,"image":{"@id":"https:\/\/www.gaveanews.com\/index.php\/2025\/07\/15\/flamengo-x-santos-filipe-luis-toma-decisao-sobre-pedro\/#primaryimage"},"thumbnailUrl":"https:\/\/www.gaveanews.com\/wp-content\/uploads\/Pedro-embarca-com-a-delegacao-do-Flamengo.webp","articleSection":["Flamengo"],"inLanguage":"pt-BR","potentialAction":[{"@type":"CommentAction","name":"Comment","target":["https:\/\/www.gaveanews.com\/index.php\/2025\/07\/15\/flamengo-x-santos-filipe-luis-toma-decisao-sobre-pedro\/#respond"]}],"copyrightYear":"2025","copyrightHolder":{"@id":"https:\/\/www.gaveanews.com\/#organization"}},{"@type":"WebPage","@id":"https:\/\/www.gaveanews.com\/index.php\/2025\/07\/15\/flamengo-x-santos-filipe-luis-toma-decisao-sobre-pedro\/","url":"https:\/\/www.gaveanews.com\/index.php\/2025\/07\/15\/flamengo-x-santos-filipe-luis-toma-decisao-sobre-pedro\/","name":"Flamengo x Santos: Filipe Lu\u00eds toma decis\u00e3o sobre Pedro","isPartOf":{"@id":"https:\/\/www.gaveanews.com\/#website"},"primaryImageOfPage":{"@id":"https:\/\/www.gaveanews.com\/index.php\/2025\/07\/15\/flamengo-x-santos-filipe-luis-toma-decisao-sobre-pedro\/#primaryimage"},"image":{"@id":"https:\/\/www.gaveanews.com\/index.php\/2025\/07\/15\/flamengo-x-santos-filipe-luis-toma-decisao-sobre-pedro\/#primaryimage"},"thumbnailUrl":"https:\/\/www.gaveanews.com\/wp-content\/uploads\/Pedro-embarca-com-a-delegacao-do-Flamengo.webp","datePublished":"2025-07-15T15:31:04+00:00","dateModified":"2025-07-15T15:31:08+00:00","author":{"@id":"https:\/\/www.gaveanews.com\/#\/schema\/person\/0eb3e3fe1754f0205218538adbe8f5ed"},"breadcrumb":{"@id":"https:\/\/www.gaveanews.com\/index.php\/2025\/07\/15\/flamengo-x-santos-filipe-luis-toma-decisao-sobre-pedro\/#breadcrumb"},"inLanguage":"pt-BR","potentialAction":[{"@type":"ReadAction","target":["https:\/\/www.gaveanews.com\/index.php\/2025\/07\/15\/flamengo-x-santos-filipe-luis-toma-decisao-sobre-pedro\/"]}]},{"@type":"ImageObject","inLanguage":"pt-BR","@id":"https:\/\/www.gaveanews.com\/index.php\/2025\/07\/15\/flamengo-x-santos-filipe-luis-toma-decisao-sobre-pedro\/#primaryimage","url":"https:\/\/www.gaveanews.com\/wp-content\/uploads\/Pedro-embarca-com-a-delegacao-do-Flamengo.webp","contentUrl":"https:\/\/www.gaveanews.com\/wp-content\/uploads\/Pedro-embarca-com-a-delegacao-do-Flamengo.webp","width":1200,"height":800,"caption":"Pedro embarca com a delega\u00e7\u00e3o do Flamengo - Foto: Adriano Fontes\/Flamengo"},{"@type":"BreadcrumbList","@id":"https:\/\/www.gaveanews.com\/index.php\/2025\/07\/15\/flamengo-x-santos-filipe-luis-toma-decisao-sobre-pedro\/#breadcrumb","itemListElement":[{"@type":"ListItem","position":1,"name":"Home","item":"https:\/\/www.gaveanews.com\/"},{"@type":"ListItem","position":2,"name":"Flamengo x Santos: Filipe Lu\u00eds toma decis\u00e3o sobre Pedro"}]},{"@type":"WebSite","@id":"https:\/\/www.gaveanews.com\/#website","url":"https:\/\/www.gaveanews.com\/","name":"G\u00e1vea News","description":"Veja todas as not\u00edcias sobre o Flamengo: Contrata\u00e7\u00f5es, categorias de base, resultados das partidas, tabela de classifica\u00e7\u00e3o, pr\u00f3ximos jogos!","potentialAction":[{"@type":"SearchAction","target":{"@type":"EntryPoint","urlTemplate":"https:\/\/www.gaveanews.com\/?s={search_term_string}"},"query-input":{"@type":"PropertyValueSpecification","valueRequired":true,"valueName":"search_term_string"}}],"inLanguage":"pt-BR"},{"@type":"Person","@id":"https:\/\/www.gaveanews.com\/#\/schema\/person\/0eb3e3fe1754f0205218538adbe8f5ed","name":"Rafaela Ladeira","image":{"@type":"ImageObject","inLanguage":"pt-BR","@id":"https:\/\/www.gaveanews.com\/#\/schema\/person\/image\/","url":"https:\/\/secure.gravatar.com\/avatar\/c31f513acffd85eacab5730cbdfdbbf59f21ba5aeada8cd890acea879fbb2455?s=96&d=mm&r=g","contentUrl":"https:\/\/secure.gravatar.com\/avatar\/c31f513acffd85eacab5730cbdfdbbf59f21ba5aeada8cd890acea879fbb2455?s=96&d=mm&r=g","caption":"Rafaela Ladeira"}}]}},"_links":{"self":[{"href":"https:\/\/www.gaveanews.com\/index.php\/wp-json\/wp\/v2\/posts\/272539","targetHints":{"allow":["GET"]}}],"collection":[{"href":"https:\/\/www.gaveanews.com\/index.php\/wp-json\/wp\/v2\/posts"}],"about":[{"href":"https:\/\/www.gaveanews.com\/index.php\/wp-json\/wp\/v2\/types\/post"}],"author":[{"embeddable":true,"href":"https:\/\/www.gaveanews.com\/index.php\/wp-json\/wp\/v2\/users\/25"}],"replies":[{"embeddable":true,"href":"https:\/\/www.gaveanews.com\/index.php\/wp-json\/wp\/v2\/comments?post=272539"}],"version-history":[{"count":1,"href":"https:\/\/www.gaveanews.com\/index.php\/wp-json\/wp\/v2\/posts\/272539\/revisions"}],"predecessor-version":[{"id":272540,"href":"https:\/\/www.gaveanews.com\/index.php\/wp-json\/wp\/v2\/posts\/272539\/revisions\/272540"}],"wp:featuredmedia":[{"embeddable":true,"href":"https:\/\/www.gaveanews.com\/index.php\/wp-json\/wp\/v2\/media\/255013"}],"wp:attachment":[{"href":"https:\/\/www.gaveanews.com\/index.php\/wp-json\/wp\/v2\/media?parent=272539"}],"wp:term":[{"taxonomy":"category","embeddable":true,"href":"https:\/\/www.gaveanews.com\/index.php\/wp-json\/wp\/v2\/categories?post=272539"},{"taxonomy":"post_tag","embeddable":true,"href":"https:\/\/www.gaveanews.com\/index.php\/wp-json\/wp\/v2\/tags?post=272539"}],"curies":[{"name":"wp","href":"https:\/\/api.w.org\/{rel}","templated":true}]}}