{"id":272578,"date":"2025-07-16T17:39:51","date_gmt":"2025-07-16T20:39:51","guid":{"rendered":"https:\/\/www.gaveanews.com\/?p=272578"},"modified":"2025-07-16T17:39:53","modified_gmt":"2025-07-16T20:39:53","slug":"diretor-se-manifesta-sobre-taty-castellanos-no-flamengo","status":"publish","type":"post","link":"https:\/\/www.gaveanews.com\/index.php\/2025\/07\/16\/diretor-se-manifesta-sobre-taty-castellanos-no-flamengo\/","title":{"rendered":"Diretor se manifesta sobre Taty Castellanos no Flamengo"},"content":{"rendered":"\n<p>O Flamengo voltou suas aten\u00e7\u00f5es para o mercado internacional em busca de um novo camisa 9 e colocou o argentino Taty Castellanos, da Lazio, no radar. A informa\u00e7\u00e3o foi inicialmente revelada pelo jornalista Ven\u00ea Casagrande e pelo portal ge. O atacante de 26 anos se encaixa no perfil tra\u00e7ado pelo t\u00e9cnico Filipe Lu\u00eds.<\/p>\n\n\n\n<p>No entanto, a negocia\u00e7\u00e3o n\u00e3o \u00e9 simples. Em contato com o jornalista Matheus Leal, Angelo Fabiani, diretor de futebol da Lazio, foi categ\u00f3rico ao afirmar que Castellanos n\u00e3o est\u00e1 \u00e0 venda. Para sequer abrir conversas, o dirigente italiano estipulou valores considerados astron\u00f4micos, fora da realidade financeira de clubes brasileiros. <\/p>\n\n\n\n<p>&#8220;N\u00e3o sei sobre o Flamengo, mas ele n\u00e3o est\u00e1 \u00e0 venda. Nem por 30 milh\u00f5es de euros&#8221;, disse.<\/p>\n\n\n\n<p>Fontes indicam que a Lazio s\u00f3 consideraria uma proposta na casa dos 40 milh\u00f5es de euros (cerca de R$ 258 milh\u00f5es), valor que, se concretizado, seria a maior transfer\u00eancia da hist\u00f3ria do futebol brasileiro. A postura irredut\u00edvel da Lazio n\u00e3o surpreende. <\/p>\n\n\n\n<p>Castellanos, que brilhou na \u00faltima temporada, j\u00e1 despertou o interesse de clubes como West Ham, Nottingham Forest (ambos da Inglaterra) e Nice (Fran\u00e7a), que ofereceram 35 milh\u00f5es de euros, mas tiveram suas propostas prontamente rejeitadas. Comprado em 2023 do Girona por 15 milh\u00f5es de euros, o argentino se tornou pe\u00e7a-chave no elenco italiano, o que eleva seu pre\u00e7o no mercado.<\/p>\n\n\n\n<p>Apesar de Pedro ter sido o artilheiro do time em 2023 e 2024, o Flamengo busca um atacante com caracter\u00edsticas distintas, especialmente com maior mobilidade, algo que o atual camisa 9 n\u00e3o oferece. A rela\u00e7\u00e3o entre Filipe Lu\u00eds e Pedro, ali\u00e1s, vive um momento delicado. <\/p>\n\n\n\n<p>Ap\u00f3s cr\u00edticas p\u00fablicas do treinador, que classificou a postura do atacante nos treinos como \u201cbeirando o rid\u00edculo\u201d na coletiva antes do duelo contra o S\u00e3o Paulo, Pedro foi deixado de fora da lista de relacionados novamente e tamb\u00e9m n\u00e3o enfrentar\u00e1 o Santos. <\/p>\n\n\n\n<p>O atrito sinaliza uma poss\u00edvel sa\u00edda do jogador, cujo estafe j\u00e1 busca propostas no mercado internacional. O Flamengo espera receber ao menos 15 milh\u00f5es de euros por Pedro, que, por j\u00e1 ter atuado em oito jogos no Brasileir\u00e3o, n\u00e3o pode mais se transferir para outro clube brasileiro nesta janela.<\/p>\n","protected":false},"excerpt":{"rendered":"<p>O Flamengo voltou suas aten\u00e7\u00f5es para o mercado internacional em busca de um novo camisa 9 e colocou o argentino Taty Castellanos, da Lazio, no radar. A informa\u00e7\u00e3o foi inicialmente revelada pelo jornalista Ven\u00ea Casagrande e pelo portal ge. O atacante de 26 anos se encaixa no perfil tra\u00e7ado pelo t\u00e9cnico Filipe Lu\u00eds. No entanto, [&hellip;]<\/p>\n","protected":false},"author":32,"featured_media":117106,"comment_status":"open","ping_status":"closed","sticky":false,"template":"","format":"standard","meta":{"footnotes":""},"categories":[1],"tags":[],"class_list":["post-272578","post","type-post","status-publish","format-standard","has-post-thumbnail","hentry","category-flamengo"],"yoast_head":"<!-- This site is optimized with the Yoast SEO Premium plugin v24.2 (Yoast SEO v26.9) - https:\/\/yoast.com\/product\/yoast-seo-premium-wordpress\/ -->\n<title>Diretor se manifesta sobre Taty Castellanos no Flamengo<\/title>\n<meta name=\"robots\" content=\"index, follow, max-snippet:-1, max-image-preview:large, max-video-preview:-1\" \/>\n<link rel=\"canonical\" href=\"https:\/\/www.gaveanews.com\/index.php\/2025\/07\/16\/diretor-se-manifesta-sobre-taty-castellanos-no-flamengo\/\" \/>\n<meta property=\"og:locale\" content=\"pt_BR\" \/>\n<meta property=\"og:type\" content=\"article\" \/>\n<meta property=\"og:title\" content=\"Diretor se manifesta sobre Taty Castellanos no Flamengo\" \/>\n<meta property=\"og:description\" content=\"O Flamengo voltou suas aten\u00e7\u00f5es para o mercado internacional em busca de um novo camisa 9 e colocou o argentino Taty Castellanos, da Lazio, no radar. A informa\u00e7\u00e3o foi inicialmente revelada pelo jornalista Ven\u00ea Casagrande e pelo portal ge. O atacante de 26 anos se encaixa no perfil tra\u00e7ado pelo t\u00e9cnico Filipe Lu\u00eds. No entanto, [&hellip;]\" \/>\n<meta property=\"og:url\" content=\"https:\/\/www.gaveanews.com\/index.php\/2025\/07\/16\/diretor-se-manifesta-sobre-taty-castellanos-no-flamengo\/\" \/>\n<meta property=\"og:site_name\" content=\"G\u00e1vea News\" \/>\n<meta property=\"article:publisher\" content=\"https:\/\/facebook.com\/gaveaNews\/\" \/>\n<meta property=\"article:published_time\" content=\"2025-07-16T20:39:51+00:00\" \/>\n<meta property=\"article:modified_time\" content=\"2025-07-16T20:39:53+00:00\" \/>\n<meta property=\"og:image\" content=\"http:\/\/www.gaveanews.com\/wp-content\/uploads\/Girona.webp\" \/>\n\t<meta property=\"og:image:width\" content=\"640\" \/>\n\t<meta property=\"og:image:height\" content=\"360\" \/>\n\t<meta property=\"og:image:type\" content=\"image\/webp\" \/>\n<meta name=\"author\" content=\"Matheus Leal\" \/>\n<meta name=\"twitter:card\" content=\"summary_large_image\" \/>\n<meta name=\"twitter:label1\" content=\"Escrito por\" \/>\n\t<meta name=\"twitter:data1\" content=\"Matheus Leal\" \/>\n\t<meta name=\"twitter:label2\" content=\"Est. tempo de leitura\" \/>\n\t<meta name=\"twitter:data2\" content=\"3 minutos\" \/>\n<script type=\"application\/ld+json\" class=\"yoast-schema-graph\">{\"@context\":\"https:\/\/schema.org\",\"@graph\":[{\"@type\":\"NewsArticle\",\"@id\":\"https:\/\/www.gaveanews.com\/index.php\/2025\/07\/16\/diretor-se-manifesta-sobre-taty-castellanos-no-flamengo\/#article\",\"isPartOf\":{\"@id\":\"https:\/\/www.gaveanews.com\/index.php\/2025\/07\/16\/diretor-se-manifesta-sobre-taty-castellanos-no-flamengo\/\"},\"author\":{\"name\":\"Matheus Leal\",\"@id\":\"https:\/\/www.gaveanews.com\/#\/schema\/person\/49ac99b6823a2b8d5087a6ce3aaaa128\"},\"headline\":\"Diretor se manifesta sobre Taty Castellanos no Flamengo\",\"datePublished\":\"2025-07-16T20:39:51+00:00\",\"dateModified\":\"2025-07-16T20:39:53+00:00\",\"mainEntityOfPage\":{\"@id\":\"https:\/\/www.gaveanews.com\/index.php\/2025\/07\/16\/diretor-se-manifesta-sobre-taty-castellanos-no-flamengo\/\"},\"wordCount\":391,\"commentCount\":0,\"image\":{\"@id\":\"https:\/\/www.gaveanews.com\/index.php\/2025\/07\/16\/diretor-se-manifesta-sobre-taty-castellanos-no-flamengo\/#primaryimage\"},\"thumbnailUrl\":\"https:\/\/www.gaveanews.com\/wp-content\/uploads\/Girona.webp\",\"articleSection\":[\"Flamengo\"],\"inLanguage\":\"pt-BR\",\"potentialAction\":[{\"@type\":\"CommentAction\",\"name\":\"Comment\",\"target\":[\"https:\/\/www.gaveanews.com\/index.php\/2025\/07\/16\/diretor-se-manifesta-sobre-taty-castellanos-no-flamengo\/#respond\"]}],\"copyrightYear\":\"2025\",\"copyrightHolder\":{\"@id\":\"https:\/\/www.gaveanews.com\/#organization\"}},{\"@type\":\"WebPage\",\"@id\":\"https:\/\/www.gaveanews.com\/index.php\/2025\/07\/16\/diretor-se-manifesta-sobre-taty-castellanos-no-flamengo\/\",\"url\":\"https:\/\/www.gaveanews.com\/index.php\/2025\/07\/16\/diretor-se-manifesta-sobre-taty-castellanos-no-flamengo\/\",\"name\":\"Diretor se manifesta sobre Taty Castellanos no Flamengo\",\"isPartOf\":{\"@id\":\"https:\/\/www.gaveanews.com\/#website\"},\"primaryImageOfPage\":{\"@id\":\"https:\/\/www.gaveanews.com\/index.php\/2025\/07\/16\/diretor-se-manifesta-sobre-taty-castellanos-no-flamengo\/#primaryimage\"},\"image\":{\"@id\":\"https:\/\/www.gaveanews.com\/index.php\/2025\/07\/16\/diretor-se-manifesta-sobre-taty-castellanos-no-flamengo\/#primaryimage\"},\"thumbnailUrl\":\"https:\/\/www.gaveanews.com\/wp-content\/uploads\/Girona.webp\",\"datePublished\":\"2025-07-16T20:39:51+00:00\",\"dateModified\":\"2025-07-16T20:39:53+00:00\",\"author\":{\"@id\":\"https:\/\/www.gaveanews.com\/#\/schema\/person\/49ac99b6823a2b8d5087a6ce3aaaa128\"},\"breadcrumb\":{\"@id\":\"https:\/\/www.gaveanews.com\/index.php\/2025\/07\/16\/diretor-se-manifesta-sobre-taty-castellanos-no-flamengo\/#breadcrumb\"},\"inLanguage\":\"pt-BR\",\"potentialAction\":[{\"@type\":\"ReadAction\",\"target\":[\"https:\/\/www.gaveanews.com\/index.php\/2025\/07\/16\/diretor-se-manifesta-sobre-taty-castellanos-no-flamengo\/\"]}]},{\"@type\":\"ImageObject\",\"inLanguage\":\"pt-BR\",\"@id\":\"https:\/\/www.gaveanews.com\/index.php\/2025\/07\/16\/diretor-se-manifesta-sobre-taty-castellanos-no-flamengo\/#primaryimage\",\"url\":\"https:\/\/www.gaveanews.com\/wp-content\/uploads\/Girona.webp\",\"contentUrl\":\"https:\/\/www.gaveanews.com\/wp-content\/uploads\/Girona.webp\",\"width\":640,\"height\":360,\"caption\":\"Castellanos gol Girona x Real Madrid (Foto: Siu Wu\/EFE)\"},{\"@type\":\"BreadcrumbList\",\"@id\":\"https:\/\/www.gaveanews.com\/index.php\/2025\/07\/16\/diretor-se-manifesta-sobre-taty-castellanos-no-flamengo\/#breadcrumb\",\"itemListElement\":[{\"@type\":\"ListItem\",\"position\":1,\"name\":\"Home\",\"item\":\"https:\/\/www.gaveanews.com\/\"},{\"@type\":\"ListItem\",\"position\":2,\"name\":\"Diretor se manifesta sobre Taty Castellanos no Flamengo\"}]},{\"@type\":\"WebSite\",\"@id\":\"https:\/\/www.gaveanews.com\/#website\",\"url\":\"https:\/\/www.gaveanews.com\/\",\"name\":\"G\u00e1vea News\",\"description\":\"Veja todas as not\u00edcias sobre o Flamengo: Contrata\u00e7\u00f5es, categorias de base, resultados das partidas, tabela de classifica\u00e7\u00e3o, pr\u00f3ximos jogos!\",\"potentialAction\":[{\"@type\":\"SearchAction\",\"target\":{\"@type\":\"EntryPoint\",\"urlTemplate\":\"https:\/\/www.gaveanews.com\/?s={search_term_string}\"},\"query-input\":{\"@type\":\"PropertyValueSpecification\",\"valueRequired\":true,\"valueName\":\"search_term_string\"}}],\"inLanguage\":\"pt-BR\"},{\"@type\":\"Person\",\"@id\":\"https:\/\/www.gaveanews.com\/#\/schema\/person\/49ac99b6823a2b8d5087a6ce3aaaa128\",\"name\":\"Matheus Leal\",\"image\":{\"@type\":\"ImageObject\",\"inLanguage\":\"pt-BR\",\"@id\":\"https:\/\/www.gaveanews.com\/#\/schema\/person\/image\/\",\"url\":\"https:\/\/secure.gravatar.com\/avatar\/21c52300d1234416f9c886f6dadd7452d8b035ac505314a51e4f56731e90c481?s=96&d=mm&r=g\",\"contentUrl\":\"https:\/\/secure.gravatar.com\/avatar\/21c52300d1234416f9c886f6dadd7452d8b035ac505314a51e4f56731e90c481?s=96&d=mm&r=g\",\"caption\":\"Matheus Leal\"}}]}<\/script>\n<!-- \/ Yoast SEO Premium plugin. -->","yoast_head_json":{"title":"Diretor se manifesta sobre Taty Castellanos no Flamengo","robots":{"index":"index","follow":"follow","max-snippet":"max-snippet:-1","max-image-preview":"max-image-preview:large","max-video-preview":"max-video-preview:-1"},"canonical":"https:\/\/www.gaveanews.com\/index.php\/2025\/07\/16\/diretor-se-manifesta-sobre-taty-castellanos-no-flamengo\/","og_locale":"pt_BR","og_type":"article","og_title":"Diretor se manifesta sobre Taty Castellanos no Flamengo","og_description":"O Flamengo voltou suas aten\u00e7\u00f5es para o mercado internacional em busca de um novo camisa 9 e colocou o argentino Taty Castellanos, da Lazio, no radar. A informa\u00e7\u00e3o foi inicialmente revelada pelo jornalista Ven\u00ea Casagrande e pelo portal ge. O atacante de 26 anos se encaixa no perfil tra\u00e7ado pelo t\u00e9cnico Filipe Lu\u00eds. No entanto, [&hellip;]","og_url":"https:\/\/www.gaveanews.com\/index.php\/2025\/07\/16\/diretor-se-manifesta-sobre-taty-castellanos-no-flamengo\/","og_site_name":"G\u00e1vea News","article_publisher":"https:\/\/facebook.com\/gaveaNews\/","article_published_time":"2025-07-16T20:39:51+00:00","article_modified_time":"2025-07-16T20:39:53+00:00","og_image":[{"width":640,"height":360,"url":"http:\/\/www.gaveanews.com\/wp-content\/uploads\/Girona.webp","type":"image\/webp"}],"author":"Matheus Leal","twitter_card":"summary_large_image","twitter_misc":{"Escrito por":"Matheus Leal","Est. tempo de leitura":"3 minutos"},"schema":{"@context":"https:\/\/schema.org","@graph":[{"@type":"NewsArticle","@id":"https:\/\/www.gaveanews.com\/index.php\/2025\/07\/16\/diretor-se-manifesta-sobre-taty-castellanos-no-flamengo\/#article","isPartOf":{"@id":"https:\/\/www.gaveanews.com\/index.php\/2025\/07\/16\/diretor-se-manifesta-sobre-taty-castellanos-no-flamengo\/"},"author":{"name":"Matheus Leal","@id":"https:\/\/www.gaveanews.com\/#\/schema\/person\/49ac99b6823a2b8d5087a6ce3aaaa128"},"headline":"Diretor se manifesta sobre Taty Castellanos no Flamengo","datePublished":"2025-07-16T20:39:51+00:00","dateModified":"2025-07-16T20:39:53+00:00","mainEntityOfPage":{"@id":"https:\/\/www.gaveanews.com\/index.php\/2025\/07\/16\/diretor-se-manifesta-sobre-taty-castellanos-no-flamengo\/"},"wordCount":391,"commentCount":0,"image":{"@id":"https:\/\/www.gaveanews.com\/index.php\/2025\/07\/16\/diretor-se-manifesta-sobre-taty-castellanos-no-flamengo\/#primaryimage"},"thumbnailUrl":"https:\/\/www.gaveanews.com\/wp-content\/uploads\/Girona.webp","articleSection":["Flamengo"],"inLanguage":"pt-BR","potentialAction":[{"@type":"CommentAction","name":"Comment","target":["https:\/\/www.gaveanews.com\/index.php\/2025\/07\/16\/diretor-se-manifesta-sobre-taty-castellanos-no-flamengo\/#respond"]}],"copyrightYear":"2025","copyrightHolder":{"@id":"https:\/\/www.gaveanews.com\/#organization"}},{"@type":"WebPage","@id":"https:\/\/www.gaveanews.com\/index.php\/2025\/07\/16\/diretor-se-manifesta-sobre-taty-castellanos-no-flamengo\/","url":"https:\/\/www.gaveanews.com\/index.php\/2025\/07\/16\/diretor-se-manifesta-sobre-taty-castellanos-no-flamengo\/","name":"Diretor se manifesta sobre Taty Castellanos no Flamengo","isPartOf":{"@id":"https:\/\/www.gaveanews.com\/#website"},"primaryImageOfPage":{"@id":"https:\/\/www.gaveanews.com\/index.php\/2025\/07\/16\/diretor-se-manifesta-sobre-taty-castellanos-no-flamengo\/#primaryimage"},"image":{"@id":"https:\/\/www.gaveanews.com\/index.php\/2025\/07\/16\/diretor-se-manifesta-sobre-taty-castellanos-no-flamengo\/#primaryimage"},"thumbnailUrl":"https:\/\/www.gaveanews.com\/wp-content\/uploads\/Girona.webp","datePublished":"2025-07-16T20:39:51+00:00","dateModified":"2025-07-16T20:39:53+00:00","author":{"@id":"https:\/\/www.gaveanews.com\/#\/schema\/person\/49ac99b6823a2b8d5087a6ce3aaaa128"},"breadcrumb":{"@id":"https:\/\/www.gaveanews.com\/index.php\/2025\/07\/16\/diretor-se-manifesta-sobre-taty-castellanos-no-flamengo\/#breadcrumb"},"inLanguage":"pt-BR","potentialAction":[{"@type":"ReadAction","target":["https:\/\/www.gaveanews.com\/index.php\/2025\/07\/16\/diretor-se-manifesta-sobre-taty-castellanos-no-flamengo\/"]}]},{"@type":"ImageObject","inLanguage":"pt-BR","@id":"https:\/\/www.gaveanews.com\/index.php\/2025\/07\/16\/diretor-se-manifesta-sobre-taty-castellanos-no-flamengo\/#primaryimage","url":"https:\/\/www.gaveanews.com\/wp-content\/uploads\/Girona.webp","contentUrl":"https:\/\/www.gaveanews.com\/wp-content\/uploads\/Girona.webp","width":640,"height":360,"caption":"Castellanos gol Girona x Real Madrid (Foto: Siu Wu\/EFE)"},{"@type":"BreadcrumbList","@id":"https:\/\/www.gaveanews.com\/index.php\/2025\/07\/16\/diretor-se-manifesta-sobre-taty-castellanos-no-flamengo\/#breadcrumb","itemListElement":[{"@type":"ListItem","position":1,"name":"Home","item":"https:\/\/www.gaveanews.com\/"},{"@type":"ListItem","position":2,"name":"Diretor se manifesta sobre Taty Castellanos no Flamengo"}]},{"@type":"WebSite","@id":"https:\/\/www.gaveanews.com\/#website","url":"https:\/\/www.gaveanews.com\/","name":"G\u00e1vea News","description":"Veja todas as not\u00edcias sobre o Flamengo: Contrata\u00e7\u00f5es, categorias de base, resultados das partidas, tabela de classifica\u00e7\u00e3o, pr\u00f3ximos jogos!","potentialAction":[{"@type":"SearchAction","target":{"@type":"EntryPoint","urlTemplate":"https:\/\/www.gaveanews.com\/?s={search_term_string}"},"query-input":{"@type":"PropertyValueSpecification","valueRequired":true,"valueName":"search_term_string"}}],"inLanguage":"pt-BR"},{"@type":"Person","@id":"https:\/\/www.gaveanews.com\/#\/schema\/person\/49ac99b6823a2b8d5087a6ce3aaaa128","name":"Matheus Leal","image":{"@type":"ImageObject","inLanguage":"pt-BR","@id":"https:\/\/www.gaveanews.com\/#\/schema\/person\/image\/","url":"https:\/\/secure.gravatar.com\/avatar\/21c52300d1234416f9c886f6dadd7452d8b035ac505314a51e4f56731e90c481?s=96&d=mm&r=g","contentUrl":"https:\/\/secure.gravatar.com\/avatar\/21c52300d1234416f9c886f6dadd7452d8b035ac505314a51e4f56731e90c481?s=96&d=mm&r=g","caption":"Matheus Leal"}}]}},"_links":{"self":[{"href":"https:\/\/www.gaveanews.com\/index.php\/wp-json\/wp\/v2\/posts\/272578","targetHints":{"allow":["GET"]}}],"collection":[{"href":"https:\/\/www.gaveanews.com\/index.php\/wp-json\/wp\/v2\/posts"}],"about":[{"href":"https:\/\/www.gaveanews.com\/index.php\/wp-json\/wp\/v2\/types\/post"}],"author":[{"embeddable":true,"href":"https:\/\/www.gaveanews.com\/index.php\/wp-json\/wp\/v2\/users\/32"}],"replies":[{"embeddable":true,"href":"https:\/\/www.gaveanews.com\/index.php\/wp-json\/wp\/v2\/comments?post=272578"}],"version-history":[{"count":1,"href":"https:\/\/www.gaveanews.com\/index.php\/wp-json\/wp\/v2\/posts\/272578\/revisions"}],"predecessor-version":[{"id":272579,"href":"https:\/\/www.gaveanews.com\/index.php\/wp-json\/wp\/v2\/posts\/272578\/revisions\/272579"}],"wp:featuredmedia":[{"embeddable":true,"href":"https:\/\/www.gaveanews.com\/index.php\/wp-json\/wp\/v2\/media\/117106"}],"wp:attachment":[{"href":"https:\/\/www.gaveanews.com\/index.php\/wp-json\/wp\/v2\/media?parent=272578"}],"wp:term":[{"taxonomy":"category","embeddable":true,"href":"https:\/\/www.gaveanews.com\/index.php\/wp-json\/wp\/v2\/categories?post=272578"},{"taxonomy":"post_tag","embeddable":true,"href":"https:\/\/www.gaveanews.com\/index.php\/wp-json\/wp\/v2\/tags?post=272578"}],"curies":[{"name":"wp","href":"https:\/\/api.w.org\/{rel}","templated":true}]}}