{"id":272582,"date":"2025-07-15T21:30:00","date_gmt":"2025-07-16T00:30:00","guid":{"rendered":"https:\/\/www.gaveanews.com\/?p=272582"},"modified":"2025-07-15T21:13:49","modified_gmt":"2025-07-16T00:13:49","slug":"ele-marcou-4-gols-em-um-jogo-contra-o-real-madrid-e-agora-e-desejado-pelo-flamengo","status":"publish","type":"post","link":"https:\/\/www.gaveanews.com\/index.php\/2025\/07\/15\/ele-marcou-4-gols-em-um-jogo-contra-o-real-madrid-e-agora-e-desejado-pelo-flamengo\/","title":{"rendered":"Ele marcou 4 gols em um jogo contra o Real Madrid e agora \u00e9 desejado pelo Flamengo"},"content":{"rendered":"\n<p>O Flamengo iniciou movimenta\u00e7\u00f5es no mercado de transfer\u00eancias do meio do ano com foco no ataque e mira a contrata\u00e7\u00e3o de Taty Castellanos, atualmente na Lazio. O centroavante argentino de 26 anos est\u00e1 no radar do clube carioca, mas a negocia\u00e7\u00e3o esbarra em valores elevados e em uma posi\u00e7\u00e3o de cautela do time italiano quanto \u00e0 sua libera\u00e7\u00e3o.<\/p>\n\n\n\n<p>Castellanos \u00e9 visto como uma op\u00e7\u00e3o que se encaixaria no estilo de jogo proposto por Filipe Lu\u00eds. Com Pedro e Juninho em baixa com a comiss\u00e3o t\u00e9cnica, a diretoria procura um jogador com perfil diferente para atuar no setor ofensivo. O argentino, que est\u00e1 de f\u00e9rias ap\u00f3s o fim da temporada europeia, passou pelo Rio de Janeiro recentemente, o que alimentou especula\u00e7\u00f5es sobre a poss\u00edvel transfer\u00eancia.<\/p>\n\n\n\n<p>Contudo, a negocia\u00e7\u00e3o ainda se encontra em est\u00e1gio inicial. Segundo informa\u00e7\u00f5es da imprensa estrangeira, a Lazio estipulou um valor entre 35 e 40 milh\u00f5es de euros (aproximadamente R$ 227 a R$ 259 milh\u00f5es), embora relatos brasileiros indiquem uma pedida inicial de 25 milh\u00f5es de euros. A diretoria do Flamengo, por sua vez, tenta negociar uma redu\u00e7\u00e3o nessa cifra para viabilizar o neg\u00f3cio.<\/p>\n\n\n\n<p>Revelado pelas categorias de base do Universidad de Chile, Castellanos ganhou proje\u00e7\u00e3o no Montevideo City Torque, do Uruguai, antes de se transferir para o New York City FC, onde marcou 59 gols em 134 partidas e conquistou o t\u00edtulo da MLS em 2021. Posteriormente, foi emprestado ao Girona, onde viveu seu momento mais marcante na Europa: fez quatro gols em uma vit\u00f3ria por 4 a 2 sobre o Real Madrid, em abril de 2023, pela La Liga. O feito o colocou entre os poucos jogadores a balan\u00e7ar as redes quatro vezes contra o clube merengue em um \u00fanico jogo.<\/p>\n\n\n\n<p>Ap\u00f3s essa atua\u00e7\u00e3o hist\u00f3rica, a Lazio investiu 15 milh\u00f5es de euros para contar com o atacante. Desde ent\u00e3o, Castellanos disputou 86 partidas, marcou 20 gols e deu 8 assist\u00eancias pela equipe italiana. Na \u00faltima temporada, foram 14 gols e 5 assist\u00eancias, n\u00fameros que despertaram o interesse do Flamengo.<\/p>\n\n\n\n<p>Ali\u00e1s, n\u00e3o \u00e9 a primeira vez que o futebol brasileiro observa Castellanos. O Palmeiras tentou sua contrata\u00e7\u00e3o em 2020 e 2021, mas esbarrou na recusa do New York City em liber\u00e1-lo. Em paralelo, o jogador tamb\u00e9m j\u00e1 integrou a sele\u00e7\u00e3o sub-23 da Argentina e recentemente foi convocado pela primeira vez para a sele\u00e7\u00e3o principal, nas Eliminat\u00f3rias para a Copa do Mundo.<\/p>\n\n\n\n<p>A poss\u00edvel chegada de Castellanos ao elenco rubro-negro tamb\u00e9m pressiona a situa\u00e7\u00e3o de Pedro, que ficou fora das \u00faltimas convoca\u00e7\u00f5es para os jogos contra S\u00e3o Paulo e Santos. O camisa 9 foi alvo de cr\u00edticas p\u00fablicas de Filipe Lu\u00eds e pode estar de sa\u00edda do clube, conforme movimenta\u00e7\u00f5es de seus representantes nos bastidores.<\/p>\n\n\n\n<p>A janela de transfer\u00eancias segue aberta at\u00e9 segunda-feira (02 de setembro), e o Flamengo ainda busca, al\u00e9m de um centroavante, um meio-campista para revezar com Arrascaeta e um ponta com perfil de driblador, conforme o planejamento da diretoria para a sequ\u00eancia da temporada.<\/p>\n\n\n\n<p><\/p>\n","protected":false},"excerpt":{"rendered":"<p>O Flamengo iniciou movimenta\u00e7\u00f5es no mercado de transfer\u00eancias do meio do ano com foco no ataque e mira a contrata\u00e7\u00e3o de Taty Castellanos, atualmente na Lazio. O centroavante argentino de 26 anos est\u00e1 no radar do clube carioca, mas a negocia\u00e7\u00e3o esbarra em valores elevados e em uma posi\u00e7\u00e3o de cautela do time italiano quanto [&hellip;]<\/p>\n","protected":false},"author":18,"featured_media":256243,"comment_status":"open","ping_status":"closed","sticky":false,"template":"","format":"standard","meta":{"footnotes":""},"categories":[1],"tags":[],"class_list":["post-272582","post","type-post","status-publish","format-standard","has-post-thumbnail","hentry","category-flamengo"],"yoast_head":"<!-- This site is optimized with the Yoast SEO Premium plugin v24.2 (Yoast SEO v26.9) - https:\/\/yoast.com\/product\/yoast-seo-premium-wordpress\/ -->\n<title>Ele marcou 4 gols em um jogo contra o Real Madrid e agora \u00e9 desejado pelo Flamengo<\/title>\n<meta name=\"robots\" content=\"index, follow, max-snippet:-1, max-image-preview:large, max-video-preview:-1\" \/>\n<link rel=\"canonical\" href=\"https:\/\/www.gaveanews.com\/index.php\/2025\/07\/15\/ele-marcou-4-gols-em-um-jogo-contra-o-real-madrid-e-agora-e-desejado-pelo-flamengo\/\" \/>\n<meta property=\"og:locale\" content=\"pt_BR\" \/>\n<meta property=\"og:type\" content=\"article\" \/>\n<meta property=\"og:title\" content=\"Ele marcou 4 gols em um jogo contra o Real Madrid e agora \u00e9 desejado pelo Flamengo\" \/>\n<meta property=\"og:description\" content=\"O Flamengo iniciou movimenta\u00e7\u00f5es no mercado de transfer\u00eancias do meio do ano com foco no ataque e mira a contrata\u00e7\u00e3o de Taty Castellanos, atualmente na Lazio. O centroavante argentino de 26 anos est\u00e1 no radar do clube carioca, mas a negocia\u00e7\u00e3o esbarra em valores elevados e em uma posi\u00e7\u00e3o de cautela do time italiano quanto [&hellip;]\" \/>\n<meta property=\"og:url\" content=\"https:\/\/www.gaveanews.com\/index.php\/2025\/07\/15\/ele-marcou-4-gols-em-um-jogo-contra-o-real-madrid-e-agora-e-desejado-pelo-flamengo\/\" \/>\n<meta property=\"og:site_name\" content=\"G\u00e1vea News\" \/>\n<meta property=\"article:publisher\" content=\"https:\/\/facebook.com\/gaveaNews\/\" \/>\n<meta property=\"article:published_time\" content=\"2025-07-16T00:30:00+00:00\" \/>\n<meta property=\"og:image\" content=\"https:\/\/www.gaveanews.com\/wp-content\/uploads\/Bandeira-do-Flamengo-no-estadio-do-Corinthians-antes-do-jogo-contra-o-Fluminense-pelo-Campeonato-Brasileiro-de-2021-640x426-1.webp\" \/>\n\t<meta property=\"og:image:width\" content=\"640\" \/>\n\t<meta property=\"og:image:height\" content=\"426\" \/>\n\t<meta property=\"og:image:type\" content=\"image\/webp\" \/>\n<meta name=\"author\" content=\"Paula Silva\" \/>\n<meta name=\"twitter:card\" content=\"summary_large_image\" \/>\n<meta name=\"twitter:label1\" content=\"Escrito por\" \/>\n\t<meta name=\"twitter:data1\" content=\"Paula Silva\" \/>\n\t<meta name=\"twitter:label2\" content=\"Est. tempo de leitura\" \/>\n\t<meta name=\"twitter:data2\" content=\"3 minutos\" \/>\n<script type=\"application\/ld+json\" class=\"yoast-schema-graph\">{\"@context\":\"https:\/\/schema.org\",\"@graph\":[{\"@type\":\"NewsArticle\",\"@id\":\"https:\/\/www.gaveanews.com\/index.php\/2025\/07\/15\/ele-marcou-4-gols-em-um-jogo-contra-o-real-madrid-e-agora-e-desejado-pelo-flamengo\/#article\",\"isPartOf\":{\"@id\":\"https:\/\/www.gaveanews.com\/index.php\/2025\/07\/15\/ele-marcou-4-gols-em-um-jogo-contra-o-real-madrid-e-agora-e-desejado-pelo-flamengo\/\"},\"author\":{\"name\":\"Paula Silva\",\"@id\":\"https:\/\/www.gaveanews.com\/#\/schema\/person\/daf63eec72e1164eb13dc35096c2b8da\"},\"headline\":\"Ele marcou 4 gols em um jogo contra o Real Madrid e agora \u00e9 desejado pelo Flamengo\",\"datePublished\":\"2025-07-16T00:30:00+00:00\",\"mainEntityOfPage\":{\"@id\":\"https:\/\/www.gaveanews.com\/index.php\/2025\/07\/15\/ele-marcou-4-gols-em-um-jogo-contra-o-real-madrid-e-agora-e-desejado-pelo-flamengo\/\"},\"wordCount\":536,\"commentCount\":0,\"image\":{\"@id\":\"https:\/\/www.gaveanews.com\/index.php\/2025\/07\/15\/ele-marcou-4-gols-em-um-jogo-contra-o-real-madrid-e-agora-e-desejado-pelo-flamengo\/#primaryimage\"},\"thumbnailUrl\":\"https:\/\/www.gaveanews.com\/wp-content\/uploads\/Bandeira-do-Flamengo-no-estadio-do-Corinthians-antes-do-jogo-contra-o-Fluminense-pelo-Campeonato-Brasileiro-de-2021-640x426-1.webp\",\"articleSection\":[\"Flamengo\"],\"inLanguage\":\"pt-BR\",\"potentialAction\":[{\"@type\":\"CommentAction\",\"name\":\"Comment\",\"target\":[\"https:\/\/www.gaveanews.com\/index.php\/2025\/07\/15\/ele-marcou-4-gols-em-um-jogo-contra-o-real-madrid-e-agora-e-desejado-pelo-flamengo\/#respond\"]}],\"copyrightYear\":\"2025\",\"copyrightHolder\":{\"@id\":\"https:\/\/www.gaveanews.com\/#organization\"}},{\"@type\":\"WebPage\",\"@id\":\"https:\/\/www.gaveanews.com\/index.php\/2025\/07\/15\/ele-marcou-4-gols-em-um-jogo-contra-o-real-madrid-e-agora-e-desejado-pelo-flamengo\/\",\"url\":\"https:\/\/www.gaveanews.com\/index.php\/2025\/07\/15\/ele-marcou-4-gols-em-um-jogo-contra-o-real-madrid-e-agora-e-desejado-pelo-flamengo\/\",\"name\":\"Ele marcou 4 gols em um jogo contra o Real Madrid e agora \u00e9 desejado pelo Flamengo\",\"isPartOf\":{\"@id\":\"https:\/\/www.gaveanews.com\/#website\"},\"primaryImageOfPage\":{\"@id\":\"https:\/\/www.gaveanews.com\/index.php\/2025\/07\/15\/ele-marcou-4-gols-em-um-jogo-contra-o-real-madrid-e-agora-e-desejado-pelo-flamengo\/#primaryimage\"},\"image\":{\"@id\":\"https:\/\/www.gaveanews.com\/index.php\/2025\/07\/15\/ele-marcou-4-gols-em-um-jogo-contra-o-real-madrid-e-agora-e-desejado-pelo-flamengo\/#primaryimage\"},\"thumbnailUrl\":\"https:\/\/www.gaveanews.com\/wp-content\/uploads\/Bandeira-do-Flamengo-no-estadio-do-Corinthians-antes-do-jogo-contra-o-Fluminense-pelo-Campeonato-Brasileiro-de-2021-640x426-1.webp\",\"datePublished\":\"2025-07-16T00:30:00+00:00\",\"author\":{\"@id\":\"https:\/\/www.gaveanews.com\/#\/schema\/person\/daf63eec72e1164eb13dc35096c2b8da\"},\"breadcrumb\":{\"@id\":\"https:\/\/www.gaveanews.com\/index.php\/2025\/07\/15\/ele-marcou-4-gols-em-um-jogo-contra-o-real-madrid-e-agora-e-desejado-pelo-flamengo\/#breadcrumb\"},\"inLanguage\":\"pt-BR\",\"potentialAction\":[{\"@type\":\"ReadAction\",\"target\":[\"https:\/\/www.gaveanews.com\/index.php\/2025\/07\/15\/ele-marcou-4-gols-em-um-jogo-contra-o-real-madrid-e-agora-e-desejado-pelo-flamengo\/\"]}]},{\"@type\":\"ImageObject\",\"inLanguage\":\"pt-BR\",\"@id\":\"https:\/\/www.gaveanews.com\/index.php\/2025\/07\/15\/ele-marcou-4-gols-em-um-jogo-contra-o-real-madrid-e-agora-e-desejado-pelo-flamengo\/#primaryimage\",\"url\":\"https:\/\/www.gaveanews.com\/wp-content\/uploads\/Bandeira-do-Flamengo-no-estadio-do-Corinthians-antes-do-jogo-contra-o-Fluminense-pelo-Campeonato-Brasileiro-de-2021-640x426-1.webp\",\"contentUrl\":\"https:\/\/www.gaveanews.com\/wp-content\/uploads\/Bandeira-do-Flamengo-no-estadio-do-Corinthians-antes-do-jogo-contra-o-Fluminense-pelo-Campeonato-Brasileiro-de-2021-640x426-1.webp\",\"width\":640,\"height\":426},{\"@type\":\"BreadcrumbList\",\"@id\":\"https:\/\/www.gaveanews.com\/index.php\/2025\/07\/15\/ele-marcou-4-gols-em-um-jogo-contra-o-real-madrid-e-agora-e-desejado-pelo-flamengo\/#breadcrumb\",\"itemListElement\":[{\"@type\":\"ListItem\",\"position\":1,\"name\":\"Home\",\"item\":\"https:\/\/www.gaveanews.com\/\"},{\"@type\":\"ListItem\",\"position\":2,\"name\":\"Ele marcou 4 gols em um jogo contra o Real Madrid e agora \u00e9 desejado pelo Flamengo\"}]},{\"@type\":\"WebSite\",\"@id\":\"https:\/\/www.gaveanews.com\/#website\",\"url\":\"https:\/\/www.gaveanews.com\/\",\"name\":\"G\u00e1vea News\",\"description\":\"Veja todas as not\u00edcias sobre o Flamengo: Contrata\u00e7\u00f5es, categorias de base, resultados das partidas, tabela de classifica\u00e7\u00e3o, pr\u00f3ximos jogos!\",\"potentialAction\":[{\"@type\":\"SearchAction\",\"target\":{\"@type\":\"EntryPoint\",\"urlTemplate\":\"https:\/\/www.gaveanews.com\/?s={search_term_string}\"},\"query-input\":{\"@type\":\"PropertyValueSpecification\",\"valueRequired\":true,\"valueName\":\"search_term_string\"}}],\"inLanguage\":\"pt-BR\"},{\"@type\":\"Person\",\"@id\":\"https:\/\/www.gaveanews.com\/#\/schema\/person\/daf63eec72e1164eb13dc35096c2b8da\",\"name\":\"Paula Silva\",\"image\":{\"@type\":\"ImageObject\",\"inLanguage\":\"pt-BR\",\"@id\":\"https:\/\/www.gaveanews.com\/#\/schema\/person\/image\/\",\"url\":\"https:\/\/secure.gravatar.com\/avatar\/eda381c845527cc5d64c13b901833cda29d97500ba040d3e6461f76f51d163bb?s=96&d=mm&r=g\",\"contentUrl\":\"https:\/\/secure.gravatar.com\/avatar\/eda381c845527cc5d64c13b901833cda29d97500ba040d3e6461f76f51d163bb?s=96&d=mm&r=g\",\"caption\":\"Paula Silva\"}}]}<\/script>\n<!-- \/ Yoast SEO Premium plugin. -->","yoast_head_json":{"title":"Ele marcou 4 gols em um jogo contra o Real Madrid e agora \u00e9 desejado pelo Flamengo","robots":{"index":"index","follow":"follow","max-snippet":"max-snippet:-1","max-image-preview":"max-image-preview:large","max-video-preview":"max-video-preview:-1"},"canonical":"https:\/\/www.gaveanews.com\/index.php\/2025\/07\/15\/ele-marcou-4-gols-em-um-jogo-contra-o-real-madrid-e-agora-e-desejado-pelo-flamengo\/","og_locale":"pt_BR","og_type":"article","og_title":"Ele marcou 4 gols em um jogo contra o Real Madrid e agora \u00e9 desejado pelo Flamengo","og_description":"O Flamengo iniciou movimenta\u00e7\u00f5es no mercado de transfer\u00eancias do meio do ano com foco no ataque e mira a contrata\u00e7\u00e3o de Taty Castellanos, atualmente na Lazio. O centroavante argentino de 26 anos est\u00e1 no radar do clube carioca, mas a negocia\u00e7\u00e3o esbarra em valores elevados e em uma posi\u00e7\u00e3o de cautela do time italiano quanto [&hellip;]","og_url":"https:\/\/www.gaveanews.com\/index.php\/2025\/07\/15\/ele-marcou-4-gols-em-um-jogo-contra-o-real-madrid-e-agora-e-desejado-pelo-flamengo\/","og_site_name":"G\u00e1vea News","article_publisher":"https:\/\/facebook.com\/gaveaNews\/","article_published_time":"2025-07-16T00:30:00+00:00","og_image":[{"width":640,"height":426,"url":"https:\/\/www.gaveanews.com\/wp-content\/uploads\/Bandeira-do-Flamengo-no-estadio-do-Corinthians-antes-do-jogo-contra-o-Fluminense-pelo-Campeonato-Brasileiro-de-2021-640x426-1.webp","type":"image\/webp"}],"author":"Paula Silva","twitter_card":"summary_large_image","twitter_misc":{"Escrito por":"Paula Silva","Est. tempo de leitura":"3 minutos"},"schema":{"@context":"https:\/\/schema.org","@graph":[{"@type":"NewsArticle","@id":"https:\/\/www.gaveanews.com\/index.php\/2025\/07\/15\/ele-marcou-4-gols-em-um-jogo-contra-o-real-madrid-e-agora-e-desejado-pelo-flamengo\/#article","isPartOf":{"@id":"https:\/\/www.gaveanews.com\/index.php\/2025\/07\/15\/ele-marcou-4-gols-em-um-jogo-contra-o-real-madrid-e-agora-e-desejado-pelo-flamengo\/"},"author":{"name":"Paula Silva","@id":"https:\/\/www.gaveanews.com\/#\/schema\/person\/daf63eec72e1164eb13dc35096c2b8da"},"headline":"Ele marcou 4 gols em um jogo contra o Real Madrid e agora \u00e9 desejado pelo Flamengo","datePublished":"2025-07-16T00:30:00+00:00","mainEntityOfPage":{"@id":"https:\/\/www.gaveanews.com\/index.php\/2025\/07\/15\/ele-marcou-4-gols-em-um-jogo-contra-o-real-madrid-e-agora-e-desejado-pelo-flamengo\/"},"wordCount":536,"commentCount":0,"image":{"@id":"https:\/\/www.gaveanews.com\/index.php\/2025\/07\/15\/ele-marcou-4-gols-em-um-jogo-contra-o-real-madrid-e-agora-e-desejado-pelo-flamengo\/#primaryimage"},"thumbnailUrl":"https:\/\/www.gaveanews.com\/wp-content\/uploads\/Bandeira-do-Flamengo-no-estadio-do-Corinthians-antes-do-jogo-contra-o-Fluminense-pelo-Campeonato-Brasileiro-de-2021-640x426-1.webp","articleSection":["Flamengo"],"inLanguage":"pt-BR","potentialAction":[{"@type":"CommentAction","name":"Comment","target":["https:\/\/www.gaveanews.com\/index.php\/2025\/07\/15\/ele-marcou-4-gols-em-um-jogo-contra-o-real-madrid-e-agora-e-desejado-pelo-flamengo\/#respond"]}],"copyrightYear":"2025","copyrightHolder":{"@id":"https:\/\/www.gaveanews.com\/#organization"}},{"@type":"WebPage","@id":"https:\/\/www.gaveanews.com\/index.php\/2025\/07\/15\/ele-marcou-4-gols-em-um-jogo-contra-o-real-madrid-e-agora-e-desejado-pelo-flamengo\/","url":"https:\/\/www.gaveanews.com\/index.php\/2025\/07\/15\/ele-marcou-4-gols-em-um-jogo-contra-o-real-madrid-e-agora-e-desejado-pelo-flamengo\/","name":"Ele marcou 4 gols em um jogo contra o Real Madrid e agora \u00e9 desejado pelo Flamengo","isPartOf":{"@id":"https:\/\/www.gaveanews.com\/#website"},"primaryImageOfPage":{"@id":"https:\/\/www.gaveanews.com\/index.php\/2025\/07\/15\/ele-marcou-4-gols-em-um-jogo-contra-o-real-madrid-e-agora-e-desejado-pelo-flamengo\/#primaryimage"},"image":{"@id":"https:\/\/www.gaveanews.com\/index.php\/2025\/07\/15\/ele-marcou-4-gols-em-um-jogo-contra-o-real-madrid-e-agora-e-desejado-pelo-flamengo\/#primaryimage"},"thumbnailUrl":"https:\/\/www.gaveanews.com\/wp-content\/uploads\/Bandeira-do-Flamengo-no-estadio-do-Corinthians-antes-do-jogo-contra-o-Fluminense-pelo-Campeonato-Brasileiro-de-2021-640x426-1.webp","datePublished":"2025-07-16T00:30:00+00:00","author":{"@id":"https:\/\/www.gaveanews.com\/#\/schema\/person\/daf63eec72e1164eb13dc35096c2b8da"},"breadcrumb":{"@id":"https:\/\/www.gaveanews.com\/index.php\/2025\/07\/15\/ele-marcou-4-gols-em-um-jogo-contra-o-real-madrid-e-agora-e-desejado-pelo-flamengo\/#breadcrumb"},"inLanguage":"pt-BR","potentialAction":[{"@type":"ReadAction","target":["https:\/\/www.gaveanews.com\/index.php\/2025\/07\/15\/ele-marcou-4-gols-em-um-jogo-contra-o-real-madrid-e-agora-e-desejado-pelo-flamengo\/"]}]},{"@type":"ImageObject","inLanguage":"pt-BR","@id":"https:\/\/www.gaveanews.com\/index.php\/2025\/07\/15\/ele-marcou-4-gols-em-um-jogo-contra-o-real-madrid-e-agora-e-desejado-pelo-flamengo\/#primaryimage","url":"https:\/\/www.gaveanews.com\/wp-content\/uploads\/Bandeira-do-Flamengo-no-estadio-do-Corinthians-antes-do-jogo-contra-o-Fluminense-pelo-Campeonato-Brasileiro-de-2021-640x426-1.webp","contentUrl":"https:\/\/www.gaveanews.com\/wp-content\/uploads\/Bandeira-do-Flamengo-no-estadio-do-Corinthians-antes-do-jogo-contra-o-Fluminense-pelo-Campeonato-Brasileiro-de-2021-640x426-1.webp","width":640,"height":426},{"@type":"BreadcrumbList","@id":"https:\/\/www.gaveanews.com\/index.php\/2025\/07\/15\/ele-marcou-4-gols-em-um-jogo-contra-o-real-madrid-e-agora-e-desejado-pelo-flamengo\/#breadcrumb","itemListElement":[{"@type":"ListItem","position":1,"name":"Home","item":"https:\/\/www.gaveanews.com\/"},{"@type":"ListItem","position":2,"name":"Ele marcou 4 gols em um jogo contra o Real Madrid e agora \u00e9 desejado pelo Flamengo"}]},{"@type":"WebSite","@id":"https:\/\/www.gaveanews.com\/#website","url":"https:\/\/www.gaveanews.com\/","name":"G\u00e1vea News","description":"Veja todas as not\u00edcias sobre o Flamengo: Contrata\u00e7\u00f5es, categorias de base, resultados das partidas, tabela de classifica\u00e7\u00e3o, pr\u00f3ximos jogos!","potentialAction":[{"@type":"SearchAction","target":{"@type":"EntryPoint","urlTemplate":"https:\/\/www.gaveanews.com\/?s={search_term_string}"},"query-input":{"@type":"PropertyValueSpecification","valueRequired":true,"valueName":"search_term_string"}}],"inLanguage":"pt-BR"},{"@type":"Person","@id":"https:\/\/www.gaveanews.com\/#\/schema\/person\/daf63eec72e1164eb13dc35096c2b8da","name":"Paula Silva","image":{"@type":"ImageObject","inLanguage":"pt-BR","@id":"https:\/\/www.gaveanews.com\/#\/schema\/person\/image\/","url":"https:\/\/secure.gravatar.com\/avatar\/eda381c845527cc5d64c13b901833cda29d97500ba040d3e6461f76f51d163bb?s=96&d=mm&r=g","contentUrl":"https:\/\/secure.gravatar.com\/avatar\/eda381c845527cc5d64c13b901833cda29d97500ba040d3e6461f76f51d163bb?s=96&d=mm&r=g","caption":"Paula Silva"}}]}},"_links":{"self":[{"href":"https:\/\/www.gaveanews.com\/index.php\/wp-json\/wp\/v2\/posts\/272582","targetHints":{"allow":["GET"]}}],"collection":[{"href":"https:\/\/www.gaveanews.com\/index.php\/wp-json\/wp\/v2\/posts"}],"about":[{"href":"https:\/\/www.gaveanews.com\/index.php\/wp-json\/wp\/v2\/types\/post"}],"author":[{"embeddable":true,"href":"https:\/\/www.gaveanews.com\/index.php\/wp-json\/wp\/v2\/users\/18"}],"replies":[{"embeddable":true,"href":"https:\/\/www.gaveanews.com\/index.php\/wp-json\/wp\/v2\/comments?post=272582"}],"version-history":[{"count":1,"href":"https:\/\/www.gaveanews.com\/index.php\/wp-json\/wp\/v2\/posts\/272582\/revisions"}],"predecessor-version":[{"id":272586,"href":"https:\/\/www.gaveanews.com\/index.php\/wp-json\/wp\/v2\/posts\/272582\/revisions\/272586"}],"wp:featuredmedia":[{"embeddable":true,"href":"https:\/\/www.gaveanews.com\/index.php\/wp-json\/wp\/v2\/media\/256243"}],"wp:attachment":[{"href":"https:\/\/www.gaveanews.com\/index.php\/wp-json\/wp\/v2\/media?parent=272582"}],"wp:term":[{"taxonomy":"category","embeddable":true,"href":"https:\/\/www.gaveanews.com\/index.php\/wp-json\/wp\/v2\/categories?post=272582"},{"taxonomy":"post_tag","embeddable":true,"href":"https:\/\/www.gaveanews.com\/index.php\/wp-json\/wp\/v2\/tags?post=272582"}],"curies":[{"name":"wp","href":"https:\/\/api.w.org\/{rel}","templated":true}]}}