{"id":272583,"date":"2025-07-15T22:00:00","date_gmt":"2025-07-16T01:00:00","guid":{"rendered":"https:\/\/www.gaveanews.com\/?p=272583"},"modified":"2025-07-15T21:15:45","modified_gmt":"2025-07-16T00:15:45","slug":"atitude-do-presidente-do-flamengo-irrita-o-cruzeiro","status":"publish","type":"post","link":"https:\/\/www.gaveanews.com\/index.php\/2025\/07\/15\/atitude-do-presidente-do-flamengo-irrita-o-cruzeiro\/","title":{"rendered":"Atitude do presidente do Flamengo irrita o Cruzeiro"},"content":{"rendered":"\n<p>Matheus Gon\u00e7alves, revelado pelas categorias de base do Flamengo e atualmente com 19 anos, esteve muito pr\u00f3ximo de trocar o Rio de Janeiro por Belo Horizonte. O atacante tinha negocia\u00e7\u00f5es avan\u00e7adas com o Cruzeiro, que pretendia investir 3,5 milh\u00f5es de euros (cerca de R$ 22 milh\u00f5es) para adquirir 50% dos direitos econ\u00f4micos do jogador. Contudo, apesar de o acordo ter sido inicialmente aprovado pelas diretorias de ambos os clubes, o Flamengo voltou atr\u00e1s e encerrou as tratativas de forma inesperada.<\/p>\n\n\n\n<p>A decis\u00e3o do clube carioca foi comunicada ao Cruzeiro na noite de segunda-feira (14 de julho). A negocia\u00e7\u00e3o j\u00e1 havia sido aprovada por Rodolfo Landim (presidente do Flamengo, conhecido como Bap) e por Pedro Louren\u00e7o, dono da SAF do Cruzeiro. No entanto, sem aviso pr\u00e9vio, o Rubro-Negro informou que n\u00e3o levaria mais a venda adiante, gerando inc\u00f4modo nos bastidores da equipe mineira.<\/p>\n\n\n\n<p>Internamente, o Flamengo enfrenta um momento de instabilidade em seu planejamento de transfer\u00eancias. Nos \u00faltimos dias, al\u00e9m da desist\u00eancia envolvendo Matheus Gon\u00e7alves, o clube tamb\u00e9m recuou nas negocia\u00e7\u00f5es com Mikey Johnston e Victor Hugo. A diretoria, liderada por Jos\u00e9 Boto e Bap, precisou revisar estrat\u00e9gias ap\u00f3s ru\u00eddos causados por decis\u00f5es divergentes e press\u00e3o tanto pol\u00edtica quanto da torcida.<\/p>\n\n\n\n<p>Durante a negocia\u00e7\u00e3o, o Cruzeiro havia demonstrado flexibilidade quanto \u00e0 forma de pagamento, concordando em quitar o valor \u00e0 vista, ap\u00f3s inicialmente sugerir parcelamento em tr\u00eas vezes. Mesmo assim, a opera\u00e7\u00e3o n\u00e3o foi conclu\u00edda. Leonardo Jardim, t\u00e9cnico da equipe celeste, j\u00e1 havia aprovado o nome do atacante para refor\u00e7ar o elenco na atual janela de transfer\u00eancias do meio do ano.<\/p>\n\n\n\n<p>Surpreendido com a mudan\u00e7a de rumo, Matheus Gon\u00e7alves comentou a situa\u00e7\u00e3o ap\u00f3s atuar pelo sub-20 do Flamengo, na partida contra o Atl\u00e9tico-MG, pelo Brasileiro da categoria.<\/p>\n\n\n\n<p>&#8220;N\u00e3o estava sabendo, estou sabendo agora. Antes do jogo, o que foi dito para mim e para o estafe era que os presidentes Bap e Pedrinho j\u00e1 tinham um acerto. Estou sabendo agora. J\u00e1 tinha a palavra deles. Mas se o Flamengo n\u00e3o quer me vender e quer que eu fique, vou trabalhar duro e conquistar meu espa\u00e7o. \u00c9 o que eu sempre sonhei. Estou aqui desde os 12 anos, feliz demais e grato&#8221;, afirmou o jogador.<\/p>\n\n\n\n<p>Desde que Filipe Lu\u00eds assumiu o comando t\u00e9cnico do time principal, Matheus disputou 21 partidas. Entretanto, devido \u00e0 redu\u00e7\u00e3o no n\u00famero de oportunidades, optou por voltar ao time sub-20 a fim de ganhar mais minutos em campo. Na \u00faltima quinta-feira (11 de julho), marcou dois gols no empate contra o Botafogo, no Brasileir\u00e3o da categoria.<\/p>\n\n\n\n<p>Por fim, apesar da desist\u00eancia inesperada, Matheus Gon\u00e7alves voltou a ser relacionado para o profissional e pode voltar a figurar entre as op\u00e7\u00f5es de Filipe Lu\u00eds no elenco principal, enquanto o Flamengo busca alinhamento interno sobre sua pol\u00edtica de negocia\u00e7\u00f5es nesta janela.<\/p>\n","protected":false},"excerpt":{"rendered":"<p>Matheus Gon\u00e7alves, revelado pelas categorias de base do Flamengo e atualmente com 19 anos, esteve muito pr\u00f3ximo de trocar o Rio de Janeiro por Belo Horizonte. O atacante tinha negocia\u00e7\u00f5es avan\u00e7adas com o Cruzeiro, que pretendia investir 3,5 milh\u00f5es de euros (cerca de R$ 22 milh\u00f5es) para adquirir 50% dos direitos econ\u00f4micos do jogador. Contudo, [&hellip;]<\/p>\n","protected":false},"author":18,"featured_media":201147,"comment_status":"open","ping_status":"closed","sticky":false,"template":"","format":"standard","meta":{"footnotes":""},"categories":[1],"tags":[],"class_list":["post-272583","post","type-post","status-publish","format-standard","has-post-thumbnail","hentry","category-flamengo"],"yoast_head":"<!-- This site is optimized with the Yoast SEO Premium plugin v24.2 (Yoast SEO v26.9) - https:\/\/yoast.com\/product\/yoast-seo-premium-wordpress\/ -->\n<title>Atitude do presidente do Flamengo irrita o Cruzeiro<\/title>\n<meta name=\"robots\" content=\"index, follow, max-snippet:-1, max-image-preview:large, max-video-preview:-1\" \/>\n<link rel=\"canonical\" href=\"https:\/\/www.gaveanews.com\/index.php\/2025\/07\/15\/atitude-do-presidente-do-flamengo-irrita-o-cruzeiro\/\" \/>\n<meta property=\"og:locale\" content=\"pt_BR\" \/>\n<meta property=\"og:type\" content=\"article\" \/>\n<meta property=\"og:title\" content=\"Atitude do presidente do Flamengo irrita o Cruzeiro\" \/>\n<meta property=\"og:description\" content=\"Matheus Gon\u00e7alves, revelado pelas categorias de base do Flamengo e atualmente com 19 anos, esteve muito pr\u00f3ximo de trocar o Rio de Janeiro por Belo Horizonte. O atacante tinha negocia\u00e7\u00f5es avan\u00e7adas com o Cruzeiro, que pretendia investir 3,5 milh\u00f5es de euros (cerca de R$ 22 milh\u00f5es) para adquirir 50% dos direitos econ\u00f4micos do jogador. Contudo, [&hellip;]\" \/>\n<meta property=\"og:url\" content=\"https:\/\/www.gaveanews.com\/index.php\/2025\/07\/15\/atitude-do-presidente-do-flamengo-irrita-o-cruzeiro\/\" \/>\n<meta property=\"og:site_name\" content=\"G\u00e1vea News\" \/>\n<meta property=\"article:publisher\" content=\"https:\/\/facebook.com\/gaveaNews\/\" \/>\n<meta property=\"article:published_time\" content=\"2025-07-16T01:00:00+00:00\" \/>\n<meta property=\"og:image\" content=\"https:\/\/www.gaveanews.com\/wp-content\/uploads\/BAP-toma-posse-como-presidente-do-Flamengo.webp\" \/>\n\t<meta property=\"og:image:width\" content=\"733\" \/>\n\t<meta property=\"og:image:height\" content=\"432\" \/>\n\t<meta property=\"og:image:type\" content=\"image\/jpeg\" \/>\n<meta name=\"author\" content=\"Paula Silva\" \/>\n<meta name=\"twitter:card\" content=\"summary_large_image\" \/>\n<meta name=\"twitter:label1\" content=\"Escrito por\" \/>\n\t<meta name=\"twitter:data1\" content=\"Paula Silva\" \/>\n\t<meta name=\"twitter:label2\" content=\"Est. tempo de leitura\" \/>\n\t<meta name=\"twitter:data2\" content=\"3 minutos\" \/>\n<script type=\"application\/ld+json\" class=\"yoast-schema-graph\">{\"@context\":\"https:\/\/schema.org\",\"@graph\":[{\"@type\":\"NewsArticle\",\"@id\":\"https:\/\/www.gaveanews.com\/index.php\/2025\/07\/15\/atitude-do-presidente-do-flamengo-irrita-o-cruzeiro\/#article\",\"isPartOf\":{\"@id\":\"https:\/\/www.gaveanews.com\/index.php\/2025\/07\/15\/atitude-do-presidente-do-flamengo-irrita-o-cruzeiro\/\"},\"author\":{\"name\":\"Paula Silva\",\"@id\":\"https:\/\/www.gaveanews.com\/#\/schema\/person\/daf63eec72e1164eb13dc35096c2b8da\"},\"headline\":\"Atitude do presidente do Flamengo irrita o Cruzeiro\",\"datePublished\":\"2025-07-16T01:00:00+00:00\",\"mainEntityOfPage\":{\"@id\":\"https:\/\/www.gaveanews.com\/index.php\/2025\/07\/15\/atitude-do-presidente-do-flamengo-irrita-o-cruzeiro\/\"},\"wordCount\":510,\"commentCount\":0,\"image\":{\"@id\":\"https:\/\/www.gaveanews.com\/index.php\/2025\/07\/15\/atitude-do-presidente-do-flamengo-irrita-o-cruzeiro\/#primaryimage\"},\"thumbnailUrl\":\"https:\/\/www.gaveanews.com\/wp-content\/uploads\/BAP-toma-posse-como-presidente-do-Flamengo.webp\",\"articleSection\":[\"Flamengo\"],\"inLanguage\":\"pt-BR\",\"potentialAction\":[{\"@type\":\"CommentAction\",\"name\":\"Comment\",\"target\":[\"https:\/\/www.gaveanews.com\/index.php\/2025\/07\/15\/atitude-do-presidente-do-flamengo-irrita-o-cruzeiro\/#respond\"]}],\"copyrightYear\":\"2025\",\"copyrightHolder\":{\"@id\":\"https:\/\/www.gaveanews.com\/#organization\"}},{\"@type\":\"WebPage\",\"@id\":\"https:\/\/www.gaveanews.com\/index.php\/2025\/07\/15\/atitude-do-presidente-do-flamengo-irrita-o-cruzeiro\/\",\"url\":\"https:\/\/www.gaveanews.com\/index.php\/2025\/07\/15\/atitude-do-presidente-do-flamengo-irrita-o-cruzeiro\/\",\"name\":\"Atitude do presidente do Flamengo irrita o Cruzeiro\",\"isPartOf\":{\"@id\":\"https:\/\/www.gaveanews.com\/#website\"},\"primaryImageOfPage\":{\"@id\":\"https:\/\/www.gaveanews.com\/index.php\/2025\/07\/15\/atitude-do-presidente-do-flamengo-irrita-o-cruzeiro\/#primaryimage\"},\"image\":{\"@id\":\"https:\/\/www.gaveanews.com\/index.php\/2025\/07\/15\/atitude-do-presidente-do-flamengo-irrita-o-cruzeiro\/#primaryimage\"},\"thumbnailUrl\":\"https:\/\/www.gaveanews.com\/wp-content\/uploads\/BAP-toma-posse-como-presidente-do-Flamengo.webp\",\"datePublished\":\"2025-07-16T01:00:00+00:00\",\"author\":{\"@id\":\"https:\/\/www.gaveanews.com\/#\/schema\/person\/daf63eec72e1164eb13dc35096c2b8da\"},\"breadcrumb\":{\"@id\":\"https:\/\/www.gaveanews.com\/index.php\/2025\/07\/15\/atitude-do-presidente-do-flamengo-irrita-o-cruzeiro\/#breadcrumb\"},\"inLanguage\":\"pt-BR\",\"potentialAction\":[{\"@type\":\"ReadAction\",\"target\":[\"https:\/\/www.gaveanews.com\/index.php\/2025\/07\/15\/atitude-do-presidente-do-flamengo-irrita-o-cruzeiro\/\"]}]},{\"@type\":\"ImageObject\",\"inLanguage\":\"pt-BR\",\"@id\":\"https:\/\/www.gaveanews.com\/index.php\/2025\/07\/15\/atitude-do-presidente-do-flamengo-irrita-o-cruzeiro\/#primaryimage\",\"url\":\"https:\/\/www.gaveanews.com\/wp-content\/uploads\/BAP-toma-posse-como-presidente-do-Flamengo.webp\",\"contentUrl\":\"https:\/\/www.gaveanews.com\/wp-content\/uploads\/BAP-toma-posse-como-presidente-do-Flamengo.webp\",\"width\":733,\"height\":432,\"caption\":\"BAP, presidente do Flamengo (Foto: Reprodu\u00e7\u00e3o)\"},{\"@type\":\"BreadcrumbList\",\"@id\":\"https:\/\/www.gaveanews.com\/index.php\/2025\/07\/15\/atitude-do-presidente-do-flamengo-irrita-o-cruzeiro\/#breadcrumb\",\"itemListElement\":[{\"@type\":\"ListItem\",\"position\":1,\"name\":\"Home\",\"item\":\"https:\/\/www.gaveanews.com\/\"},{\"@type\":\"ListItem\",\"position\":2,\"name\":\"Atitude do presidente do Flamengo irrita o Cruzeiro\"}]},{\"@type\":\"WebSite\",\"@id\":\"https:\/\/www.gaveanews.com\/#website\",\"url\":\"https:\/\/www.gaveanews.com\/\",\"name\":\"G\u00e1vea News\",\"description\":\"Veja todas as not\u00edcias sobre o Flamengo: Contrata\u00e7\u00f5es, categorias de base, resultados das partidas, tabela de classifica\u00e7\u00e3o, pr\u00f3ximos jogos!\",\"potentialAction\":[{\"@type\":\"SearchAction\",\"target\":{\"@type\":\"EntryPoint\",\"urlTemplate\":\"https:\/\/www.gaveanews.com\/?s={search_term_string}\"},\"query-input\":{\"@type\":\"PropertyValueSpecification\",\"valueRequired\":true,\"valueName\":\"search_term_string\"}}],\"inLanguage\":\"pt-BR\"},{\"@type\":\"Person\",\"@id\":\"https:\/\/www.gaveanews.com\/#\/schema\/person\/daf63eec72e1164eb13dc35096c2b8da\",\"name\":\"Paula Silva\",\"image\":{\"@type\":\"ImageObject\",\"inLanguage\":\"pt-BR\",\"@id\":\"https:\/\/www.gaveanews.com\/#\/schema\/person\/image\/\",\"url\":\"https:\/\/secure.gravatar.com\/avatar\/eda381c845527cc5d64c13b901833cda29d97500ba040d3e6461f76f51d163bb?s=96&d=mm&r=g\",\"contentUrl\":\"https:\/\/secure.gravatar.com\/avatar\/eda381c845527cc5d64c13b901833cda29d97500ba040d3e6461f76f51d163bb?s=96&d=mm&r=g\",\"caption\":\"Paula Silva\"}}]}<\/script>\n<!-- \/ Yoast SEO Premium plugin. -->","yoast_head_json":{"title":"Atitude do presidente do Flamengo irrita o Cruzeiro","robots":{"index":"index","follow":"follow","max-snippet":"max-snippet:-1","max-image-preview":"max-image-preview:large","max-video-preview":"max-video-preview:-1"},"canonical":"https:\/\/www.gaveanews.com\/index.php\/2025\/07\/15\/atitude-do-presidente-do-flamengo-irrita-o-cruzeiro\/","og_locale":"pt_BR","og_type":"article","og_title":"Atitude do presidente do Flamengo irrita o Cruzeiro","og_description":"Matheus Gon\u00e7alves, revelado pelas categorias de base do Flamengo e atualmente com 19 anos, esteve muito pr\u00f3ximo de trocar o Rio de Janeiro por Belo Horizonte. O atacante tinha negocia\u00e7\u00f5es avan\u00e7adas com o Cruzeiro, que pretendia investir 3,5 milh\u00f5es de euros (cerca de R$ 22 milh\u00f5es) para adquirir 50% dos direitos econ\u00f4micos do jogador. Contudo, [&hellip;]","og_url":"https:\/\/www.gaveanews.com\/index.php\/2025\/07\/15\/atitude-do-presidente-do-flamengo-irrita-o-cruzeiro\/","og_site_name":"G\u00e1vea News","article_publisher":"https:\/\/facebook.com\/gaveaNews\/","article_published_time":"2025-07-16T01:00:00+00:00","og_image":[{"width":733,"height":432,"url":"https:\/\/www.gaveanews.com\/wp-content\/uploads\/BAP-toma-posse-como-presidente-do-Flamengo.webp","type":"image\/jpeg"}],"author":"Paula Silva","twitter_card":"summary_large_image","twitter_misc":{"Escrito por":"Paula Silva","Est. tempo de leitura":"3 minutos"},"schema":{"@context":"https:\/\/schema.org","@graph":[{"@type":"NewsArticle","@id":"https:\/\/www.gaveanews.com\/index.php\/2025\/07\/15\/atitude-do-presidente-do-flamengo-irrita-o-cruzeiro\/#article","isPartOf":{"@id":"https:\/\/www.gaveanews.com\/index.php\/2025\/07\/15\/atitude-do-presidente-do-flamengo-irrita-o-cruzeiro\/"},"author":{"name":"Paula Silva","@id":"https:\/\/www.gaveanews.com\/#\/schema\/person\/daf63eec72e1164eb13dc35096c2b8da"},"headline":"Atitude do presidente do Flamengo irrita o Cruzeiro","datePublished":"2025-07-16T01:00:00+00:00","mainEntityOfPage":{"@id":"https:\/\/www.gaveanews.com\/index.php\/2025\/07\/15\/atitude-do-presidente-do-flamengo-irrita-o-cruzeiro\/"},"wordCount":510,"commentCount":0,"image":{"@id":"https:\/\/www.gaveanews.com\/index.php\/2025\/07\/15\/atitude-do-presidente-do-flamengo-irrita-o-cruzeiro\/#primaryimage"},"thumbnailUrl":"https:\/\/www.gaveanews.com\/wp-content\/uploads\/BAP-toma-posse-como-presidente-do-Flamengo.webp","articleSection":["Flamengo"],"inLanguage":"pt-BR","potentialAction":[{"@type":"CommentAction","name":"Comment","target":["https:\/\/www.gaveanews.com\/index.php\/2025\/07\/15\/atitude-do-presidente-do-flamengo-irrita-o-cruzeiro\/#respond"]}],"copyrightYear":"2025","copyrightHolder":{"@id":"https:\/\/www.gaveanews.com\/#organization"}},{"@type":"WebPage","@id":"https:\/\/www.gaveanews.com\/index.php\/2025\/07\/15\/atitude-do-presidente-do-flamengo-irrita-o-cruzeiro\/","url":"https:\/\/www.gaveanews.com\/index.php\/2025\/07\/15\/atitude-do-presidente-do-flamengo-irrita-o-cruzeiro\/","name":"Atitude do presidente do Flamengo irrita o Cruzeiro","isPartOf":{"@id":"https:\/\/www.gaveanews.com\/#website"},"primaryImageOfPage":{"@id":"https:\/\/www.gaveanews.com\/index.php\/2025\/07\/15\/atitude-do-presidente-do-flamengo-irrita-o-cruzeiro\/#primaryimage"},"image":{"@id":"https:\/\/www.gaveanews.com\/index.php\/2025\/07\/15\/atitude-do-presidente-do-flamengo-irrita-o-cruzeiro\/#primaryimage"},"thumbnailUrl":"https:\/\/www.gaveanews.com\/wp-content\/uploads\/BAP-toma-posse-como-presidente-do-Flamengo.webp","datePublished":"2025-07-16T01:00:00+00:00","author":{"@id":"https:\/\/www.gaveanews.com\/#\/schema\/person\/daf63eec72e1164eb13dc35096c2b8da"},"breadcrumb":{"@id":"https:\/\/www.gaveanews.com\/index.php\/2025\/07\/15\/atitude-do-presidente-do-flamengo-irrita-o-cruzeiro\/#breadcrumb"},"inLanguage":"pt-BR","potentialAction":[{"@type":"ReadAction","target":["https:\/\/www.gaveanews.com\/index.php\/2025\/07\/15\/atitude-do-presidente-do-flamengo-irrita-o-cruzeiro\/"]}]},{"@type":"ImageObject","inLanguage":"pt-BR","@id":"https:\/\/www.gaveanews.com\/index.php\/2025\/07\/15\/atitude-do-presidente-do-flamengo-irrita-o-cruzeiro\/#primaryimage","url":"https:\/\/www.gaveanews.com\/wp-content\/uploads\/BAP-toma-posse-como-presidente-do-Flamengo.webp","contentUrl":"https:\/\/www.gaveanews.com\/wp-content\/uploads\/BAP-toma-posse-como-presidente-do-Flamengo.webp","width":733,"height":432,"caption":"BAP, presidente do Flamengo (Foto: Reprodu\u00e7\u00e3o)"},{"@type":"BreadcrumbList","@id":"https:\/\/www.gaveanews.com\/index.php\/2025\/07\/15\/atitude-do-presidente-do-flamengo-irrita-o-cruzeiro\/#breadcrumb","itemListElement":[{"@type":"ListItem","position":1,"name":"Home","item":"https:\/\/www.gaveanews.com\/"},{"@type":"ListItem","position":2,"name":"Atitude do presidente do Flamengo irrita o Cruzeiro"}]},{"@type":"WebSite","@id":"https:\/\/www.gaveanews.com\/#website","url":"https:\/\/www.gaveanews.com\/","name":"G\u00e1vea News","description":"Veja todas as not\u00edcias sobre o Flamengo: Contrata\u00e7\u00f5es, categorias de base, resultados das partidas, tabela de classifica\u00e7\u00e3o, pr\u00f3ximos jogos!","potentialAction":[{"@type":"SearchAction","target":{"@type":"EntryPoint","urlTemplate":"https:\/\/www.gaveanews.com\/?s={search_term_string}"},"query-input":{"@type":"PropertyValueSpecification","valueRequired":true,"valueName":"search_term_string"}}],"inLanguage":"pt-BR"},{"@type":"Person","@id":"https:\/\/www.gaveanews.com\/#\/schema\/person\/daf63eec72e1164eb13dc35096c2b8da","name":"Paula Silva","image":{"@type":"ImageObject","inLanguage":"pt-BR","@id":"https:\/\/www.gaveanews.com\/#\/schema\/person\/image\/","url":"https:\/\/secure.gravatar.com\/avatar\/eda381c845527cc5d64c13b901833cda29d97500ba040d3e6461f76f51d163bb?s=96&d=mm&r=g","contentUrl":"https:\/\/secure.gravatar.com\/avatar\/eda381c845527cc5d64c13b901833cda29d97500ba040d3e6461f76f51d163bb?s=96&d=mm&r=g","caption":"Paula Silva"}}]}},"_links":{"self":[{"href":"https:\/\/www.gaveanews.com\/index.php\/wp-json\/wp\/v2\/posts\/272583","targetHints":{"allow":["GET"]}}],"collection":[{"href":"https:\/\/www.gaveanews.com\/index.php\/wp-json\/wp\/v2\/posts"}],"about":[{"href":"https:\/\/www.gaveanews.com\/index.php\/wp-json\/wp\/v2\/types\/post"}],"author":[{"embeddable":true,"href":"https:\/\/www.gaveanews.com\/index.php\/wp-json\/wp\/v2\/users\/18"}],"replies":[{"embeddable":true,"href":"https:\/\/www.gaveanews.com\/index.php\/wp-json\/wp\/v2\/comments?post=272583"}],"version-history":[{"count":1,"href":"https:\/\/www.gaveanews.com\/index.php\/wp-json\/wp\/v2\/posts\/272583\/revisions"}],"predecessor-version":[{"id":272587,"href":"https:\/\/www.gaveanews.com\/index.php\/wp-json\/wp\/v2\/posts\/272583\/revisions\/272587"}],"wp:featuredmedia":[{"embeddable":true,"href":"https:\/\/www.gaveanews.com\/index.php\/wp-json\/wp\/v2\/media\/201147"}],"wp:attachment":[{"href":"https:\/\/www.gaveanews.com\/index.php\/wp-json\/wp\/v2\/media?parent=272583"}],"wp:term":[{"taxonomy":"category","embeddable":true,"href":"https:\/\/www.gaveanews.com\/index.php\/wp-json\/wp\/v2\/categories?post=272583"},{"taxonomy":"post_tag","embeddable":true,"href":"https:\/\/www.gaveanews.com\/index.php\/wp-json\/wp\/v2\/tags?post=272583"}],"curies":[{"name":"wp","href":"https:\/\/api.w.org\/{rel}","templated":true}]}}