{"id":272596,"date":"2025-07-16T10:21:20","date_gmt":"2025-07-16T13:21:20","guid":{"rendered":"https:\/\/www.gaveanews.com\/?p=272596"},"modified":"2025-07-16T10:22:39","modified_gmt":"2025-07-16T13:22:39","slug":"flamengo-x-fluminense-a-declaracao-de-john-kennedy-antes-do-classico","status":"publish","type":"post","link":"https:\/\/www.gaveanews.com\/index.php\/2025\/07\/16\/flamengo-x-fluminense-a-declaracao-de-john-kennedy-antes-do-classico\/","title":{"rendered":"A declara\u00e7\u00e3o de John Kennedy, do Fluminense, direcionada ao Flamengo"},"content":{"rendered":"\n<p>O atacante John Kennedy est\u00e1 de volta ao Fluminense ap\u00f3s o fim do empr\u00e9stimo ao Pachuca, do M\u00e9xico, e j\u00e1 mira sua reestreia no cl\u00e1ssico contra o Flamengo, no domingo (20), pelo Campeonato Brasileiro. O jogador desembarcou no Rio de Janeiro nesta quarta-feira (16) e pode ser relacionado para o Fla-Flu caso seu nome seja regularizado no Boletim Informativo Di\u00e1rio (BID) da CBF at\u00e9 o dia da partida.<\/p>\n\n\n\n<p>Kennedy, que tem 23 anos, se mostrou animado com a possibilidade de enfrentar o rival. Na chegada ao aeroporto, falou sobre o desejo de balan\u00e7ar as redes no cl\u00e1ssico. \u201cO retorno perfeito seria marcar gol contra qualquer equipe, mas contra o Flamengo tem um gostinho especial, tanto para o Fluminense, para mim, para torcida\u2026 ent\u00e3o acho que vai ser perfeito\u201d.<\/p>\n\n\n\n<p>Apesar da expectativa da torcida, o atacante tem n\u00fameros discretos contra o Rubro-Negro nos profissionais. Em nove jogos, marcou apenas dois gols. Ainda assim, seu hist\u00f3rico nas categorias de base do Tricolor, onde se destacou justamente em duelos contra o Flamengo, contribui para a fama de \u201ccarrasco\u201d entre os torcedores.<\/p>\n\n\n\n<p>O retorno do camisa 9 acontece em um momento de instabilidade ofensiva do Fluminense. Everaldo e Germ\u00e1n Cano, os principais centroavantes da equipe, n\u00e3o t\u00eam correspondido \u00e0s expectativas da torcida. Nesse cen\u00e1rio, Kennedy surge como uma alternativa imediata para o t\u00e9cnico Renato Ga\u00facho, que ainda n\u00e3o o utilizou desde que assumiu o comando.<\/p>\n\n\n\n<p>Durante o per\u00edodo no Pachuca, Kennedy teve um in\u00edcio promissor, mas perdeu espa\u00e7o ap\u00f3s uma mudan\u00e7a no comando t\u00e9cnico. Ele somou nove gols e duas assist\u00eancias em 22 partidas, incluindo tr\u00eas jogos na \u00faltima edi\u00e7\u00e3o do Mundial de Clubes, onde passou em branco.<\/p>\n\n\n\n<p>Ainda n\u00e3o h\u00e1 confirma\u00e7\u00e3o oficial sobre sua presen\u00e7a no cl\u00e1ssico, mas a expectativa \u00e9 de que o atacante esteja \u00e0 disposi\u00e7\u00e3o. A reestreia no Fla-Flu, tradicional palco de grandes momentos do futebol carioca, poderia marcar o rein\u00edcio de sua trajet\u00f3ria no Tricolor das Laranjeiras com protagonismo.<\/p>\n\n\n\n<p>Em sua primeira declara\u00e7\u00e3o p\u00fablica desde o retorno, Kennedy tamb\u00e9m demonstrou confian\u00e7a no amadurecimento conquistado fora do pa\u00eds. \u201cVoltei melhor, mais maduro, focado\u201d, afirmou o atacante, que foi pe\u00e7a-chave na conquista da Libertadores em 2023.<\/p>\n","protected":false},"excerpt":{"rendered":"<p>O atacante John Kennedy est\u00e1 de volta ao Fluminense ap\u00f3s o fim do empr\u00e9stimo ao Pachuca, do M\u00e9xico, e j\u00e1 mira sua reestreia no cl\u00e1ssico contra o Flamengo, no domingo (20), pelo Campeonato Brasileiro. O jogador desembarcou no Rio de Janeiro nesta quarta-feira (16) e pode ser relacionado para o Fla-Flu caso seu nome seja [&hellip;]<\/p>\n","protected":false},"author":15,"featured_media":240666,"comment_status":"open","ping_status":"closed","sticky":false,"template":"","format":"standard","meta":{"footnotes":""},"categories":[1,145],"tags":[],"class_list":["post-272596","post","type-post","status-publish","format-standard","has-post-thumbnail","hentry","category-flamengo","category-fluminense"],"yoast_head":"<!-- This site is optimized with the Yoast SEO Premium plugin v24.2 (Yoast SEO v26.9) - https:\/\/yoast.com\/product\/yoast-seo-premium-wordpress\/ -->\n<title>A declara\u00e7\u00e3o de John Kennedy, do Fluminense, direcionada ao Flamengo<\/title>\n<meta name=\"robots\" content=\"index, follow, max-snippet:-1, max-image-preview:large, max-video-preview:-1\" \/>\n<link rel=\"canonical\" href=\"https:\/\/www.gaveanews.com\/index.php\/2025\/07\/16\/flamengo-x-fluminense-a-declaracao-de-john-kennedy-antes-do-classico\/\" \/>\n<meta property=\"og:locale\" content=\"pt_BR\" \/>\n<meta property=\"og:type\" content=\"article\" \/>\n<meta property=\"og:title\" content=\"A declara\u00e7\u00e3o de John Kennedy, do Fluminense, direcionada ao Flamengo\" \/>\n<meta property=\"og:description\" content=\"O atacante John Kennedy est\u00e1 de volta ao Fluminense ap\u00f3s o fim do empr\u00e9stimo ao Pachuca, do M\u00e9xico, e j\u00e1 mira sua reestreia no cl\u00e1ssico contra o Flamengo, no domingo (20), pelo Campeonato Brasileiro. O jogador desembarcou no Rio de Janeiro nesta quarta-feira (16) e pode ser relacionado para o Fla-Flu caso seu nome seja [&hellip;]\" \/>\n<meta property=\"og:url\" content=\"https:\/\/www.gaveanews.com\/index.php\/2025\/07\/16\/flamengo-x-fluminense-a-declaracao-de-john-kennedy-antes-do-classico\/\" \/>\n<meta property=\"og:site_name\" content=\"G\u00e1vea News\" \/>\n<meta property=\"article:publisher\" content=\"https:\/\/facebook.com\/gaveaNews\/\" \/>\n<meta property=\"article:published_time\" content=\"2025-07-16T13:21:20+00:00\" \/>\n<meta property=\"article:modified_time\" content=\"2025-07-16T13:22:39+00:00\" \/>\n<meta property=\"og:image\" content=\"http:\/\/www.gaveanews.com\/wp-content\/uploads\/Arrascaeta-em-acao-pelo-Flamengo-contra-o-Fluminense-na-final-do-Campeonato-Carioca-de-2025.webp\" \/>\n\t<meta property=\"og:image:width\" content=\"799\" \/>\n\t<meta property=\"og:image:height\" content=\"533\" \/>\n\t<meta property=\"og:image:type\" content=\"image\/jpeg\" \/>\n<meta name=\"author\" content=\"Henrique Machado\" \/>\n<meta name=\"twitter:card\" content=\"summary_large_image\" \/>\n<meta name=\"twitter:label1\" content=\"Escrito por\" \/>\n\t<meta name=\"twitter:data1\" content=\"Henrique Machado\" \/>\n\t<meta name=\"twitter:label2\" content=\"Est. tempo de leitura\" \/>\n\t<meta name=\"twitter:data2\" content=\"3 minutos\" \/>\n<script type=\"application\/ld+json\" class=\"yoast-schema-graph\">{\"@context\":\"https:\/\/schema.org\",\"@graph\":[{\"@type\":\"NewsArticle\",\"@id\":\"https:\/\/www.gaveanews.com\/index.php\/2025\/07\/16\/flamengo-x-fluminense-a-declaracao-de-john-kennedy-antes-do-classico\/#article\",\"isPartOf\":{\"@id\":\"https:\/\/www.gaveanews.com\/index.php\/2025\/07\/16\/flamengo-x-fluminense-a-declaracao-de-john-kennedy-antes-do-classico\/\"},\"author\":{\"name\":\"Henrique Machado\",\"@id\":\"https:\/\/www.gaveanews.com\/#\/schema\/person\/fd07635ec039ec3ba74ad18ec8a6dbd6\"},\"headline\":\"A declara\u00e7\u00e3o de John Kennedy, do Fluminense, direcionada ao Flamengo\",\"datePublished\":\"2025-07-16T13:21:20+00:00\",\"dateModified\":\"2025-07-16T13:22:39+00:00\",\"mainEntityOfPage\":{\"@id\":\"https:\/\/www.gaveanews.com\/index.php\/2025\/07\/16\/flamengo-x-fluminense-a-declaracao-de-john-kennedy-antes-do-classico\/\"},\"wordCount\":397,\"commentCount\":0,\"image\":{\"@id\":\"https:\/\/www.gaveanews.com\/index.php\/2025\/07\/16\/flamengo-x-fluminense-a-declaracao-de-john-kennedy-antes-do-classico\/#primaryimage\"},\"thumbnailUrl\":\"https:\/\/www.gaveanews.com\/wp-content\/uploads\/Arrascaeta-em-acao-pelo-Flamengo-contra-o-Fluminense-na-final-do-Campeonato-Carioca-de-2025.webp\",\"articleSection\":[\"Flamengo\",\"Fluminense\"],\"inLanguage\":\"pt-BR\",\"potentialAction\":[{\"@type\":\"CommentAction\",\"name\":\"Comment\",\"target\":[\"https:\/\/www.gaveanews.com\/index.php\/2025\/07\/16\/flamengo-x-fluminense-a-declaracao-de-john-kennedy-antes-do-classico\/#respond\"]}],\"copyrightYear\":\"2025\",\"copyrightHolder\":{\"@id\":\"https:\/\/www.gaveanews.com\/#organization\"}},{\"@type\":\"WebPage\",\"@id\":\"https:\/\/www.gaveanews.com\/index.php\/2025\/07\/16\/flamengo-x-fluminense-a-declaracao-de-john-kennedy-antes-do-classico\/\",\"url\":\"https:\/\/www.gaveanews.com\/index.php\/2025\/07\/16\/flamengo-x-fluminense-a-declaracao-de-john-kennedy-antes-do-classico\/\",\"name\":\"A declara\u00e7\u00e3o de John Kennedy, do Fluminense, direcionada ao Flamengo\",\"isPartOf\":{\"@id\":\"https:\/\/www.gaveanews.com\/#website\"},\"primaryImageOfPage\":{\"@id\":\"https:\/\/www.gaveanews.com\/index.php\/2025\/07\/16\/flamengo-x-fluminense-a-declaracao-de-john-kennedy-antes-do-classico\/#primaryimage\"},\"image\":{\"@id\":\"https:\/\/www.gaveanews.com\/index.php\/2025\/07\/16\/flamengo-x-fluminense-a-declaracao-de-john-kennedy-antes-do-classico\/#primaryimage\"},\"thumbnailUrl\":\"https:\/\/www.gaveanews.com\/wp-content\/uploads\/Arrascaeta-em-acao-pelo-Flamengo-contra-o-Fluminense-na-final-do-Campeonato-Carioca-de-2025.webp\",\"datePublished\":\"2025-07-16T13:21:20+00:00\",\"dateModified\":\"2025-07-16T13:22:39+00:00\",\"author\":{\"@id\":\"https:\/\/www.gaveanews.com\/#\/schema\/person\/fd07635ec039ec3ba74ad18ec8a6dbd6\"},\"breadcrumb\":{\"@id\":\"https:\/\/www.gaveanews.com\/index.php\/2025\/07\/16\/flamengo-x-fluminense-a-declaracao-de-john-kennedy-antes-do-classico\/#breadcrumb\"},\"inLanguage\":\"pt-BR\",\"potentialAction\":[{\"@type\":\"ReadAction\",\"target\":[\"https:\/\/www.gaveanews.com\/index.php\/2025\/07\/16\/flamengo-x-fluminense-a-declaracao-de-john-kennedy-antes-do-classico\/\"]}]},{\"@type\":\"ImageObject\",\"inLanguage\":\"pt-BR\",\"@id\":\"https:\/\/www.gaveanews.com\/index.php\/2025\/07\/16\/flamengo-x-fluminense-a-declaracao-de-john-kennedy-antes-do-classico\/#primaryimage\",\"url\":\"https:\/\/www.gaveanews.com\/wp-content\/uploads\/Arrascaeta-em-acao-pelo-Flamengo-contra-o-Fluminense-na-final-do-Campeonato-Carioca-de-2025.webp\",\"contentUrl\":\"https:\/\/www.gaveanews.com\/wp-content\/uploads\/Arrascaeta-em-acao-pelo-Flamengo-contra-o-Fluminense-na-final-do-Campeonato-Carioca-de-2025.webp\",\"width\":799,\"height\":533,\"caption\":\"Arrascaeta em a\u00e7\u00e3o pelo Flamengo contra o Fluminense na final do Campeonato Carioca de 2025 (Foto: Adriano Fontes\/Flamengo)\"},{\"@type\":\"BreadcrumbList\",\"@id\":\"https:\/\/www.gaveanews.com\/index.php\/2025\/07\/16\/flamengo-x-fluminense-a-declaracao-de-john-kennedy-antes-do-classico\/#breadcrumb\",\"itemListElement\":[{\"@type\":\"ListItem\",\"position\":1,\"name\":\"Home\",\"item\":\"https:\/\/www.gaveanews.com\/\"},{\"@type\":\"ListItem\",\"position\":2,\"name\":\"A declara\u00e7\u00e3o de John Kennedy, do Fluminense, direcionada ao Flamengo\"}]},{\"@type\":\"WebSite\",\"@id\":\"https:\/\/www.gaveanews.com\/#website\",\"url\":\"https:\/\/www.gaveanews.com\/\",\"name\":\"G\u00e1vea News\",\"description\":\"Veja todas as not\u00edcias sobre o Flamengo: Contrata\u00e7\u00f5es, categorias de base, resultados das partidas, tabela de classifica\u00e7\u00e3o, pr\u00f3ximos jogos!\",\"potentialAction\":[{\"@type\":\"SearchAction\",\"target\":{\"@type\":\"EntryPoint\",\"urlTemplate\":\"https:\/\/www.gaveanews.com\/?s={search_term_string}\"},\"query-input\":{\"@type\":\"PropertyValueSpecification\",\"valueRequired\":true,\"valueName\":\"search_term_string\"}}],\"inLanguage\":\"pt-BR\"},{\"@type\":\"Person\",\"@id\":\"https:\/\/www.gaveanews.com\/#\/schema\/person\/fd07635ec039ec3ba74ad18ec8a6dbd6\",\"name\":\"Henrique Machado\",\"image\":{\"@type\":\"ImageObject\",\"inLanguage\":\"pt-BR\",\"@id\":\"https:\/\/www.gaveanews.com\/#\/schema\/person\/image\/\",\"url\":\"https:\/\/secure.gravatar.com\/avatar\/b95e35997e01d9800c1b6184bd79d4d898d370a3fce2584f5c77b907d5c7d9e9?s=96&d=mm&r=g\",\"contentUrl\":\"https:\/\/secure.gravatar.com\/avatar\/b95e35997e01d9800c1b6184bd79d4d898d370a3fce2584f5c77b907d5c7d9e9?s=96&d=mm&r=g\",\"caption\":\"Henrique Machado\"}}]}<\/script>\n<!-- \/ Yoast SEO Premium plugin. -->","yoast_head_json":{"title":"A declara\u00e7\u00e3o de John Kennedy, do Fluminense, direcionada ao Flamengo","robots":{"index":"index","follow":"follow","max-snippet":"max-snippet:-1","max-image-preview":"max-image-preview:large","max-video-preview":"max-video-preview:-1"},"canonical":"https:\/\/www.gaveanews.com\/index.php\/2025\/07\/16\/flamengo-x-fluminense-a-declaracao-de-john-kennedy-antes-do-classico\/","og_locale":"pt_BR","og_type":"article","og_title":"A declara\u00e7\u00e3o de John Kennedy, do Fluminense, direcionada ao Flamengo","og_description":"O atacante John Kennedy est\u00e1 de volta ao Fluminense ap\u00f3s o fim do empr\u00e9stimo ao Pachuca, do M\u00e9xico, e j\u00e1 mira sua reestreia no cl\u00e1ssico contra o Flamengo, no domingo (20), pelo Campeonato Brasileiro. O jogador desembarcou no Rio de Janeiro nesta quarta-feira (16) e pode ser relacionado para o Fla-Flu caso seu nome seja [&hellip;]","og_url":"https:\/\/www.gaveanews.com\/index.php\/2025\/07\/16\/flamengo-x-fluminense-a-declaracao-de-john-kennedy-antes-do-classico\/","og_site_name":"G\u00e1vea News","article_publisher":"https:\/\/facebook.com\/gaveaNews\/","article_published_time":"2025-07-16T13:21:20+00:00","article_modified_time":"2025-07-16T13:22:39+00:00","og_image":[{"width":799,"height":533,"url":"http:\/\/www.gaveanews.com\/wp-content\/uploads\/Arrascaeta-em-acao-pelo-Flamengo-contra-o-Fluminense-na-final-do-Campeonato-Carioca-de-2025.webp","type":"image\/jpeg"}],"author":"Henrique Machado","twitter_card":"summary_large_image","twitter_misc":{"Escrito por":"Henrique Machado","Est. tempo de leitura":"3 minutos"},"schema":{"@context":"https:\/\/schema.org","@graph":[{"@type":"NewsArticle","@id":"https:\/\/www.gaveanews.com\/index.php\/2025\/07\/16\/flamengo-x-fluminense-a-declaracao-de-john-kennedy-antes-do-classico\/#article","isPartOf":{"@id":"https:\/\/www.gaveanews.com\/index.php\/2025\/07\/16\/flamengo-x-fluminense-a-declaracao-de-john-kennedy-antes-do-classico\/"},"author":{"name":"Henrique Machado","@id":"https:\/\/www.gaveanews.com\/#\/schema\/person\/fd07635ec039ec3ba74ad18ec8a6dbd6"},"headline":"A declara\u00e7\u00e3o de John Kennedy, do Fluminense, direcionada ao Flamengo","datePublished":"2025-07-16T13:21:20+00:00","dateModified":"2025-07-16T13:22:39+00:00","mainEntityOfPage":{"@id":"https:\/\/www.gaveanews.com\/index.php\/2025\/07\/16\/flamengo-x-fluminense-a-declaracao-de-john-kennedy-antes-do-classico\/"},"wordCount":397,"commentCount":0,"image":{"@id":"https:\/\/www.gaveanews.com\/index.php\/2025\/07\/16\/flamengo-x-fluminense-a-declaracao-de-john-kennedy-antes-do-classico\/#primaryimage"},"thumbnailUrl":"https:\/\/www.gaveanews.com\/wp-content\/uploads\/Arrascaeta-em-acao-pelo-Flamengo-contra-o-Fluminense-na-final-do-Campeonato-Carioca-de-2025.webp","articleSection":["Flamengo","Fluminense"],"inLanguage":"pt-BR","potentialAction":[{"@type":"CommentAction","name":"Comment","target":["https:\/\/www.gaveanews.com\/index.php\/2025\/07\/16\/flamengo-x-fluminense-a-declaracao-de-john-kennedy-antes-do-classico\/#respond"]}],"copyrightYear":"2025","copyrightHolder":{"@id":"https:\/\/www.gaveanews.com\/#organization"}},{"@type":"WebPage","@id":"https:\/\/www.gaveanews.com\/index.php\/2025\/07\/16\/flamengo-x-fluminense-a-declaracao-de-john-kennedy-antes-do-classico\/","url":"https:\/\/www.gaveanews.com\/index.php\/2025\/07\/16\/flamengo-x-fluminense-a-declaracao-de-john-kennedy-antes-do-classico\/","name":"A declara\u00e7\u00e3o de John Kennedy, do Fluminense, direcionada ao Flamengo","isPartOf":{"@id":"https:\/\/www.gaveanews.com\/#website"},"primaryImageOfPage":{"@id":"https:\/\/www.gaveanews.com\/index.php\/2025\/07\/16\/flamengo-x-fluminense-a-declaracao-de-john-kennedy-antes-do-classico\/#primaryimage"},"image":{"@id":"https:\/\/www.gaveanews.com\/index.php\/2025\/07\/16\/flamengo-x-fluminense-a-declaracao-de-john-kennedy-antes-do-classico\/#primaryimage"},"thumbnailUrl":"https:\/\/www.gaveanews.com\/wp-content\/uploads\/Arrascaeta-em-acao-pelo-Flamengo-contra-o-Fluminense-na-final-do-Campeonato-Carioca-de-2025.webp","datePublished":"2025-07-16T13:21:20+00:00","dateModified":"2025-07-16T13:22:39+00:00","author":{"@id":"https:\/\/www.gaveanews.com\/#\/schema\/person\/fd07635ec039ec3ba74ad18ec8a6dbd6"},"breadcrumb":{"@id":"https:\/\/www.gaveanews.com\/index.php\/2025\/07\/16\/flamengo-x-fluminense-a-declaracao-de-john-kennedy-antes-do-classico\/#breadcrumb"},"inLanguage":"pt-BR","potentialAction":[{"@type":"ReadAction","target":["https:\/\/www.gaveanews.com\/index.php\/2025\/07\/16\/flamengo-x-fluminense-a-declaracao-de-john-kennedy-antes-do-classico\/"]}]},{"@type":"ImageObject","inLanguage":"pt-BR","@id":"https:\/\/www.gaveanews.com\/index.php\/2025\/07\/16\/flamengo-x-fluminense-a-declaracao-de-john-kennedy-antes-do-classico\/#primaryimage","url":"https:\/\/www.gaveanews.com\/wp-content\/uploads\/Arrascaeta-em-acao-pelo-Flamengo-contra-o-Fluminense-na-final-do-Campeonato-Carioca-de-2025.webp","contentUrl":"https:\/\/www.gaveanews.com\/wp-content\/uploads\/Arrascaeta-em-acao-pelo-Flamengo-contra-o-Fluminense-na-final-do-Campeonato-Carioca-de-2025.webp","width":799,"height":533,"caption":"Arrascaeta em a\u00e7\u00e3o pelo Flamengo contra o Fluminense na final do Campeonato Carioca de 2025 (Foto: Adriano Fontes\/Flamengo)"},{"@type":"BreadcrumbList","@id":"https:\/\/www.gaveanews.com\/index.php\/2025\/07\/16\/flamengo-x-fluminense-a-declaracao-de-john-kennedy-antes-do-classico\/#breadcrumb","itemListElement":[{"@type":"ListItem","position":1,"name":"Home","item":"https:\/\/www.gaveanews.com\/"},{"@type":"ListItem","position":2,"name":"A declara\u00e7\u00e3o de John Kennedy, do Fluminense, direcionada ao Flamengo"}]},{"@type":"WebSite","@id":"https:\/\/www.gaveanews.com\/#website","url":"https:\/\/www.gaveanews.com\/","name":"G\u00e1vea News","description":"Veja todas as not\u00edcias sobre o Flamengo: Contrata\u00e7\u00f5es, categorias de base, resultados das partidas, tabela de classifica\u00e7\u00e3o, pr\u00f3ximos jogos!","potentialAction":[{"@type":"SearchAction","target":{"@type":"EntryPoint","urlTemplate":"https:\/\/www.gaveanews.com\/?s={search_term_string}"},"query-input":{"@type":"PropertyValueSpecification","valueRequired":true,"valueName":"search_term_string"}}],"inLanguage":"pt-BR"},{"@type":"Person","@id":"https:\/\/www.gaveanews.com\/#\/schema\/person\/fd07635ec039ec3ba74ad18ec8a6dbd6","name":"Henrique Machado","image":{"@type":"ImageObject","inLanguage":"pt-BR","@id":"https:\/\/www.gaveanews.com\/#\/schema\/person\/image\/","url":"https:\/\/secure.gravatar.com\/avatar\/b95e35997e01d9800c1b6184bd79d4d898d370a3fce2584f5c77b907d5c7d9e9?s=96&d=mm&r=g","contentUrl":"https:\/\/secure.gravatar.com\/avatar\/b95e35997e01d9800c1b6184bd79d4d898d370a3fce2584f5c77b907d5c7d9e9?s=96&d=mm&r=g","caption":"Henrique Machado"}}]}},"_links":{"self":[{"href":"https:\/\/www.gaveanews.com\/index.php\/wp-json\/wp\/v2\/posts\/272596","targetHints":{"allow":["GET"]}}],"collection":[{"href":"https:\/\/www.gaveanews.com\/index.php\/wp-json\/wp\/v2\/posts"}],"about":[{"href":"https:\/\/www.gaveanews.com\/index.php\/wp-json\/wp\/v2\/types\/post"}],"author":[{"embeddable":true,"href":"https:\/\/www.gaveanews.com\/index.php\/wp-json\/wp\/v2\/users\/15"}],"replies":[{"embeddable":true,"href":"https:\/\/www.gaveanews.com\/index.php\/wp-json\/wp\/v2\/comments?post=272596"}],"version-history":[{"count":2,"href":"https:\/\/www.gaveanews.com\/index.php\/wp-json\/wp\/v2\/posts\/272596\/revisions"}],"predecessor-version":[{"id":272598,"href":"https:\/\/www.gaveanews.com\/index.php\/wp-json\/wp\/v2\/posts\/272596\/revisions\/272598"}],"wp:featuredmedia":[{"embeddable":true,"href":"https:\/\/www.gaveanews.com\/index.php\/wp-json\/wp\/v2\/media\/240666"}],"wp:attachment":[{"href":"https:\/\/www.gaveanews.com\/index.php\/wp-json\/wp\/v2\/media?parent=272596"}],"wp:term":[{"taxonomy":"category","embeddable":true,"href":"https:\/\/www.gaveanews.com\/index.php\/wp-json\/wp\/v2\/categories?post=272596"},{"taxonomy":"post_tag","embeddable":true,"href":"https:\/\/www.gaveanews.com\/index.php\/wp-json\/wp\/v2\/tags?post=272596"}],"curies":[{"name":"wp","href":"https:\/\/api.w.org\/{rel}","templated":true}]}}